{"id":1021,"date":"2025-12-31T17:06:27","date_gmt":"2025-12-31T17:06:27","guid":{"rendered":"https:\/\/bladnanews.com\/west-ham-must-vacate-london-stadium-if-relegated-says-ex-premier-league-star\/"},"modified":"2025-12-31T17:06:27","modified_gmt":"2025-12-31T17:06:27","slug":"west-ham-doit-liberer-le-london-stadium-en-cas-de-relegation-selon-un-ancien-joueur-de-premier-league","status":"publish","type":"post","link":"https:\/\/bladnanews.com\/fr\/west-ham-doit-liberer-le-london-stadium-en-cas-de-relegation-selon-un-ancien-joueur-de-premier-league\/","title":{"rendered":"West Ham doit lib\u00e9rer le London Stadium en cas de rel\u00e9gation, selon un ancien joueur de Premier League"},"content":{"rendered":"<div>\n<p>L'ancien attaquant de Premier League Jermain Defoe a \u00e9mis une d\u00e9claration audacieuse concernant l'avenir de West Ham United au London Stadium. Defoe affirme que si les Hammers sont rel\u00e9gu\u00e9s de la Premier League, ils devraient \u00eatre contraints de quitter leur stade actuel.<\/p>\n<p>West Ham a emm\u00e9nag\u00e9 au London Stadium en 2016, un d\u00e9m\u00e9nagement qui a suscit\u00e9 des r\u00e9actions mitig\u00e9es de la part des supporters et des experts. Le stade a \u00e9t\u00e9 construit \u00e0 l'origine pour les Jeux Olympiques de 2012 puis reconverti pour le football. Depuis ce changement, le club a connu des r\u00e9sultats irr\u00e9guliers et ne s'est jamais v\u00e9ritablement impos\u00e9 comme une \u00e9quipe de l'\u00e9lite.<\/p>\n<p>Defoe soutient que l'accord sur le stade est \u00e9troitement li\u00e9 au statut de West Ham en Premier League. \u201c S'ils descendent, ils ne peuvent pas s'attendre \u00e0 rester dans un lieu aussi prestigieux. Les aspects financiers et logistiques signifient que le club doit r\u00e9\u00e9valuer son lieu de jeu \u201d, a expliqu\u00e9 Defoe. Ses commentaires mettent en lumi\u00e8re les d\u00e9fis que le club pourrait affronter en cas de rel\u00e9gation, sur et en dehors du terrain.<\/p>\n<p>Une rel\u00e9gation n'affecterait pas seulement les finances de West Ham, mais pourrait aussi entra\u00eener des difficult\u00e9s logistiques pour maintenir le bail du stade. Le London Stadium, propri\u00e9t\u00e9 des autorit\u00e9s locales, comporterait des conditions plus favorables pour les locataires de Premier League. Le football de division inf\u00e9rieure pourrait ne pas justifier les co\u00fbts associ\u00e9s \u00e0 une enceinte aussi vaste.<\/p>\n<p>Les supporters sont partag\u00e9s au sujet du London Stadium depuis le d\u00e9m\u00e9nagement. Bien que les installations modernes offrent un cadre impressionnant, l'atmosph\u00e8re et la taille du stade ont \u00e9t\u00e9 critiqu\u00e9es pour ne pas correspondre \u00e0 l'exp\u00e9rience footballistique traditionnelle. Certains estiment qu'une rel\u00e9gation pourrait offrir \u00e0 West Ham l'opportunit\u00e9 de retourner dans un stade plus intimiste, mieux adapt\u00e9 \u00e0 son identit\u00e9.<\/p>\n<p>West Ham se trouve actuellement dans une situation d\u00e9licate au classement de la Premier League, o\u00f9 le maintien reste une bataille acharn\u00e9e \u00e0 mesure que la saison avance. L'incertitude entourant leur statut rend la d\u00e9claration de Defoe d'autant plus pertinente, alors que le club et ses supporters esp\u00e8rent \u00e9viter une chute qui pourrait remodeler leur avenir \u00e0 plus d'un titre.<\/p>\n<p>Pour l'instant, West Ham reste d\u00e9termin\u00e9 \u00e0 assurer sa place dans l'\u00e9lite. Mais le message de Defoe rappelle les cons\u00e9quences possibles si le pire devait se produire lors des derni\u00e8res journ\u00e9es de championnat.<\/p>\n<\/div>","protected":false},"excerpt":{"rendered":"<p>Former Premier League forward Jermain Defoe has made a bold claim regarding West Ham United&#8217;s future at the London Stadium. [&hellip;]<\/p>\n","protected":false},"author":3,"featured_media":1020,"comment_status":"","ping_status":"open","sticky":false,"template":"","format":"standard","meta":{"googlesitekit_rrm_CAow_uzEDA:productID":"","site-sidebar-layout":"default","site-content-layout":"","ast-site-content-layout":"default","site-content-style":"default","site-sidebar-style":"default","ast-global-header-display":"","ast-banner-title-visibility":"","ast-main-header-display":"","ast-hfb-above-header-display":"","ast-hfb-below-header-display":"","ast-hfb-mobile-header-display":"","site-post-title":"","ast-breadcrumbs-content":"","ast-featured-img":"","footer-sml-layout":"","ast-disable-related-posts":"","theme-transparent-header-meta":"","adv-header-id-meta":"","stick-header-meta":"","header-above-stick-meta":"","header-main-stick-meta":"","header-below-stick-meta":"","astra-migrate-meta-layouts":"default","ast-page-background-enabled":"default","ast-page-background-meta":{"desktop":{"background-color":"var(--ast-global-color-5)","background-image":"","background-repeat":"repeat","background-position":"center center","background-size":"auto","background-attachment":"scroll","background-type":"","background-media":"","overlay-type":"","overlay-color":"","overlay-opacity":"","overlay-gradient":""},"tablet":{"background-color":"","background-image":"","background-repeat":"repeat","background-position":"center center","background-size":"auto","background-attachment":"scroll","background-type":"","background-media":"","overlay-type":"","overlay-color":"","overlay-opacity":"","overlay-gradient":""},"mobile":{"background-color":"","background-image":"","background-repeat":"repeat","background-position":"center center","background-size":"auto","background-attachment":"scroll","background-type":"","background-media":"","overlay-type":"","overlay-color":"","overlay-opacity":"","overlay-gradient":""}},"ast-content-background-meta":{"desktop":{"background-color":"var(--ast-global-color-4)","background-image":"","background-repeat":"repeat","background-position":"center center","background-size":"auto","background-attachment":"scroll","background-type":"","background-media":"","overlay-type":"","overlay-color":"","overlay-opacity":"","overlay-gradient":""},"tablet":{"background-color":"var(--ast-global-color-4)","background-image":"","background-repeat":"repeat","background-position":"center center","background-size":"auto","background-attachment":"scroll","background-type":"","background-media":"","overlay-type":"","overlay-color":"","overlay-opacity":"","overlay-gradient":""},"mobile":{"background-color":"var(--ast-global-color-4)","background-image":"","background-repeat":"repeat","background-position":"center center","background-size":"auto","background-attachment":"scroll","background-type":"","background-media":"","overlay-type":"","overlay-color":"","overlay-opacity":"","overlay-gradient":""}},"footnotes":""},"categories":[20,1],"tags":[],"class_list":["post-1021","post","type-post","status-publish","format-standard","has-post-thumbnail","hentry","category-international","category-football-latest-news"],"yoast_head":"<!-- This site is optimized with the Yoast SEO Premium plugin v26.6 (Yoast SEO v27.5) - https:\/\/yoast.com\/product\/yoast-seo-premium-wordpress\/ -->\n<title>West Ham Must Vacate London Stadium If Relegated, Says Ex-Premier League Star - Bladna News<\/title>\n<meta name=\"robots\" content=\"index, follow, max-snippet:-1, max-image-preview:large, max-video-preview:-1\" \/>\n<link rel=\"canonical\" href=\"https:\/\/bladnanews.com\/fr\/west-ham-doit-liberer-le-london-stadium-en-cas-de-relegation-selon-un-ancien-joueur-de-premier-league\/\" \/>\n<meta property=\"og:locale\" content=\"fr_FR\" \/>\n<meta property=\"og:type\" content=\"article\" \/>\n<meta property=\"og:title\" content=\"West Ham Must Vacate London Stadium If Relegated, Says Ex-Premier League Star\" \/>\n<meta property=\"og:description\" content=\"Former Premier League forward Jermain Defoe has made a bold claim regarding West Ham United&#8217;s future at the London Stadium. [&hellip;]\" \/>\n<meta property=\"og:url\" content=\"https:\/\/bladnanews.com\/fr\/west-ham-doit-liberer-le-london-stadium-en-cas-de-relegation-selon-un-ancien-joueur-de-premier-league\/\" \/>\n<meta property=\"og:site_name\" content=\"Bladna News\" \/>\n<meta property=\"article:published_time\" content=\"2025-12-31T17:06:27+00:00\" \/>\n<meta property=\"og:image\" content=\"https:\/\/bladnanews.com\/wp-content\/uploads\/2025\/12\/BladnaNews-West-Ham-Must-Vacate-London-Stadium-If-Relegated-Says-Ex-Premier-League-Star-2025-12-31T230311.983Z-scaled.jpg\" \/>\n\t<meta property=\"og:image:width\" content=\"2560\" \/>\n\t<meta property=\"og:image:height\" content=\"1440\" \/>\n\t<meta property=\"og:image:type\" content=\"image\/jpeg\" \/>\n<meta name=\"author\" content=\"Bladna News Staff\" \/>\n<meta name=\"twitter:card\" content=\"summary_large_image\" \/>\n<meta name=\"twitter:label1\" content=\"\u00c9crit par\" \/>\n\t<meta name=\"twitter:data1\" content=\"Bladna News Staff\" \/>\n\t<meta name=\"twitter:label2\" content=\"Dur\u00e9e de lecture estim\u00e9e\" \/>\n\t<meta name=\"twitter:data2\" content=\"2 minutes\" \/>\n<script type=\"application\/ld+json\" class=\"yoast-schema-graph\">{\"@context\":\"https:\\\/\\\/schema.org\",\"@graph\":[{\"@type\":\"Article\",\"@id\":\"https:\\\/\\\/bladnanews.com\\\/west-ham-must-vacate-london-stadium-if-relegated-says-ex-premier-league-star\\\/#article\",\"isPartOf\":{\"@id\":\"https:\\\/\\\/bladnanews.com\\\/west-ham-must-vacate-london-stadium-if-relegated-says-ex-premier-league-star\\\/\"},\"author\":{\"name\":\"Bladna News Staff\",\"@id\":\"https:\\\/\\\/mediumseagreen-eel-531711.hostingersite.com\\\/#\\\/schema\\\/person\\\/268e18a453ab080ebf76df6ef7845083\"},\"headline\":\"West Ham Must Vacate London Stadium If Relegated, Says Ex-Premier League Star\",\"datePublished\":\"2025-12-31T17:06:27+00:00\",\"mainEntityOfPage\":{\"@id\":\"https:\\\/\\\/bladnanews.com\\\/west-ham-must-vacate-london-stadium-if-relegated-says-ex-premier-league-star\\\/\"},\"wordCount\":386,\"publisher\":{\"@id\":\"https:\\\/\\\/mediumseagreen-eel-531711.hostingersite.com\\\/#organization\"},\"image\":{\"@id\":\"https:\\\/\\\/bladnanews.com\\\/west-ham-must-vacate-london-stadium-if-relegated-says-ex-premier-league-star\\\/#primaryimage\"},\"thumbnailUrl\":\"https:\\\/\\\/bladnanews.com\\\/wp-content\\\/uploads\\\/2025\\\/12\\\/BladnaNews-West-Ham-Must-Vacate-London-Stadium-If-Relegated-Says-Ex-Premier-League-Star-2025-12-31T230311.983Z.jpg\",\"articleSection\":[\"International\",\"Latest News\"],\"inLanguage\":\"fr-FR\",\"copyrightYear\":\"2025\",\"copyrightHolder\":{\"@id\":\"https:\\\/\\\/bladnanews.com\\\/fr\\\/#organization\"}},{\"@type\":\"WebPage\",\"@id\":\"https:\\\/\\\/bladnanews.com\\\/west-ham-must-vacate-london-stadium-if-relegated-says-ex-premier-league-star\\\/\",\"url\":\"https:\\\/\\\/bladnanews.com\\\/west-ham-must-vacate-london-stadium-if-relegated-says-ex-premier-league-star\\\/\",\"name\":\"West Ham Must Vacate London Stadium If Relegated, Says Ex-Premier League Star - Bladna News\",\"isPartOf\":{\"@id\":\"https:\\\/\\\/mediumseagreen-eel-531711.hostingersite.com\\\/#website\"},\"primaryImageOfPage\":{\"@id\":\"https:\\\/\\\/bladnanews.com\\\/west-ham-must-vacate-london-stadium-if-relegated-says-ex-premier-league-star\\\/#primaryimage\"},\"image\":{\"@id\":\"https:\\\/\\\/bladnanews.com\\\/west-ham-must-vacate-london-stadium-if-relegated-says-ex-premier-league-star\\\/#primaryimage\"},\"thumbnailUrl\":\"https:\\\/\\\/bladnanews.com\\\/wp-content\\\/uploads\\\/2025\\\/12\\\/BladnaNews-West-Ham-Must-Vacate-London-Stadium-If-Relegated-Says-Ex-Premier-League-Star-2025-12-31T230311.983Z.jpg\",\"datePublished\":\"2025-12-31T17:06:27+00:00\",\"breadcrumb\":{\"@id\":\"https:\\\/\\\/bladnanews.com\\\/west-ham-must-vacate-london-stadium-if-relegated-says-ex-premier-league-star\\\/#breadcrumb\"},\"inLanguage\":\"fr-FR\",\"potentialAction\":[{\"@type\":\"ReadAction\",\"target\":[\"https:\\\/\\\/bladnanews.com\\\/west-ham-must-vacate-london-stadium-if-relegated-says-ex-premier-league-star\\\/\"]}]},{\"@type\":\"ImageObject\",\"inLanguage\":\"fr-FR\",\"@id\":\"https:\\\/\\\/bladnanews.com\\\/west-ham-must-vacate-london-stadium-if-relegated-says-ex-premier-league-star\\\/#primaryimage\",\"url\":\"https:\\\/\\\/bladnanews.com\\\/wp-content\\\/uploads\\\/2025\\\/12\\\/BladnaNews-West-Ham-Must-Vacate-London-Stadium-If-Relegated-Says-Ex-Premier-League-Star-2025-12-31T230311.983Z.jpg\",\"contentUrl\":\"https:\\\/\\\/bladnanews.com\\\/wp-content\\\/uploads\\\/2025\\\/12\\\/BladnaNews-West-Ham-Must-Vacate-London-Stadium-If-Relegated-Says-Ex-Premier-League-Star-2025-12-31T230311.983Z.jpg\",\"width\":2560,\"height\":1440},{\"@type\":\"BreadcrumbList\",\"@id\":\"https:\\\/\\\/bladnanews.com\\\/west-ham-must-vacate-london-stadium-if-relegated-says-ex-premier-league-star\\\/#breadcrumb\",\"itemListElement\":[{\"@type\":\"ListItem\",\"position\":1,\"name\":\"Home\",\"item\":\"https:\\\/\\\/bladnanews.com\\\/\"},{\"@type\":\"ListItem\",\"position\":2,\"name\":\"West Ham Must Vacate London Stadium If Relegated, Says Ex-Premier League Star\"}]},{\"@type\":\"WebSite\",\"@id\":\"https:\\\/\\\/mediumseagreen-eel-531711.hostingersite.com\\\/#website\",\"url\":\"https:\\\/\\\/mediumseagreen-eel-531711.hostingersite.com\\\/\",\"name\":\"Bladna News - Morocco\",\"description\":\"Where Moroccan Football Meets the World\",\"publisher\":{\"@id\":\"https:\\\/\\\/mediumseagreen-eel-531711.hostingersite.com\\\/#organization\"},\"potentialAction\":[{\"@type\":\"SearchAction\",\"target\":{\"@type\":\"EntryPoint\",\"urlTemplate\":\"https:\\\/\\\/mediumseagreen-eel-531711.hostingersite.com\\\/?s={search_term_string}\"},\"query-input\":{\"@type\":\"PropertyValueSpecification\",\"valueRequired\":true,\"valueName\":\"search_term_string\"}}],\"inLanguage\":\"fr-FR\"},{\"@type\":\"Organization\",\"@id\":\"https:\\\/\\\/mediumseagreen-eel-531711.hostingersite.com\\\/#organization\",\"name\":\"Bladna News.com\",\"url\":\"https:\\\/\\\/mediumseagreen-eel-531711.hostingersite.com\\\/\",\"logo\":{\"@type\":\"ImageObject\",\"inLanguage\":\"fr-FR\",\"@id\":\"https:\\\/\\\/mediumseagreen-eel-531711.hostingersite.com\\\/#\\\/schema\\\/logo\\\/image\\\/\",\"url\":\"https:\\\/\\\/bladnanews.com\\\/wp-content\\\/uploads\\\/2025\\\/12\\\/logo-bladnanews-V2-web-black-red.png\",\"contentUrl\":\"https:\\\/\\\/bladnanews.com\\\/wp-content\\\/uploads\\\/2025\\\/12\\\/logo-bladnanews-V2-web-black-red.png\",\"width\":703,\"height\":287,\"caption\":\"Bladna News.com\"},\"image\":{\"@id\":\"https:\\\/\\\/mediumseagreen-eel-531711.hostingersite.com\\\/#\\\/schema\\\/logo\\\/image\\\/\"},\"email\":\"info@bladnanews.com\",\"legalName\":\"Bladna News\"},{\"@type\":\"Person\",\"@id\":\"https:\\\/\\\/mediumseagreen-eel-531711.hostingersite.com\\\/#\\\/schema\\\/person\\\/268e18a453ab080ebf76df6ef7845083\",\"name\":\"Bladna News Staff\",\"url\":\"https:\\\/\\\/bladnanews.com\\\/fr\\\/author\\\/bladna-news-staff\\\/\"}]}<\/script>\n<!-- \/ Yoast SEO Premium plugin. -->","yoast_head_json":{"title":"West Ham doit quitter le London Stadium en cas de rel\u00e9gation, selon une ancienne star de la Premier League - Bladna News","robots":{"index":"index","follow":"follow","max-snippet":"max-snippet:-1","max-image-preview":"max-image-preview:large","max-video-preview":"max-video-preview:-1"},"canonical":"https:\/\/bladnanews.com\/fr\/west-ham-doit-liberer-le-london-stadium-en-cas-de-relegation-selon-un-ancien-joueur-de-premier-league\/","og_locale":"fr_FR","og_type":"article","og_title":"West Ham Must Vacate London Stadium If Relegated, Says Ex-Premier League Star","og_description":"Former Premier League forward Jermain Defoe has made a bold claim regarding West Ham United&#8217;s future at the London Stadium. [&hellip;]","og_url":"https:\/\/bladnanews.com\/fr\/west-ham-doit-liberer-le-london-stadium-en-cas-de-relegation-selon-un-ancien-joueur-de-premier-league\/","og_site_name":"Bladna News","article_published_time":"2025-12-31T17:06:27+00:00","og_image":[{"width":2560,"height":1440,"url":"https:\/\/bladnanews.com\/wp-content\/uploads\/2025\/12\/BladnaNews-West-Ham-Must-Vacate-London-Stadium-If-Relegated-Says-Ex-Premier-League-Star-2025-12-31T230311.983Z-scaled.jpg","type":"image\/jpeg"}],"author":"Bladna News Staff","twitter_card":"summary_large_image","twitter_misc":{"\u00c9crit par":"Bladna News Staff","Dur\u00e9e de lecture estim\u00e9e":"2 minutes"},"schema":{"@context":"https:\/\/schema.org","@graph":[{"@type":"Article","@id":"https:\/\/bladnanews.com\/west-ham-must-vacate-london-stadium-if-relegated-says-ex-premier-league-star\/#article","isPartOf":{"@id":"https:\/\/bladnanews.com\/west-ham-must-vacate-london-stadium-if-relegated-says-ex-premier-league-star\/"},"author":{"name":"Bladna News Staff","@id":"https:\/\/mediumseagreen-eel-531711.hostingersite.com\/#\/schema\/person\/268e18a453ab080ebf76df6ef7845083"},"headline":"West Ham Must Vacate London Stadium If Relegated, Says Ex-Premier League Star","datePublished":"2025-12-31T17:06:27+00:00","mainEntityOfPage":{"@id":"https:\/\/bladnanews.com\/west-ham-must-vacate-london-stadium-if-relegated-says-ex-premier-league-star\/"},"wordCount":386,"publisher":{"@id":"https:\/\/mediumseagreen-eel-531711.hostingersite.com\/#organization"},"image":{"@id":"https:\/\/bladnanews.com\/west-ham-must-vacate-london-stadium-if-relegated-says-ex-premier-league-star\/#primaryimage"},"thumbnailUrl":"https:\/\/bladnanews.com\/wp-content\/uploads\/2025\/12\/BladnaNews-West-Ham-Must-Vacate-London-Stadium-If-Relegated-Says-Ex-Premier-League-Star-2025-12-31T230311.983Z.jpg","articleSection":["International","Latest News"],"inLanguage":"fr-FR","copyrightYear":"2025","copyrightHolder":{"@id":"https:\/\/bladnanews.com\/fr\/#organization"}},{"@type":"WebPage","@id":"https:\/\/bladnanews.com\/west-ham-must-vacate-london-stadium-if-relegated-says-ex-premier-league-star\/","url":"https:\/\/bladnanews.com\/west-ham-must-vacate-london-stadium-if-relegated-says-ex-premier-league-star\/","name":"West Ham doit quitter le London Stadium en cas de rel\u00e9gation, selon une ancienne star de la Premier League - Bladna News","isPartOf":{"@id":"https:\/\/mediumseagreen-eel-531711.hostingersite.com\/#website"},"primaryImageOfPage":{"@id":"https:\/\/bladnanews.com\/west-ham-must-vacate-london-stadium-if-relegated-says-ex-premier-league-star\/#primaryimage"},"image":{"@id":"https:\/\/bladnanews.com\/west-ham-must-vacate-london-stadium-if-relegated-says-ex-premier-league-star\/#primaryimage"},"thumbnailUrl":"https:\/\/bladnanews.com\/wp-content\/uploads\/2025\/12\/BladnaNews-West-Ham-Must-Vacate-London-Stadium-If-Relegated-Says-Ex-Premier-League-Star-2025-12-31T230311.983Z.jpg","datePublished":"2025-12-31T17:06:27+00:00","breadcrumb":{"@id":"https:\/\/bladnanews.com\/west-ham-must-vacate-london-stadium-if-relegated-says-ex-premier-league-star\/#breadcrumb"},"inLanguage":"fr-FR","potentialAction":[{"@type":"ReadAction","target":["https:\/\/bladnanews.com\/west-ham-must-vacate-london-stadium-if-relegated-says-ex-premier-league-star\/"]}]},{"@type":"ImageObject","inLanguage":"fr-FR","@id":"https:\/\/bladnanews.com\/west-ham-must-vacate-london-stadium-if-relegated-says-ex-premier-league-star\/#primaryimage","url":"https:\/\/bladnanews.com\/wp-content\/uploads\/2025\/12\/BladnaNews-West-Ham-Must-Vacate-London-Stadium-If-Relegated-Says-Ex-Premier-League-Star-2025-12-31T230311.983Z.jpg","contentUrl":"https:\/\/bladnanews.com\/wp-content\/uploads\/2025\/12\/BladnaNews-West-Ham-Must-Vacate-London-Stadium-If-Relegated-Says-Ex-Premier-League-Star-2025-12-31T230311.983Z.jpg","width":2560,"height":1440},{"@type":"BreadcrumbList","@id":"https:\/\/bladnanews.com\/west-ham-must-vacate-london-stadium-if-relegated-says-ex-premier-league-star\/#breadcrumb","itemListElement":[{"@type":"ListItem","position":1,"name":"Home","item":"https:\/\/bladnanews.com\/"},{"@type":"ListItem","position":2,"name":"West Ham Must Vacate London Stadium If Relegated, Says Ex-Premier League Star"}]},{"@type":"WebSite","@id":"https:\/\/mediumseagreen-eel-531711.hostingersite.com\/#website","url":"https:\/\/mediumseagreen-eel-531711.hostingersite.com\/","name":"Bladna News - Maroc","description":"Quand le football marocain rencontre le monde","publisher":{"@id":"https:\/\/mediumseagreen-eel-531711.hostingersite.com\/#organization"},"potentialAction":[{"@type":"SearchAction","target":{"@type":"EntryPoint","urlTemplate":"https:\/\/mediumseagreen-eel-531711.hostingersite.com\/?s={search_term_string}"},"query-input":{"@type":"PropertyValueSpecification","valueRequired":true,"valueName":"search_term_string"}}],"inLanguage":"fr-FR"},{"@type":"Organization","@id":"https:\/\/mediumseagreen-eel-531711.hostingersite.com\/#organization","name":"Bladna News.com","url":"https:\/\/mediumseagreen-eel-531711.hostingersite.com\/","logo":{"@type":"ImageObject","inLanguage":"fr-FR","@id":"https:\/\/mediumseagreen-eel-531711.hostingersite.com\/#\/schema\/logo\/image\/","url":"https:\/\/bladnanews.com\/wp-content\/uploads\/2025\/12\/logo-bladnanews-V2-web-black-red.png","contentUrl":"https:\/\/bladnanews.com\/wp-content\/uploads\/2025\/12\/logo-bladnanews-V2-web-black-red.png","width":703,"height":287,"caption":"Bladna News.com"},"image":{"@id":"https:\/\/mediumseagreen-eel-531711.hostingersite.com\/#\/schema\/logo\/image\/"},"email":"info@bladnanews.com","legalName":"Bladna News"},{"@type":"Person","@id":"https:\/\/mediumseagreen-eel-531711.hostingersite.com\/#\/schema\/person\/268e18a453ab080ebf76df6ef7845083","name":"\u00c9quipe r\u00e9dactionnelle de Bladna News","url":"https:\/\/bladnanews.com\/fr\/author\/bladna-news-staff\/"}]}},"_links":{"self":[{"href":"https:\/\/bladnanews.com\/fr\/wp-json\/wp\/v2\/posts\/1021","targetHints":{"allow":["GET"]}}],"collection":[{"href":"https:\/\/bladnanews.com\/fr\/wp-json\/wp\/v2\/posts"}],"about":[{"href":"https:\/\/bladnanews.com\/fr\/wp-json\/wp\/v2\/types\/post"}],"author":[{"embeddable":true,"href":"https:\/\/bladnanews.com\/fr\/wp-json\/wp\/v2\/users\/3"}],"replies":[{"embeddable":true,"href":"https:\/\/bladnanews.com\/fr\/wp-json\/wp\/v2\/comments?post=1021"}],"version-history":[{"count":0,"href":"https:\/\/bladnanews.com\/fr\/wp-json\/wp\/v2\/posts\/1021\/revisions"}],"wp:featuredmedia":[{"embeddable":true,"href":"https:\/\/bladnanews.com\/fr\/wp-json\/wp\/v2\/media\/1020"}],"wp:attachment":[{"href":"https:\/\/bladnanews.com\/fr\/wp-json\/wp\/v2\/media?parent=1021"}],"wp:term":[{"taxonomy":"category","embeddable":true,"href":"https:\/\/bladnanews.com\/fr\/wp-json\/wp\/v2\/categories?post=1021"},{"taxonomy":"post_tag","embeddable":true,"href":"https:\/\/bladnanews.com\/fr\/wp-json\/wp\/v2\/tags?post=1021"}],"curies":[{"name":"wp","href":"https:\/\/api.w.org\/{rel}","templated":true}]}}