{"id":10892,"date":"2026-04-24T19:57:09","date_gmt":"2026-04-24T19:57:09","guid":{"rendered":"https:\/\/bladnanews.com\/senegal-star-fires-back-at-morocco-we-are-africas-champions\/"},"modified":"2026-04-24T19:57:09","modified_gmt":"2026-04-24T19:57:09","slug":"la-star-senegalaise-repond-au-maroc-nous-sommes-les-champions-de-lafrique","status":"publish","type":"post","link":"https:\/\/bladnanews.com\/fr\/la-star-senegalaise-repond-au-maroc-nous-sommes-les-champions-de-lafrique\/","title":{"rendered":"La star s\u00e9n\u00e9galaise r\u00e9pond au Maroc : nous sommes les champions d'Afrique"},"content":{"rendered":"<p>La star s\u00e9n\u00e9galaise r\u00e9pond au Maroc : nous sommes les champions d'Afrique<\/p>\n<p>Un international s\u00e9n\u00e9galais a r\u00e9pondu aux r\u00e9centes d\u00e9clarations du Maroc, insistant sur le fait que son \u00e9quipe reste la v\u00e9ritable reine du football africain. Le joueur a clairement indiqu\u00e9 que le S\u00e9n\u00e9gal est le champion d'Afrique en titre et que le monde attend d\u00e9sormais qu'il brille sur la plus grande sc\u00e8ne.<\/p>\n<p>Cette r\u00e9ponse fait suite aux propos du camp marocain qui semblaient remettre en question le statut du S\u00e9n\u00e9gal au sommet du continent. La star s\u00e9n\u00e9galaise n'a pas m\u00e2ch\u00e9 ses mots, rappelant \u00e0 tous que son \u00e9quipe a soulev\u00e9 le troph\u00e9e de la Coupe d'Afrique des Nations en 2022 et qu'elle n'a rien \u00e0 prouver \u00e0 personne.<\/p>\n<p>\u201c Nous sommes les champions d'Afrique \u201d, a-t-il d\u00e9clar\u00e9. \u201c Nous l'avons prouv\u00e9 sur le terrain. Le monde nous attend, et nous sommes pr\u00eats \u00e0 montrer ce que nous savons faire. \u201d<\/p>\n<p>La victoire du S\u00e9n\u00e9gal \u00e0 la Coupe d'Afrique des Nations 2021, qui s'est d\u00e9roul\u00e9e en 2022, a mis fin \u00e0 des ann\u00e9es de quasi-r\u00e9ussite pour les Lions de la T\u00e9ranga. Ils ont battu l'\u00c9gypte aux tirs au but en finale, Sadio Man\u00e9 inscrivant le penalty d\u00e9cisif.<\/p>\n<p>Depuis lors, le S\u00e9n\u00e9gal n'a cess\u00e9 d'impressionner sur la sc\u00e8ne internationale. Il s'est qualifi\u00e9 pour la Coupe du Monde 2026 gr\u00e2ce \u00e0 une campagne solide et cherche d\u00e9sormais \u00e0 aller loin dans le tournoi. L'\u00e9quipe est construite autour d'un noyau de joueurs exp\u00e9riment\u00e9s ayant \u00e9volu\u00e9 au plus haut niveau en Europe.<\/p>\n<p>Les commentaires du joueur ont \u00e9galement \u00e9voqu\u00e9 la rivalit\u00e9 croissante entre le S\u00e9n\u00e9gal et le Maroc. Les deux nations figurent parmi les grandes puissances du football africain, et leurs chemins pourraient \u00e0 nouveau se croiser lors des prochaines comp\u00e9titions. Le Maroc a marqu\u00e9 l'histoire en atteignant les demi-finales de la Coupe du Monde 2022, mais le S\u00e9n\u00e9gal s'est empress\u00e9 de rappeler qu'il reste le champion continental.<\/p>\n<p>\u201c Le respect se gagne sur le terrain \u201d, a ajout\u00e9 la star s\u00e9n\u00e9galaise. \u201c Nous avons le troph\u00e9e. C'est nous qui l'avons ramen\u00e9 \u00e0 la maison. C'est le seul fait qui compte. \u201d<\/p>\n<p>Le prochain grand test du S\u00e9n\u00e9gal aura lieu lors de la Coupe du Monde 2026, o\u00f9 il affrontera certaines des meilleures \u00e9quipes du monde. L'effectif est confiant de pouvoir aller plus loin que jamais, gr\u00e2ce \u00e0 un m\u00e9lange de jeunesse et d'exp\u00e9rience qui lui conf\u00e8re un bon \u00e9quilibre.<\/p>\n<p>Le message du joueur \u00e9tait clair : le S\u00e9n\u00e9gal n'est pas seulement le champion d'Afrique \u2014 c'est une \u00e9quipe pr\u00eate \u00e0 d\u00e9fier le monde. Et elle ne laissera personne l'oublier.<\/p>","protected":false},"excerpt":{"rendered":"<p>Senegal star fires back at Morocco: we are Africa\u2019s champions A Senegal international has hit back at recent comments from [&hellip;]<\/p>\n","protected":false},"author":3,"featured_media":10891,"comment_status":"","ping_status":"open","sticky":false,"template":"","format":"standard","meta":{"googlesitekit_rrm_CAow_uzEDA:productID":"","site-sidebar-layout":"default","site-content-layout":"","ast-site-content-layout":"default","site-content-style":"default","site-sidebar-style":"default","ast-global-header-display":"","ast-banner-title-visibility":"","ast-main-header-display":"","ast-hfb-above-header-display":"","ast-hfb-below-header-display":"","ast-hfb-mobile-header-display":"","site-post-title":"","ast-breadcrumbs-content":"","ast-featured-img":"","footer-sml-layout":"","ast-disable-related-posts":"","theme-transparent-header-meta":"","adv-header-id-meta":"","stick-header-meta":"","header-above-stick-meta":"","header-main-stick-meta":"","header-below-stick-meta":"","astra-migrate-meta-layouts":"default","ast-page-background-enabled":"default","ast-page-background-meta":{"desktop":{"background-color":"var(--ast-global-color-5)","background-image":"","background-repeat":"repeat","background-position":"center center","background-size":"auto","background-attachment":"scroll","background-type":"","background-media":"","overlay-type":"","overlay-color":"","overlay-opacity":"","overlay-gradient":""},"tablet":{"background-color":"","background-image":"","background-repeat":"repeat","background-position":"center center","background-size":"auto","background-attachment":"scroll","background-type":"","background-media":"","overlay-type":"","overlay-color":"","overlay-opacity":"","overlay-gradient":""},"mobile":{"background-color":"","background-image":"","background-repeat":"repeat","background-position":"center center","background-size":"auto","background-attachment":"scroll","background-type":"","background-media":"","overlay-type":"","overlay-color":"","overlay-opacity":"","overlay-gradient":""}},"ast-content-background-meta":{"desktop":{"background-color":"var(--ast-global-color-4)","background-image":"","background-repeat":"repeat","background-position":"center center","background-size":"auto","background-attachment":"scroll","background-type":"","background-media":"","overlay-type":"","overlay-color":"","overlay-opacity":"","overlay-gradient":""},"tablet":{"background-color":"var(--ast-global-color-4)","background-image":"","background-repeat":"repeat","background-position":"center center","background-size":"auto","background-attachment":"scroll","background-type":"","background-media":"","overlay-type":"","overlay-color":"","overlay-opacity":"","overlay-gradient":""},"mobile":{"background-color":"var(--ast-global-color-4)","background-image":"","background-repeat":"repeat","background-position":"center center","background-size":"auto","background-attachment":"scroll","background-type":"","background-media":"","overlay-type":"","overlay-color":"","overlay-opacity":"","overlay-gradient":""}},"footnotes":""},"categories":[20,1],"tags":[],"class_list":["post-10892","post","type-post","status-publish","format-standard","has-post-thumbnail","hentry","category-international","category-football-latest-news"],"yoast_head":"<!-- This site is optimized with the Yoast SEO Premium plugin v26.6 (Yoast SEO v27.4) - https:\/\/yoast.com\/product\/yoast-seo-premium-wordpress\/ -->\n<title>Senegal star fires back at Morocco: we are Africa\u2019s champions - Bladna News<\/title>\n<meta name=\"robots\" content=\"index, follow, max-snippet:-1, max-image-preview:large, max-video-preview:-1\" \/>\n<link rel=\"canonical\" href=\"https:\/\/bladnanews.com\/fr\/la-star-senegalaise-repond-au-maroc-nous-sommes-les-champions-de-lafrique\/\" \/>\n<meta property=\"og:locale\" content=\"fr_FR\" \/>\n<meta property=\"og:type\" content=\"article\" \/>\n<meta property=\"og:title\" content=\"Senegal star fires back at Morocco: we are Africa\u2019s champions\" \/>\n<meta property=\"og:description\" content=\"Senegal star fires back at Morocco: we are Africa\u2019s champions A Senegal international has hit back at recent comments from [&hellip;]\" \/>\n<meta property=\"og:url\" content=\"https:\/\/bladnanews.com\/fr\/la-star-senegalaise-repond-au-maroc-nous-sommes-les-champions-de-lafrique\/\" \/>\n<meta property=\"og:site_name\" content=\"Bladna News\" \/>\n<meta property=\"article:published_time\" content=\"2026-04-24T19:57:09+00:00\" \/>\n<meta property=\"og:image\" content=\"https:\/\/bladnanews.com\/wp-content\/uploads\/2025\/12\/freepik__bladna-newscom-moroccan-soccer-homepage-banner-mor__41838.png\" \/>\n\t<meta property=\"og:image:width\" content=\"1312\" \/>\n\t<meta property=\"og:image:height\" content=\"736\" \/>\n\t<meta property=\"og:image:type\" content=\"image\/png\" \/>\n<meta name=\"author\" content=\"Bladna News Staff\" \/>\n<meta name=\"twitter:card\" content=\"summary_large_image\" \/>\n<meta name=\"twitter:label1\" content=\"\u00c9crit par\" \/>\n\t<meta name=\"twitter:data1\" content=\"Bladna News Staff\" \/>\n\t<meta name=\"twitter:label2\" content=\"Dur\u00e9e de lecture estim\u00e9e\" \/>\n\t<meta name=\"twitter:data2\" content=\"2 minutes\" \/>\n<script type=\"application\/ld+json\" class=\"yoast-schema-graph\">{\"@context\":\"https:\\\/\\\/schema.org\",\"@graph\":[{\"@type\":\"Article\",\"@id\":\"https:\\\/\\\/bladnanews.com\\\/senegal-star-fires-back-at-morocco-we-are-africas-champions\\\/#article\",\"isPartOf\":{\"@id\":\"https:\\\/\\\/bladnanews.com\\\/senegal-star-fires-back-at-morocco-we-are-africas-champions\\\/\"},\"author\":{\"name\":\"Bladna News Staff\",\"@id\":\"https:\\\/\\\/mediumseagreen-eel-531711.hostingersite.com\\\/#\\\/schema\\\/person\\\/268e18a453ab080ebf76df6ef7845083\"},\"headline\":\"Senegal star fires back at Morocco: we are Africa\u2019s champions\",\"datePublished\":\"2026-04-24T19:57:09+00:00\",\"mainEntityOfPage\":{\"@id\":\"https:\\\/\\\/bladnanews.com\\\/senegal-star-fires-back-at-morocco-we-are-africas-champions\\\/\"},\"wordCount\":401,\"publisher\":{\"@id\":\"https:\\\/\\\/mediumseagreen-eel-531711.hostingersite.com\\\/#organization\"},\"image\":{\"@id\":\"https:\\\/\\\/bladnanews.com\\\/senegal-star-fires-back-at-morocco-we-are-africas-champions\\\/#primaryimage\"},\"thumbnailUrl\":\"https:\\\/\\\/bladnanews.com\\\/wp-content\\\/uploads\\\/2026\\\/04\\\/GettyImages-2268840427.jpg-scaled.jpg\",\"articleSection\":[\"International\",\"Latest News\"],\"inLanguage\":\"fr-FR\",\"copyrightYear\":\"2026\",\"copyrightHolder\":{\"@id\":\"https:\\\/\\\/bladnanews.com\\\/fr\\\/#organization\"}},{\"@type\":\"WebPage\",\"@id\":\"https:\\\/\\\/bladnanews.com\\\/senegal-star-fires-back-at-morocco-we-are-africas-champions\\\/\",\"url\":\"https:\\\/\\\/bladnanews.com\\\/senegal-star-fires-back-at-morocco-we-are-africas-champions\\\/\",\"name\":\"Senegal star fires back at Morocco: we are Africa\u2019s champions - Bladna News\",\"isPartOf\":{\"@id\":\"https:\\\/\\\/mediumseagreen-eel-531711.hostingersite.com\\\/#website\"},\"primaryImageOfPage\":{\"@id\":\"https:\\\/\\\/bladnanews.com\\\/senegal-star-fires-back-at-morocco-we-are-africas-champions\\\/#primaryimage\"},\"image\":{\"@id\":\"https:\\\/\\\/bladnanews.com\\\/senegal-star-fires-back-at-morocco-we-are-africas-champions\\\/#primaryimage\"},\"thumbnailUrl\":\"https:\\\/\\\/bladnanews.com\\\/wp-content\\\/uploads\\\/2026\\\/04\\\/GettyImages-2268840427.jpg-scaled.jpg\",\"datePublished\":\"2026-04-24T19:57:09+00:00\",\"breadcrumb\":{\"@id\":\"https:\\\/\\\/bladnanews.com\\\/senegal-star-fires-back-at-morocco-we-are-africas-champions\\\/#breadcrumb\"},\"inLanguage\":\"fr-FR\",\"potentialAction\":[{\"@type\":\"ReadAction\",\"target\":[\"https:\\\/\\\/bladnanews.com\\\/senegal-star-fires-back-at-morocco-we-are-africas-champions\\\/\"]}]},{\"@type\":\"ImageObject\",\"inLanguage\":\"fr-FR\",\"@id\":\"https:\\\/\\\/bladnanews.com\\\/senegal-star-fires-back-at-morocco-we-are-africas-champions\\\/#primaryimage\",\"url\":\"https:\\\/\\\/bladnanews.com\\\/wp-content\\\/uploads\\\/2026\\\/04\\\/GettyImages-2268840427.jpg-scaled.jpg\",\"contentUrl\":\"https:\\\/\\\/bladnanews.com\\\/wp-content\\\/uploads\\\/2026\\\/04\\\/GettyImages-2268840427.jpg-scaled.jpg\",\"width\":2560,\"height\":1440,\"caption\":\"Moroccan football player in a green jersey, focused and ready for action, representing Morocco in a sports setting.\"},{\"@type\":\"BreadcrumbList\",\"@id\":\"https:\\\/\\\/bladnanews.com\\\/senegal-star-fires-back-at-morocco-we-are-africas-champions\\\/#breadcrumb\",\"itemListElement\":[{\"@type\":\"ListItem\",\"position\":1,\"name\":\"Home\",\"item\":\"https:\\\/\\\/bladnanews.com\\\/\"},{\"@type\":\"ListItem\",\"position\":2,\"name\":\"Senegal star fires back at Morocco: we are Africa\u2019s champions\"}]},{\"@type\":\"WebSite\",\"@id\":\"https:\\\/\\\/mediumseagreen-eel-531711.hostingersite.com\\\/#website\",\"url\":\"https:\\\/\\\/mediumseagreen-eel-531711.hostingersite.com\\\/\",\"name\":\"Bladna News - Morocco\",\"description\":\"Where Moroccan Football Meets the World\",\"publisher\":{\"@id\":\"https:\\\/\\\/mediumseagreen-eel-531711.hostingersite.com\\\/#organization\"},\"potentialAction\":[{\"@type\":\"SearchAction\",\"target\":{\"@type\":\"EntryPoint\",\"urlTemplate\":\"https:\\\/\\\/mediumseagreen-eel-531711.hostingersite.com\\\/?s={search_term_string}\"},\"query-input\":{\"@type\":\"PropertyValueSpecification\",\"valueRequired\":true,\"valueName\":\"search_term_string\"}}],\"inLanguage\":\"fr-FR\"},{\"@type\":\"Organization\",\"@id\":\"https:\\\/\\\/mediumseagreen-eel-531711.hostingersite.com\\\/#organization\",\"name\":\"Bladna News.com\",\"url\":\"https:\\\/\\\/mediumseagreen-eel-531711.hostingersite.com\\\/\",\"logo\":{\"@type\":\"ImageObject\",\"inLanguage\":\"fr-FR\",\"@id\":\"https:\\\/\\\/mediumseagreen-eel-531711.hostingersite.com\\\/#\\\/schema\\\/logo\\\/image\\\/\",\"url\":\"https:\\\/\\\/bladnanews.com\\\/wp-content\\\/uploads\\\/2025\\\/12\\\/logo-bladnanews-V2-web-black-red.png\",\"contentUrl\":\"https:\\\/\\\/bladnanews.com\\\/wp-content\\\/uploads\\\/2025\\\/12\\\/logo-bladnanews-V2-web-black-red.png\",\"width\":703,\"height\":287,\"caption\":\"Bladna News.com\"},\"image\":{\"@id\":\"https:\\\/\\\/mediumseagreen-eel-531711.hostingersite.com\\\/#\\\/schema\\\/logo\\\/image\\\/\"},\"email\":\"info@bladnanews.com\",\"legalName\":\"Bladna News\"},{\"@type\":\"Person\",\"@id\":\"https:\\\/\\\/mediumseagreen-eel-531711.hostingersite.com\\\/#\\\/schema\\\/person\\\/268e18a453ab080ebf76df6ef7845083\",\"name\":\"Bladna News Staff\",\"url\":\"https:\\\/\\\/bladnanews.com\\\/fr\\\/author\\\/bladna-news-staff\\\/\"}]}<\/script>\n<!-- \/ Yoast SEO Premium plugin. -->","yoast_head_json":{"title":"La star s\u00e9n\u00e9galaise r\u00e9pond au Maroc : nous sommes les champions d'Afrique - Bladna News","robots":{"index":"index","follow":"follow","max-snippet":"max-snippet:-1","max-image-preview":"max-image-preview:large","max-video-preview":"max-video-preview:-1"},"canonical":"https:\/\/bladnanews.com\/fr\/la-star-senegalaise-repond-au-maroc-nous-sommes-les-champions-de-lafrique\/","og_locale":"fr_FR","og_type":"article","og_title":"Senegal star fires back at Morocco: we are Africa\u2019s champions","og_description":"Senegal star fires back at Morocco: we are Africa\u2019s champions A Senegal international has hit back at recent comments from [&hellip;]","og_url":"https:\/\/bladnanews.com\/fr\/la-star-senegalaise-repond-au-maroc-nous-sommes-les-champions-de-lafrique\/","og_site_name":"Bladna News","article_published_time":"2026-04-24T19:57:09+00:00","og_image":[{"width":1312,"height":736,"url":"https:\/\/bladnanews.com\/wp-content\/uploads\/2025\/12\/freepik__bladna-newscom-moroccan-soccer-homepage-banner-mor__41838.png","type":"image\/png"}],"author":"Bladna News Staff","twitter_card":"summary_large_image","twitter_misc":{"\u00c9crit par":"Bladna News Staff","Dur\u00e9e de lecture estim\u00e9e":"2 minutes"},"schema":{"@context":"https:\/\/schema.org","@graph":[{"@type":"Article","@id":"https:\/\/bladnanews.com\/senegal-star-fires-back-at-morocco-we-are-africas-champions\/#article","isPartOf":{"@id":"https:\/\/bladnanews.com\/senegal-star-fires-back-at-morocco-we-are-africas-champions\/"},"author":{"name":"Bladna News Staff","@id":"https:\/\/mediumseagreen-eel-531711.hostingersite.com\/#\/schema\/person\/268e18a453ab080ebf76df6ef7845083"},"headline":"Senegal star fires back at Morocco: we are Africa\u2019s champions","datePublished":"2026-04-24T19:57:09+00:00","mainEntityOfPage":{"@id":"https:\/\/bladnanews.com\/senegal-star-fires-back-at-morocco-we-are-africas-champions\/"},"wordCount":401,"publisher":{"@id":"https:\/\/mediumseagreen-eel-531711.hostingersite.com\/#organization"},"image":{"@id":"https:\/\/bladnanews.com\/senegal-star-fires-back-at-morocco-we-are-africas-champions\/#primaryimage"},"thumbnailUrl":"https:\/\/bladnanews.com\/wp-content\/uploads\/2026\/04\/GettyImages-2268840427.jpg-scaled.jpg","articleSection":["International","Latest News"],"inLanguage":"fr-FR","copyrightYear":"2026","copyrightHolder":{"@id":"https:\/\/bladnanews.com\/fr\/#organization"}},{"@type":"WebPage","@id":"https:\/\/bladnanews.com\/senegal-star-fires-back-at-morocco-we-are-africas-champions\/","url":"https:\/\/bladnanews.com\/senegal-star-fires-back-at-morocco-we-are-africas-champions\/","name":"La star s\u00e9n\u00e9galaise r\u00e9pond au Maroc : nous sommes les champions d'Afrique - Bladna News","isPartOf":{"@id":"https:\/\/mediumseagreen-eel-531711.hostingersite.com\/#website"},"primaryImageOfPage":{"@id":"https:\/\/bladnanews.com\/senegal-star-fires-back-at-morocco-we-are-africas-champions\/#primaryimage"},"image":{"@id":"https:\/\/bladnanews.com\/senegal-star-fires-back-at-morocco-we-are-africas-champions\/#primaryimage"},"thumbnailUrl":"https:\/\/bladnanews.com\/wp-content\/uploads\/2026\/04\/GettyImages-2268840427.jpg-scaled.jpg","datePublished":"2026-04-24T19:57:09+00:00","breadcrumb":{"@id":"https:\/\/bladnanews.com\/senegal-star-fires-back-at-morocco-we-are-africas-champions\/#breadcrumb"},"inLanguage":"fr-FR","potentialAction":[{"@type":"ReadAction","target":["https:\/\/bladnanews.com\/senegal-star-fires-back-at-morocco-we-are-africas-champions\/"]}]},{"@type":"ImageObject","inLanguage":"fr-FR","@id":"https:\/\/bladnanews.com\/senegal-star-fires-back-at-morocco-we-are-africas-champions\/#primaryimage","url":"https:\/\/bladnanews.com\/wp-content\/uploads\/2026\/04\/GettyImages-2268840427.jpg-scaled.jpg","contentUrl":"https:\/\/bladnanews.com\/wp-content\/uploads\/2026\/04\/GettyImages-2268840427.jpg-scaled.jpg","width":2560,"height":1440,"caption":"Moroccan football player in a green jersey, focused and ready for action, representing Morocco in a sports setting."},{"@type":"BreadcrumbList","@id":"https:\/\/bladnanews.com\/senegal-star-fires-back-at-morocco-we-are-africas-champions\/#breadcrumb","itemListElement":[{"@type":"ListItem","position":1,"name":"Home","item":"https:\/\/bladnanews.com\/"},{"@type":"ListItem","position":2,"name":"Senegal star fires back at Morocco: we are Africa\u2019s champions"}]},{"@type":"WebSite","@id":"https:\/\/mediumseagreen-eel-531711.hostingersite.com\/#website","url":"https:\/\/mediumseagreen-eel-531711.hostingersite.com\/","name":"Bladna News - Maroc","description":"Quand le football marocain rencontre le monde","publisher":{"@id":"https:\/\/mediumseagreen-eel-531711.hostingersite.com\/#organization"},"potentialAction":[{"@type":"SearchAction","target":{"@type":"EntryPoint","urlTemplate":"https:\/\/mediumseagreen-eel-531711.hostingersite.com\/?s={search_term_string}"},"query-input":{"@type":"PropertyValueSpecification","valueRequired":true,"valueName":"search_term_string"}}],"inLanguage":"fr-FR"},{"@type":"Organization","@id":"https:\/\/mediumseagreen-eel-531711.hostingersite.com\/#organization","name":"Bladna News.com","url":"https:\/\/mediumseagreen-eel-531711.hostingersite.com\/","logo":{"@type":"ImageObject","inLanguage":"fr-FR","@id":"https:\/\/mediumseagreen-eel-531711.hostingersite.com\/#\/schema\/logo\/image\/","url":"https:\/\/bladnanews.com\/wp-content\/uploads\/2025\/12\/logo-bladnanews-V2-web-black-red.png","contentUrl":"https:\/\/bladnanews.com\/wp-content\/uploads\/2025\/12\/logo-bladnanews-V2-web-black-red.png","width":703,"height":287,"caption":"Bladna News.com"},"image":{"@id":"https:\/\/mediumseagreen-eel-531711.hostingersite.com\/#\/schema\/logo\/image\/"},"email":"info@bladnanews.com","legalName":"Bladna News"},{"@type":"Person","@id":"https:\/\/mediumseagreen-eel-531711.hostingersite.com\/#\/schema\/person\/268e18a453ab080ebf76df6ef7845083","name":"\u00c9quipe r\u00e9dactionnelle de Bladna News","url":"https:\/\/bladnanews.com\/fr\/author\/bladna-news-staff\/"}]}},"_links":{"self":[{"href":"https:\/\/bladnanews.com\/fr\/wp-json\/wp\/v2\/posts\/10892","targetHints":{"allow":["GET"]}}],"collection":[{"href":"https:\/\/bladnanews.com\/fr\/wp-json\/wp\/v2\/posts"}],"about":[{"href":"https:\/\/bladnanews.com\/fr\/wp-json\/wp\/v2\/types\/post"}],"author":[{"embeddable":true,"href":"https:\/\/bladnanews.com\/fr\/wp-json\/wp\/v2\/users\/3"}],"replies":[{"embeddable":true,"href":"https:\/\/bladnanews.com\/fr\/wp-json\/wp\/v2\/comments?post=10892"}],"version-history":[{"count":0,"href":"https:\/\/bladnanews.com\/fr\/wp-json\/wp\/v2\/posts\/10892\/revisions"}],"wp:featuredmedia":[{"embeddable":true,"href":"https:\/\/bladnanews.com\/fr\/wp-json\/wp\/v2\/media\/10891"}],"wp:attachment":[{"href":"https:\/\/bladnanews.com\/fr\/wp-json\/wp\/v2\/media?parent=10892"}],"wp:term":[{"taxonomy":"category","embeddable":true,"href":"https:\/\/bladnanews.com\/fr\/wp-json\/wp\/v2\/categories?post=10892"},{"taxonomy":"post_tag","embeddable":true,"href":"https:\/\/bladnanews.com\/fr\/wp-json\/wp\/v2\/tags?post=10892"}],"curies":[{"name":"wp","href":"https:\/\/api.w.org\/{rel}","templated":true}]}}