{"id":10894,"date":"2026-04-24T19:59:15","date_gmt":"2026-04-24T19:59:15","guid":{"rendered":"https:\/\/bladnanews.com\/mbappe-joins-real-madrids-century-club\/"},"modified":"2026-04-24T19:59:15","modified_gmt":"2026-04-24T19:59:15","slug":"mbappe-rejoint-le-club-du-centenaire-du-real-madrid","status":"publish","type":"post","link":"https:\/\/bladnanews.com\/fr\/mbappe-rejoint-le-club-du-centenaire-du-real-madrid\/","title":{"rendered":"Mbappe rejoint le club des centenaires du Real Madrid"},"content":{"rendered":"<p>Kylian Mbapp\u00e9 a officiellement int\u00e9gr\u00e9 le club des cent buteurs du Real Madrid, atteignant un total de buts embl\u00e9matique qui le place parmi les plus grands de l\u2019histoire du club. La superstar fran\u00e7aise a franchi ce cap lors d\u2019un match crucial, consolidant ainsi son statut au Santiago Bernab\u00e9u.<\/p>\n<p>Le 100e but de Mbapp\u00e9 sous le maillot des Merengues est survenu lors de la saison 2026, un moment tr\u00e8s attendu depuis son arriv\u00e9e tr\u00e8s m\u00e9diatis\u00e9e. L\u2019attaquant, qui a rejoint le Real Madrid dans le cadre d\u2019un transfert retentissant, n\u2019a cess\u00e9 d\u2019\u00eatre \u00e0 la hauteur depuis qu\u2019il a enfil\u00e9 le c\u00e9l\u00e8bre maillot blanc.<\/p>\n<p>Le but lui-m\u00eame est arriv\u00e9 \u00e0 la mani\u00e8re typique de Mbapp\u00e9 \u2014 une explosion de vitesse, une finition clinique. Une frappe qui r\u00e9sume son impact au club : directe, d\u00e9cisive et d\u00e9vastatrice pour les adversaires. Le Bernab\u00e9u s\u2019est lev\u00e9 pour saluer cet exploit, des chants scandant son nom r\u00e9sonnant dans tout le stade.<\/p>\n<p>Atteindre la barre des cent buts place Mbapp\u00e9 dans une \u00e9lite. Il rejoint un groupe restreint de l\u00e9gendes du Real Madrid ayant inscrit 100 buts ou plus pour le club. Cette liste comprend des noms comme Cristiano Ronaldo, Ra\u00fal, Alfredo Di St\u00e9fano et Karim Benzema \u2014 des joueurs qui ont marqu\u00e9 des \u00e9poques au sein du club.<\/p>\n<p>Ce qui rend l\u2019exploit de Mbapp\u00e9 particuli\u00e8rement impressionnant, c\u2019est la rapidit\u00e9 avec laquelle il l\u2019a atteint. Le Fran\u00e7ais maintient un remarquable ratio de buts par match depuis son arriv\u00e9e, d\u00e9passant rarement un ou deux matchs sans trouver le chemin des filets. Sa r\u00e9gularit\u00e9 a \u00e9t\u00e9 un facteur cl\u00e9 dans les campagnes nationales et europ\u00e9ennes du Real Madrid.<\/p>\n<p>S\u2019exprimant apr\u00e8s le match, Mbapp\u00e9 a reconnu l\u2019importance de ce moment. \u201c C\u2019est un honneur de rejoindre ce club \u201d, a-t-il d\u00e9clar\u00e9. \u201c Le Real Madrid est le plus grand club du monde, et marquer 100 buts ici signifie tout pour moi. Je tiens \u00e0 remercier mes co\u00e9quipiers, l\u2019entra\u00eeneur et les supporters pour leur soutien. \u201d<\/p>\n<p>La saison 2026 a \u00e9t\u00e9 d\u00e9terminante pour Mbapp\u00e9. Il a assum\u00e9 la responsabilit\u00e9 offensive du Real Madrid, d\u00e9livrant dans les moments cl\u00e9s et aidant l\u2019\u00e9quipe \u00e0 naviguer dans un calendrier charg\u00e9. Sa complicit\u00e9 avec ses co\u00e9quipiers attaquants s\u2019est \u00e9panouie, mais c\u2019est son g\u00e9nie individuel qui continue de le distinguer.<\/p>\n<p>L\u2019encadrement technique du Real Madrid a salu\u00e9 le professionnalisme et l\u2019\u00e9thique de travail de Mbapp\u00e9. Ils attribuent son succ\u00e8s \u00e0 son d\u00e9vouement \u00e0 l\u2019entra\u00eenement et \u00e0 sa volont\u00e9 de s\u2019adapter aux exigences tactiques de l\u2019\u00e9quipe. L\u2019attaquant a \u00e9galement endoss\u00e9 un r\u00f4le de leader, guidant les jeunes joueurs et \u00e9tablissant des standards dans le vestiaire.<\/p>\n<p>Pour les supporters, le centi\u00e8me but de Mbapp\u00e9 constitue un nouveau chapitre de ce qui promet d\u2019\u00eatre une carri\u00e8re l\u00e9gendaire au Bernab\u00e9u. Beaucoup estiment qu\u2019il est en bonne voie pour d\u00e9fier les records de buts de l\u2019histoire du club, ses meilleures ann\u00e9es \u00e9tant peut-\u00eatre encore devant lui.<\/p>\n<p>Cet exploit rev\u00eat \u00e9galement une importance dans le contexte plus large du football europ\u00e9en. Mbapp\u00e9 s\u2019est impos\u00e9 comme l\u2019un des joueurs marquants de sa g\u00e9n\u00e9ration, et son succ\u00e8s au Real Madrid ne fait que renforcer cette r\u00e9putation. Ses 100 buts ont \u00e9t\u00e9 inscrits en Liga, en Ligue des champions et dans les comp\u00e9titions de coupe nationales, d\u00e9montrant sa capacit\u00e9 \u00e0 performer sur toutes les sc\u00e8nes.<\/p>\n<p>Alors que la saison 2026 se poursuit, tous les regards seront tourn\u00e9s vers Mbapp\u00e9 pour voir jusqu\u2019o\u00f9 il pourra porter son total. Pour l\u2019instant, cependant, il peut savourer ce moment. Int\u00e9grer le club des cent buteurs du Real Madrid n\u2019est pas une mince affaire, et le Fran\u00e7ais a m\u00e9rit\u00e9 sa place parmi les l\u00e9gendes.<\/p>","protected":false},"excerpt":{"rendered":"<p>Kylian Mbappe has officially entered Real Madrid&#8217;s century club, reaching a landmark goal tally that places him among the club&#8217;s [&hellip;]<\/p>\n","protected":false},"author":3,"featured_media":10893,"comment_status":"","ping_status":"open","sticky":false,"template":"","format":"standard","meta":{"googlesitekit_rrm_CAow_uzEDA:productID":"","site-sidebar-layout":"default","site-content-layout":"","ast-site-content-layout":"default","site-content-style":"default","site-sidebar-style":"default","ast-global-header-display":"","ast-banner-title-visibility":"","ast-main-header-display":"","ast-hfb-above-header-display":"","ast-hfb-below-header-display":"","ast-hfb-mobile-header-display":"","site-post-title":"","ast-breadcrumbs-content":"","ast-featured-img":"","footer-sml-layout":"","ast-disable-related-posts":"","theme-transparent-header-meta":"","adv-header-id-meta":"","stick-header-meta":"","header-above-stick-meta":"","header-main-stick-meta":"","header-below-stick-meta":"","astra-migrate-meta-layouts":"default","ast-page-background-enabled":"default","ast-page-background-meta":{"desktop":{"background-color":"var(--ast-global-color-5)","background-image":"","background-repeat":"repeat","background-position":"center center","background-size":"auto","background-attachment":"scroll","background-type":"","background-media":"","overlay-type":"","overlay-color":"","overlay-opacity":"","overlay-gradient":""},"tablet":{"background-color":"","background-image":"","background-repeat":"repeat","background-position":"center center","background-size":"auto","background-attachment":"scroll","background-type":"","background-media":"","overlay-type":"","overlay-color":"","overlay-opacity":"","overlay-gradient":""},"mobile":{"background-color":"","background-image":"","background-repeat":"repeat","background-position":"center center","background-size":"auto","background-attachment":"scroll","background-type":"","background-media":"","overlay-type":"","overlay-color":"","overlay-opacity":"","overlay-gradient":""}},"ast-content-background-meta":{"desktop":{"background-color":"var(--ast-global-color-4)","background-image":"","background-repeat":"repeat","background-position":"center center","background-size":"auto","background-attachment":"scroll","background-type":"","background-media":"","overlay-type":"","overlay-color":"","overlay-opacity":"","overlay-gradient":""},"tablet":{"background-color":"var(--ast-global-color-4)","background-image":"","background-repeat":"repeat","background-position":"center center","background-size":"auto","background-attachment":"scroll","background-type":"","background-media":"","overlay-type":"","overlay-color":"","overlay-opacity":"","overlay-gradient":""},"mobile":{"background-color":"var(--ast-global-color-4)","background-image":"","background-repeat":"repeat","background-position":"center center","background-size":"auto","background-attachment":"scroll","background-type":"","background-media":"","overlay-type":"","overlay-color":"","overlay-opacity":"","overlay-gradient":""}},"footnotes":""},"categories":[20,1],"tags":[],"class_list":["post-10894","post","type-post","status-publish","format-standard","has-post-thumbnail","hentry","category-international","category-football-latest-news"],"yoast_head":"<!-- This site is optimized with the Yoast SEO Premium plugin v26.6 (Yoast SEO v27.4) - https:\/\/yoast.com\/product\/yoast-seo-premium-wordpress\/ -->\n<title>Mbappe joins Real Madrid&#039;s century club - Bladna News<\/title>\n<meta name=\"robots\" content=\"index, follow, max-snippet:-1, max-image-preview:large, max-video-preview:-1\" \/>\n<link rel=\"canonical\" href=\"https:\/\/bladnanews.com\/fr\/mbappe-rejoint-le-club-du-centenaire-du-real-madrid\/\" \/>\n<meta property=\"og:locale\" content=\"fr_FR\" \/>\n<meta property=\"og:type\" content=\"article\" \/>\n<meta property=\"og:title\" content=\"Mbappe joins Real Madrid&#039;s century club\" \/>\n<meta property=\"og:description\" content=\"Kylian Mbappe has officially entered Real Madrid&#8217;s century club, reaching a landmark goal tally that places him among the club&#8217;s [&hellip;]\" \/>\n<meta property=\"og:url\" content=\"https:\/\/bladnanews.com\/fr\/mbappe-rejoint-le-club-du-centenaire-du-real-madrid\/\" \/>\n<meta property=\"og:site_name\" content=\"Bladna News\" \/>\n<meta property=\"article:published_time\" content=\"2026-04-24T19:59:15+00:00\" \/>\n<meta property=\"og:image\" content=\"https:\/\/bladnanews.com\/wp-content\/uploads\/2025\/12\/freepik__bladna-newscom-moroccan-soccer-homepage-banner-mor__41838.png\" \/>\n\t<meta property=\"og:image:width\" content=\"1312\" \/>\n\t<meta property=\"og:image:height\" content=\"736\" \/>\n\t<meta property=\"og:image:type\" content=\"image\/png\" \/>\n<meta name=\"author\" content=\"Bladna News Staff\" \/>\n<meta name=\"twitter:card\" content=\"summary_large_image\" \/>\n<meta name=\"twitter:label1\" content=\"\u00c9crit par\" \/>\n\t<meta name=\"twitter:data1\" content=\"Bladna News Staff\" \/>\n\t<meta name=\"twitter:label2\" content=\"Dur\u00e9e de lecture estim\u00e9e\" \/>\n\t<meta name=\"twitter:data2\" content=\"3 minutes\" \/>\n<script type=\"application\/ld+json\" class=\"yoast-schema-graph\">{\"@context\":\"https:\\\/\\\/schema.org\",\"@graph\":[{\"@type\":\"Article\",\"@id\":\"https:\\\/\\\/bladnanews.com\\\/mbappe-joins-real-madrids-century-club\\\/#article\",\"isPartOf\":{\"@id\":\"https:\\\/\\\/bladnanews.com\\\/mbappe-joins-real-madrids-century-club\\\/\"},\"author\":{\"name\":\"Bladna News Staff\",\"@id\":\"https:\\\/\\\/mediumseagreen-eel-531711.hostingersite.com\\\/#\\\/schema\\\/person\\\/268e18a453ab080ebf76df6ef7845083\"},\"headline\":\"Mbappe joins Real Madrid&#8217;s century club\",\"datePublished\":\"2026-04-24T19:59:15+00:00\",\"mainEntityOfPage\":{\"@id\":\"https:\\\/\\\/bladnanews.com\\\/mbappe-joins-real-madrids-century-club\\\/\"},\"wordCount\":542,\"publisher\":{\"@id\":\"https:\\\/\\\/mediumseagreen-eel-531711.hostingersite.com\\\/#organization\"},\"image\":{\"@id\":\"https:\\\/\\\/bladnanews.com\\\/mbappe-joins-real-madrids-century-club\\\/#primaryimage\"},\"thumbnailUrl\":\"https:\\\/\\\/bladnanews.com\\\/wp-content\\\/uploads\\\/2026\\\/04\\\/GettyImages-2272290513.jpg-scaled.jpg\",\"articleSection\":[\"International\",\"Latest News\"],\"inLanguage\":\"fr-FR\",\"copyrightYear\":\"2026\",\"copyrightHolder\":{\"@id\":\"https:\\\/\\\/bladnanews.com\\\/fr\\\/#organization\"}},{\"@type\":\"WebPage\",\"@id\":\"https:\\\/\\\/bladnanews.com\\\/mbappe-joins-real-madrids-century-club\\\/\",\"url\":\"https:\\\/\\\/bladnanews.com\\\/mbappe-joins-real-madrids-century-club\\\/\",\"name\":\"Mbappe joins Real Madrid's century club - Bladna News\",\"isPartOf\":{\"@id\":\"https:\\\/\\\/mediumseagreen-eel-531711.hostingersite.com\\\/#website\"},\"primaryImageOfPage\":{\"@id\":\"https:\\\/\\\/bladnanews.com\\\/mbappe-joins-real-madrids-century-club\\\/#primaryimage\"},\"image\":{\"@id\":\"https:\\\/\\\/bladnanews.com\\\/mbappe-joins-real-madrids-century-club\\\/#primaryimage\"},\"thumbnailUrl\":\"https:\\\/\\\/bladnanews.com\\\/wp-content\\\/uploads\\\/2026\\\/04\\\/GettyImages-2272290513.jpg-scaled.jpg\",\"datePublished\":\"2026-04-24T19:59:15+00:00\",\"breadcrumb\":{\"@id\":\"https:\\\/\\\/bladnanews.com\\\/mbappe-joins-real-madrids-century-club\\\/#breadcrumb\"},\"inLanguage\":\"fr-FR\",\"potentialAction\":[{\"@type\":\"ReadAction\",\"target\":[\"https:\\\/\\\/bladnanews.com\\\/mbappe-joins-real-madrids-century-club\\\/\"]}]},{\"@type\":\"ImageObject\",\"inLanguage\":\"fr-FR\",\"@id\":\"https:\\\/\\\/bladnanews.com\\\/mbappe-joins-real-madrids-century-club\\\/#primaryimage\",\"url\":\"https:\\\/\\\/bladnanews.com\\\/wp-content\\\/uploads\\\/2026\\\/04\\\/GettyImages-2272290513.jpg-scaled.jpg\",\"contentUrl\":\"https:\\\/\\\/bladnanews.com\\\/wp-content\\\/uploads\\\/2026\\\/04\\\/GettyImages-2272290513.jpg-scaled.jpg\",\"width\":2560,\"height\":1440,\"caption\":\"Cristiano Ronaldo in action during a football match with Real Madrid and green team players.\"},{\"@type\":\"BreadcrumbList\",\"@id\":\"https:\\\/\\\/bladnanews.com\\\/mbappe-joins-real-madrids-century-club\\\/#breadcrumb\",\"itemListElement\":[{\"@type\":\"ListItem\",\"position\":1,\"name\":\"Home\",\"item\":\"https:\\\/\\\/bladnanews.com\\\/\"},{\"@type\":\"ListItem\",\"position\":2,\"name\":\"Mbappe joins Real Madrid&#8217;s century club\"}]},{\"@type\":\"WebSite\",\"@id\":\"https:\\\/\\\/mediumseagreen-eel-531711.hostingersite.com\\\/#website\",\"url\":\"https:\\\/\\\/mediumseagreen-eel-531711.hostingersite.com\\\/\",\"name\":\"Bladna News - Morocco\",\"description\":\"Where Moroccan Football Meets the World\",\"publisher\":{\"@id\":\"https:\\\/\\\/mediumseagreen-eel-531711.hostingersite.com\\\/#organization\"},\"potentialAction\":[{\"@type\":\"SearchAction\",\"target\":{\"@type\":\"EntryPoint\",\"urlTemplate\":\"https:\\\/\\\/mediumseagreen-eel-531711.hostingersite.com\\\/?s={search_term_string}\"},\"query-input\":{\"@type\":\"PropertyValueSpecification\",\"valueRequired\":true,\"valueName\":\"search_term_string\"}}],\"inLanguage\":\"fr-FR\"},{\"@type\":\"Organization\",\"@id\":\"https:\\\/\\\/mediumseagreen-eel-531711.hostingersite.com\\\/#organization\",\"name\":\"Bladna News.com\",\"url\":\"https:\\\/\\\/mediumseagreen-eel-531711.hostingersite.com\\\/\",\"logo\":{\"@type\":\"ImageObject\",\"inLanguage\":\"fr-FR\",\"@id\":\"https:\\\/\\\/mediumseagreen-eel-531711.hostingersite.com\\\/#\\\/schema\\\/logo\\\/image\\\/\",\"url\":\"https:\\\/\\\/bladnanews.com\\\/wp-content\\\/uploads\\\/2025\\\/12\\\/logo-bladnanews-V2-web-black-red.png\",\"contentUrl\":\"https:\\\/\\\/bladnanews.com\\\/wp-content\\\/uploads\\\/2025\\\/12\\\/logo-bladnanews-V2-web-black-red.png\",\"width\":703,\"height\":287,\"caption\":\"Bladna News.com\"},\"image\":{\"@id\":\"https:\\\/\\\/mediumseagreen-eel-531711.hostingersite.com\\\/#\\\/schema\\\/logo\\\/image\\\/\"},\"email\":\"info@bladnanews.com\",\"legalName\":\"Bladna News\"},{\"@type\":\"Person\",\"@id\":\"https:\\\/\\\/mediumseagreen-eel-531711.hostingersite.com\\\/#\\\/schema\\\/person\\\/268e18a453ab080ebf76df6ef7845083\",\"name\":\"Bladna News Staff\",\"url\":\"https:\\\/\\\/bladnanews.com\\\/fr\\\/author\\\/bladna-news-staff\\\/\"}]}<\/script>\n<!-- \/ Yoast SEO Premium plugin. -->","yoast_head_json":{"title":"Mbappe rejoint le club des centenaires du Real Madrid - Bladna News","robots":{"index":"index","follow":"follow","max-snippet":"max-snippet:-1","max-image-preview":"max-image-preview:large","max-video-preview":"max-video-preview:-1"},"canonical":"https:\/\/bladnanews.com\/fr\/mbappe-rejoint-le-club-du-centenaire-du-real-madrid\/","og_locale":"fr_FR","og_type":"article","og_title":"Mbappe joins Real Madrid's century club","og_description":"Kylian Mbappe has officially entered Real Madrid&#8217;s century club, reaching a landmark goal tally that places him among the club&#8217;s [&hellip;]","og_url":"https:\/\/bladnanews.com\/fr\/mbappe-rejoint-le-club-du-centenaire-du-real-madrid\/","og_site_name":"Bladna News","article_published_time":"2026-04-24T19:59:15+00:00","og_image":[{"width":1312,"height":736,"url":"https:\/\/bladnanews.com\/wp-content\/uploads\/2025\/12\/freepik__bladna-newscom-moroccan-soccer-homepage-banner-mor__41838.png","type":"image\/png"}],"author":"Bladna News Staff","twitter_card":"summary_large_image","twitter_misc":{"\u00c9crit par":"Bladna News Staff","Dur\u00e9e de lecture estim\u00e9e":"3 minutes"},"schema":{"@context":"https:\/\/schema.org","@graph":[{"@type":"Article","@id":"https:\/\/bladnanews.com\/mbappe-joins-real-madrids-century-club\/#article","isPartOf":{"@id":"https:\/\/bladnanews.com\/mbappe-joins-real-madrids-century-club\/"},"author":{"name":"Bladna News Staff","@id":"https:\/\/mediumseagreen-eel-531711.hostingersite.com\/#\/schema\/person\/268e18a453ab080ebf76df6ef7845083"},"headline":"Mbappe joins Real Madrid&#8217;s century club","datePublished":"2026-04-24T19:59:15+00:00","mainEntityOfPage":{"@id":"https:\/\/bladnanews.com\/mbappe-joins-real-madrids-century-club\/"},"wordCount":542,"publisher":{"@id":"https:\/\/mediumseagreen-eel-531711.hostingersite.com\/#organization"},"image":{"@id":"https:\/\/bladnanews.com\/mbappe-joins-real-madrids-century-club\/#primaryimage"},"thumbnailUrl":"https:\/\/bladnanews.com\/wp-content\/uploads\/2026\/04\/GettyImages-2272290513.jpg-scaled.jpg","articleSection":["International","Latest News"],"inLanguage":"fr-FR","copyrightYear":"2026","copyrightHolder":{"@id":"https:\/\/bladnanews.com\/fr\/#organization"}},{"@type":"WebPage","@id":"https:\/\/bladnanews.com\/mbappe-joins-real-madrids-century-club\/","url":"https:\/\/bladnanews.com\/mbappe-joins-real-madrids-century-club\/","name":"Mbappe rejoint le club des centenaires du Real Madrid - Bladna News","isPartOf":{"@id":"https:\/\/mediumseagreen-eel-531711.hostingersite.com\/#website"},"primaryImageOfPage":{"@id":"https:\/\/bladnanews.com\/mbappe-joins-real-madrids-century-club\/#primaryimage"},"image":{"@id":"https:\/\/bladnanews.com\/mbappe-joins-real-madrids-century-club\/#primaryimage"},"thumbnailUrl":"https:\/\/bladnanews.com\/wp-content\/uploads\/2026\/04\/GettyImages-2272290513.jpg-scaled.jpg","datePublished":"2026-04-24T19:59:15+00:00","breadcrumb":{"@id":"https:\/\/bladnanews.com\/mbappe-joins-real-madrids-century-club\/#breadcrumb"},"inLanguage":"fr-FR","potentialAction":[{"@type":"ReadAction","target":["https:\/\/bladnanews.com\/mbappe-joins-real-madrids-century-club\/"]}]},{"@type":"ImageObject","inLanguage":"fr-FR","@id":"https:\/\/bladnanews.com\/mbappe-joins-real-madrids-century-club\/#primaryimage","url":"https:\/\/bladnanews.com\/wp-content\/uploads\/2026\/04\/GettyImages-2272290513.jpg-scaled.jpg","contentUrl":"https:\/\/bladnanews.com\/wp-content\/uploads\/2026\/04\/GettyImages-2272290513.jpg-scaled.jpg","width":2560,"height":1440,"caption":"Cristiano Ronaldo in action during a football match with Real Madrid and green team players."},{"@type":"BreadcrumbList","@id":"https:\/\/bladnanews.com\/mbappe-joins-real-madrids-century-club\/#breadcrumb","itemListElement":[{"@type":"ListItem","position":1,"name":"Home","item":"https:\/\/bladnanews.com\/"},{"@type":"ListItem","position":2,"name":"Mbappe joins Real Madrid&#8217;s century club"}]},{"@type":"WebSite","@id":"https:\/\/mediumseagreen-eel-531711.hostingersite.com\/#website","url":"https:\/\/mediumseagreen-eel-531711.hostingersite.com\/","name":"Bladna News - Maroc","description":"Quand le football marocain rencontre le monde","publisher":{"@id":"https:\/\/mediumseagreen-eel-531711.hostingersite.com\/#organization"},"potentialAction":[{"@type":"SearchAction","target":{"@type":"EntryPoint","urlTemplate":"https:\/\/mediumseagreen-eel-531711.hostingersite.com\/?s={search_term_string}"},"query-input":{"@type":"PropertyValueSpecification","valueRequired":true,"valueName":"search_term_string"}}],"inLanguage":"fr-FR"},{"@type":"Organization","@id":"https:\/\/mediumseagreen-eel-531711.hostingersite.com\/#organization","name":"Bladna News.com","url":"https:\/\/mediumseagreen-eel-531711.hostingersite.com\/","logo":{"@type":"ImageObject","inLanguage":"fr-FR","@id":"https:\/\/mediumseagreen-eel-531711.hostingersite.com\/#\/schema\/logo\/image\/","url":"https:\/\/bladnanews.com\/wp-content\/uploads\/2025\/12\/logo-bladnanews-V2-web-black-red.png","contentUrl":"https:\/\/bladnanews.com\/wp-content\/uploads\/2025\/12\/logo-bladnanews-V2-web-black-red.png","width":703,"height":287,"caption":"Bladna News.com"},"image":{"@id":"https:\/\/mediumseagreen-eel-531711.hostingersite.com\/#\/schema\/logo\/image\/"},"email":"info@bladnanews.com","legalName":"Bladna News"},{"@type":"Person","@id":"https:\/\/mediumseagreen-eel-531711.hostingersite.com\/#\/schema\/person\/268e18a453ab080ebf76df6ef7845083","name":"\u00c9quipe r\u00e9dactionnelle de Bladna News","url":"https:\/\/bladnanews.com\/fr\/author\/bladna-news-staff\/"}]}},"_links":{"self":[{"href":"https:\/\/bladnanews.com\/fr\/wp-json\/wp\/v2\/posts\/10894","targetHints":{"allow":["GET"]}}],"collection":[{"href":"https:\/\/bladnanews.com\/fr\/wp-json\/wp\/v2\/posts"}],"about":[{"href":"https:\/\/bladnanews.com\/fr\/wp-json\/wp\/v2\/types\/post"}],"author":[{"embeddable":true,"href":"https:\/\/bladnanews.com\/fr\/wp-json\/wp\/v2\/users\/3"}],"replies":[{"embeddable":true,"href":"https:\/\/bladnanews.com\/fr\/wp-json\/wp\/v2\/comments?post=10894"}],"version-history":[{"count":0,"href":"https:\/\/bladnanews.com\/fr\/wp-json\/wp\/v2\/posts\/10894\/revisions"}],"wp:featuredmedia":[{"embeddable":true,"href":"https:\/\/bladnanews.com\/fr\/wp-json\/wp\/v2\/media\/10893"}],"wp:attachment":[{"href":"https:\/\/bladnanews.com\/fr\/wp-json\/wp\/v2\/media?parent=10894"}],"wp:term":[{"taxonomy":"category","embeddable":true,"href":"https:\/\/bladnanews.com\/fr\/wp-json\/wp\/v2\/categories?post=10894"},{"taxonomy":"post_tag","embeddable":true,"href":"https:\/\/bladnanews.com\/fr\/wp-json\/wp\/v2\/tags?post=10894"}],"curies":[{"name":"wp","href":"https:\/\/api.w.org\/{rel}","templated":true}]}}