{"id":10896,"date":"2026-04-24T19:59:50","date_gmt":"2026-04-24T19:59:50","guid":{"rendered":"https:\/\/bladnanews.com\/ibrahim-diaz-sparks-controversy-with-contentious-betis-play\/"},"modified":"2026-04-24T19:59:50","modified_gmt":"2026-04-24T19:59:50","slug":"ibrahim-diaz-suscite-la-controverse-avec-un-jeu-litigieux-face-au-betis","status":"publish","type":"post","link":"https:\/\/bladnanews.com\/fr\/ibrahim-diaz-suscite-la-controverse-avec-un-jeu-litigieux-face-au-betis\/","title":{"rendered":"Ibrahim Diaz suscite la controverse avec un jeu litigieux contre le Betis"},"content":{"rendered":"<p>Ibrahim Diaz a suscit\u00e9 une vive controverse lors du choc entre le Real Madrid et le Real Betis, un seul moment ayant divis\u00e9 l'opinion dans le football espagnol.<\/p>\n<p>L'incident s'est produit en premi\u00e8re p\u00e9riode au stade Benito Villamar\u00edn. Diaz, pr\u00eat\u00e9 par le Real Madrid au Milan AC la saison derni\u00e8re mais d\u00e9sormais de retour chez les g\u00e9ants espagnols, a fait preuve d'une habilet\u00e9 fulgurante qui a mis les joueurs du Betis en col\u00e8re.<\/p>\n<p>\u00c0 la 34e minute, Diaz a r\u00e9cup\u00e9r\u00e9 le ballon pr\u00e8s de la ligne de touche. Il a ensuite ex\u00e9cut\u00e9 un rapide changement de direction qui a envoy\u00e9 un d\u00e9fenseur du Betis au sol. Le public local a explos\u00e9 de col\u00e8re, r\u00e9clamant une faute. L'arbitre, cependant, a laiss\u00e9 le jeu se poursuivre.<\/p>\n<p>Les ralentis ont montr\u00e9 que Diaz semblait avoir utilis\u00e9 son bras pour repousser le d\u00e9fenseur. Les joueurs du Betis ont entour\u00e9 l'officiel, insistant sur le fait qu'il s'agissait d'une pouss\u00e9e \u00e9vidente. L'arbitre a maintenu sa d\u00e9cision et aucune faute n'a \u00e9t\u00e9 siffl\u00e9e.<\/p>\n<p>\u00c0 partir de ce moment, l'atmosph\u00e8re dans le stade est devenue hostile. Chaque touche de balle de Diaz \u00e9tait accueillie par des sifflets et des hu\u00e9es de la part des supporters du Betis. Le joueur lui-m\u00eame semblait imperturbable, continuant \u00e0 attaquer la d\u00e9fense du Betis.<\/p>\n<p>Quelques minutes plus tard, Diaz a failli ouvrir le score. Il a rentr\u00e9 depuis la droite et a d\u00e9clench\u00e9 un tir tendu qui a oblig\u00e9 le gardien du Betis \u00e0 r\u00e9aliser un arr\u00eat difficile. Cette occasion n'a fait qu'ajouter \u00e0 la tension.<\/p>\n<p>L'entra\u00eeneur du Betis, Manuel Pellegrini, \u00e9tait visiblement frustr\u00e9 sur le bord du terrain. Il a argument\u00e9 avec le quatri\u00e8me arbitre, affirmant que l'incident avait chang\u00e9 le cours du match. \u201c C'\u00e9tait une faute claire \u201d, a-t-on entendu dire. \u201c Cela a donn\u00e9 le ton pour toute la mi-temps. \u201d<\/p>\n<p>Les r\u00e9seaux sociaux ont explos\u00e9 apr\u00e8s le match. Les supporters se sont divis\u00e9s en deux camps : ceux qui y voyaient un jeu intelligent et ceux qui qualifiaient cela de pouss\u00e9e flagrante. Un utilisateur a \u00e9crit : \u201c Diaz est simplement plus fort. C'est le football. \u201d Un autre a r\u00e9pliqu\u00e9 : \u201c Il l'a pouss\u00e9. C'est simple. \u201d<\/p>\n<p>La controverse ne s'est pas arr\u00eat\u00e9e l\u00e0. En seconde p\u00e9riode, Diaz a \u00e9t\u00e9 impliqu\u00e9 dans un autre point chaud. Il est tomb\u00e9 dans la surface apr\u00e8s un duel avec un d\u00e9fenseur central du Betis. L'arbitre a de nouveau ignor\u00e9 les appels, et la VAR n'est pas intervenue.<\/p>\n<p>Le Real Madrid a remport\u00e9 le match 2-1, Diaz d\u00e9livrant la passe d\u00e9cisive pour le but de la victoire. Il a gliss\u00e9 une passe parfaitement dos\u00e9e \u00e0 Vinicius Junior, qui a marqu\u00e9 \u00e0 la 78e minute.<\/p>\n<p>Apr\u00e8s le coup de sifflet final, Diaz s'est bri\u00e8vement adress\u00e9 aux journalistes. \u201c Je joue simplement mon jeu \u201d, a-t-il d\u00e9clar\u00e9. \u201c L'arbitre a pris ses d\u00e9cisions. Je les respecte. L'important est que nous ayons obtenu les trois points. \u201d<\/p>\n<p>Les joueurs du Betis ont \u00e9t\u00e9 moins diplomatiques. Le d\u00e9fenseur Marc Bartra a d\u00e9clar\u00e9 : \u201c Nous nous sentons l\u00e9s\u00e9s. Ce premier moment a tout chang\u00e9. Il leur a donn\u00e9 de l'\u00e9lan. Nous m\u00e9ritions plus de ce match. \u201d<\/p>\n<p>Ce r\u00e9sultat maintient le Real Madrid dans la course au titre, d\u00e9sormais \u00e0 seulement deux points du leader, le FC Barcelone. Pour le Betis, cette d\u00e9faite est d'autant plus am\u00e8re compte tenu de la nature controvers\u00e9e des moments cl\u00e9s.<\/p>\n<p>Diaz, quant \u00e0 lui, continue de diviser l'opinion. Certains voient en lui un talent intr\u00e9pide. D'autres le consid\u00e8rent comme un joueur qui repousse les limites. Quoi qu'il en soit, son nom est d\u00e9sormais au centre d'un autre d\u00e9bat houleux en Liga.<\/p>","protected":false},"excerpt":{"rendered":"<p>Ibrahim Diaz sparked a major controversy during Real Madrid\u2019s clash with Real Betis, with a single moment dividing opinion across [&hellip;]<\/p>\n","protected":false},"author":3,"featured_media":10895,"comment_status":"","ping_status":"open","sticky":false,"template":"","format":"standard","meta":{"googlesitekit_rrm_CAow_uzEDA:productID":"","site-sidebar-layout":"default","site-content-layout":"","ast-site-content-layout":"default","site-content-style":"default","site-sidebar-style":"default","ast-global-header-display":"","ast-banner-title-visibility":"","ast-main-header-display":"","ast-hfb-above-header-display":"","ast-hfb-below-header-display":"","ast-hfb-mobile-header-display":"","site-post-title":"","ast-breadcrumbs-content":"","ast-featured-img":"","footer-sml-layout":"","ast-disable-related-posts":"","theme-transparent-header-meta":"","adv-header-id-meta":"","stick-header-meta":"","header-above-stick-meta":"","header-main-stick-meta":"","header-below-stick-meta":"","astra-migrate-meta-layouts":"default","ast-page-background-enabled":"default","ast-page-background-meta":{"desktop":{"background-color":"var(--ast-global-color-5)","background-image":"","background-repeat":"repeat","background-position":"center center","background-size":"auto","background-attachment":"scroll","background-type":"","background-media":"","overlay-type":"","overlay-color":"","overlay-opacity":"","overlay-gradient":""},"tablet":{"background-color":"","background-image":"","background-repeat":"repeat","background-position":"center center","background-size":"auto","background-attachment":"scroll","background-type":"","background-media":"","overlay-type":"","overlay-color":"","overlay-opacity":"","overlay-gradient":""},"mobile":{"background-color":"","background-image":"","background-repeat":"repeat","background-position":"center center","background-size":"auto","background-attachment":"scroll","background-type":"","background-media":"","overlay-type":"","overlay-color":"","overlay-opacity":"","overlay-gradient":""}},"ast-content-background-meta":{"desktop":{"background-color":"var(--ast-global-color-4)","background-image":"","background-repeat":"repeat","background-position":"center center","background-size":"auto","background-attachment":"scroll","background-type":"","background-media":"","overlay-type":"","overlay-color":"","overlay-opacity":"","overlay-gradient":""},"tablet":{"background-color":"var(--ast-global-color-4)","background-image":"","background-repeat":"repeat","background-position":"center center","background-size":"auto","background-attachment":"scroll","background-type":"","background-media":"","overlay-type":"","overlay-color":"","overlay-opacity":"","overlay-gradient":""},"mobile":{"background-color":"var(--ast-global-color-4)","background-image":"","background-repeat":"repeat","background-position":"center center","background-size":"auto","background-attachment":"scroll","background-type":"","background-media":"","overlay-type":"","overlay-color":"","overlay-opacity":"","overlay-gradient":""}},"footnotes":""},"categories":[20,1],"tags":[],"class_list":["post-10896","post","type-post","status-publish","format-standard","has-post-thumbnail","hentry","category-international","category-football-latest-news"],"yoast_head":"<!-- This site is optimized with the Yoast SEO Premium plugin v26.6 (Yoast SEO v27.4) - https:\/\/yoast.com\/product\/yoast-seo-premium-wordpress\/ -->\n<title>Ibrahim Diaz sparks controversy with contentious Betis play - Bladna News<\/title>\n<meta name=\"robots\" content=\"index, follow, max-snippet:-1, max-image-preview:large, max-video-preview:-1\" \/>\n<link rel=\"canonical\" href=\"https:\/\/bladnanews.com\/fr\/ibrahim-diaz-suscite-la-controverse-avec-un-jeu-litigieux-face-au-betis\/\" \/>\n<meta property=\"og:locale\" content=\"fr_FR\" \/>\n<meta property=\"og:type\" content=\"article\" \/>\n<meta property=\"og:title\" content=\"Ibrahim Diaz sparks controversy with contentious Betis play\" \/>\n<meta property=\"og:description\" content=\"Ibrahim Diaz sparked a major controversy during Real Madrid\u2019s clash with Real Betis, with a single moment dividing opinion across [&hellip;]\" \/>\n<meta property=\"og:url\" content=\"https:\/\/bladnanews.com\/fr\/ibrahim-diaz-suscite-la-controverse-avec-un-jeu-litigieux-face-au-betis\/\" \/>\n<meta property=\"og:site_name\" content=\"Bladna News\" \/>\n<meta property=\"article:published_time\" content=\"2026-04-24T19:59:50+00:00\" \/>\n<meta property=\"og:image\" content=\"https:\/\/bladnanews.com\/wp-content\/uploads\/2025\/12\/freepik__bladna-newscom-moroccan-soccer-homepage-banner-mor__41838.png\" \/>\n\t<meta property=\"og:image:width\" content=\"1312\" \/>\n\t<meta property=\"og:image:height\" content=\"736\" \/>\n\t<meta property=\"og:image:type\" content=\"image\/png\" \/>\n<meta name=\"author\" content=\"Bladna News Staff\" \/>\n<meta name=\"twitter:card\" content=\"summary_large_image\" \/>\n<meta name=\"twitter:label1\" content=\"\u00c9crit par\" \/>\n\t<meta name=\"twitter:data1\" content=\"Bladna News Staff\" \/>\n\t<meta name=\"twitter:label2\" content=\"Dur\u00e9e de lecture estim\u00e9e\" \/>\n\t<meta name=\"twitter:data2\" content=\"3 minutes\" \/>\n<script type=\"application\/ld+json\" class=\"yoast-schema-graph\">{\"@context\":\"https:\\\/\\\/schema.org\",\"@graph\":[{\"@type\":\"Article\",\"@id\":\"https:\\\/\\\/bladnanews.com\\\/ibrahim-diaz-sparks-controversy-with-contentious-betis-play\\\/#article\",\"isPartOf\":{\"@id\":\"https:\\\/\\\/bladnanews.com\\\/ibrahim-diaz-sparks-controversy-with-contentious-betis-play\\\/\"},\"author\":{\"name\":\"Bladna News Staff\",\"@id\":\"https:\\\/\\\/mediumseagreen-eel-531711.hostingersite.com\\\/#\\\/schema\\\/person\\\/268e18a453ab080ebf76df6ef7845083\"},\"headline\":\"Ibrahim Diaz sparks controversy with contentious Betis play\",\"datePublished\":\"2026-04-24T19:59:50+00:00\",\"mainEntityOfPage\":{\"@id\":\"https:\\\/\\\/bladnanews.com\\\/ibrahim-diaz-sparks-controversy-with-contentious-betis-play\\\/\"},\"wordCount\":512,\"publisher\":{\"@id\":\"https:\\\/\\\/mediumseagreen-eel-531711.hostingersite.com\\\/#organization\"},\"image\":{\"@id\":\"https:\\\/\\\/bladnanews.com\\\/ibrahim-diaz-sparks-controversy-with-contentious-betis-play\\\/#primaryimage\"},\"thumbnailUrl\":\"https:\\\/\\\/bladnanews.com\\\/wp-content\\\/uploads\\\/2026\\\/04\\\/GettyImages-2272978475.jpg-scaled.jpg\",\"articleSection\":[\"International\",\"Latest News\"],\"inLanguage\":\"fr-FR\",\"copyrightYear\":\"2026\",\"copyrightHolder\":{\"@id\":\"https:\\\/\\\/bladnanews.com\\\/fr\\\/#organization\"}},{\"@type\":\"WebPage\",\"@id\":\"https:\\\/\\\/bladnanews.com\\\/ibrahim-diaz-sparks-controversy-with-contentious-betis-play\\\/\",\"url\":\"https:\\\/\\\/bladnanews.com\\\/ibrahim-diaz-sparks-controversy-with-contentious-betis-play\\\/\",\"name\":\"Ibrahim Diaz sparks controversy with contentious Betis play - Bladna News\",\"isPartOf\":{\"@id\":\"https:\\\/\\\/mediumseagreen-eel-531711.hostingersite.com\\\/#website\"},\"primaryImageOfPage\":{\"@id\":\"https:\\\/\\\/bladnanews.com\\\/ibrahim-diaz-sparks-controversy-with-contentious-betis-play\\\/#primaryimage\"},\"image\":{\"@id\":\"https:\\\/\\\/bladnanews.com\\\/ibrahim-diaz-sparks-controversy-with-contentious-betis-play\\\/#primaryimage\"},\"thumbnailUrl\":\"https:\\\/\\\/bladnanews.com\\\/wp-content\\\/uploads\\\/2026\\\/04\\\/GettyImages-2272978475.jpg-scaled.jpg\",\"datePublished\":\"2026-04-24T19:59:50+00:00\",\"breadcrumb\":{\"@id\":\"https:\\\/\\\/bladnanews.com\\\/ibrahim-diaz-sparks-controversy-with-contentious-betis-play\\\/#breadcrumb\"},\"inLanguage\":\"fr-FR\",\"potentialAction\":[{\"@type\":\"ReadAction\",\"target\":[\"https:\\\/\\\/bladnanews.com\\\/ibrahim-diaz-sparks-controversy-with-contentious-betis-play\\\/\"]}]},{\"@type\":\"ImageObject\",\"inLanguage\":\"fr-FR\",\"@id\":\"https:\\\/\\\/bladnanews.com\\\/ibrahim-diaz-sparks-controversy-with-contentious-betis-play\\\/#primaryimage\",\"url\":\"https:\\\/\\\/bladnanews.com\\\/wp-content\\\/uploads\\\/2026\\\/04\\\/GettyImages-2272978475.jpg-scaled.jpg\",\"contentUrl\":\"https:\\\/\\\/bladnanews.com\\\/wp-content\\\/uploads\\\/2026\\\/04\\\/GettyImages-2272978475.jpg-scaled.jpg\",\"width\":2560,\"height\":1440,\"caption\":\"An intense moment during a Moroccan football match featuring players in white and green jerseys competing for the ball.\"},{\"@type\":\"BreadcrumbList\",\"@id\":\"https:\\\/\\\/bladnanews.com\\\/ibrahim-diaz-sparks-controversy-with-contentious-betis-play\\\/#breadcrumb\",\"itemListElement\":[{\"@type\":\"ListItem\",\"position\":1,\"name\":\"Home\",\"item\":\"https:\\\/\\\/bladnanews.com\\\/\"},{\"@type\":\"ListItem\",\"position\":2,\"name\":\"Ibrahim Diaz sparks controversy with contentious Betis play\"}]},{\"@type\":\"WebSite\",\"@id\":\"https:\\\/\\\/mediumseagreen-eel-531711.hostingersite.com\\\/#website\",\"url\":\"https:\\\/\\\/mediumseagreen-eel-531711.hostingersite.com\\\/\",\"name\":\"Bladna News - Morocco\",\"description\":\"Where Moroccan Football Meets the World\",\"publisher\":{\"@id\":\"https:\\\/\\\/mediumseagreen-eel-531711.hostingersite.com\\\/#organization\"},\"potentialAction\":[{\"@type\":\"SearchAction\",\"target\":{\"@type\":\"EntryPoint\",\"urlTemplate\":\"https:\\\/\\\/mediumseagreen-eel-531711.hostingersite.com\\\/?s={search_term_string}\"},\"query-input\":{\"@type\":\"PropertyValueSpecification\",\"valueRequired\":true,\"valueName\":\"search_term_string\"}}],\"inLanguage\":\"fr-FR\"},{\"@type\":\"Organization\",\"@id\":\"https:\\\/\\\/mediumseagreen-eel-531711.hostingersite.com\\\/#organization\",\"name\":\"Bladna News.com\",\"url\":\"https:\\\/\\\/mediumseagreen-eel-531711.hostingersite.com\\\/\",\"logo\":{\"@type\":\"ImageObject\",\"inLanguage\":\"fr-FR\",\"@id\":\"https:\\\/\\\/mediumseagreen-eel-531711.hostingersite.com\\\/#\\\/schema\\\/logo\\\/image\\\/\",\"url\":\"https:\\\/\\\/bladnanews.com\\\/wp-content\\\/uploads\\\/2025\\\/12\\\/logo-bladnanews-V2-web-black-red.png\",\"contentUrl\":\"https:\\\/\\\/bladnanews.com\\\/wp-content\\\/uploads\\\/2025\\\/12\\\/logo-bladnanews-V2-web-black-red.png\",\"width\":703,\"height\":287,\"caption\":\"Bladna News.com\"},\"image\":{\"@id\":\"https:\\\/\\\/mediumseagreen-eel-531711.hostingersite.com\\\/#\\\/schema\\\/logo\\\/image\\\/\"},\"email\":\"info@bladnanews.com\",\"legalName\":\"Bladna News\"},{\"@type\":\"Person\",\"@id\":\"https:\\\/\\\/mediumseagreen-eel-531711.hostingersite.com\\\/#\\\/schema\\\/person\\\/268e18a453ab080ebf76df6ef7845083\",\"name\":\"Bladna News Staff\",\"url\":\"https:\\\/\\\/bladnanews.com\\\/fr\\\/author\\\/bladna-news-staff\\\/\"}]}<\/script>\n<!-- \/ Yoast SEO Premium plugin. -->","yoast_head_json":{"title":"Ibrahim Diaz suscite la controverse avec un jeu litigieux au Betis - Bladna News","robots":{"index":"index","follow":"follow","max-snippet":"max-snippet:-1","max-image-preview":"max-image-preview:large","max-video-preview":"max-video-preview:-1"},"canonical":"https:\/\/bladnanews.com\/fr\/ibrahim-diaz-suscite-la-controverse-avec-un-jeu-litigieux-face-au-betis\/","og_locale":"fr_FR","og_type":"article","og_title":"Ibrahim Diaz sparks controversy with contentious Betis play","og_description":"Ibrahim Diaz sparked a major controversy during Real Madrid\u2019s clash with Real Betis, with a single moment dividing opinion across [&hellip;]","og_url":"https:\/\/bladnanews.com\/fr\/ibrahim-diaz-suscite-la-controverse-avec-un-jeu-litigieux-face-au-betis\/","og_site_name":"Bladna News","article_published_time":"2026-04-24T19:59:50+00:00","og_image":[{"width":1312,"height":736,"url":"https:\/\/bladnanews.com\/wp-content\/uploads\/2025\/12\/freepik__bladna-newscom-moroccan-soccer-homepage-banner-mor__41838.png","type":"image\/png"}],"author":"Bladna News Staff","twitter_card":"summary_large_image","twitter_misc":{"\u00c9crit par":"Bladna News Staff","Dur\u00e9e de lecture estim\u00e9e":"3 minutes"},"schema":{"@context":"https:\/\/schema.org","@graph":[{"@type":"Article","@id":"https:\/\/bladnanews.com\/ibrahim-diaz-sparks-controversy-with-contentious-betis-play\/#article","isPartOf":{"@id":"https:\/\/bladnanews.com\/ibrahim-diaz-sparks-controversy-with-contentious-betis-play\/"},"author":{"name":"Bladna News Staff","@id":"https:\/\/mediumseagreen-eel-531711.hostingersite.com\/#\/schema\/person\/268e18a453ab080ebf76df6ef7845083"},"headline":"Ibrahim Diaz sparks controversy with contentious Betis play","datePublished":"2026-04-24T19:59:50+00:00","mainEntityOfPage":{"@id":"https:\/\/bladnanews.com\/ibrahim-diaz-sparks-controversy-with-contentious-betis-play\/"},"wordCount":512,"publisher":{"@id":"https:\/\/mediumseagreen-eel-531711.hostingersite.com\/#organization"},"image":{"@id":"https:\/\/bladnanews.com\/ibrahim-diaz-sparks-controversy-with-contentious-betis-play\/#primaryimage"},"thumbnailUrl":"https:\/\/bladnanews.com\/wp-content\/uploads\/2026\/04\/GettyImages-2272978475.jpg-scaled.jpg","articleSection":["International","Latest News"],"inLanguage":"fr-FR","copyrightYear":"2026","copyrightHolder":{"@id":"https:\/\/bladnanews.com\/fr\/#organization"}},{"@type":"WebPage","@id":"https:\/\/bladnanews.com\/ibrahim-diaz-sparks-controversy-with-contentious-betis-play\/","url":"https:\/\/bladnanews.com\/ibrahim-diaz-sparks-controversy-with-contentious-betis-play\/","name":"Ibrahim Diaz suscite la controverse avec un jeu litigieux au Betis - Bladna News","isPartOf":{"@id":"https:\/\/mediumseagreen-eel-531711.hostingersite.com\/#website"},"primaryImageOfPage":{"@id":"https:\/\/bladnanews.com\/ibrahim-diaz-sparks-controversy-with-contentious-betis-play\/#primaryimage"},"image":{"@id":"https:\/\/bladnanews.com\/ibrahim-diaz-sparks-controversy-with-contentious-betis-play\/#primaryimage"},"thumbnailUrl":"https:\/\/bladnanews.com\/wp-content\/uploads\/2026\/04\/GettyImages-2272978475.jpg-scaled.jpg","datePublished":"2026-04-24T19:59:50+00:00","breadcrumb":{"@id":"https:\/\/bladnanews.com\/ibrahim-diaz-sparks-controversy-with-contentious-betis-play\/#breadcrumb"},"inLanguage":"fr-FR","potentialAction":[{"@type":"ReadAction","target":["https:\/\/bladnanews.com\/ibrahim-diaz-sparks-controversy-with-contentious-betis-play\/"]}]},{"@type":"ImageObject","inLanguage":"fr-FR","@id":"https:\/\/bladnanews.com\/ibrahim-diaz-sparks-controversy-with-contentious-betis-play\/#primaryimage","url":"https:\/\/bladnanews.com\/wp-content\/uploads\/2026\/04\/GettyImages-2272978475.jpg-scaled.jpg","contentUrl":"https:\/\/bladnanews.com\/wp-content\/uploads\/2026\/04\/GettyImages-2272978475.jpg-scaled.jpg","width":2560,"height":1440,"caption":"An intense moment during a Moroccan football match featuring players in white and green jerseys competing for the ball."},{"@type":"BreadcrumbList","@id":"https:\/\/bladnanews.com\/ibrahim-diaz-sparks-controversy-with-contentious-betis-play\/#breadcrumb","itemListElement":[{"@type":"ListItem","position":1,"name":"Home","item":"https:\/\/bladnanews.com\/"},{"@type":"ListItem","position":2,"name":"Ibrahim Diaz sparks controversy with contentious Betis play"}]},{"@type":"WebSite","@id":"https:\/\/mediumseagreen-eel-531711.hostingersite.com\/#website","url":"https:\/\/mediumseagreen-eel-531711.hostingersite.com\/","name":"Bladna News - Maroc","description":"Quand le football marocain rencontre le monde","publisher":{"@id":"https:\/\/mediumseagreen-eel-531711.hostingersite.com\/#organization"},"potentialAction":[{"@type":"SearchAction","target":{"@type":"EntryPoint","urlTemplate":"https:\/\/mediumseagreen-eel-531711.hostingersite.com\/?s={search_term_string}"},"query-input":{"@type":"PropertyValueSpecification","valueRequired":true,"valueName":"search_term_string"}}],"inLanguage":"fr-FR"},{"@type":"Organization","@id":"https:\/\/mediumseagreen-eel-531711.hostingersite.com\/#organization","name":"Bladna News.com","url":"https:\/\/mediumseagreen-eel-531711.hostingersite.com\/","logo":{"@type":"ImageObject","inLanguage":"fr-FR","@id":"https:\/\/mediumseagreen-eel-531711.hostingersite.com\/#\/schema\/logo\/image\/","url":"https:\/\/bladnanews.com\/wp-content\/uploads\/2025\/12\/logo-bladnanews-V2-web-black-red.png","contentUrl":"https:\/\/bladnanews.com\/wp-content\/uploads\/2025\/12\/logo-bladnanews-V2-web-black-red.png","width":703,"height":287,"caption":"Bladna News.com"},"image":{"@id":"https:\/\/mediumseagreen-eel-531711.hostingersite.com\/#\/schema\/logo\/image\/"},"email":"info@bladnanews.com","legalName":"Bladna News"},{"@type":"Person","@id":"https:\/\/mediumseagreen-eel-531711.hostingersite.com\/#\/schema\/person\/268e18a453ab080ebf76df6ef7845083","name":"\u00c9quipe r\u00e9dactionnelle de Bladna News","url":"https:\/\/bladnanews.com\/fr\/author\/bladna-news-staff\/"}]}},"_links":{"self":[{"href":"https:\/\/bladnanews.com\/fr\/wp-json\/wp\/v2\/posts\/10896","targetHints":{"allow":["GET"]}}],"collection":[{"href":"https:\/\/bladnanews.com\/fr\/wp-json\/wp\/v2\/posts"}],"about":[{"href":"https:\/\/bladnanews.com\/fr\/wp-json\/wp\/v2\/types\/post"}],"author":[{"embeddable":true,"href":"https:\/\/bladnanews.com\/fr\/wp-json\/wp\/v2\/users\/3"}],"replies":[{"embeddable":true,"href":"https:\/\/bladnanews.com\/fr\/wp-json\/wp\/v2\/comments?post=10896"}],"version-history":[{"count":0,"href":"https:\/\/bladnanews.com\/fr\/wp-json\/wp\/v2\/posts\/10896\/revisions"}],"wp:featuredmedia":[{"embeddable":true,"href":"https:\/\/bladnanews.com\/fr\/wp-json\/wp\/v2\/media\/10895"}],"wp:attachment":[{"href":"https:\/\/bladnanews.com\/fr\/wp-json\/wp\/v2\/media?parent=10896"}],"wp:term":[{"taxonomy":"category","embeddable":true,"href":"https:\/\/bladnanews.com\/fr\/wp-json\/wp\/v2\/categories?post=10896"},{"taxonomy":"post_tag","embeddable":true,"href":"https:\/\/bladnanews.com\/fr\/wp-json\/wp\/v2\/tags?post=10896"}],"curies":[{"name":"wp","href":"https:\/\/api.w.org\/{rel}","templated":true}]}}