{"id":10902,"date":"2026-04-24T20:19:36","date_gmt":"2026-04-24T20:19:36","guid":{"rendered":"https:\/\/bladnanews.com\/real-madrid-player-deserved-red-card-vs-betis-says-referee-expert\/"},"modified":"2026-04-24T20:19:36","modified_gmt":"2026-04-24T20:19:36","slug":"le-joueur-du-real-madrid-meritait-un-carton-rouge-contre-le-betis-selon-un-expert-en-arbitrage","status":"publish","type":"post","link":"https:\/\/bladnanews.com\/fr\/le-joueur-du-real-madrid-meritait-un-carton-rouge-contre-le-betis-selon-un-expert-en-arbitrage\/","title":{"rendered":"Le joueur du Real Madrid m\u00e9ritait un carton rouge contre le Betis, selon un expert en arbitrage"},"content":{"rendered":"<p>Un expert arbitre a confirm\u00e9 qu\u2019un joueur du Real Madrid a \u00e9t\u00e9 expuls\u00e9 \u00e0 juste titre lors du match contre le Real Betis, mettant ainsi fin au d\u00e9bat autour de cette d\u00e9cision controvers\u00e9e.<\/p>\n<p>L\u2019incident s\u2019est produit en seconde p\u00e9riode du choc de La Liga au stade Benito Villamar\u00edn. Le joueur du Real Madrid a re\u00e7u un carton rouge direct \u00e0 la suite d\u2019un tacle qui a imm\u00e9diatement suscit\u00e9 des d\u00e9bats parmi les supporters et les analystes.<\/p>\n<p>L\u2019expert arbitre, s\u2019exprimant apr\u00e8s le match, a analys\u00e9 les images et d\u00e9clar\u00e9 que la d\u00e9cision \u00e9tait correcte. Selon lui, le tacle r\u00e9unissait tous les crit\u00e8res d\u2019une expulsion pour jeu dangereux, le joueur \u00e9tant intervenu avec une force excessive et ayant mis en danger l\u2019int\u00e9grit\u00e9 physique de l\u2019adversaire.<\/p>\n<p>\u201c Le carton rouge \u00e9tait pleinement m\u00e9rit\u00e9 \u201d, a d\u00e9clar\u00e9 l\u2019expert. \u201c Le joueur a engag\u00e9 son tacle en montrant ses crampons et a touch\u00e9 au-dessus de la cheville. Dans le football moderne, c\u2019est une faute claire passible d\u2019expulsion, et l\u2019arbitre a correctement appliqu\u00e9 la loi. \u201d<\/p>\n<p>L\u2019expulsion a laiss\u00e9 le Real Madrid \u00e0 dix hommes pour les trente derni\u00e8res minutes du match. Malgr\u00e9 cette inf\u00e9riorit\u00e9 num\u00e9rique, l\u2019\u00e9quipe a r\u00e9ussi \u00e0 obtenir un match nul, mais ce r\u00e9sultat a port\u00e9 un coup \u00e0 leurs espoirs de titre pour la saison 2026.<\/p>\n<p>Les joueurs du Betis ont imm\u00e9diatement entour\u00e9 l\u2019arbitre apr\u00e8s le tacle, r\u00e9clamant une sanction s\u00e9v\u00e8re. Les ralentis ont montr\u00e9 que le joueur du Real Madrid avait touch\u00e9 son adversaire au tibia, laissant une marque visible.<\/p>\n<p>L\u2019expert a ajout\u00e9 qu\u2019il n\u2019y avait aucune place pour la contestation. \u201c Certains diront peut-\u00eatre que c\u2019\u00e9tait s\u00e9v\u00e8re parce que le joueur n\u2019avait pas l\u2019intention de blesser, mais l\u2019intention n\u2019est pas un facteur ici. L\u2019action elle-m\u00eame \u00e9tait imprudente et dangereuse. L\u2019arbitre n\u2019avait d\u2019autre choix que de montrer le carton rouge. \u201d<\/p>\n<p>Le Real Madrid devrait examiner l\u2019incident en interne, mais le club n\u2019a pas encore publi\u00e9 de d\u00e9claration officielle concernant un \u00e9ventuel appel. Le joueur risque d\u00e9sormais une suspension qui pourrait l\u2019\u00e9carter de rencontres cl\u00e9s dans les semaines \u00e0 venir.<\/p>","protected":false},"excerpt":{"rendered":"<p>A referee expert has confirmed that a Real Madrid player was rightfully sent off during the match against Real Betis, [&hellip;]<\/p>\n","protected":false},"author":3,"featured_media":10901,"comment_status":"","ping_status":"open","sticky":false,"template":"","format":"standard","meta":{"googlesitekit_rrm_CAow_uzEDA:productID":"","site-sidebar-layout":"default","site-content-layout":"","ast-site-content-layout":"default","site-content-style":"default","site-sidebar-style":"default","ast-global-header-display":"","ast-banner-title-visibility":"","ast-main-header-display":"","ast-hfb-above-header-display":"","ast-hfb-below-header-display":"","ast-hfb-mobile-header-display":"","site-post-title":"","ast-breadcrumbs-content":"","ast-featured-img":"","footer-sml-layout":"","ast-disable-related-posts":"","theme-transparent-header-meta":"","adv-header-id-meta":"","stick-header-meta":"","header-above-stick-meta":"","header-main-stick-meta":"","header-below-stick-meta":"","astra-migrate-meta-layouts":"default","ast-page-background-enabled":"default","ast-page-background-meta":{"desktop":{"background-color":"var(--ast-global-color-5)","background-image":"","background-repeat":"repeat","background-position":"center center","background-size":"auto","background-attachment":"scroll","background-type":"","background-media":"","overlay-type":"","overlay-color":"","overlay-opacity":"","overlay-gradient":""},"tablet":{"background-color":"","background-image":"","background-repeat":"repeat","background-position":"center center","background-size":"auto","background-attachment":"scroll","background-type":"","background-media":"","overlay-type":"","overlay-color":"","overlay-opacity":"","overlay-gradient":""},"mobile":{"background-color":"","background-image":"","background-repeat":"repeat","background-position":"center center","background-size":"auto","background-attachment":"scroll","background-type":"","background-media":"","overlay-type":"","overlay-color":"","overlay-opacity":"","overlay-gradient":""}},"ast-content-background-meta":{"desktop":{"background-color":"var(--ast-global-color-4)","background-image":"","background-repeat":"repeat","background-position":"center center","background-size":"auto","background-attachment":"scroll","background-type":"","background-media":"","overlay-type":"","overlay-color":"","overlay-opacity":"","overlay-gradient":""},"tablet":{"background-color":"var(--ast-global-color-4)","background-image":"","background-repeat":"repeat","background-position":"center center","background-size":"auto","background-attachment":"scroll","background-type":"","background-media":"","overlay-type":"","overlay-color":"","overlay-opacity":"","overlay-gradient":""},"mobile":{"background-color":"var(--ast-global-color-4)","background-image":"","background-repeat":"repeat","background-position":"center center","background-size":"auto","background-attachment":"scroll","background-type":"","background-media":"","overlay-type":"","overlay-color":"","overlay-opacity":"","overlay-gradient":""}},"footnotes":""},"categories":[20,1],"tags":[],"class_list":["post-10902","post","type-post","status-publish","format-standard","has-post-thumbnail","hentry","category-international","category-football-latest-news"],"yoast_head":"<!-- This site is optimized with the Yoast SEO Premium plugin v26.6 (Yoast SEO v27.4) - https:\/\/yoast.com\/product\/yoast-seo-premium-wordpress\/ -->\n<title>Real Madrid player deserved red card vs Betis, says referee expert - Bladna News<\/title>\n<meta name=\"robots\" content=\"index, follow, max-snippet:-1, max-image-preview:large, max-video-preview:-1\" \/>\n<link rel=\"canonical\" href=\"https:\/\/bladnanews.com\/fr\/le-joueur-du-real-madrid-meritait-un-carton-rouge-contre-le-betis-selon-un-expert-en-arbitrage\/\" \/>\n<meta property=\"og:locale\" content=\"fr_FR\" \/>\n<meta property=\"og:type\" content=\"article\" \/>\n<meta property=\"og:title\" content=\"Real Madrid player deserved red card vs Betis, says referee expert\" \/>\n<meta property=\"og:description\" content=\"A referee expert has confirmed that a Real Madrid player was rightfully sent off during the match against Real Betis, [&hellip;]\" \/>\n<meta property=\"og:url\" content=\"https:\/\/bladnanews.com\/fr\/le-joueur-du-real-madrid-meritait-un-carton-rouge-contre-le-betis-selon-un-expert-en-arbitrage\/\" \/>\n<meta property=\"og:site_name\" content=\"Bladna News\" \/>\n<meta property=\"article:published_time\" content=\"2026-04-24T20:19:36+00:00\" \/>\n<meta property=\"og:image\" content=\"https:\/\/bladnanews.com\/wp-content\/uploads\/2025\/12\/freepik__bladna-newscom-moroccan-soccer-homepage-banner-mor__41838.png\" \/>\n\t<meta property=\"og:image:width\" content=\"1312\" \/>\n\t<meta property=\"og:image:height\" content=\"736\" \/>\n\t<meta property=\"og:image:type\" content=\"image\/png\" \/>\n<meta name=\"author\" content=\"Bladna News Staff\" \/>\n<meta name=\"twitter:card\" content=\"summary_large_image\" \/>\n<meta name=\"twitter:label1\" content=\"\u00c9crit par\" \/>\n\t<meta name=\"twitter:data1\" content=\"Bladna News Staff\" \/>\n\t<meta name=\"twitter:label2\" content=\"Dur\u00e9e de lecture estim\u00e9e\" \/>\n\t<meta name=\"twitter:data2\" content=\"2 minutes\" \/>\n<script type=\"application\/ld+json\" class=\"yoast-schema-graph\">{\"@context\":\"https:\\\/\\\/schema.org\",\"@graph\":[{\"@type\":\"Article\",\"@id\":\"https:\\\/\\\/bladnanews.com\\\/real-madrid-player-deserved-red-card-vs-betis-says-referee-expert\\\/#article\",\"isPartOf\":{\"@id\":\"https:\\\/\\\/bladnanews.com\\\/real-madrid-player-deserved-red-card-vs-betis-says-referee-expert\\\/\"},\"author\":{\"name\":\"Bladna News Staff\",\"@id\":\"https:\\\/\\\/mediumseagreen-eel-531711.hostingersite.com\\\/#\\\/schema\\\/person\\\/268e18a453ab080ebf76df6ef7845083\"},\"headline\":\"Real Madrid player deserved red card vs Betis, says referee expert\",\"datePublished\":\"2026-04-24T20:19:36+00:00\",\"mainEntityOfPage\":{\"@id\":\"https:\\\/\\\/bladnanews.com\\\/real-madrid-player-deserved-red-card-vs-betis-says-referee-expert\\\/\"},\"wordCount\":323,\"publisher\":{\"@id\":\"https:\\\/\\\/mediumseagreen-eel-531711.hostingersite.com\\\/#organization\"},\"image\":{\"@id\":\"https:\\\/\\\/bladnanews.com\\\/real-madrid-player-deserved-red-card-vs-betis-says-referee-expert\\\/#primaryimage\"},\"thumbnailUrl\":\"https:\\\/\\\/bladnanews.com\\\/wp-content\\\/uploads\\\/2026\\\/04\\\/GettyImages-2272284599.jpg-scaled.jpg\",\"articleSection\":[\"International\",\"Latest News\"],\"inLanguage\":\"fr-FR\",\"copyrightYear\":\"2026\",\"copyrightHolder\":{\"@id\":\"https:\\\/\\\/bladnanews.com\\\/fr\\\/#organization\"}},{\"@type\":\"WebPage\",\"@id\":\"https:\\\/\\\/bladnanews.com\\\/real-madrid-player-deserved-red-card-vs-betis-says-referee-expert\\\/\",\"url\":\"https:\\\/\\\/bladnanews.com\\\/real-madrid-player-deserved-red-card-vs-betis-says-referee-expert\\\/\",\"name\":\"Real Madrid player deserved red card vs Betis, says referee expert - Bladna News\",\"isPartOf\":{\"@id\":\"https:\\\/\\\/mediumseagreen-eel-531711.hostingersite.com\\\/#website\"},\"primaryImageOfPage\":{\"@id\":\"https:\\\/\\\/bladnanews.com\\\/real-madrid-player-deserved-red-card-vs-betis-says-referee-expert\\\/#primaryimage\"},\"image\":{\"@id\":\"https:\\\/\\\/bladnanews.com\\\/real-madrid-player-deserved-red-card-vs-betis-says-referee-expert\\\/#primaryimage\"},\"thumbnailUrl\":\"https:\\\/\\\/bladnanews.com\\\/wp-content\\\/uploads\\\/2026\\\/04\\\/GettyImages-2272284599.jpg-scaled.jpg\",\"datePublished\":\"2026-04-24T20:19:36+00:00\",\"breadcrumb\":{\"@id\":\"https:\\\/\\\/bladnanews.com\\\/real-madrid-player-deserved-red-card-vs-betis-says-referee-expert\\\/#breadcrumb\"},\"inLanguage\":\"fr-FR\",\"potentialAction\":[{\"@type\":\"ReadAction\",\"target\":[\"https:\\\/\\\/bladnanews.com\\\/real-madrid-player-deserved-red-card-vs-betis-says-referee-expert\\\/\"]}]},{\"@type\":\"ImageObject\",\"inLanguage\":\"fr-FR\",\"@id\":\"https:\\\/\\\/bladnanews.com\\\/real-madrid-player-deserved-red-card-vs-betis-says-referee-expert\\\/#primaryimage\",\"url\":\"https:\\\/\\\/bladnanews.com\\\/wp-content\\\/uploads\\\/2026\\\/04\\\/GettyImages-2272284599.jpg-scaled.jpg\",\"contentUrl\":\"https:\\\/\\\/bladnanews.com\\\/wp-content\\\/uploads\\\/2026\\\/04\\\/GettyImages-2272284599.jpg-scaled.jpg\",\"width\":2560,\"height\":1440,\"caption\":\"Morocco soccer players in action during a competitive match, showcasing national team pride and athletic skill.\"},{\"@type\":\"BreadcrumbList\",\"@id\":\"https:\\\/\\\/bladnanews.com\\\/real-madrid-player-deserved-red-card-vs-betis-says-referee-expert\\\/#breadcrumb\",\"itemListElement\":[{\"@type\":\"ListItem\",\"position\":1,\"name\":\"Home\",\"item\":\"https:\\\/\\\/bladnanews.com\\\/\"},{\"@type\":\"ListItem\",\"position\":2,\"name\":\"Real Madrid player deserved red card vs Betis, says referee expert\"}]},{\"@type\":\"WebSite\",\"@id\":\"https:\\\/\\\/mediumseagreen-eel-531711.hostingersite.com\\\/#website\",\"url\":\"https:\\\/\\\/mediumseagreen-eel-531711.hostingersite.com\\\/\",\"name\":\"Bladna News - Morocco\",\"description\":\"Where Moroccan Football Meets the World\",\"publisher\":{\"@id\":\"https:\\\/\\\/mediumseagreen-eel-531711.hostingersite.com\\\/#organization\"},\"potentialAction\":[{\"@type\":\"SearchAction\",\"target\":{\"@type\":\"EntryPoint\",\"urlTemplate\":\"https:\\\/\\\/mediumseagreen-eel-531711.hostingersite.com\\\/?s={search_term_string}\"},\"query-input\":{\"@type\":\"PropertyValueSpecification\",\"valueRequired\":true,\"valueName\":\"search_term_string\"}}],\"inLanguage\":\"fr-FR\"},{\"@type\":\"Organization\",\"@id\":\"https:\\\/\\\/mediumseagreen-eel-531711.hostingersite.com\\\/#organization\",\"name\":\"Bladna News.com\",\"url\":\"https:\\\/\\\/mediumseagreen-eel-531711.hostingersite.com\\\/\",\"logo\":{\"@type\":\"ImageObject\",\"inLanguage\":\"fr-FR\",\"@id\":\"https:\\\/\\\/mediumseagreen-eel-531711.hostingersite.com\\\/#\\\/schema\\\/logo\\\/image\\\/\",\"url\":\"https:\\\/\\\/bladnanews.com\\\/wp-content\\\/uploads\\\/2025\\\/12\\\/logo-bladnanews-V2-web-black-red.png\",\"contentUrl\":\"https:\\\/\\\/bladnanews.com\\\/wp-content\\\/uploads\\\/2025\\\/12\\\/logo-bladnanews-V2-web-black-red.png\",\"width\":703,\"height\":287,\"caption\":\"Bladna News.com\"},\"image\":{\"@id\":\"https:\\\/\\\/mediumseagreen-eel-531711.hostingersite.com\\\/#\\\/schema\\\/logo\\\/image\\\/\"},\"email\":\"info@bladnanews.com\",\"legalName\":\"Bladna News\"},{\"@type\":\"Person\",\"@id\":\"https:\\\/\\\/mediumseagreen-eel-531711.hostingersite.com\\\/#\\\/schema\\\/person\\\/268e18a453ab080ebf76df6ef7845083\",\"name\":\"Bladna News Staff\",\"url\":\"https:\\\/\\\/bladnanews.com\\\/fr\\\/author\\\/bladna-news-staff\\\/\"}]}<\/script>\n<!-- \/ Yoast SEO Premium plugin. -->","yoast_head_json":{"title":"Le joueur du Real Madrid m\u00e9ritait un carton rouge contre le Betis, selon un expert en arbitrage - Bladna News","robots":{"index":"index","follow":"follow","max-snippet":"max-snippet:-1","max-image-preview":"max-image-preview:large","max-video-preview":"max-video-preview:-1"},"canonical":"https:\/\/bladnanews.com\/fr\/le-joueur-du-real-madrid-meritait-un-carton-rouge-contre-le-betis-selon-un-expert-en-arbitrage\/","og_locale":"fr_FR","og_type":"article","og_title":"Real Madrid player deserved red card vs Betis, says referee expert","og_description":"A referee expert has confirmed that a Real Madrid player was rightfully sent off during the match against Real Betis, [&hellip;]","og_url":"https:\/\/bladnanews.com\/fr\/le-joueur-du-real-madrid-meritait-un-carton-rouge-contre-le-betis-selon-un-expert-en-arbitrage\/","og_site_name":"Bladna News","article_published_time":"2026-04-24T20:19:36+00:00","og_image":[{"width":1312,"height":736,"url":"https:\/\/bladnanews.com\/wp-content\/uploads\/2025\/12\/freepik__bladna-newscom-moroccan-soccer-homepage-banner-mor__41838.png","type":"image\/png"}],"author":"Bladna News Staff","twitter_card":"summary_large_image","twitter_misc":{"\u00c9crit par":"Bladna News Staff","Dur\u00e9e de lecture estim\u00e9e":"2 minutes"},"schema":{"@context":"https:\/\/schema.org","@graph":[{"@type":"Article","@id":"https:\/\/bladnanews.com\/real-madrid-player-deserved-red-card-vs-betis-says-referee-expert\/#article","isPartOf":{"@id":"https:\/\/bladnanews.com\/real-madrid-player-deserved-red-card-vs-betis-says-referee-expert\/"},"author":{"name":"Bladna News Staff","@id":"https:\/\/mediumseagreen-eel-531711.hostingersite.com\/#\/schema\/person\/268e18a453ab080ebf76df6ef7845083"},"headline":"Real Madrid player deserved red card vs Betis, says referee expert","datePublished":"2026-04-24T20:19:36+00:00","mainEntityOfPage":{"@id":"https:\/\/bladnanews.com\/real-madrid-player-deserved-red-card-vs-betis-says-referee-expert\/"},"wordCount":323,"publisher":{"@id":"https:\/\/mediumseagreen-eel-531711.hostingersite.com\/#organization"},"image":{"@id":"https:\/\/bladnanews.com\/real-madrid-player-deserved-red-card-vs-betis-says-referee-expert\/#primaryimage"},"thumbnailUrl":"https:\/\/bladnanews.com\/wp-content\/uploads\/2026\/04\/GettyImages-2272284599.jpg-scaled.jpg","articleSection":["International","Latest News"],"inLanguage":"fr-FR","copyrightYear":"2026","copyrightHolder":{"@id":"https:\/\/bladnanews.com\/fr\/#organization"}},{"@type":"WebPage","@id":"https:\/\/bladnanews.com\/real-madrid-player-deserved-red-card-vs-betis-says-referee-expert\/","url":"https:\/\/bladnanews.com\/real-madrid-player-deserved-red-card-vs-betis-says-referee-expert\/","name":"Le joueur du Real Madrid m\u00e9ritait un carton rouge contre le Betis, selon un expert en arbitrage - Bladna News","isPartOf":{"@id":"https:\/\/mediumseagreen-eel-531711.hostingersite.com\/#website"},"primaryImageOfPage":{"@id":"https:\/\/bladnanews.com\/real-madrid-player-deserved-red-card-vs-betis-says-referee-expert\/#primaryimage"},"image":{"@id":"https:\/\/bladnanews.com\/real-madrid-player-deserved-red-card-vs-betis-says-referee-expert\/#primaryimage"},"thumbnailUrl":"https:\/\/bladnanews.com\/wp-content\/uploads\/2026\/04\/GettyImages-2272284599.jpg-scaled.jpg","datePublished":"2026-04-24T20:19:36+00:00","breadcrumb":{"@id":"https:\/\/bladnanews.com\/real-madrid-player-deserved-red-card-vs-betis-says-referee-expert\/#breadcrumb"},"inLanguage":"fr-FR","potentialAction":[{"@type":"ReadAction","target":["https:\/\/bladnanews.com\/real-madrid-player-deserved-red-card-vs-betis-says-referee-expert\/"]}]},{"@type":"ImageObject","inLanguage":"fr-FR","@id":"https:\/\/bladnanews.com\/real-madrid-player-deserved-red-card-vs-betis-says-referee-expert\/#primaryimage","url":"https:\/\/bladnanews.com\/wp-content\/uploads\/2026\/04\/GettyImages-2272284599.jpg-scaled.jpg","contentUrl":"https:\/\/bladnanews.com\/wp-content\/uploads\/2026\/04\/GettyImages-2272284599.jpg-scaled.jpg","width":2560,"height":1440,"caption":"Morocco soccer players in action during a competitive match, showcasing national team pride and athletic skill."},{"@type":"BreadcrumbList","@id":"https:\/\/bladnanews.com\/real-madrid-player-deserved-red-card-vs-betis-says-referee-expert\/#breadcrumb","itemListElement":[{"@type":"ListItem","position":1,"name":"Home","item":"https:\/\/bladnanews.com\/"},{"@type":"ListItem","position":2,"name":"Real Madrid player deserved red card vs Betis, says referee expert"}]},{"@type":"WebSite","@id":"https:\/\/mediumseagreen-eel-531711.hostingersite.com\/#website","url":"https:\/\/mediumseagreen-eel-531711.hostingersite.com\/","name":"Bladna News - Maroc","description":"Quand le football marocain rencontre le monde","publisher":{"@id":"https:\/\/mediumseagreen-eel-531711.hostingersite.com\/#organization"},"potentialAction":[{"@type":"SearchAction","target":{"@type":"EntryPoint","urlTemplate":"https:\/\/mediumseagreen-eel-531711.hostingersite.com\/?s={search_term_string}"},"query-input":{"@type":"PropertyValueSpecification","valueRequired":true,"valueName":"search_term_string"}}],"inLanguage":"fr-FR"},{"@type":"Organization","@id":"https:\/\/mediumseagreen-eel-531711.hostingersite.com\/#organization","name":"Bladna News.com","url":"https:\/\/mediumseagreen-eel-531711.hostingersite.com\/","logo":{"@type":"ImageObject","inLanguage":"fr-FR","@id":"https:\/\/mediumseagreen-eel-531711.hostingersite.com\/#\/schema\/logo\/image\/","url":"https:\/\/bladnanews.com\/wp-content\/uploads\/2025\/12\/logo-bladnanews-V2-web-black-red.png","contentUrl":"https:\/\/bladnanews.com\/wp-content\/uploads\/2025\/12\/logo-bladnanews-V2-web-black-red.png","width":703,"height":287,"caption":"Bladna News.com"},"image":{"@id":"https:\/\/mediumseagreen-eel-531711.hostingersite.com\/#\/schema\/logo\/image\/"},"email":"info@bladnanews.com","legalName":"Bladna News"},{"@type":"Person","@id":"https:\/\/mediumseagreen-eel-531711.hostingersite.com\/#\/schema\/person\/268e18a453ab080ebf76df6ef7845083","name":"\u00c9quipe r\u00e9dactionnelle de Bladna News","url":"https:\/\/bladnanews.com\/fr\/author\/bladna-news-staff\/"}]}},"_links":{"self":[{"href":"https:\/\/bladnanews.com\/fr\/wp-json\/wp\/v2\/posts\/10902","targetHints":{"allow":["GET"]}}],"collection":[{"href":"https:\/\/bladnanews.com\/fr\/wp-json\/wp\/v2\/posts"}],"about":[{"href":"https:\/\/bladnanews.com\/fr\/wp-json\/wp\/v2\/types\/post"}],"author":[{"embeddable":true,"href":"https:\/\/bladnanews.com\/fr\/wp-json\/wp\/v2\/users\/3"}],"replies":[{"embeddable":true,"href":"https:\/\/bladnanews.com\/fr\/wp-json\/wp\/v2\/comments?post=10902"}],"version-history":[{"count":0,"href":"https:\/\/bladnanews.com\/fr\/wp-json\/wp\/v2\/posts\/10902\/revisions"}],"wp:featuredmedia":[{"embeddable":true,"href":"https:\/\/bladnanews.com\/fr\/wp-json\/wp\/v2\/media\/10901"}],"wp:attachment":[{"href":"https:\/\/bladnanews.com\/fr\/wp-json\/wp\/v2\/media?parent=10902"}],"wp:term":[{"taxonomy":"category","embeddable":true,"href":"https:\/\/bladnanews.com\/fr\/wp-json\/wp\/v2\/categories?post=10902"},{"taxonomy":"post_tag","embeddable":true,"href":"https:\/\/bladnanews.com\/fr\/wp-json\/wp\/v2\/tags?post=10902"}],"curies":[{"name":"wp","href":"https:\/\/api.w.org\/{rel}","templated":true}]}}