{"id":10933,"date":"2026-04-25T20:00:42","date_gmt":"2026-04-25T20:00:42","guid":{"rendered":"https:\/\/bladnanews.com\/algerian-federation-settles-mahrez-armband-debate-after-asia-cup\/"},"modified":"2026-04-25T20:00:42","modified_gmt":"2026-04-25T20:00:42","slug":"la-federation-algerienne-tranche-le-debat-sur-le-brassard-de-mahrez-apres-la-coupe-dasie","status":"publish","type":"post","link":"https:\/\/bladnanews.com\/fr\/la-federation-algerienne-tranche-le-debat-sur-le-brassard-de-mahrez-apres-la-coupe-dasie\/","title":{"rendered":"La f\u00e9d\u00e9ration alg\u00e9rienne tranche le d\u00e9bat sur le brassard de Mahrez apr\u00e8s la Coupe d'Asie"},"content":{"rendered":"<p>La F\u00e9d\u00e9ration Alg\u00e9rienne de Football a officiellement mis un terme au d\u00e9bat persistant concernant Riyad Mahrez et le brassard de capitaine, suite \u00e0 l\u2019\u00e9limination d\u00e9cevante de l\u2019\u00e9quipe lors de la Coupe d\u2019Afrique des Nations 2023.<\/p>\n<p>Les sp\u00e9culations allaient bon train apr\u00e8s l\u2019\u00e9limination pr\u00e9coce de l\u2019Alg\u00e9rie du tournoi en C\u00f4te d\u2019Ivoire, des questions ayant \u00e9t\u00e9 soulev\u00e9es quant au r\u00f4le de leader de la star d\u2019Al-Ahli. Cependant, la f\u00e9d\u00e9ration a d\u00e9sormais publi\u00e9 une d\u00e9claration claire confirmant que Mahrez reste le capitaine de premier choix de l\u2019\u00e9quipe nationale.<\/p>\n<p>Dans un communiqu\u00e9 officiel, la f\u00e9d\u00e9ration a d\u00e9clar\u00e9 que Mahrez continuera \u00e0 porter le brassard, mettant ainsi fin \u00e0 toute rumeur de changement de leadership. Cette d\u00e9cision intervient apr\u00e8s ce que beaucoup ont d\u00e9crit comme un \u201c s\u00e9isme \u201d dans le football asiatique, en r\u00e9f\u00e9rence aux r\u00e9sultats et performances surprenants lors de la Coupe d\u2019Asie en cours.<\/p>\n<p>Le communiqu\u00e9 a soulign\u00e9 que l\u2019encadrement technique de la f\u00e9d\u00e9ration, dirig\u00e9 par l\u2019entra\u00eeneur Djamel Belmadi, a pleinement confiance en la capacit\u00e9 de Mahrez \u00e0 diriger l\u2019\u00e9quipe. Il a \u00e9galement pr\u00e9cis\u00e9 que le capitanat n\u2019est pas sujet \u00e0 d\u00e9bat et que l\u2019\u00e9quipe est d\u00e9sormais enti\u00e8rement concentr\u00e9e sur les prochaines \u00e9liminatoires de la Coupe du Monde 2026.<\/p>\n<p>Mahrez, qui est une figure cl\u00e9 de l\u2019Alg\u00e9rie depuis leur triomphe \u00e0 la CAN 2019, a fait face \u00e0 des critiques apr\u00e8s l\u2019\u00e9chec de l\u2019\u00e9quipe \u00e0 d\u00e9passer la phase de groupes en C\u00f4te d\u2019Ivoire. Malgr\u00e9 ce revers, la f\u00e9d\u00e9ration a clairement indiqu\u00e9 que l\u2019attaquant de 33 ans reste une partie int\u00e9grante de leurs plans pour l\u2019avenir.<\/p>\n<p>Cette clarification devrait mettre fin aux discussions en cours parmi les supporters et les experts, permettant \u00e0 l\u2019\u00e9quipe de se concentrer sur ses prochains d\u00e9fis sans aucune distraction interne.<\/p>","protected":false},"excerpt":{"rendered":"<p>The Algerian Football Federation has officially put an end to the ongoing debate surrounding Riyad Mahrez and the captain&#8217;s armband, [&hellip;]<\/p>\n","protected":false},"author":3,"featured_media":10932,"comment_status":"","ping_status":"open","sticky":false,"template":"","format":"standard","meta":{"googlesitekit_rrm_CAow_uzEDA:productID":"","site-sidebar-layout":"default","site-content-layout":"","ast-site-content-layout":"default","site-content-style":"default","site-sidebar-style":"default","ast-global-header-display":"","ast-banner-title-visibility":"","ast-main-header-display":"","ast-hfb-above-header-display":"","ast-hfb-below-header-display":"","ast-hfb-mobile-header-display":"","site-post-title":"","ast-breadcrumbs-content":"","ast-featured-img":"","footer-sml-layout":"","ast-disable-related-posts":"","theme-transparent-header-meta":"","adv-header-id-meta":"","stick-header-meta":"","header-above-stick-meta":"","header-main-stick-meta":"","header-below-stick-meta":"","astra-migrate-meta-layouts":"default","ast-page-background-enabled":"default","ast-page-background-meta":{"desktop":{"background-color":"var(--ast-global-color-5)","background-image":"","background-repeat":"repeat","background-position":"center center","background-size":"auto","background-attachment":"scroll","background-type":"","background-media":"","overlay-type":"","overlay-color":"","overlay-opacity":"","overlay-gradient":""},"tablet":{"background-color":"","background-image":"","background-repeat":"repeat","background-position":"center center","background-size":"auto","background-attachment":"scroll","background-type":"","background-media":"","overlay-type":"","overlay-color":"","overlay-opacity":"","overlay-gradient":""},"mobile":{"background-color":"","background-image":"","background-repeat":"repeat","background-position":"center center","background-size":"auto","background-attachment":"scroll","background-type":"","background-media":"","overlay-type":"","overlay-color":"","overlay-opacity":"","overlay-gradient":""}},"ast-content-background-meta":{"desktop":{"background-color":"var(--ast-global-color-4)","background-image":"","background-repeat":"repeat","background-position":"center center","background-size":"auto","background-attachment":"scroll","background-type":"","background-media":"","overlay-type":"","overlay-color":"","overlay-opacity":"","overlay-gradient":""},"tablet":{"background-color":"var(--ast-global-color-4)","background-image":"","background-repeat":"repeat","background-position":"center center","background-size":"auto","background-attachment":"scroll","background-type":"","background-media":"","overlay-type":"","overlay-color":"","overlay-opacity":"","overlay-gradient":""},"mobile":{"background-color":"var(--ast-global-color-4)","background-image":"","background-repeat":"repeat","background-position":"center center","background-size":"auto","background-attachment":"scroll","background-type":"","background-media":"","overlay-type":"","overlay-color":"","overlay-opacity":"","overlay-gradient":""}},"footnotes":""},"categories":[20,1],"tags":[],"class_list":["post-10933","post","type-post","status-publish","format-standard","has-post-thumbnail","hentry","category-international","category-football-latest-news"],"yoast_head":"<!-- This site is optimized with the Yoast SEO Premium plugin v26.6 (Yoast SEO v27.4) - https:\/\/yoast.com\/product\/yoast-seo-premium-wordpress\/ -->\n<title>Algerian federation settles Mahrez armband debate after Asia cup - Bladna News<\/title>\n<meta name=\"robots\" content=\"index, follow, max-snippet:-1, max-image-preview:large, max-video-preview:-1\" \/>\n<link rel=\"canonical\" href=\"https:\/\/bladnanews.com\/fr\/la-federation-algerienne-tranche-le-debat-sur-le-brassard-de-mahrez-apres-la-coupe-dasie\/\" \/>\n<meta property=\"og:locale\" content=\"fr_FR\" \/>\n<meta property=\"og:type\" content=\"article\" \/>\n<meta property=\"og:title\" content=\"Algerian federation settles Mahrez armband debate after Asia cup\" \/>\n<meta property=\"og:description\" content=\"The Algerian Football Federation has officially put an end to the ongoing debate surrounding Riyad Mahrez and the captain&#8217;s armband, [&hellip;]\" \/>\n<meta property=\"og:url\" content=\"https:\/\/bladnanews.com\/fr\/la-federation-algerienne-tranche-le-debat-sur-le-brassard-de-mahrez-apres-la-coupe-dasie\/\" \/>\n<meta property=\"og:site_name\" content=\"Bladna News\" \/>\n<meta property=\"article:published_time\" content=\"2026-04-25T20:00:42+00:00\" \/>\n<meta property=\"og:image\" content=\"https:\/\/bladnanews.com\/wp-content\/uploads\/2025\/12\/freepik__bladna-newscom-moroccan-soccer-homepage-banner-mor__41838.png\" \/>\n\t<meta property=\"og:image:width\" content=\"1312\" \/>\n\t<meta property=\"og:image:height\" content=\"736\" \/>\n\t<meta property=\"og:image:type\" content=\"image\/png\" \/>\n<meta name=\"author\" content=\"Bladna News Staff\" \/>\n<meta name=\"twitter:card\" content=\"summary_large_image\" \/>\n<meta name=\"twitter:label1\" content=\"\u00c9crit par\" \/>\n\t<meta name=\"twitter:data1\" content=\"Bladna News Staff\" \/>\n\t<meta name=\"twitter:label2\" content=\"Dur\u00e9e de lecture estim\u00e9e\" \/>\n\t<meta name=\"twitter:data2\" content=\"1 minute\" \/>\n<script type=\"application\/ld+json\" class=\"yoast-schema-graph\">{\"@context\":\"https:\\\/\\\/schema.org\",\"@graph\":[{\"@type\":\"Article\",\"@id\":\"https:\\\/\\\/bladnanews.com\\\/algerian-federation-settles-mahrez-armband-debate-after-asia-cup\\\/#article\",\"isPartOf\":{\"@id\":\"https:\\\/\\\/bladnanews.com\\\/algerian-federation-settles-mahrez-armband-debate-after-asia-cup\\\/\"},\"author\":{\"name\":\"Bladna News Staff\",\"@id\":\"https:\\\/\\\/mediumseagreen-eel-531711.hostingersite.com\\\/#\\\/schema\\\/person\\\/268e18a453ab080ebf76df6ef7845083\"},\"headline\":\"Algerian federation settles Mahrez armband debate after Asia cup\",\"datePublished\":\"2026-04-25T20:00:42+00:00\",\"mainEntityOfPage\":{\"@id\":\"https:\\\/\\\/bladnanews.com\\\/algerian-federation-settles-mahrez-armband-debate-after-asia-cup\\\/\"},\"wordCount\":265,\"publisher\":{\"@id\":\"https:\\\/\\\/mediumseagreen-eel-531711.hostingersite.com\\\/#organization\"},\"image\":{\"@id\":\"https:\\\/\\\/bladnanews.com\\\/algerian-federation-settles-mahrez-armband-debate-after-asia-cup\\\/#primaryimage\"},\"thumbnailUrl\":\"https:\\\/\\\/bladnanews.com\\\/wp-content\\\/uploads\\\/2026\\\/04\\\/GettyImages-2268227499.jpg-scaled.jpg\",\"articleSection\":[\"International\",\"Latest News\"],\"inLanguage\":\"fr-FR\",\"copyrightYear\":\"2026\",\"copyrightHolder\":{\"@id\":\"https:\\\/\\\/bladnanews.com\\\/fr\\\/#organization\"}},{\"@type\":\"WebPage\",\"@id\":\"https:\\\/\\\/bladnanews.com\\\/algerian-federation-settles-mahrez-armband-debate-after-asia-cup\\\/\",\"url\":\"https:\\\/\\\/bladnanews.com\\\/algerian-federation-settles-mahrez-armband-debate-after-asia-cup\\\/\",\"name\":\"Algerian federation settles Mahrez armband debate after Asia cup - Bladna News\",\"isPartOf\":{\"@id\":\"https:\\\/\\\/mediumseagreen-eel-531711.hostingersite.com\\\/#website\"},\"primaryImageOfPage\":{\"@id\":\"https:\\\/\\\/bladnanews.com\\\/algerian-federation-settles-mahrez-armband-debate-after-asia-cup\\\/#primaryimage\"},\"image\":{\"@id\":\"https:\\\/\\\/bladnanews.com\\\/algerian-federation-settles-mahrez-armband-debate-after-asia-cup\\\/#primaryimage\"},\"thumbnailUrl\":\"https:\\\/\\\/bladnanews.com\\\/wp-content\\\/uploads\\\/2026\\\/04\\\/GettyImages-2268227499.jpg-scaled.jpg\",\"datePublished\":\"2026-04-25T20:00:42+00:00\",\"breadcrumb\":{\"@id\":\"https:\\\/\\\/bladnanews.com\\\/algerian-federation-settles-mahrez-armband-debate-after-asia-cup\\\/#breadcrumb\"},\"inLanguage\":\"fr-FR\",\"potentialAction\":[{\"@type\":\"ReadAction\",\"target\":[\"https:\\\/\\\/bladnanews.com\\\/algerian-federation-settles-mahrez-armband-debate-after-asia-cup\\\/\"]}]},{\"@type\":\"ImageObject\",\"inLanguage\":\"fr-FR\",\"@id\":\"https:\\\/\\\/bladnanews.com\\\/algerian-federation-settles-mahrez-armband-debate-after-asia-cup\\\/#primaryimage\",\"url\":\"https:\\\/\\\/bladnanews.com\\\/wp-content\\\/uploads\\\/2026\\\/04\\\/GettyImages-2268227499.jpg-scaled.jpg\",\"contentUrl\":\"https:\\\/\\\/bladnanews.com\\\/wp-content\\\/uploads\\\/2026\\\/04\\\/GettyImages-2268227499.jpg-scaled.jpg\",\"width\":2560,\"height\":1440,\"caption\":\"Moroccan football player in action during a match, showcasing national pride and athletic skill.\"},{\"@type\":\"BreadcrumbList\",\"@id\":\"https:\\\/\\\/bladnanews.com\\\/algerian-federation-settles-mahrez-armband-debate-after-asia-cup\\\/#breadcrumb\",\"itemListElement\":[{\"@type\":\"ListItem\",\"position\":1,\"name\":\"Home\",\"item\":\"https:\\\/\\\/bladnanews.com\\\/\"},{\"@type\":\"ListItem\",\"position\":2,\"name\":\"Algerian federation settles Mahrez armband debate after Asia cup\"}]},{\"@type\":\"WebSite\",\"@id\":\"https:\\\/\\\/mediumseagreen-eel-531711.hostingersite.com\\\/#website\",\"url\":\"https:\\\/\\\/mediumseagreen-eel-531711.hostingersite.com\\\/\",\"name\":\"Bladna News - Morocco\",\"description\":\"Where Moroccan Football Meets the World\",\"publisher\":{\"@id\":\"https:\\\/\\\/mediumseagreen-eel-531711.hostingersite.com\\\/#organization\"},\"potentialAction\":[{\"@type\":\"SearchAction\",\"target\":{\"@type\":\"EntryPoint\",\"urlTemplate\":\"https:\\\/\\\/mediumseagreen-eel-531711.hostingersite.com\\\/?s={search_term_string}\"},\"query-input\":{\"@type\":\"PropertyValueSpecification\",\"valueRequired\":true,\"valueName\":\"search_term_string\"}}],\"inLanguage\":\"fr-FR\"},{\"@type\":\"Organization\",\"@id\":\"https:\\\/\\\/mediumseagreen-eel-531711.hostingersite.com\\\/#organization\",\"name\":\"Bladna News.com\",\"url\":\"https:\\\/\\\/mediumseagreen-eel-531711.hostingersite.com\\\/\",\"logo\":{\"@type\":\"ImageObject\",\"inLanguage\":\"fr-FR\",\"@id\":\"https:\\\/\\\/mediumseagreen-eel-531711.hostingersite.com\\\/#\\\/schema\\\/logo\\\/image\\\/\",\"url\":\"https:\\\/\\\/bladnanews.com\\\/wp-content\\\/uploads\\\/2025\\\/12\\\/logo-bladnanews-V2-web-black-red.png\",\"contentUrl\":\"https:\\\/\\\/bladnanews.com\\\/wp-content\\\/uploads\\\/2025\\\/12\\\/logo-bladnanews-V2-web-black-red.png\",\"width\":703,\"height\":287,\"caption\":\"Bladna News.com\"},\"image\":{\"@id\":\"https:\\\/\\\/mediumseagreen-eel-531711.hostingersite.com\\\/#\\\/schema\\\/logo\\\/image\\\/\"},\"email\":\"info@bladnanews.com\",\"legalName\":\"Bladna News\"},{\"@type\":\"Person\",\"@id\":\"https:\\\/\\\/mediumseagreen-eel-531711.hostingersite.com\\\/#\\\/schema\\\/person\\\/268e18a453ab080ebf76df6ef7845083\",\"name\":\"Bladna News Staff\",\"url\":\"https:\\\/\\\/bladnanews.com\\\/fr\\\/author\\\/bladna-news-staff\\\/\"}]}<\/script>\n<!-- \/ Yoast SEO Premium plugin. -->","yoast_head_json":{"title":"La f\u00e9d\u00e9ration alg\u00e9rienne tranche le d\u00e9bat sur le brassard de Mahrez apr\u00e8s la Coupe d'Asie - Bladna News","robots":{"index":"index","follow":"follow","max-snippet":"max-snippet:-1","max-image-preview":"max-image-preview:large","max-video-preview":"max-video-preview:-1"},"canonical":"https:\/\/bladnanews.com\/fr\/la-federation-algerienne-tranche-le-debat-sur-le-brassard-de-mahrez-apres-la-coupe-dasie\/","og_locale":"fr_FR","og_type":"article","og_title":"Algerian federation settles Mahrez armband debate after Asia cup","og_description":"The Algerian Football Federation has officially put an end to the ongoing debate surrounding Riyad Mahrez and the captain&#8217;s armband, [&hellip;]","og_url":"https:\/\/bladnanews.com\/fr\/la-federation-algerienne-tranche-le-debat-sur-le-brassard-de-mahrez-apres-la-coupe-dasie\/","og_site_name":"Bladna News","article_published_time":"2026-04-25T20:00:42+00:00","og_image":[{"width":1312,"height":736,"url":"https:\/\/bladnanews.com\/wp-content\/uploads\/2025\/12\/freepik__bladna-newscom-moroccan-soccer-homepage-banner-mor__41838.png","type":"image\/png"}],"author":"Bladna News Staff","twitter_card":"summary_large_image","twitter_misc":{"\u00c9crit par":"Bladna News Staff","Dur\u00e9e de lecture estim\u00e9e":"1 minute"},"schema":{"@context":"https:\/\/schema.org","@graph":[{"@type":"Article","@id":"https:\/\/bladnanews.com\/algerian-federation-settles-mahrez-armband-debate-after-asia-cup\/#article","isPartOf":{"@id":"https:\/\/bladnanews.com\/algerian-federation-settles-mahrez-armband-debate-after-asia-cup\/"},"author":{"name":"Bladna News Staff","@id":"https:\/\/mediumseagreen-eel-531711.hostingersite.com\/#\/schema\/person\/268e18a453ab080ebf76df6ef7845083"},"headline":"Algerian federation settles Mahrez armband debate after Asia cup","datePublished":"2026-04-25T20:00:42+00:00","mainEntityOfPage":{"@id":"https:\/\/bladnanews.com\/algerian-federation-settles-mahrez-armband-debate-after-asia-cup\/"},"wordCount":265,"publisher":{"@id":"https:\/\/mediumseagreen-eel-531711.hostingersite.com\/#organization"},"image":{"@id":"https:\/\/bladnanews.com\/algerian-federation-settles-mahrez-armband-debate-after-asia-cup\/#primaryimage"},"thumbnailUrl":"https:\/\/bladnanews.com\/wp-content\/uploads\/2026\/04\/GettyImages-2268227499.jpg-scaled.jpg","articleSection":["International","Latest News"],"inLanguage":"fr-FR","copyrightYear":"2026","copyrightHolder":{"@id":"https:\/\/bladnanews.com\/fr\/#organization"}},{"@type":"WebPage","@id":"https:\/\/bladnanews.com\/algerian-federation-settles-mahrez-armband-debate-after-asia-cup\/","url":"https:\/\/bladnanews.com\/algerian-federation-settles-mahrez-armband-debate-after-asia-cup\/","name":"La f\u00e9d\u00e9ration alg\u00e9rienne tranche le d\u00e9bat sur le brassard de Mahrez apr\u00e8s la Coupe d'Asie - Bladna News","isPartOf":{"@id":"https:\/\/mediumseagreen-eel-531711.hostingersite.com\/#website"},"primaryImageOfPage":{"@id":"https:\/\/bladnanews.com\/algerian-federation-settles-mahrez-armband-debate-after-asia-cup\/#primaryimage"},"image":{"@id":"https:\/\/bladnanews.com\/algerian-federation-settles-mahrez-armband-debate-after-asia-cup\/#primaryimage"},"thumbnailUrl":"https:\/\/bladnanews.com\/wp-content\/uploads\/2026\/04\/GettyImages-2268227499.jpg-scaled.jpg","datePublished":"2026-04-25T20:00:42+00:00","breadcrumb":{"@id":"https:\/\/bladnanews.com\/algerian-federation-settles-mahrez-armband-debate-after-asia-cup\/#breadcrumb"},"inLanguage":"fr-FR","potentialAction":[{"@type":"ReadAction","target":["https:\/\/bladnanews.com\/algerian-federation-settles-mahrez-armband-debate-after-asia-cup\/"]}]},{"@type":"ImageObject","inLanguage":"fr-FR","@id":"https:\/\/bladnanews.com\/algerian-federation-settles-mahrez-armband-debate-after-asia-cup\/#primaryimage","url":"https:\/\/bladnanews.com\/wp-content\/uploads\/2026\/04\/GettyImages-2268227499.jpg-scaled.jpg","contentUrl":"https:\/\/bladnanews.com\/wp-content\/uploads\/2026\/04\/GettyImages-2268227499.jpg-scaled.jpg","width":2560,"height":1440,"caption":"Moroccan football player in action during a match, showcasing national pride and athletic skill."},{"@type":"BreadcrumbList","@id":"https:\/\/bladnanews.com\/algerian-federation-settles-mahrez-armband-debate-after-asia-cup\/#breadcrumb","itemListElement":[{"@type":"ListItem","position":1,"name":"Home","item":"https:\/\/bladnanews.com\/"},{"@type":"ListItem","position":2,"name":"Algerian federation settles Mahrez armband debate after Asia cup"}]},{"@type":"WebSite","@id":"https:\/\/mediumseagreen-eel-531711.hostingersite.com\/#website","url":"https:\/\/mediumseagreen-eel-531711.hostingersite.com\/","name":"Bladna News - Maroc","description":"Quand le football marocain rencontre le monde","publisher":{"@id":"https:\/\/mediumseagreen-eel-531711.hostingersite.com\/#organization"},"potentialAction":[{"@type":"SearchAction","target":{"@type":"EntryPoint","urlTemplate":"https:\/\/mediumseagreen-eel-531711.hostingersite.com\/?s={search_term_string}"},"query-input":{"@type":"PropertyValueSpecification","valueRequired":true,"valueName":"search_term_string"}}],"inLanguage":"fr-FR"},{"@type":"Organization","@id":"https:\/\/mediumseagreen-eel-531711.hostingersite.com\/#organization","name":"Bladna News.com","url":"https:\/\/mediumseagreen-eel-531711.hostingersite.com\/","logo":{"@type":"ImageObject","inLanguage":"fr-FR","@id":"https:\/\/mediumseagreen-eel-531711.hostingersite.com\/#\/schema\/logo\/image\/","url":"https:\/\/bladnanews.com\/wp-content\/uploads\/2025\/12\/logo-bladnanews-V2-web-black-red.png","contentUrl":"https:\/\/bladnanews.com\/wp-content\/uploads\/2025\/12\/logo-bladnanews-V2-web-black-red.png","width":703,"height":287,"caption":"Bladna News.com"},"image":{"@id":"https:\/\/mediumseagreen-eel-531711.hostingersite.com\/#\/schema\/logo\/image\/"},"email":"info@bladnanews.com","legalName":"Bladna News"},{"@type":"Person","@id":"https:\/\/mediumseagreen-eel-531711.hostingersite.com\/#\/schema\/person\/268e18a453ab080ebf76df6ef7845083","name":"\u00c9quipe r\u00e9dactionnelle de Bladna News","url":"https:\/\/bladnanews.com\/fr\/author\/bladna-news-staff\/"}]}},"_links":{"self":[{"href":"https:\/\/bladnanews.com\/fr\/wp-json\/wp\/v2\/posts\/10933","targetHints":{"allow":["GET"]}}],"collection":[{"href":"https:\/\/bladnanews.com\/fr\/wp-json\/wp\/v2\/posts"}],"about":[{"href":"https:\/\/bladnanews.com\/fr\/wp-json\/wp\/v2\/types\/post"}],"author":[{"embeddable":true,"href":"https:\/\/bladnanews.com\/fr\/wp-json\/wp\/v2\/users\/3"}],"replies":[{"embeddable":true,"href":"https:\/\/bladnanews.com\/fr\/wp-json\/wp\/v2\/comments?post=10933"}],"version-history":[{"count":0,"href":"https:\/\/bladnanews.com\/fr\/wp-json\/wp\/v2\/posts\/10933\/revisions"}],"wp:featuredmedia":[{"embeddable":true,"href":"https:\/\/bladnanews.com\/fr\/wp-json\/wp\/v2\/media\/10932"}],"wp:attachment":[{"href":"https:\/\/bladnanews.com\/fr\/wp-json\/wp\/v2\/media?parent=10933"}],"wp:term":[{"taxonomy":"category","embeddable":true,"href":"https:\/\/bladnanews.com\/fr\/wp-json\/wp\/v2\/categories?post=10933"},{"taxonomy":"post_tag","embeddable":true,"href":"https:\/\/bladnanews.com\/fr\/wp-json\/wp\/v2\/tags?post=10933"}],"curies":[{"name":"wp","href":"https:\/\/api.w.org\/{rel}","templated":true}]}}