{"id":10937,"date":"2026-04-25T20:11:11","date_gmt":"2026-04-25T20:11:11","guid":{"rendered":"https:\/\/bladnanews.com\/arbeloa-relives-ancelotti-and-alonso-nightmare-at-real-madrid\/"},"modified":"2026-04-25T20:11:11","modified_gmt":"2026-04-25T20:11:11","slug":"arbeloa-revit-le-cauchemar-dancelotti-et-dalonso-au-real-madrid","status":"publish","type":"post","link":"https:\/\/bladnanews.com\/fr\/arbeloa-revit-le-cauchemar-dancelotti-et-dalonso-au-real-madrid\/","title":{"rendered":"Arbeloa revit le cauchemar d'Ancelotti et Alonso au Real Madrid"},"content":{"rendered":"<p>L'ancien d\u00e9fenseur du Real Madrid, \u00c1lvaro Arbeloa, s'est confi\u00e9 sur le cauchemar qu'il a v\u00e9cu sous la direction de Carlo Ancelotti et Xabi Alonso, r\u00e9v\u00e9lant la p\u00e9riode difficile qu'il a travers\u00e9e au sein du club.<\/p>\n<p>Lors d'une r\u00e9cente interview, Arbeloa a d\u00e9crit la saison 2026 comme un tournant dans sa relation avec l'encadrement technique. Il a admis que la dynamique avec Ancelotti et Alonso \u00e9tait devenue de plus en plus tendue, le laissant isol\u00e9 au sein de l'effectif.<\/p>\n<p>\u201c C'\u00e9tait une p\u00e9riode difficile pour moi \u201d, a d\u00e9clar\u00e9 Arbeloa. \u201c J'avais l'impression de vivre un cauchemar. La confiance n'\u00e9tait tout simplement plus l\u00e0, et c'est dur \u00e0 g\u00e9rer pour n'importe quel joueur. \u201d<\/p>\n<p>L'ancien lat\u00e9ral droit, form\u00e9 au centre de formation du Real Madrid, a \u00e9voqu\u00e9 des incidents sp\u00e9cifiques survenus lors des s\u00e9ances d'entra\u00eenement et des pr\u00e9parations de match, qui illustraient les tensions croissantes. Il a affirm\u00e9 que la communication s'\u00e9tait rompue et qu'il \u00e9tait souvent \u00e9cart\u00e9 des d\u00e9cisions cl\u00e9s.<\/p>\n<p>Arbeloa est \u00e9galement revenu sur sa relation avec Xabi Alonso, son ancien co\u00e9quipier devenu entra\u00eeneur. \u201c Xabi est un grand professionnel, mais les choses ont chang\u00e9 lorsqu'il a pris le r\u00f4le d'entra\u00eeneur. Ce n'\u00e9tait plus le m\u00eame lien que nous avions sur le terrain. \u201d<\/p>\n<p>La campagne 2026 s'est av\u00e9r\u00e9e \u00e9prouvante pour Arbeloa, qui a eu du mal \u00e0 obtenir du temps de jeu et s'est senti de plus en plus mis \u00e0 l'\u00e9cart. Il a reconnu que cette situation avait affect\u00e9 son \u00e9tat mental et son niveau de performance.<\/p>\n<p>\u201c J'aime ce club, mais il y a eu des moments o\u00f9 j'ai tout remis en question. On ne s'attend jamais \u00e0 vivre une telle chose au Real Madrid \u201d, a-t-il ajout\u00e9.<\/p>\n<p>Malgr\u00e9 les difficult\u00e9s, Arbeloa a insist\u00e9 sur le fait qu'il ne gardait aucune rancune. Il a reconnu que le football est un m\u00e9tier exigeant et que les entra\u00eeneurs doivent prendre des d\u00e9cisions difficiles. Cependant, il a pr\u00e9cis\u00e9 que cette exp\u00e9rience l'avait marqu\u00e9 durablement.<\/p>\n<p>\u201c J'ai beaucoup appris de cette p\u00e9riode. Elle m'a rendu plus fort, m\u00eame si elle a \u00e9t\u00e9 douloureuse sur le moment. \u201d<\/p>\n<p>Ces r\u00e9v\u00e9lations ont suscit\u00e9 des d\u00e9bats parmi les supporters du Real Madrid, dont beaucoup ont exprim\u00e9 leur sympathie pour l'\u00e9preuve v\u00e9cue par Arbeloa. Le club n'a \u00e9mis aucune r\u00e9ponse officielle \u00e0 ses commentaires.<\/p>","protected":false},"excerpt":{"rendered":"<p>Former Real Madrid defender \u00c1lvaro Arbeloa has opened up on the nightmare he endured under Carlo Ancelotti and Xabi Alonso, [&hellip;]<\/p>\n","protected":false},"author":3,"featured_media":10936,"comment_status":"","ping_status":"open","sticky":false,"template":"","format":"standard","meta":{"googlesitekit_rrm_CAow_uzEDA:productID":"","site-sidebar-layout":"default","site-content-layout":"","ast-site-content-layout":"default","site-content-style":"default","site-sidebar-style":"default","ast-global-header-display":"","ast-banner-title-visibility":"","ast-main-header-display":"","ast-hfb-above-header-display":"","ast-hfb-below-header-display":"","ast-hfb-mobile-header-display":"","site-post-title":"","ast-breadcrumbs-content":"","ast-featured-img":"","footer-sml-layout":"","ast-disable-related-posts":"","theme-transparent-header-meta":"","adv-header-id-meta":"","stick-header-meta":"","header-above-stick-meta":"","header-main-stick-meta":"","header-below-stick-meta":"","astra-migrate-meta-layouts":"default","ast-page-background-enabled":"default","ast-page-background-meta":{"desktop":{"background-color":"var(--ast-global-color-5)","background-image":"","background-repeat":"repeat","background-position":"center center","background-size":"auto","background-attachment":"scroll","background-type":"","background-media":"","overlay-type":"","overlay-color":"","overlay-opacity":"","overlay-gradient":""},"tablet":{"background-color":"","background-image":"","background-repeat":"repeat","background-position":"center center","background-size":"auto","background-attachment":"scroll","background-type":"","background-media":"","overlay-type":"","overlay-color":"","overlay-opacity":"","overlay-gradient":""},"mobile":{"background-color":"","background-image":"","background-repeat":"repeat","background-position":"center center","background-size":"auto","background-attachment":"scroll","background-type":"","background-media":"","overlay-type":"","overlay-color":"","overlay-opacity":"","overlay-gradient":""}},"ast-content-background-meta":{"desktop":{"background-color":"var(--ast-global-color-4)","background-image":"","background-repeat":"repeat","background-position":"center center","background-size":"auto","background-attachment":"scroll","background-type":"","background-media":"","overlay-type":"","overlay-color":"","overlay-opacity":"","overlay-gradient":""},"tablet":{"background-color":"var(--ast-global-color-4)","background-image":"","background-repeat":"repeat","background-position":"center center","background-size":"auto","background-attachment":"scroll","background-type":"","background-media":"","overlay-type":"","overlay-color":"","overlay-opacity":"","overlay-gradient":""},"mobile":{"background-color":"var(--ast-global-color-4)","background-image":"","background-repeat":"repeat","background-position":"center center","background-size":"auto","background-attachment":"scroll","background-type":"","background-media":"","overlay-type":"","overlay-color":"","overlay-opacity":"","overlay-gradient":""}},"footnotes":""},"categories":[20,1],"tags":[],"class_list":["post-10937","post","type-post","status-publish","format-standard","has-post-thumbnail","hentry","category-international","category-football-latest-news"],"yoast_head":"<!-- This site is optimized with the Yoast SEO Premium plugin v26.6 (Yoast SEO v27.4) - https:\/\/yoast.com\/product\/yoast-seo-premium-wordpress\/ -->\n<title>Arbeloa relives Ancelotti and Alonso nightmare at Real Madrid - Bladna News<\/title>\n<meta name=\"robots\" content=\"index, follow, max-snippet:-1, max-image-preview:large, max-video-preview:-1\" \/>\n<link rel=\"canonical\" href=\"https:\/\/bladnanews.com\/fr\/arbeloa-revit-le-cauchemar-dancelotti-et-dalonso-au-real-madrid\/\" \/>\n<meta property=\"og:locale\" content=\"fr_FR\" \/>\n<meta property=\"og:type\" content=\"article\" \/>\n<meta property=\"og:title\" content=\"Arbeloa relives Ancelotti and Alonso nightmare at Real Madrid\" \/>\n<meta property=\"og:description\" content=\"Former Real Madrid defender \u00c1lvaro Arbeloa has opened up on the nightmare he endured under Carlo Ancelotti and Xabi Alonso, [&hellip;]\" \/>\n<meta property=\"og:url\" content=\"https:\/\/bladnanews.com\/fr\/arbeloa-revit-le-cauchemar-dancelotti-et-dalonso-au-real-madrid\/\" \/>\n<meta property=\"og:site_name\" content=\"Bladna News\" \/>\n<meta property=\"article:published_time\" content=\"2026-04-25T20:11:11+00:00\" \/>\n<meta property=\"og:image\" content=\"https:\/\/bladnanews.com\/wp-content\/uploads\/2025\/12\/freepik__bladna-newscom-moroccan-soccer-homepage-banner-mor__41838.png\" \/>\n\t<meta property=\"og:image:width\" content=\"1312\" \/>\n\t<meta property=\"og:image:height\" content=\"736\" \/>\n\t<meta property=\"og:image:type\" content=\"image\/png\" \/>\n<meta name=\"author\" content=\"Bladna News Staff\" \/>\n<meta name=\"twitter:card\" content=\"summary_large_image\" \/>\n<meta name=\"twitter:label1\" content=\"\u00c9crit par\" \/>\n\t<meta name=\"twitter:data1\" content=\"Bladna News Staff\" \/>\n\t<meta name=\"twitter:label2\" content=\"Dur\u00e9e de lecture estim\u00e9e\" \/>\n\t<meta name=\"twitter:data2\" content=\"2 minutes\" \/>\n<script type=\"application\/ld+json\" class=\"yoast-schema-graph\">{\"@context\":\"https:\\\/\\\/schema.org\",\"@graph\":[{\"@type\":\"Article\",\"@id\":\"https:\\\/\\\/bladnanews.com\\\/arbeloa-relives-ancelotti-and-alonso-nightmare-at-real-madrid\\\/#article\",\"isPartOf\":{\"@id\":\"https:\\\/\\\/bladnanews.com\\\/arbeloa-relives-ancelotti-and-alonso-nightmare-at-real-madrid\\\/\"},\"author\":{\"name\":\"Bladna News Staff\",\"@id\":\"https:\\\/\\\/mediumseagreen-eel-531711.hostingersite.com\\\/#\\\/schema\\\/person\\\/268e18a453ab080ebf76df6ef7845083\"},\"headline\":\"Arbeloa relives Ancelotti and Alonso nightmare at Real Madrid\",\"datePublished\":\"2026-04-25T20:11:11+00:00\",\"mainEntityOfPage\":{\"@id\":\"https:\\\/\\\/bladnanews.com\\\/arbeloa-relives-ancelotti-and-alonso-nightmare-at-real-madrid\\\/\"},\"wordCount\":337,\"publisher\":{\"@id\":\"https:\\\/\\\/mediumseagreen-eel-531711.hostingersite.com\\\/#organization\"},\"image\":{\"@id\":\"https:\\\/\\\/bladnanews.com\\\/arbeloa-relives-ancelotti-and-alonso-nightmare-at-real-madrid\\\/#primaryimage\"},\"thumbnailUrl\":\"https:\\\/\\\/bladnanews.com\\\/wp-content\\\/uploads\\\/2026\\\/04\\\/GettyImages-2271859609-1.jpg-1.jpg\",\"articleSection\":[\"International\",\"Latest News\"],\"inLanguage\":\"fr-FR\",\"copyrightYear\":\"2026\",\"copyrightHolder\":{\"@id\":\"https:\\\/\\\/bladnanews.com\\\/fr\\\/#organization\"}},{\"@type\":\"WebPage\",\"@id\":\"https:\\\/\\\/bladnanews.com\\\/arbeloa-relives-ancelotti-and-alonso-nightmare-at-real-madrid\\\/\",\"url\":\"https:\\\/\\\/bladnanews.com\\\/arbeloa-relives-ancelotti-and-alonso-nightmare-at-real-madrid\\\/\",\"name\":\"Arbeloa relives Ancelotti and Alonso nightmare at Real Madrid - Bladna News\",\"isPartOf\":{\"@id\":\"https:\\\/\\\/mediumseagreen-eel-531711.hostingersite.com\\\/#website\"},\"primaryImageOfPage\":{\"@id\":\"https:\\\/\\\/bladnanews.com\\\/arbeloa-relives-ancelotti-and-alonso-nightmare-at-real-madrid\\\/#primaryimage\"},\"image\":{\"@id\":\"https:\\\/\\\/bladnanews.com\\\/arbeloa-relives-ancelotti-and-alonso-nightmare-at-real-madrid\\\/#primaryimage\"},\"thumbnailUrl\":\"https:\\\/\\\/bladnanews.com\\\/wp-content\\\/uploads\\\/2026\\\/04\\\/GettyImages-2271859609-1.jpg-1.jpg\",\"datePublished\":\"2026-04-25T20:11:11+00:00\",\"breadcrumb\":{\"@id\":\"https:\\\/\\\/bladnanews.com\\\/arbeloa-relives-ancelotti-and-alonso-nightmare-at-real-madrid\\\/#breadcrumb\"},\"inLanguage\":\"fr-FR\",\"potentialAction\":[{\"@type\":\"ReadAction\",\"target\":[\"https:\\\/\\\/bladnanews.com\\\/arbeloa-relives-ancelotti-and-alonso-nightmare-at-real-madrid\\\/\"]}]},{\"@type\":\"ImageObject\",\"inLanguage\":\"fr-FR\",\"@id\":\"https:\\\/\\\/bladnanews.com\\\/arbeloa-relives-ancelotti-and-alonso-nightmare-at-real-madrid\\\/#primaryimage\",\"url\":\"https:\\\/\\\/bladnanews.com\\\/wp-content\\\/uploads\\\/2026\\\/04\\\/GettyImages-2271859609-1.jpg-1.jpg\",\"contentUrl\":\"https:\\\/\\\/bladnanews.com\\\/wp-content\\\/uploads\\\/2026\\\/04\\\/GettyImages-2271859609-1.jpg-1.jpg\",\"width\":1248,\"height\":702,\"caption\":\"Moroccan sports coach deep in thought during a match, showcasing strategic planning and leadership in Moroccan sports events.\"},{\"@type\":\"BreadcrumbList\",\"@id\":\"https:\\\/\\\/bladnanews.com\\\/arbeloa-relives-ancelotti-and-alonso-nightmare-at-real-madrid\\\/#breadcrumb\",\"itemListElement\":[{\"@type\":\"ListItem\",\"position\":1,\"name\":\"Home\",\"item\":\"https:\\\/\\\/bladnanews.com\\\/\"},{\"@type\":\"ListItem\",\"position\":2,\"name\":\"Arbeloa relives Ancelotti and Alonso nightmare at Real Madrid\"}]},{\"@type\":\"WebSite\",\"@id\":\"https:\\\/\\\/mediumseagreen-eel-531711.hostingersite.com\\\/#website\",\"url\":\"https:\\\/\\\/mediumseagreen-eel-531711.hostingersite.com\\\/\",\"name\":\"Bladna News - Morocco\",\"description\":\"Where Moroccan Football Meets the World\",\"publisher\":{\"@id\":\"https:\\\/\\\/mediumseagreen-eel-531711.hostingersite.com\\\/#organization\"},\"potentialAction\":[{\"@type\":\"SearchAction\",\"target\":{\"@type\":\"EntryPoint\",\"urlTemplate\":\"https:\\\/\\\/mediumseagreen-eel-531711.hostingersite.com\\\/?s={search_term_string}\"},\"query-input\":{\"@type\":\"PropertyValueSpecification\",\"valueRequired\":true,\"valueName\":\"search_term_string\"}}],\"inLanguage\":\"fr-FR\"},{\"@type\":\"Organization\",\"@id\":\"https:\\\/\\\/mediumseagreen-eel-531711.hostingersite.com\\\/#organization\",\"name\":\"Bladna News.com\",\"url\":\"https:\\\/\\\/mediumseagreen-eel-531711.hostingersite.com\\\/\",\"logo\":{\"@type\":\"ImageObject\",\"inLanguage\":\"fr-FR\",\"@id\":\"https:\\\/\\\/mediumseagreen-eel-531711.hostingersite.com\\\/#\\\/schema\\\/logo\\\/image\\\/\",\"url\":\"https:\\\/\\\/bladnanews.com\\\/wp-content\\\/uploads\\\/2025\\\/12\\\/logo-bladnanews-V2-web-black-red.png\",\"contentUrl\":\"https:\\\/\\\/bladnanews.com\\\/wp-content\\\/uploads\\\/2025\\\/12\\\/logo-bladnanews-V2-web-black-red.png\",\"width\":703,\"height\":287,\"caption\":\"Bladna News.com\"},\"image\":{\"@id\":\"https:\\\/\\\/mediumseagreen-eel-531711.hostingersite.com\\\/#\\\/schema\\\/logo\\\/image\\\/\"},\"email\":\"info@bladnanews.com\",\"legalName\":\"Bladna News\"},{\"@type\":\"Person\",\"@id\":\"https:\\\/\\\/mediumseagreen-eel-531711.hostingersite.com\\\/#\\\/schema\\\/person\\\/268e18a453ab080ebf76df6ef7845083\",\"name\":\"Bladna News Staff\",\"url\":\"https:\\\/\\\/bladnanews.com\\\/fr\\\/author\\\/bladna-news-staff\\\/\"}]}<\/script>\n<!-- \/ Yoast SEO Premium plugin. -->","yoast_head_json":{"title":"Arbeloa revit le cauchemar d'Ancelotti et Alonso au Real Madrid - Bladna News","robots":{"index":"index","follow":"follow","max-snippet":"max-snippet:-1","max-image-preview":"max-image-preview:large","max-video-preview":"max-video-preview:-1"},"canonical":"https:\/\/bladnanews.com\/fr\/arbeloa-revit-le-cauchemar-dancelotti-et-dalonso-au-real-madrid\/","og_locale":"fr_FR","og_type":"article","og_title":"Arbeloa relives Ancelotti and Alonso nightmare at Real Madrid","og_description":"Former Real Madrid defender \u00c1lvaro Arbeloa has opened up on the nightmare he endured under Carlo Ancelotti and Xabi Alonso, [&hellip;]","og_url":"https:\/\/bladnanews.com\/fr\/arbeloa-revit-le-cauchemar-dancelotti-et-dalonso-au-real-madrid\/","og_site_name":"Bladna News","article_published_time":"2026-04-25T20:11:11+00:00","og_image":[{"width":1312,"height":736,"url":"https:\/\/bladnanews.com\/wp-content\/uploads\/2025\/12\/freepik__bladna-newscom-moroccan-soccer-homepage-banner-mor__41838.png","type":"image\/png"}],"author":"Bladna News Staff","twitter_card":"summary_large_image","twitter_misc":{"\u00c9crit par":"Bladna News Staff","Dur\u00e9e de lecture estim\u00e9e":"2 minutes"},"schema":{"@context":"https:\/\/schema.org","@graph":[{"@type":"Article","@id":"https:\/\/bladnanews.com\/arbeloa-relives-ancelotti-and-alonso-nightmare-at-real-madrid\/#article","isPartOf":{"@id":"https:\/\/bladnanews.com\/arbeloa-relives-ancelotti-and-alonso-nightmare-at-real-madrid\/"},"author":{"name":"Bladna News Staff","@id":"https:\/\/mediumseagreen-eel-531711.hostingersite.com\/#\/schema\/person\/268e18a453ab080ebf76df6ef7845083"},"headline":"Arbeloa relives Ancelotti and Alonso nightmare at Real Madrid","datePublished":"2026-04-25T20:11:11+00:00","mainEntityOfPage":{"@id":"https:\/\/bladnanews.com\/arbeloa-relives-ancelotti-and-alonso-nightmare-at-real-madrid\/"},"wordCount":337,"publisher":{"@id":"https:\/\/mediumseagreen-eel-531711.hostingersite.com\/#organization"},"image":{"@id":"https:\/\/bladnanews.com\/arbeloa-relives-ancelotti-and-alonso-nightmare-at-real-madrid\/#primaryimage"},"thumbnailUrl":"https:\/\/bladnanews.com\/wp-content\/uploads\/2026\/04\/GettyImages-2271859609-1.jpg-1.jpg","articleSection":["International","Latest News"],"inLanguage":"fr-FR","copyrightYear":"2026","copyrightHolder":{"@id":"https:\/\/bladnanews.com\/fr\/#organization"}},{"@type":"WebPage","@id":"https:\/\/bladnanews.com\/arbeloa-relives-ancelotti-and-alonso-nightmare-at-real-madrid\/","url":"https:\/\/bladnanews.com\/arbeloa-relives-ancelotti-and-alonso-nightmare-at-real-madrid\/","name":"Arbeloa revit le cauchemar d'Ancelotti et Alonso au Real Madrid - Bladna News","isPartOf":{"@id":"https:\/\/mediumseagreen-eel-531711.hostingersite.com\/#website"},"primaryImageOfPage":{"@id":"https:\/\/bladnanews.com\/arbeloa-relives-ancelotti-and-alonso-nightmare-at-real-madrid\/#primaryimage"},"image":{"@id":"https:\/\/bladnanews.com\/arbeloa-relives-ancelotti-and-alonso-nightmare-at-real-madrid\/#primaryimage"},"thumbnailUrl":"https:\/\/bladnanews.com\/wp-content\/uploads\/2026\/04\/GettyImages-2271859609-1.jpg-1.jpg","datePublished":"2026-04-25T20:11:11+00:00","breadcrumb":{"@id":"https:\/\/bladnanews.com\/arbeloa-relives-ancelotti-and-alonso-nightmare-at-real-madrid\/#breadcrumb"},"inLanguage":"fr-FR","potentialAction":[{"@type":"ReadAction","target":["https:\/\/bladnanews.com\/arbeloa-relives-ancelotti-and-alonso-nightmare-at-real-madrid\/"]}]},{"@type":"ImageObject","inLanguage":"fr-FR","@id":"https:\/\/bladnanews.com\/arbeloa-relives-ancelotti-and-alonso-nightmare-at-real-madrid\/#primaryimage","url":"https:\/\/bladnanews.com\/wp-content\/uploads\/2026\/04\/GettyImages-2271859609-1.jpg-1.jpg","contentUrl":"https:\/\/bladnanews.com\/wp-content\/uploads\/2026\/04\/GettyImages-2271859609-1.jpg-1.jpg","width":1248,"height":702,"caption":"Moroccan sports coach deep in thought during a match, showcasing strategic planning and leadership in Moroccan sports events."},{"@type":"BreadcrumbList","@id":"https:\/\/bladnanews.com\/arbeloa-relives-ancelotti-and-alonso-nightmare-at-real-madrid\/#breadcrumb","itemListElement":[{"@type":"ListItem","position":1,"name":"Home","item":"https:\/\/bladnanews.com\/"},{"@type":"ListItem","position":2,"name":"Arbeloa relives Ancelotti and Alonso nightmare at Real Madrid"}]},{"@type":"WebSite","@id":"https:\/\/mediumseagreen-eel-531711.hostingersite.com\/#website","url":"https:\/\/mediumseagreen-eel-531711.hostingersite.com\/","name":"Bladna News - Maroc","description":"Quand le football marocain rencontre le monde","publisher":{"@id":"https:\/\/mediumseagreen-eel-531711.hostingersite.com\/#organization"},"potentialAction":[{"@type":"SearchAction","target":{"@type":"EntryPoint","urlTemplate":"https:\/\/mediumseagreen-eel-531711.hostingersite.com\/?s={search_term_string}"},"query-input":{"@type":"PropertyValueSpecification","valueRequired":true,"valueName":"search_term_string"}}],"inLanguage":"fr-FR"},{"@type":"Organization","@id":"https:\/\/mediumseagreen-eel-531711.hostingersite.com\/#organization","name":"Bladna News.com","url":"https:\/\/mediumseagreen-eel-531711.hostingersite.com\/","logo":{"@type":"ImageObject","inLanguage":"fr-FR","@id":"https:\/\/mediumseagreen-eel-531711.hostingersite.com\/#\/schema\/logo\/image\/","url":"https:\/\/bladnanews.com\/wp-content\/uploads\/2025\/12\/logo-bladnanews-V2-web-black-red.png","contentUrl":"https:\/\/bladnanews.com\/wp-content\/uploads\/2025\/12\/logo-bladnanews-V2-web-black-red.png","width":703,"height":287,"caption":"Bladna News.com"},"image":{"@id":"https:\/\/mediumseagreen-eel-531711.hostingersite.com\/#\/schema\/logo\/image\/"},"email":"info@bladnanews.com","legalName":"Bladna News"},{"@type":"Person","@id":"https:\/\/mediumseagreen-eel-531711.hostingersite.com\/#\/schema\/person\/268e18a453ab080ebf76df6ef7845083","name":"\u00c9quipe r\u00e9dactionnelle de Bladna News","url":"https:\/\/bladnanews.com\/fr\/author\/bladna-news-staff\/"}]}},"_links":{"self":[{"href":"https:\/\/bladnanews.com\/fr\/wp-json\/wp\/v2\/posts\/10937","targetHints":{"allow":["GET"]}}],"collection":[{"href":"https:\/\/bladnanews.com\/fr\/wp-json\/wp\/v2\/posts"}],"about":[{"href":"https:\/\/bladnanews.com\/fr\/wp-json\/wp\/v2\/types\/post"}],"author":[{"embeddable":true,"href":"https:\/\/bladnanews.com\/fr\/wp-json\/wp\/v2\/users\/3"}],"replies":[{"embeddable":true,"href":"https:\/\/bladnanews.com\/fr\/wp-json\/wp\/v2\/comments?post=10937"}],"version-history":[{"count":0,"href":"https:\/\/bladnanews.com\/fr\/wp-json\/wp\/v2\/posts\/10937\/revisions"}],"wp:featuredmedia":[{"embeddable":true,"href":"https:\/\/bladnanews.com\/fr\/wp-json\/wp\/v2\/media\/10936"}],"wp:attachment":[{"href":"https:\/\/bladnanews.com\/fr\/wp-json\/wp\/v2\/media?parent=10937"}],"wp:term":[{"taxonomy":"category","embeddable":true,"href":"https:\/\/bladnanews.com\/fr\/wp-json\/wp\/v2\/categories?post=10937"},{"taxonomy":"post_tag","embeddable":true,"href":"https:\/\/bladnanews.com\/fr\/wp-json\/wp\/v2\/tags?post=10937"}],"curies":[{"name":"wp","href":"https:\/\/api.w.org\/{rel}","templated":true}]}}