{"id":10945,"date":"2026-04-26T05:49:11","date_gmt":"2026-04-26T05:49:11","guid":{"rendered":"https:\/\/bladnanews.com\/araujo-makes-final-decision-on-leaving-barcelona\/"},"modified":"2026-04-26T05:49:11","modified_gmt":"2026-04-26T05:49:11","slug":"araujo-prend-la-decision-finale-concernant-son-depart-du-barca","status":"publish","type":"post","link":"https:\/\/bladnanews.com\/fr\/araujo-prend-la-decision-finale-concernant-son-depart-du-barca\/","title":{"rendered":"Araujo prend une d\u00e9cision d\u00e9finitive concernant son d\u00e9part du Bar\u00e7a"},"content":{"rendered":"<p>Ronald Araujo a pris sa d\u00e9cision finale concernant son d\u00e9part du FC Barcelone, mettant ainsi fin \u00e0 des semaines de sp\u00e9culations sur son avenir au sein du club.<\/p>\n<p>Le d\u00e9fenseur central uruguayen, qui est devenu un \u00e9l\u00e9ment cl\u00e9 de la d\u00e9fense barcelonaise depuis son int\u00e9gration \u00e0 l'\u00e9quipe premi\u00e8re, a d\u00e9cid\u00e9 de rester au Camp Nou malgr\u00e9 l'int\u00e9r\u00eat de plusieurs grands clubs europ\u00e9ens. Selon des sources proches du joueur, Araujo a communiqu\u00e9 son intention de rester chez les Blaugrana dans un avenir pr\u00e9visible.<\/p>\n<p>Les n\u00e9gociations concernant un nouveau contrat duraient depuis des mois, l'actuel contrat du joueur de 25 ans devant expirer en 2026. Le FC Barcelone avait insist\u00e9 pour obtenir son engagement \u00e0 long terme, et la position r\u00e9cente du joueur ouvre d\u00e9sormais la voie \u00e0 une annonce officielle de prolongation.<\/p>\n<p>La d\u00e9cision d'Araujo intervient apr\u00e8s une p\u00e9riode d'incertitude, durant laquelle il aurait re\u00e7u des offres de clubs de Premier League et d'autres grandes \u00e9quipes europ\u00e9ennes. Cependant, le d\u00e9fenseur a privil\u00e9gi\u00e9 la stabilit\u00e9 sportive et son attachement au club catalan plut\u00f4t qu'un \u00e9ventuel transfert.<\/p>\n<p>La direction du club, men\u00e9e par le pr\u00e9sident Joan Laporta, avait fait de la prolongation d'Araujo une priorit\u00e9 absolue. L'entra\u00eeneur Xavi Hernandez a \u00e9galement jou\u00e9 un r\u00f4le crucial en convainquant le joueur de rester, soulignant son importance dans la structure d\u00e9fensive et le projet \u00e0 long terme de l'\u00e9quipe.<\/p>\n<p>Cette question \u00e9tant d\u00e9sormais r\u00e9gl\u00e9e, le FC Barcelone peut se concentrer sur la finalisation des formalit\u00e9s administratives et l'annonce officielle de la prolongation. Araujo devrait signer un nouveau contrat qui le maintiendra au club au-del\u00e0 de 2026, avec des conditions am\u00e9lior\u00e9es refl\u00e9tant son statut d'atout majeur de l'effectif.<\/p>\n<p>Le d\u00e9fenseur a disput\u00e9 plus de 150 matchs sous le maillot du FC Barcelone depuis ses d\u00e9buts, s'imposant comme un leader en d\u00e9fense. Sa puissance physique, sa lecture du jeu et sa capacit\u00e9 \u00e0 relancer depuis l'arri\u00e8re l'ont rendu indispensable sous la direction de Xavi.<\/p>\n<p>Les supporters du FC Barcelone accueilleront cette nouvelle avec satisfaction, car l'engagement d'Araujo t\u00e9moigne d'une confiance dans la direction du club malgr\u00e9 les difficult\u00e9s financi\u00e8res persistantes. Le joueur lui-m\u00eame a exprim\u00e9 \u00e0 plusieurs reprises son bonheur en Catalogne et son d\u00e9sir de r\u00e9ussir avec l'\u00e9quipe.<\/p>\n<p>Alors que le mercato est encore ouvert, la confirmation de la d\u00e9cision d'Araujo \u00e9limine l'une des plus grandes incertitudes entourant la planification de l'effectif du FC Barcelone pour la saison \u00e0 venir.<\/p>","protected":false},"excerpt":{"rendered":"<p>Ronald Araujo has made his final decision on leaving Barcelona, putting an end to weeks of speculation surrounding his future [&hellip;]<\/p>\n","protected":false},"author":3,"featured_media":10944,"comment_status":"","ping_status":"open","sticky":false,"template":"","format":"standard","meta":{"googlesitekit_rrm_CAow_uzEDA:productID":"","site-sidebar-layout":"default","site-content-layout":"","ast-site-content-layout":"default","site-content-style":"default","site-sidebar-style":"default","ast-global-header-display":"","ast-banner-title-visibility":"","ast-main-header-display":"","ast-hfb-above-header-display":"","ast-hfb-below-header-display":"","ast-hfb-mobile-header-display":"","site-post-title":"","ast-breadcrumbs-content":"","ast-featured-img":"","footer-sml-layout":"","ast-disable-related-posts":"","theme-transparent-header-meta":"","adv-header-id-meta":"","stick-header-meta":"","header-above-stick-meta":"","header-main-stick-meta":"","header-below-stick-meta":"","astra-migrate-meta-layouts":"default","ast-page-background-enabled":"default","ast-page-background-meta":{"desktop":{"background-color":"var(--ast-global-color-5)","background-image":"","background-repeat":"repeat","background-position":"center center","background-size":"auto","background-attachment":"scroll","background-type":"","background-media":"","overlay-type":"","overlay-color":"","overlay-opacity":"","overlay-gradient":""},"tablet":{"background-color":"","background-image":"","background-repeat":"repeat","background-position":"center center","background-size":"auto","background-attachment":"scroll","background-type":"","background-media":"","overlay-type":"","overlay-color":"","overlay-opacity":"","overlay-gradient":""},"mobile":{"background-color":"","background-image":"","background-repeat":"repeat","background-position":"center center","background-size":"auto","background-attachment":"scroll","background-type":"","background-media":"","overlay-type":"","overlay-color":"","overlay-opacity":"","overlay-gradient":""}},"ast-content-background-meta":{"desktop":{"background-color":"var(--ast-global-color-4)","background-image":"","background-repeat":"repeat","background-position":"center center","background-size":"auto","background-attachment":"scroll","background-type":"","background-media":"","overlay-type":"","overlay-color":"","overlay-opacity":"","overlay-gradient":""},"tablet":{"background-color":"var(--ast-global-color-4)","background-image":"","background-repeat":"repeat","background-position":"center center","background-size":"auto","background-attachment":"scroll","background-type":"","background-media":"","overlay-type":"","overlay-color":"","overlay-opacity":"","overlay-gradient":""},"mobile":{"background-color":"var(--ast-global-color-4)","background-image":"","background-repeat":"repeat","background-position":"center center","background-size":"auto","background-attachment":"scroll","background-type":"","background-media":"","overlay-type":"","overlay-color":"","overlay-opacity":"","overlay-gradient":""}},"footnotes":""},"categories":[20,1],"tags":[],"class_list":["post-10945","post","type-post","status-publish","format-standard","has-post-thumbnail","hentry","category-international","category-football-latest-news"],"yoast_head":"<!-- This site is optimized with the Yoast SEO Premium plugin v26.6 (Yoast SEO v27.4) - https:\/\/yoast.com\/product\/yoast-seo-premium-wordpress\/ -->\n<title>Araujo makes final decision on leaving Barcelona - Bladna News<\/title>\n<meta name=\"robots\" content=\"index, follow, max-snippet:-1, max-image-preview:large, max-video-preview:-1\" \/>\n<link rel=\"canonical\" href=\"https:\/\/bladnanews.com\/fr\/araujo-prend-la-decision-finale-concernant-son-depart-du-barca\/\" \/>\n<meta property=\"og:locale\" content=\"fr_FR\" \/>\n<meta property=\"og:type\" content=\"article\" \/>\n<meta property=\"og:title\" content=\"Araujo makes final decision on leaving Barcelona\" \/>\n<meta property=\"og:description\" content=\"Ronald Araujo has made his final decision on leaving Barcelona, putting an end to weeks of speculation surrounding his future [&hellip;]\" \/>\n<meta property=\"og:url\" content=\"https:\/\/bladnanews.com\/fr\/araujo-prend-la-decision-finale-concernant-son-depart-du-barca\/\" \/>\n<meta property=\"og:site_name\" content=\"Bladna News\" \/>\n<meta property=\"article:published_time\" content=\"2026-04-26T05:49:11+00:00\" \/>\n<meta property=\"og:image\" content=\"https:\/\/bladnanews.com\/wp-content\/uploads\/2025\/12\/freepik__bladna-newscom-moroccan-soccer-homepage-banner-mor__41838.png\" \/>\n\t<meta property=\"og:image:width\" content=\"1312\" \/>\n\t<meta property=\"og:image:height\" content=\"736\" \/>\n\t<meta property=\"og:image:type\" content=\"image\/png\" \/>\n<meta name=\"author\" content=\"Bladna News Staff\" \/>\n<meta name=\"twitter:card\" content=\"summary_large_image\" \/>\n<meta name=\"twitter:label1\" content=\"\u00c9crit par\" \/>\n\t<meta name=\"twitter:data1\" content=\"Bladna News Staff\" \/>\n\t<meta name=\"twitter:label2\" content=\"Dur\u00e9e de lecture estim\u00e9e\" \/>\n\t<meta name=\"twitter:data2\" content=\"2 minutes\" \/>\n<script type=\"application\/ld+json\" class=\"yoast-schema-graph\">{\"@context\":\"https:\\\/\\\/schema.org\",\"@graph\":[{\"@type\":\"Article\",\"@id\":\"https:\\\/\\\/bladnanews.com\\\/araujo-makes-final-decision-on-leaving-barcelona\\\/#article\",\"isPartOf\":{\"@id\":\"https:\\\/\\\/bladnanews.com\\\/araujo-makes-final-decision-on-leaving-barcelona\\\/\"},\"author\":{\"name\":\"Bladna News Staff\",\"@id\":\"https:\\\/\\\/mediumseagreen-eel-531711.hostingersite.com\\\/#\\\/schema\\\/person\\\/268e18a453ab080ebf76df6ef7845083\"},\"headline\":\"Araujo makes final decision on leaving Barcelona\",\"datePublished\":\"2026-04-26T05:49:11+00:00\",\"mainEntityOfPage\":{\"@id\":\"https:\\\/\\\/bladnanews.com\\\/araujo-makes-final-decision-on-leaving-barcelona\\\/\"},\"wordCount\":368,\"publisher\":{\"@id\":\"https:\\\/\\\/mediumseagreen-eel-531711.hostingersite.com\\\/#organization\"},\"image\":{\"@id\":\"https:\\\/\\\/bladnanews.com\\\/araujo-makes-final-decision-on-leaving-barcelona\\\/#primaryimage\"},\"thumbnailUrl\":\"https:\\\/\\\/bladnanews.com\\\/wp-content\\\/uploads\\\/2026\\\/04\\\/GettyImages-2270500133.jpg-scaled.jpg\",\"articleSection\":[\"International\",\"Latest News\"],\"inLanguage\":\"fr-FR\",\"copyrightYear\":\"2026\",\"copyrightHolder\":{\"@id\":\"https:\\\/\\\/bladnanews.com\\\/fr\\\/#organization\"}},{\"@type\":\"WebPage\",\"@id\":\"https:\\\/\\\/bladnanews.com\\\/araujo-makes-final-decision-on-leaving-barcelona\\\/\",\"url\":\"https:\\\/\\\/bladnanews.com\\\/araujo-makes-final-decision-on-leaving-barcelona\\\/\",\"name\":\"Araujo makes final decision on leaving Barcelona - Bladna News\",\"isPartOf\":{\"@id\":\"https:\\\/\\\/mediumseagreen-eel-531711.hostingersite.com\\\/#website\"},\"primaryImageOfPage\":{\"@id\":\"https:\\\/\\\/bladnanews.com\\\/araujo-makes-final-decision-on-leaving-barcelona\\\/#primaryimage\"},\"image\":{\"@id\":\"https:\\\/\\\/bladnanews.com\\\/araujo-makes-final-decision-on-leaving-barcelona\\\/#primaryimage\"},\"thumbnailUrl\":\"https:\\\/\\\/bladnanews.com\\\/wp-content\\\/uploads\\\/2026\\\/04\\\/GettyImages-2270500133.jpg-scaled.jpg\",\"datePublished\":\"2026-04-26T05:49:11+00:00\",\"breadcrumb\":{\"@id\":\"https:\\\/\\\/bladnanews.com\\\/araujo-makes-final-decision-on-leaving-barcelona\\\/#breadcrumb\"},\"inLanguage\":\"fr-FR\",\"potentialAction\":[{\"@type\":\"ReadAction\",\"target\":[\"https:\\\/\\\/bladnanews.com\\\/araujo-makes-final-decision-on-leaving-barcelona\\\/\"]}]},{\"@type\":\"ImageObject\",\"inLanguage\":\"fr-FR\",\"@id\":\"https:\\\/\\\/bladnanews.com\\\/araujo-makes-final-decision-on-leaving-barcelona\\\/#primaryimage\",\"url\":\"https:\\\/\\\/bladnanews.com\\\/wp-content\\\/uploads\\\/2026\\\/04\\\/GettyImages-2270500133.jpg-scaled.jpg\",\"contentUrl\":\"https:\\\/\\\/bladnanews.com\\\/wp-content\\\/uploads\\\/2026\\\/04\\\/GettyImages-2270500133.jpg-scaled.jpg\",\"width\":2560,\"height\":1440,\"caption\":\"Morocco soccer player wearing team jersey during a match, showcasing athleticism and focus on the field.\"},{\"@type\":\"BreadcrumbList\",\"@id\":\"https:\\\/\\\/bladnanews.com\\\/araujo-makes-final-decision-on-leaving-barcelona\\\/#breadcrumb\",\"itemListElement\":[{\"@type\":\"ListItem\",\"position\":1,\"name\":\"Home\",\"item\":\"https:\\\/\\\/bladnanews.com\\\/\"},{\"@type\":\"ListItem\",\"position\":2,\"name\":\"Araujo makes final decision on leaving Barcelona\"}]},{\"@type\":\"WebSite\",\"@id\":\"https:\\\/\\\/mediumseagreen-eel-531711.hostingersite.com\\\/#website\",\"url\":\"https:\\\/\\\/mediumseagreen-eel-531711.hostingersite.com\\\/\",\"name\":\"Bladna News - Morocco\",\"description\":\"Where Moroccan Football Meets the World\",\"publisher\":{\"@id\":\"https:\\\/\\\/mediumseagreen-eel-531711.hostingersite.com\\\/#organization\"},\"potentialAction\":[{\"@type\":\"SearchAction\",\"target\":{\"@type\":\"EntryPoint\",\"urlTemplate\":\"https:\\\/\\\/mediumseagreen-eel-531711.hostingersite.com\\\/?s={search_term_string}\"},\"query-input\":{\"@type\":\"PropertyValueSpecification\",\"valueRequired\":true,\"valueName\":\"search_term_string\"}}],\"inLanguage\":\"fr-FR\"},{\"@type\":\"Organization\",\"@id\":\"https:\\\/\\\/mediumseagreen-eel-531711.hostingersite.com\\\/#organization\",\"name\":\"Bladna News.com\",\"url\":\"https:\\\/\\\/mediumseagreen-eel-531711.hostingersite.com\\\/\",\"logo\":{\"@type\":\"ImageObject\",\"inLanguage\":\"fr-FR\",\"@id\":\"https:\\\/\\\/mediumseagreen-eel-531711.hostingersite.com\\\/#\\\/schema\\\/logo\\\/image\\\/\",\"url\":\"https:\\\/\\\/bladnanews.com\\\/wp-content\\\/uploads\\\/2025\\\/12\\\/logo-bladnanews-V2-web-black-red.png\",\"contentUrl\":\"https:\\\/\\\/bladnanews.com\\\/wp-content\\\/uploads\\\/2025\\\/12\\\/logo-bladnanews-V2-web-black-red.png\",\"width\":703,\"height\":287,\"caption\":\"Bladna News.com\"},\"image\":{\"@id\":\"https:\\\/\\\/mediumseagreen-eel-531711.hostingersite.com\\\/#\\\/schema\\\/logo\\\/image\\\/\"},\"email\":\"info@bladnanews.com\",\"legalName\":\"Bladna News\"},{\"@type\":\"Person\",\"@id\":\"https:\\\/\\\/mediumseagreen-eel-531711.hostingersite.com\\\/#\\\/schema\\\/person\\\/268e18a453ab080ebf76df6ef7845083\",\"name\":\"Bladna News Staff\",\"url\":\"https:\\\/\\\/bladnanews.com\\\/fr\\\/author\\\/bladna-news-staff\\\/\"}]}<\/script>\n<!-- \/ Yoast SEO Premium plugin. -->","yoast_head_json":{"title":"Araujo prend une d\u00e9cision finale concernant son d\u00e9part du Bar\u00e7a - Bladna News","robots":{"index":"index","follow":"follow","max-snippet":"max-snippet:-1","max-image-preview":"max-image-preview:large","max-video-preview":"max-video-preview:-1"},"canonical":"https:\/\/bladnanews.com\/fr\/araujo-prend-la-decision-finale-concernant-son-depart-du-barca\/","og_locale":"fr_FR","og_type":"article","og_title":"Araujo makes final decision on leaving Barcelona","og_description":"Ronald Araujo has made his final decision on leaving Barcelona, putting an end to weeks of speculation surrounding his future [&hellip;]","og_url":"https:\/\/bladnanews.com\/fr\/araujo-prend-la-decision-finale-concernant-son-depart-du-barca\/","og_site_name":"Bladna News","article_published_time":"2026-04-26T05:49:11+00:00","og_image":[{"width":1312,"height":736,"url":"https:\/\/bladnanews.com\/wp-content\/uploads\/2025\/12\/freepik__bladna-newscom-moroccan-soccer-homepage-banner-mor__41838.png","type":"image\/png"}],"author":"Bladna News Staff","twitter_card":"summary_large_image","twitter_misc":{"\u00c9crit par":"Bladna News Staff","Dur\u00e9e de lecture estim\u00e9e":"2 minutes"},"schema":{"@context":"https:\/\/schema.org","@graph":[{"@type":"Article","@id":"https:\/\/bladnanews.com\/araujo-makes-final-decision-on-leaving-barcelona\/#article","isPartOf":{"@id":"https:\/\/bladnanews.com\/araujo-makes-final-decision-on-leaving-barcelona\/"},"author":{"name":"Bladna News Staff","@id":"https:\/\/mediumseagreen-eel-531711.hostingersite.com\/#\/schema\/person\/268e18a453ab080ebf76df6ef7845083"},"headline":"Araujo makes final decision on leaving Barcelona","datePublished":"2026-04-26T05:49:11+00:00","mainEntityOfPage":{"@id":"https:\/\/bladnanews.com\/araujo-makes-final-decision-on-leaving-barcelona\/"},"wordCount":368,"publisher":{"@id":"https:\/\/mediumseagreen-eel-531711.hostingersite.com\/#organization"},"image":{"@id":"https:\/\/bladnanews.com\/araujo-makes-final-decision-on-leaving-barcelona\/#primaryimage"},"thumbnailUrl":"https:\/\/bladnanews.com\/wp-content\/uploads\/2026\/04\/GettyImages-2270500133.jpg-scaled.jpg","articleSection":["International","Latest News"],"inLanguage":"fr-FR","copyrightYear":"2026","copyrightHolder":{"@id":"https:\/\/bladnanews.com\/fr\/#organization"}},{"@type":"WebPage","@id":"https:\/\/bladnanews.com\/araujo-makes-final-decision-on-leaving-barcelona\/","url":"https:\/\/bladnanews.com\/araujo-makes-final-decision-on-leaving-barcelona\/","name":"Araujo prend une d\u00e9cision finale concernant son d\u00e9part du Bar\u00e7a - Bladna News","isPartOf":{"@id":"https:\/\/mediumseagreen-eel-531711.hostingersite.com\/#website"},"primaryImageOfPage":{"@id":"https:\/\/bladnanews.com\/araujo-makes-final-decision-on-leaving-barcelona\/#primaryimage"},"image":{"@id":"https:\/\/bladnanews.com\/araujo-makes-final-decision-on-leaving-barcelona\/#primaryimage"},"thumbnailUrl":"https:\/\/bladnanews.com\/wp-content\/uploads\/2026\/04\/GettyImages-2270500133.jpg-scaled.jpg","datePublished":"2026-04-26T05:49:11+00:00","breadcrumb":{"@id":"https:\/\/bladnanews.com\/araujo-makes-final-decision-on-leaving-barcelona\/#breadcrumb"},"inLanguage":"fr-FR","potentialAction":[{"@type":"ReadAction","target":["https:\/\/bladnanews.com\/araujo-makes-final-decision-on-leaving-barcelona\/"]}]},{"@type":"ImageObject","inLanguage":"fr-FR","@id":"https:\/\/bladnanews.com\/araujo-makes-final-decision-on-leaving-barcelona\/#primaryimage","url":"https:\/\/bladnanews.com\/wp-content\/uploads\/2026\/04\/GettyImages-2270500133.jpg-scaled.jpg","contentUrl":"https:\/\/bladnanews.com\/wp-content\/uploads\/2026\/04\/GettyImages-2270500133.jpg-scaled.jpg","width":2560,"height":1440,"caption":"Morocco soccer player wearing team jersey during a match, showcasing athleticism and focus on the field."},{"@type":"BreadcrumbList","@id":"https:\/\/bladnanews.com\/araujo-makes-final-decision-on-leaving-barcelona\/#breadcrumb","itemListElement":[{"@type":"ListItem","position":1,"name":"Home","item":"https:\/\/bladnanews.com\/"},{"@type":"ListItem","position":2,"name":"Araujo makes final decision on leaving Barcelona"}]},{"@type":"WebSite","@id":"https:\/\/mediumseagreen-eel-531711.hostingersite.com\/#website","url":"https:\/\/mediumseagreen-eel-531711.hostingersite.com\/","name":"Bladna News - Maroc","description":"Quand le football marocain rencontre le monde","publisher":{"@id":"https:\/\/mediumseagreen-eel-531711.hostingersite.com\/#organization"},"potentialAction":[{"@type":"SearchAction","target":{"@type":"EntryPoint","urlTemplate":"https:\/\/mediumseagreen-eel-531711.hostingersite.com\/?s={search_term_string}"},"query-input":{"@type":"PropertyValueSpecification","valueRequired":true,"valueName":"search_term_string"}}],"inLanguage":"fr-FR"},{"@type":"Organization","@id":"https:\/\/mediumseagreen-eel-531711.hostingersite.com\/#organization","name":"Bladna News.com","url":"https:\/\/mediumseagreen-eel-531711.hostingersite.com\/","logo":{"@type":"ImageObject","inLanguage":"fr-FR","@id":"https:\/\/mediumseagreen-eel-531711.hostingersite.com\/#\/schema\/logo\/image\/","url":"https:\/\/bladnanews.com\/wp-content\/uploads\/2025\/12\/logo-bladnanews-V2-web-black-red.png","contentUrl":"https:\/\/bladnanews.com\/wp-content\/uploads\/2025\/12\/logo-bladnanews-V2-web-black-red.png","width":703,"height":287,"caption":"Bladna News.com"},"image":{"@id":"https:\/\/mediumseagreen-eel-531711.hostingersite.com\/#\/schema\/logo\/image\/"},"email":"info@bladnanews.com","legalName":"Bladna News"},{"@type":"Person","@id":"https:\/\/mediumseagreen-eel-531711.hostingersite.com\/#\/schema\/person\/268e18a453ab080ebf76df6ef7845083","name":"\u00c9quipe r\u00e9dactionnelle de Bladna News","url":"https:\/\/bladnanews.com\/fr\/author\/bladna-news-staff\/"}]}},"_links":{"self":[{"href":"https:\/\/bladnanews.com\/fr\/wp-json\/wp\/v2\/posts\/10945","targetHints":{"allow":["GET"]}}],"collection":[{"href":"https:\/\/bladnanews.com\/fr\/wp-json\/wp\/v2\/posts"}],"about":[{"href":"https:\/\/bladnanews.com\/fr\/wp-json\/wp\/v2\/types\/post"}],"author":[{"embeddable":true,"href":"https:\/\/bladnanews.com\/fr\/wp-json\/wp\/v2\/users\/3"}],"replies":[{"embeddable":true,"href":"https:\/\/bladnanews.com\/fr\/wp-json\/wp\/v2\/comments?post=10945"}],"version-history":[{"count":0,"href":"https:\/\/bladnanews.com\/fr\/wp-json\/wp\/v2\/posts\/10945\/revisions"}],"wp:featuredmedia":[{"embeddable":true,"href":"https:\/\/bladnanews.com\/fr\/wp-json\/wp\/v2\/media\/10944"}],"wp:attachment":[{"href":"https:\/\/bladnanews.com\/fr\/wp-json\/wp\/v2\/media?parent=10945"}],"wp:term":[{"taxonomy":"category","embeddable":true,"href":"https:\/\/bladnanews.com\/fr\/wp-json\/wp\/v2\/categories?post=10945"},{"taxonomy":"post_tag","embeddable":true,"href":"https:\/\/bladnanews.com\/fr\/wp-json\/wp\/v2\/tags?post=10945"}],"curies":[{"name":"wp","href":"https:\/\/api.w.org\/{rel}","templated":true}]}}