{"id":1095,"date":"2026-01-01T12:59:39","date_gmt":"2026-01-01T12:59:39","guid":{"rendered":"https:\/\/bladnanews.com\/?p=1095"},"modified":"2026-01-01T12:59:39","modified_gmt":"2026-01-01T12:59:39","slug":"lentraineur-de-lespagne-explique-labsence-dibrahim-diaz-de-la-roja","status":"publish","type":"post","link":"https:\/\/bladnanews.com\/fr\/lentraineur-de-lespagne-explique-labsence-dibrahim-diaz-de-la-roja\/","title":{"rendered":"L'entra\u00eeneur de l'Espagne explique l'absence d'Ibrahim Diaz de La Roja"},"content":{"rendered":"<p>Le s\u00e9lectionneur espagnol Luis de la Fuente s'est exprim\u00e9 sur les discussions concernant Ibrahim Diaz et la possibilit\u00e9 que \u201cLa Roja\u201d perde le joueur, apr\u00e8s que le milieu de terrain du Real Madrid a choisi de repr\u00e9senter le Maroc.<\/p>\n<p>De la Fuente a clairement indiqu\u00e9 que le staff de l'\u00e9quipe nationale n'a pas tourn\u00e9 le dos \u00e0 Diaz, soulignant que le joueur a toujours \u00e9t\u00e9 suivi et consid\u00e9r\u00e9, comme beaucoup d'autres \u00e0 son poste.<\/p>\n<p>Il a expliqu\u00e9 que le staff technique espagnol suit une large liste de joueurs, mais que la s\u00e9lection d\u00e9pend des besoins de l'\u00e9quipe \u00e0 chaque tr\u00eave internationale, de la forme des joueurs et de la concurrence \u00e0 chaque poste.<\/p>\n<p>Le s\u00e9lectionneur a \u00e9galement soulign\u00e9 que Diaz a fait son propre choix concernant son avenir international, et que l'Espagne respecte cette d\u00e9cision, tout en continuant de se concentrer sur les joueurs faisant partie du projet actuel.<\/p>\n<p>Les d\u00e9clarations de De la Fuente interviennent alors que Diaz s'est impos\u00e9 comme un \u00e9l\u00e9ment important au Real Madrid cette saison, et apr\u00e8s qu'il a \u00e9t\u00e9 r\u00e9v\u00e9l\u00e9 que le joueur avait finalis\u00e9 son changement pour le Maroc, mettant fin au d\u00e9bat sur son avenir en s\u00e9lection.<\/p>","protected":false},"excerpt":{"rendered":"<p>Spain coach Luis de la Fuente has addressed the talk around Ibrahim Diaz and the possibility of \u201cLa Roja\u201d losing [&hellip;]<\/p>\n","protected":false},"author":4,"featured_media":1094,"comment_status":"closed","ping_status":"open","sticky":false,"template":"","format":"standard","meta":{"googlesitekit_rrm_CAow_uzEDA:productID":"","site-sidebar-layout":"default","site-content-layout":"","ast-site-content-layout":"default","site-content-style":"default","site-sidebar-style":"default","ast-global-header-display":"","ast-banner-title-visibility":"","ast-main-header-display":"","ast-hfb-above-header-display":"","ast-hfb-below-header-display":"","ast-hfb-mobile-header-display":"","site-post-title":"","ast-breadcrumbs-content":"","ast-featured-img":"","footer-sml-layout":"","ast-disable-related-posts":"","theme-transparent-header-meta":"","adv-header-id-meta":"","stick-header-meta":"","header-above-stick-meta":"","header-main-stick-meta":"","header-below-stick-meta":"","astra-migrate-meta-layouts":"default","ast-page-background-enabled":"default","ast-page-background-meta":{"desktop":{"background-color":"var(--ast-global-color-5)","background-image":"","background-repeat":"repeat","background-position":"center center","background-size":"auto","background-attachment":"scroll","background-type":"","background-media":"","overlay-type":"","overlay-color":"","overlay-opacity":"","overlay-gradient":""},"tablet":{"background-color":"","background-image":"","background-repeat":"repeat","background-position":"center center","background-size":"auto","background-attachment":"scroll","background-type":"","background-media":"","overlay-type":"","overlay-color":"","overlay-opacity":"","overlay-gradient":""},"mobile":{"background-color":"","background-image":"","background-repeat":"repeat","background-position":"center center","background-size":"auto","background-attachment":"scroll","background-type":"","background-media":"","overlay-type":"","overlay-color":"","overlay-opacity":"","overlay-gradient":""}},"ast-content-background-meta":{"desktop":{"background-color":"var(--ast-global-color-4)","background-image":"","background-repeat":"repeat","background-position":"center center","background-size":"auto","background-attachment":"scroll","background-type":"","background-media":"","overlay-type":"","overlay-color":"","overlay-opacity":"","overlay-gradient":""},"tablet":{"background-color":"var(--ast-global-color-4)","background-image":"","background-repeat":"repeat","background-position":"center center","background-size":"auto","background-attachment":"scroll","background-type":"","background-media":"","overlay-type":"","overlay-color":"","overlay-opacity":"","overlay-gradient":""},"mobile":{"background-color":"var(--ast-global-color-4)","background-image":"","background-repeat":"repeat","background-position":"center center","background-size":"auto","background-attachment":"scroll","background-type":"","background-media":"","overlay-type":"","overlay-color":"","overlay-opacity":"","overlay-gradient":""}},"footnotes":""},"categories":[1,168],"tags":[],"class_list":["post-1095","post","type-post","status-publish","format-standard","has-post-thumbnail","hentry","category-football-latest-news","category-morocco-national-team"],"yoast_head":"<!-- This site is optimized with the Yoast SEO Premium plugin v26.6 (Yoast SEO v27.5) - https:\/\/yoast.com\/product\/yoast-seo-premium-wordpress\/ -->\n<title>Spain Coach Explains Ibrahim Diaz Omission from La Roja - Bladna News<\/title>\n<meta name=\"robots\" content=\"index, follow, max-snippet:-1, max-image-preview:large, max-video-preview:-1\" \/>\n<link rel=\"canonical\" href=\"https:\/\/bladnanews.com\/fr\/lentraineur-de-lespagne-explique-labsence-dibrahim-diaz-de-la-roja\/\" \/>\n<meta property=\"og:locale\" content=\"fr_FR\" \/>\n<meta property=\"og:type\" content=\"article\" \/>\n<meta property=\"og:title\" content=\"Spain Coach Explains Ibrahim Diaz Omission from La Roja\" \/>\n<meta property=\"og:description\" content=\"Spain coach Luis de la Fuente has addressed the talk around Ibrahim Diaz and the possibility of \u201cLa Roja\u201d losing [&hellip;]\" \/>\n<meta property=\"og:url\" content=\"https:\/\/bladnanews.com\/fr\/lentraineur-de-lespagne-explique-labsence-dibrahim-diaz-de-la-roja\/\" \/>\n<meta property=\"og:site_name\" content=\"Bladna News\" \/>\n<meta property=\"article:published_time\" content=\"2026-01-01T12:59:39+00:00\" \/>\n<meta property=\"og:image\" content=\"https:\/\/bladnanews.com\/wp-content\/uploads\/2026\/01\/1000183995_1767257060.webp\" \/>\n\t<meta property=\"og:image:width\" content=\"860\" \/>\n\t<meta property=\"og:image:height\" content=\"483\" \/>\n\t<meta property=\"og:image:type\" content=\"image\/webp\" \/>\n<meta name=\"author\" content=\"Bladna Sports Desk\" \/>\n<meta name=\"twitter:card\" content=\"summary_large_image\" \/>\n<meta name=\"twitter:label1\" content=\"\u00c9crit par\" \/>\n\t<meta name=\"twitter:data1\" content=\"Bladna Sports Desk\" \/>\n\t<meta name=\"twitter:label2\" content=\"Dur\u00e9e de lecture estim\u00e9e\" \/>\n\t<meta name=\"twitter:data2\" content=\"1 minute\" \/>\n<script type=\"application\/ld+json\" class=\"yoast-schema-graph\">{\"@context\":\"https:\\\/\\\/schema.org\",\"@graph\":[{\"@type\":\"Article\",\"@id\":\"https:\\\/\\\/bladnanews.com\\\/spain-coach-explains-ibrahim-diaz-omission-from-la-roja\\\/#article\",\"isPartOf\":{\"@id\":\"https:\\\/\\\/bladnanews.com\\\/spain-coach-explains-ibrahim-diaz-omission-from-la-roja\\\/\"},\"author\":{\"name\":\"Bladna Sports Desk\",\"@id\":\"https:\\\/\\\/mediumseagreen-eel-531711.hostingersite.com\\\/#\\\/schema\\\/person\\\/6712b38fabe810f7eb8d15ed30d90f1e\"},\"headline\":\"Spain Coach Explains Ibrahim Diaz Omission from La Roja\",\"datePublished\":\"2026-01-01T12:59:39+00:00\",\"mainEntityOfPage\":{\"@id\":\"https:\\\/\\\/bladnanews.com\\\/spain-coach-explains-ibrahim-diaz-omission-from-la-roja\\\/\"},\"wordCount\":183,\"publisher\":{\"@id\":\"https:\\\/\\\/mediumseagreen-eel-531711.hostingersite.com\\\/#organization\"},\"image\":{\"@id\":\"https:\\\/\\\/bladnanews.com\\\/spain-coach-explains-ibrahim-diaz-omission-from-la-roja\\\/#primaryimage\"},\"thumbnailUrl\":\"https:\\\/\\\/bladnanews.com\\\/wp-content\\\/uploads\\\/2026\\\/01\\\/1000183995_1767257060.webp\",\"articleSection\":[\"Latest News\",\"Morocco National Team\"],\"inLanguage\":\"fr-FR\",\"copyrightYear\":\"2026\",\"copyrightHolder\":{\"@id\":\"https:\\\/\\\/bladnanews.com\\\/fr\\\/#organization\"}},{\"@type\":\"WebPage\",\"@id\":\"https:\\\/\\\/bladnanews.com\\\/spain-coach-explains-ibrahim-diaz-omission-from-la-roja\\\/\",\"url\":\"https:\\\/\\\/bladnanews.com\\\/spain-coach-explains-ibrahim-diaz-omission-from-la-roja\\\/\",\"name\":\"Spain Coach Explains Ibrahim Diaz Omission from La Roja - Bladna News\",\"isPartOf\":{\"@id\":\"https:\\\/\\\/mediumseagreen-eel-531711.hostingersite.com\\\/#website\"},\"primaryImageOfPage\":{\"@id\":\"https:\\\/\\\/bladnanews.com\\\/spain-coach-explains-ibrahim-diaz-omission-from-la-roja\\\/#primaryimage\"},\"image\":{\"@id\":\"https:\\\/\\\/bladnanews.com\\\/spain-coach-explains-ibrahim-diaz-omission-from-la-roja\\\/#primaryimage\"},\"thumbnailUrl\":\"https:\\\/\\\/bladnanews.com\\\/wp-content\\\/uploads\\\/2026\\\/01\\\/1000183995_1767257060.webp\",\"datePublished\":\"2026-01-01T12:59:39+00:00\",\"breadcrumb\":{\"@id\":\"https:\\\/\\\/bladnanews.com\\\/spain-coach-explains-ibrahim-diaz-omission-from-la-roja\\\/#breadcrumb\"},\"inLanguage\":\"fr-FR\",\"potentialAction\":[{\"@type\":\"ReadAction\",\"target\":[\"https:\\\/\\\/bladnanews.com\\\/spain-coach-explains-ibrahim-diaz-omission-from-la-roja\\\/\"]}]},{\"@type\":\"ImageObject\",\"inLanguage\":\"fr-FR\",\"@id\":\"https:\\\/\\\/bladnanews.com\\\/spain-coach-explains-ibrahim-diaz-omission-from-la-roja\\\/#primaryimage\",\"url\":\"https:\\\/\\\/bladnanews.com\\\/wp-content\\\/uploads\\\/2026\\\/01\\\/1000183995_1767257060.webp\",\"contentUrl\":\"https:\\\/\\\/bladnanews.com\\\/wp-content\\\/uploads\\\/2026\\\/01\\\/1000183995_1767257060.webp\",\"width\":860,\"height\":483},{\"@type\":\"BreadcrumbList\",\"@id\":\"https:\\\/\\\/bladnanews.com\\\/spain-coach-explains-ibrahim-diaz-omission-from-la-roja\\\/#breadcrumb\",\"itemListElement\":[{\"@type\":\"ListItem\",\"position\":1,\"name\":\"Home\",\"item\":\"https:\\\/\\\/bladnanews.com\\\/\"},{\"@type\":\"ListItem\",\"position\":2,\"name\":\"Spain Coach Explains Ibrahim Diaz Omission from La Roja\"}]},{\"@type\":\"WebSite\",\"@id\":\"https:\\\/\\\/mediumseagreen-eel-531711.hostingersite.com\\\/#website\",\"url\":\"https:\\\/\\\/mediumseagreen-eel-531711.hostingersite.com\\\/\",\"name\":\"Bladna News - Morocco\",\"description\":\"Where Moroccan Football Meets the World\",\"publisher\":{\"@id\":\"https:\\\/\\\/mediumseagreen-eel-531711.hostingersite.com\\\/#organization\"},\"potentialAction\":[{\"@type\":\"SearchAction\",\"target\":{\"@type\":\"EntryPoint\",\"urlTemplate\":\"https:\\\/\\\/mediumseagreen-eel-531711.hostingersite.com\\\/?s={search_term_string}\"},\"query-input\":{\"@type\":\"PropertyValueSpecification\",\"valueRequired\":true,\"valueName\":\"search_term_string\"}}],\"inLanguage\":\"fr-FR\"},{\"@type\":\"Organization\",\"@id\":\"https:\\\/\\\/mediumseagreen-eel-531711.hostingersite.com\\\/#organization\",\"name\":\"Bladna News.com\",\"url\":\"https:\\\/\\\/mediumseagreen-eel-531711.hostingersite.com\\\/\",\"logo\":{\"@type\":\"ImageObject\",\"inLanguage\":\"fr-FR\",\"@id\":\"https:\\\/\\\/mediumseagreen-eel-531711.hostingersite.com\\\/#\\\/schema\\\/logo\\\/image\\\/\",\"url\":\"https:\\\/\\\/bladnanews.com\\\/wp-content\\\/uploads\\\/2025\\\/12\\\/logo-bladnanews-V2-web-black-red.png\",\"contentUrl\":\"https:\\\/\\\/bladnanews.com\\\/wp-content\\\/uploads\\\/2025\\\/12\\\/logo-bladnanews-V2-web-black-red.png\",\"width\":703,\"height\":287,\"caption\":\"Bladna News.com\"},\"image\":{\"@id\":\"https:\\\/\\\/mediumseagreen-eel-531711.hostingersite.com\\\/#\\\/schema\\\/logo\\\/image\\\/\"},\"email\":\"info@bladnanews.com\",\"legalName\":\"Bladna News\"},{\"@type\":\"Person\",\"@id\":\"https:\\\/\\\/mediumseagreen-eel-531711.hostingersite.com\\\/#\\\/schema\\\/person\\\/6712b38fabe810f7eb8d15ed30d90f1e\",\"name\":\"Bladna Sports Desk\",\"url\":\"https:\\\/\\\/bladnanews.com\\\/fr\\\/author\\\/bladna-sports-desk\\\/\"}]}<\/script>\n<!-- \/ Yoast SEO Premium plugin. -->","yoast_head_json":{"title":"L'entra\u00eeneur de l'Espagne explique l'absence d'Ibrahim Diaz de La Roja - Bladna News","robots":{"index":"index","follow":"follow","max-snippet":"max-snippet:-1","max-image-preview":"max-image-preview:large","max-video-preview":"max-video-preview:-1"},"canonical":"https:\/\/bladnanews.com\/fr\/lentraineur-de-lespagne-explique-labsence-dibrahim-diaz-de-la-roja\/","og_locale":"fr_FR","og_type":"article","og_title":"Spain Coach Explains Ibrahim Diaz Omission from La Roja","og_description":"Spain coach Luis de la Fuente has addressed the talk around Ibrahim Diaz and the possibility of \u201cLa Roja\u201d losing [&hellip;]","og_url":"https:\/\/bladnanews.com\/fr\/lentraineur-de-lespagne-explique-labsence-dibrahim-diaz-de-la-roja\/","og_site_name":"Bladna News","article_published_time":"2026-01-01T12:59:39+00:00","og_image":[{"width":860,"height":483,"url":"https:\/\/bladnanews.com\/wp-content\/uploads\/2026\/01\/1000183995_1767257060.webp","type":"image\/webp"}],"author":"Bladna Sports Desk","twitter_card":"summary_large_image","twitter_misc":{"\u00c9crit par":"Bladna Sports Desk","Dur\u00e9e de lecture estim\u00e9e":"1 minute"},"schema":{"@context":"https:\/\/schema.org","@graph":[{"@type":"Article","@id":"https:\/\/bladnanews.com\/spain-coach-explains-ibrahim-diaz-omission-from-la-roja\/#article","isPartOf":{"@id":"https:\/\/bladnanews.com\/spain-coach-explains-ibrahim-diaz-omission-from-la-roja\/"},"author":{"name":"Bladna Sports Desk","@id":"https:\/\/mediumseagreen-eel-531711.hostingersite.com\/#\/schema\/person\/6712b38fabe810f7eb8d15ed30d90f1e"},"headline":"Spain Coach Explains Ibrahim Diaz Omission from La Roja","datePublished":"2026-01-01T12:59:39+00:00","mainEntityOfPage":{"@id":"https:\/\/bladnanews.com\/spain-coach-explains-ibrahim-diaz-omission-from-la-roja\/"},"wordCount":183,"publisher":{"@id":"https:\/\/mediumseagreen-eel-531711.hostingersite.com\/#organization"},"image":{"@id":"https:\/\/bladnanews.com\/spain-coach-explains-ibrahim-diaz-omission-from-la-roja\/#primaryimage"},"thumbnailUrl":"https:\/\/bladnanews.com\/wp-content\/uploads\/2026\/01\/1000183995_1767257060.webp","articleSection":["Latest News","Morocco National Team"],"inLanguage":"fr-FR","copyrightYear":"2026","copyrightHolder":{"@id":"https:\/\/bladnanews.com\/fr\/#organization"}},{"@type":"WebPage","@id":"https:\/\/bladnanews.com\/spain-coach-explains-ibrahim-diaz-omission-from-la-roja\/","url":"https:\/\/bladnanews.com\/spain-coach-explains-ibrahim-diaz-omission-from-la-roja\/","name":"L'entra\u00eeneur de l'Espagne explique l'absence d'Ibrahim Diaz de La Roja - Bladna News","isPartOf":{"@id":"https:\/\/mediumseagreen-eel-531711.hostingersite.com\/#website"},"primaryImageOfPage":{"@id":"https:\/\/bladnanews.com\/spain-coach-explains-ibrahim-diaz-omission-from-la-roja\/#primaryimage"},"image":{"@id":"https:\/\/bladnanews.com\/spain-coach-explains-ibrahim-diaz-omission-from-la-roja\/#primaryimage"},"thumbnailUrl":"https:\/\/bladnanews.com\/wp-content\/uploads\/2026\/01\/1000183995_1767257060.webp","datePublished":"2026-01-01T12:59:39+00:00","breadcrumb":{"@id":"https:\/\/bladnanews.com\/spain-coach-explains-ibrahim-diaz-omission-from-la-roja\/#breadcrumb"},"inLanguage":"fr-FR","potentialAction":[{"@type":"ReadAction","target":["https:\/\/bladnanews.com\/spain-coach-explains-ibrahim-diaz-omission-from-la-roja\/"]}]},{"@type":"ImageObject","inLanguage":"fr-FR","@id":"https:\/\/bladnanews.com\/spain-coach-explains-ibrahim-diaz-omission-from-la-roja\/#primaryimage","url":"https:\/\/bladnanews.com\/wp-content\/uploads\/2026\/01\/1000183995_1767257060.webp","contentUrl":"https:\/\/bladnanews.com\/wp-content\/uploads\/2026\/01\/1000183995_1767257060.webp","width":860,"height":483},{"@type":"BreadcrumbList","@id":"https:\/\/bladnanews.com\/spain-coach-explains-ibrahim-diaz-omission-from-la-roja\/#breadcrumb","itemListElement":[{"@type":"ListItem","position":1,"name":"Home","item":"https:\/\/bladnanews.com\/"},{"@type":"ListItem","position":2,"name":"Spain Coach Explains Ibrahim Diaz Omission from La Roja"}]},{"@type":"WebSite","@id":"https:\/\/mediumseagreen-eel-531711.hostingersite.com\/#website","url":"https:\/\/mediumseagreen-eel-531711.hostingersite.com\/","name":"Bladna News - Maroc","description":"Quand le football marocain rencontre le monde","publisher":{"@id":"https:\/\/mediumseagreen-eel-531711.hostingersite.com\/#organization"},"potentialAction":[{"@type":"SearchAction","target":{"@type":"EntryPoint","urlTemplate":"https:\/\/mediumseagreen-eel-531711.hostingersite.com\/?s={search_term_string}"},"query-input":{"@type":"PropertyValueSpecification","valueRequired":true,"valueName":"search_term_string"}}],"inLanguage":"fr-FR"},{"@type":"Organization","@id":"https:\/\/mediumseagreen-eel-531711.hostingersite.com\/#organization","name":"Bladna News.com","url":"https:\/\/mediumseagreen-eel-531711.hostingersite.com\/","logo":{"@type":"ImageObject","inLanguage":"fr-FR","@id":"https:\/\/mediumseagreen-eel-531711.hostingersite.com\/#\/schema\/logo\/image\/","url":"https:\/\/bladnanews.com\/wp-content\/uploads\/2025\/12\/logo-bladnanews-V2-web-black-red.png","contentUrl":"https:\/\/bladnanews.com\/wp-content\/uploads\/2025\/12\/logo-bladnanews-V2-web-black-red.png","width":703,"height":287,"caption":"Bladna News.com"},"image":{"@id":"https:\/\/mediumseagreen-eel-531711.hostingersite.com\/#\/schema\/logo\/image\/"},"email":"info@bladnanews.com","legalName":"Bladna News"},{"@type":"Person","@id":"https:\/\/mediumseagreen-eel-531711.hostingersite.com\/#\/schema\/person\/6712b38fabe810f7eb8d15ed30d90f1e","name":"Bladna Sports Desk","url":"https:\/\/bladnanews.com\/fr\/author\/bladna-sports-desk\/"}]}},"_links":{"self":[{"href":"https:\/\/bladnanews.com\/fr\/wp-json\/wp\/v2\/posts\/1095","targetHints":{"allow":["GET"]}}],"collection":[{"href":"https:\/\/bladnanews.com\/fr\/wp-json\/wp\/v2\/posts"}],"about":[{"href":"https:\/\/bladnanews.com\/fr\/wp-json\/wp\/v2\/types\/post"}],"author":[{"embeddable":true,"href":"https:\/\/bladnanews.com\/fr\/wp-json\/wp\/v2\/users\/4"}],"replies":[{"embeddable":true,"href":"https:\/\/bladnanews.com\/fr\/wp-json\/wp\/v2\/comments?post=1095"}],"version-history":[{"count":0,"href":"https:\/\/bladnanews.com\/fr\/wp-json\/wp\/v2\/posts\/1095\/revisions"}],"wp:featuredmedia":[{"embeddable":true,"href":"https:\/\/bladnanews.com\/fr\/wp-json\/wp\/v2\/media\/1094"}],"wp:attachment":[{"href":"https:\/\/bladnanews.com\/fr\/wp-json\/wp\/v2\/media?parent=1095"}],"wp:term":[{"taxonomy":"category","embeddable":true,"href":"https:\/\/bladnanews.com\/fr\/wp-json\/wp\/v2\/categories?post=1095"},{"taxonomy":"post_tag","embeddable":true,"href":"https:\/\/bladnanews.com\/fr\/wp-json\/wp\/v2\/tags?post=1095"}],"curies":[{"name":"wp","href":"https:\/\/api.w.org\/{rel}","templated":true}]}}