{"id":10955,"date":"2026-04-26T10:05:21","date_gmt":"2026-04-26T10:05:21","guid":{"rendered":"https:\/\/bladnanews.com\/real-madrid-delivers-decisive-blow-to-player-before-transfer-window\/"},"modified":"2026-04-26T10:05:21","modified_gmt":"2026-04-26T10:05:21","slug":"real-madrid-porte-un-coup-decisif-a-un-joueur-avant-la-fenetre-de-transfert","status":"publish","type":"post","link":"https:\/\/bladnanews.com\/fr\/real-madrid-porte-un-coup-decisif-a-un-joueur-avant-la-fenetre-de-transfert\/","title":{"rendered":"Le Real Madrid porte un coup d\u00e9cisif \u00e0 un joueur avant la fen\u00eatre des transferts"},"content":{"rendered":"<p>Selon des informations confirm\u00e9es en provenance de la capitale espagnole, le Real Madrid a port\u00e9 un coup d\u00e9cisif \u00e0 l\u2019un de ses joueurs \u00e0 l\u2019approche du prochain mercato.<\/p>\n<p>La direction du club a adopt\u00e9 une position ferme concernant l\u2019avenir du joueur, en pr\u00e9cisant qu\u2019aucune n\u00e9gociation ne sera envisag\u00e9e pour son d\u00e9part lors du march\u00e9 hivernal de janvier 2026. Cette d\u00e9cision intervient malgr\u00e9 l\u2019int\u00e9r\u00eat croissant de plusieurs clubs europ\u00e9ens.<\/p>\n<p>Des sources proches du dossier ont r\u00e9v\u00e9l\u00e9 que le joueur esp\u00e9rait un transfert afin d\u2019obtenir plus de temps de jeu. Cependant, l\u2019encadrement technique du Real Madrid le consid\u00e8re comme un \u00e9l\u00e9ment important des plans de l\u2019effectif pour le reste de la saison.<\/p>\n<p>Le joueur, dont le contrat court jusqu\u2019en 2027, a b\u00e9n\u00e9fici\u00e9 d\u2019un temps de jeu limit\u00e9 cette saison. Il n\u2019a d\u00e9but\u00e9 qu\u2019une poign\u00e9e de rencontres toutes comp\u00e9titions confondues, ce qui a g\u00e9n\u00e9r\u00e9 des frustrations en coulisses.<\/p>\n<p>La hi\u00e9rarchie du Real Madrid a officialis\u00e9 cette d\u00e9cision lors d\u2019une r\u00e9union tenue plus t\u00f4t cette semaine. Le club a inform\u00e9 les repr\u00e9sentants du joueur qu\u2019aucune demande de transfert ne serait approuv\u00e9e, fermant ainsi la porte \u00e0 tout d\u00e9part en janvier.<\/p>\n<p>Cette man\u0153uvre du g\u00e9ant espagnol envoie un message clair quant \u00e0 ses intentions. Le club refuse d\u2019affaiblir la profondeur de son effectif en milieu de saison, d\u2019autant plus que l\u2019\u00e9quipe est engag\u00e9e sur plusieurs fronts, notamment la Liga et l\u2019UEFA Champions League.<\/p>\n<p>Le joueur concern\u00e9 devra d\u00e9sormais se battre pour une place dans le onze de d\u00e9part ou attendre l\u2019\u00e9t\u00e9 2026 pour r\u00e9\u00e9valuer ses options. Le Real Madrid maintient sa position, ne laissant au joueur aucune issue imm\u00e9diate.<\/p>","protected":false},"excerpt":{"rendered":"<p>Real Madrid has delivered a decisive blow to one of its players ahead of the upcoming transfer window, according to [&hellip;]<\/p>\n","protected":false},"author":3,"featured_media":10954,"comment_status":"","ping_status":"open","sticky":false,"template":"","format":"standard","meta":{"googlesitekit_rrm_CAow_uzEDA:productID":"","site-sidebar-layout":"default","site-content-layout":"","ast-site-content-layout":"default","site-content-style":"default","site-sidebar-style":"default","ast-global-header-display":"","ast-banner-title-visibility":"","ast-main-header-display":"","ast-hfb-above-header-display":"","ast-hfb-below-header-display":"","ast-hfb-mobile-header-display":"","site-post-title":"","ast-breadcrumbs-content":"","ast-featured-img":"","footer-sml-layout":"","ast-disable-related-posts":"","theme-transparent-header-meta":"","adv-header-id-meta":"","stick-header-meta":"","header-above-stick-meta":"","header-main-stick-meta":"","header-below-stick-meta":"","astra-migrate-meta-layouts":"default","ast-page-background-enabled":"default","ast-page-background-meta":{"desktop":{"background-color":"var(--ast-global-color-5)","background-image":"","background-repeat":"repeat","background-position":"center center","background-size":"auto","background-attachment":"scroll","background-type":"","background-media":"","overlay-type":"","overlay-color":"","overlay-opacity":"","overlay-gradient":""},"tablet":{"background-color":"","background-image":"","background-repeat":"repeat","background-position":"center center","background-size":"auto","background-attachment":"scroll","background-type":"","background-media":"","overlay-type":"","overlay-color":"","overlay-opacity":"","overlay-gradient":""},"mobile":{"background-color":"","background-image":"","background-repeat":"repeat","background-position":"center center","background-size":"auto","background-attachment":"scroll","background-type":"","background-media":"","overlay-type":"","overlay-color":"","overlay-opacity":"","overlay-gradient":""}},"ast-content-background-meta":{"desktop":{"background-color":"var(--ast-global-color-4)","background-image":"","background-repeat":"repeat","background-position":"center center","background-size":"auto","background-attachment":"scroll","background-type":"","background-media":"","overlay-type":"","overlay-color":"","overlay-opacity":"","overlay-gradient":""},"tablet":{"background-color":"var(--ast-global-color-4)","background-image":"","background-repeat":"repeat","background-position":"center center","background-size":"auto","background-attachment":"scroll","background-type":"","background-media":"","overlay-type":"","overlay-color":"","overlay-opacity":"","overlay-gradient":""},"mobile":{"background-color":"var(--ast-global-color-4)","background-image":"","background-repeat":"repeat","background-position":"center center","background-size":"auto","background-attachment":"scroll","background-type":"","background-media":"","overlay-type":"","overlay-color":"","overlay-opacity":"","overlay-gradient":""}},"footnotes":""},"categories":[20,1],"tags":[],"class_list":["post-10955","post","type-post","status-publish","format-standard","has-post-thumbnail","hentry","category-international","category-football-latest-news"],"yoast_head":"<!-- This site is optimized with the Yoast SEO Premium plugin v26.6 (Yoast SEO v27.4) - https:\/\/yoast.com\/product\/yoast-seo-premium-wordpress\/ -->\n<title>Real Madrid delivers decisive blow to player before transfer window - Bladna News<\/title>\n<meta name=\"robots\" content=\"index, follow, max-snippet:-1, max-image-preview:large, max-video-preview:-1\" \/>\n<link rel=\"canonical\" href=\"https:\/\/bladnanews.com\/fr\/real-madrid-porte-un-coup-decisif-a-un-joueur-avant-la-fenetre-de-transfert\/\" \/>\n<meta property=\"og:locale\" content=\"fr_FR\" \/>\n<meta property=\"og:type\" content=\"article\" \/>\n<meta property=\"og:title\" content=\"Real Madrid delivers decisive blow to player before transfer window\" \/>\n<meta property=\"og:description\" content=\"Real Madrid has delivered a decisive blow to one of its players ahead of the upcoming transfer window, according to [&hellip;]\" \/>\n<meta property=\"og:url\" content=\"https:\/\/bladnanews.com\/fr\/real-madrid-porte-un-coup-decisif-a-un-joueur-avant-la-fenetre-de-transfert\/\" \/>\n<meta property=\"og:site_name\" content=\"Bladna News\" \/>\n<meta property=\"article:published_time\" content=\"2026-04-26T10:05:21+00:00\" \/>\n<meta property=\"og:image\" content=\"https:\/\/bladnanews.com\/wp-content\/uploads\/2025\/12\/freepik__bladna-newscom-moroccan-soccer-homepage-banner-mor__41838.png\" \/>\n\t<meta property=\"og:image:width\" content=\"1312\" \/>\n\t<meta property=\"og:image:height\" content=\"736\" \/>\n\t<meta property=\"og:image:type\" content=\"image\/png\" \/>\n<meta name=\"author\" content=\"Bladna News Staff\" \/>\n<meta name=\"twitter:card\" content=\"summary_large_image\" \/>\n<meta name=\"twitter:label1\" content=\"\u00c9crit par\" \/>\n\t<meta name=\"twitter:data1\" content=\"Bladna News Staff\" \/>\n\t<meta name=\"twitter:label2\" content=\"Dur\u00e9e de lecture estim\u00e9e\" \/>\n\t<meta name=\"twitter:data2\" content=\"1 minute\" \/>\n<script type=\"application\/ld+json\" class=\"yoast-schema-graph\">{\"@context\":\"https:\\\/\\\/schema.org\",\"@graph\":[{\"@type\":\"Article\",\"@id\":\"https:\\\/\\\/bladnanews.com\\\/real-madrid-delivers-decisive-blow-to-player-before-transfer-window\\\/#article\",\"isPartOf\":{\"@id\":\"https:\\\/\\\/bladnanews.com\\\/real-madrid-delivers-decisive-blow-to-player-before-transfer-window\\\/\"},\"author\":{\"name\":\"Bladna News Staff\",\"@id\":\"https:\\\/\\\/mediumseagreen-eel-531711.hostingersite.com\\\/#\\\/schema\\\/person\\\/268e18a453ab080ebf76df6ef7845083\"},\"headline\":\"Real Madrid delivers decisive blow to player before transfer window\",\"datePublished\":\"2026-04-26T10:05:21+00:00\",\"mainEntityOfPage\":{\"@id\":\"https:\\\/\\\/bladnanews.com\\\/real-madrid-delivers-decisive-blow-to-player-before-transfer-window\\\/\"},\"wordCount\":268,\"publisher\":{\"@id\":\"https:\\\/\\\/mediumseagreen-eel-531711.hostingersite.com\\\/#organization\"},\"image\":{\"@id\":\"https:\\\/\\\/bladnanews.com\\\/real-madrid-delivers-decisive-blow-to-player-before-transfer-window\\\/#primaryimage\"},\"thumbnailUrl\":\"https:\\\/\\\/bladnanews.com\\\/wp-content\\\/uploads\\\/2026\\\/04\\\/GettyImages-2257456327.jpg-scaled.jpg\",\"articleSection\":[\"International\",\"Latest News\"],\"inLanguage\":\"fr-FR\",\"copyrightYear\":\"2026\",\"copyrightHolder\":{\"@id\":\"https:\\\/\\\/bladnanews.com\\\/fr\\\/#organization\"}},{\"@type\":\"WebPage\",\"@id\":\"https:\\\/\\\/bladnanews.com\\\/real-madrid-delivers-decisive-blow-to-player-before-transfer-window\\\/\",\"url\":\"https:\\\/\\\/bladnanews.com\\\/real-madrid-delivers-decisive-blow-to-player-before-transfer-window\\\/\",\"name\":\"Real Madrid delivers decisive blow to player before transfer window - Bladna News\",\"isPartOf\":{\"@id\":\"https:\\\/\\\/mediumseagreen-eel-531711.hostingersite.com\\\/#website\"},\"primaryImageOfPage\":{\"@id\":\"https:\\\/\\\/bladnanews.com\\\/real-madrid-delivers-decisive-blow-to-player-before-transfer-window\\\/#primaryimage\"},\"image\":{\"@id\":\"https:\\\/\\\/bladnanews.com\\\/real-madrid-delivers-decisive-blow-to-player-before-transfer-window\\\/#primaryimage\"},\"thumbnailUrl\":\"https:\\\/\\\/bladnanews.com\\\/wp-content\\\/uploads\\\/2026\\\/04\\\/GettyImages-2257456327.jpg-scaled.jpg\",\"datePublished\":\"2026-04-26T10:05:21+00:00\",\"breadcrumb\":{\"@id\":\"https:\\\/\\\/bladnanews.com\\\/real-madrid-delivers-decisive-blow-to-player-before-transfer-window\\\/#breadcrumb\"},\"inLanguage\":\"fr-FR\",\"potentialAction\":[{\"@type\":\"ReadAction\",\"target\":[\"https:\\\/\\\/bladnanews.com\\\/real-madrid-delivers-decisive-blow-to-player-before-transfer-window\\\/\"]}]},{\"@type\":\"ImageObject\",\"inLanguage\":\"fr-FR\",\"@id\":\"https:\\\/\\\/bladnanews.com\\\/real-madrid-delivers-decisive-blow-to-player-before-transfer-window\\\/#primaryimage\",\"url\":\"https:\\\/\\\/bladnanews.com\\\/wp-content\\\/uploads\\\/2026\\\/04\\\/GettyImages-2257456327.jpg-scaled.jpg\",\"contentUrl\":\"https:\\\/\\\/bladnanews.com\\\/wp-content\\\/uploads\\\/2026\\\/04\\\/GettyImages-2257456327.jpg-scaled.jpg\",\"width\":2560,\"height\":1440,\"caption\":\"Morocco players celebrate during a match, showcasing team spirit and unity.\"},{\"@type\":\"BreadcrumbList\",\"@id\":\"https:\\\/\\\/bladnanews.com\\\/real-madrid-delivers-decisive-blow-to-player-before-transfer-window\\\/#breadcrumb\",\"itemListElement\":[{\"@type\":\"ListItem\",\"position\":1,\"name\":\"Home\",\"item\":\"https:\\\/\\\/bladnanews.com\\\/\"},{\"@type\":\"ListItem\",\"position\":2,\"name\":\"Real Madrid delivers decisive blow to player before transfer window\"}]},{\"@type\":\"WebSite\",\"@id\":\"https:\\\/\\\/mediumseagreen-eel-531711.hostingersite.com\\\/#website\",\"url\":\"https:\\\/\\\/mediumseagreen-eel-531711.hostingersite.com\\\/\",\"name\":\"Bladna News - Morocco\",\"description\":\"Where Moroccan Football Meets the World\",\"publisher\":{\"@id\":\"https:\\\/\\\/mediumseagreen-eel-531711.hostingersite.com\\\/#organization\"},\"potentialAction\":[{\"@type\":\"SearchAction\",\"target\":{\"@type\":\"EntryPoint\",\"urlTemplate\":\"https:\\\/\\\/mediumseagreen-eel-531711.hostingersite.com\\\/?s={search_term_string}\"},\"query-input\":{\"@type\":\"PropertyValueSpecification\",\"valueRequired\":true,\"valueName\":\"search_term_string\"}}],\"inLanguage\":\"fr-FR\"},{\"@type\":\"Organization\",\"@id\":\"https:\\\/\\\/mediumseagreen-eel-531711.hostingersite.com\\\/#organization\",\"name\":\"Bladna News.com\",\"url\":\"https:\\\/\\\/mediumseagreen-eel-531711.hostingersite.com\\\/\",\"logo\":{\"@type\":\"ImageObject\",\"inLanguage\":\"fr-FR\",\"@id\":\"https:\\\/\\\/mediumseagreen-eel-531711.hostingersite.com\\\/#\\\/schema\\\/logo\\\/image\\\/\",\"url\":\"https:\\\/\\\/bladnanews.com\\\/wp-content\\\/uploads\\\/2025\\\/12\\\/logo-bladnanews-V2-web-black-red.png\",\"contentUrl\":\"https:\\\/\\\/bladnanews.com\\\/wp-content\\\/uploads\\\/2025\\\/12\\\/logo-bladnanews-V2-web-black-red.png\",\"width\":703,\"height\":287,\"caption\":\"Bladna News.com\"},\"image\":{\"@id\":\"https:\\\/\\\/mediumseagreen-eel-531711.hostingersite.com\\\/#\\\/schema\\\/logo\\\/image\\\/\"},\"email\":\"info@bladnanews.com\",\"legalName\":\"Bladna News\"},{\"@type\":\"Person\",\"@id\":\"https:\\\/\\\/mediumseagreen-eel-531711.hostingersite.com\\\/#\\\/schema\\\/person\\\/268e18a453ab080ebf76df6ef7845083\",\"name\":\"Bladna News Staff\",\"url\":\"https:\\\/\\\/bladnanews.com\\\/fr\\\/author\\\/bladna-news-staff\\\/\"}]}<\/script>\n<!-- \/ Yoast SEO Premium plugin. -->","yoast_head_json":{"title":"Le Real Madrid porte un coup d\u00e9cisif \u00e0 un joueur avant la fen\u00eatre de transfert - Bladna News","robots":{"index":"index","follow":"follow","max-snippet":"max-snippet:-1","max-image-preview":"max-image-preview:large","max-video-preview":"max-video-preview:-1"},"canonical":"https:\/\/bladnanews.com\/fr\/real-madrid-porte-un-coup-decisif-a-un-joueur-avant-la-fenetre-de-transfert\/","og_locale":"fr_FR","og_type":"article","og_title":"Real Madrid delivers decisive blow to player before transfer window","og_description":"Real Madrid has delivered a decisive blow to one of its players ahead of the upcoming transfer window, according to [&hellip;]","og_url":"https:\/\/bladnanews.com\/fr\/real-madrid-porte-un-coup-decisif-a-un-joueur-avant-la-fenetre-de-transfert\/","og_site_name":"Bladna News","article_published_time":"2026-04-26T10:05:21+00:00","og_image":[{"width":1312,"height":736,"url":"https:\/\/bladnanews.com\/wp-content\/uploads\/2025\/12\/freepik__bladna-newscom-moroccan-soccer-homepage-banner-mor__41838.png","type":"image\/png"}],"author":"Bladna News Staff","twitter_card":"summary_large_image","twitter_misc":{"\u00c9crit par":"Bladna News Staff","Dur\u00e9e de lecture estim\u00e9e":"1 minute"},"schema":{"@context":"https:\/\/schema.org","@graph":[{"@type":"Article","@id":"https:\/\/bladnanews.com\/real-madrid-delivers-decisive-blow-to-player-before-transfer-window\/#article","isPartOf":{"@id":"https:\/\/bladnanews.com\/real-madrid-delivers-decisive-blow-to-player-before-transfer-window\/"},"author":{"name":"Bladna News Staff","@id":"https:\/\/mediumseagreen-eel-531711.hostingersite.com\/#\/schema\/person\/268e18a453ab080ebf76df6ef7845083"},"headline":"Real Madrid delivers decisive blow to player before transfer window","datePublished":"2026-04-26T10:05:21+00:00","mainEntityOfPage":{"@id":"https:\/\/bladnanews.com\/real-madrid-delivers-decisive-blow-to-player-before-transfer-window\/"},"wordCount":268,"publisher":{"@id":"https:\/\/mediumseagreen-eel-531711.hostingersite.com\/#organization"},"image":{"@id":"https:\/\/bladnanews.com\/real-madrid-delivers-decisive-blow-to-player-before-transfer-window\/#primaryimage"},"thumbnailUrl":"https:\/\/bladnanews.com\/wp-content\/uploads\/2026\/04\/GettyImages-2257456327.jpg-scaled.jpg","articleSection":["International","Latest News"],"inLanguage":"fr-FR","copyrightYear":"2026","copyrightHolder":{"@id":"https:\/\/bladnanews.com\/fr\/#organization"}},{"@type":"WebPage","@id":"https:\/\/bladnanews.com\/real-madrid-delivers-decisive-blow-to-player-before-transfer-window\/","url":"https:\/\/bladnanews.com\/real-madrid-delivers-decisive-blow-to-player-before-transfer-window\/","name":"Le Real Madrid porte un coup d\u00e9cisif \u00e0 un joueur avant la fen\u00eatre de transfert - Bladna News","isPartOf":{"@id":"https:\/\/mediumseagreen-eel-531711.hostingersite.com\/#website"},"primaryImageOfPage":{"@id":"https:\/\/bladnanews.com\/real-madrid-delivers-decisive-blow-to-player-before-transfer-window\/#primaryimage"},"image":{"@id":"https:\/\/bladnanews.com\/real-madrid-delivers-decisive-blow-to-player-before-transfer-window\/#primaryimage"},"thumbnailUrl":"https:\/\/bladnanews.com\/wp-content\/uploads\/2026\/04\/GettyImages-2257456327.jpg-scaled.jpg","datePublished":"2026-04-26T10:05:21+00:00","breadcrumb":{"@id":"https:\/\/bladnanews.com\/real-madrid-delivers-decisive-blow-to-player-before-transfer-window\/#breadcrumb"},"inLanguage":"fr-FR","potentialAction":[{"@type":"ReadAction","target":["https:\/\/bladnanews.com\/real-madrid-delivers-decisive-blow-to-player-before-transfer-window\/"]}]},{"@type":"ImageObject","inLanguage":"fr-FR","@id":"https:\/\/bladnanews.com\/real-madrid-delivers-decisive-blow-to-player-before-transfer-window\/#primaryimage","url":"https:\/\/bladnanews.com\/wp-content\/uploads\/2026\/04\/GettyImages-2257456327.jpg-scaled.jpg","contentUrl":"https:\/\/bladnanews.com\/wp-content\/uploads\/2026\/04\/GettyImages-2257456327.jpg-scaled.jpg","width":2560,"height":1440,"caption":"Morocco players celebrate during a match, showcasing team spirit and unity."},{"@type":"BreadcrumbList","@id":"https:\/\/bladnanews.com\/real-madrid-delivers-decisive-blow-to-player-before-transfer-window\/#breadcrumb","itemListElement":[{"@type":"ListItem","position":1,"name":"Home","item":"https:\/\/bladnanews.com\/"},{"@type":"ListItem","position":2,"name":"Real Madrid delivers decisive blow to player before transfer window"}]},{"@type":"WebSite","@id":"https:\/\/mediumseagreen-eel-531711.hostingersite.com\/#website","url":"https:\/\/mediumseagreen-eel-531711.hostingersite.com\/","name":"Bladna News - Maroc","description":"Quand le football marocain rencontre le monde","publisher":{"@id":"https:\/\/mediumseagreen-eel-531711.hostingersite.com\/#organization"},"potentialAction":[{"@type":"SearchAction","target":{"@type":"EntryPoint","urlTemplate":"https:\/\/mediumseagreen-eel-531711.hostingersite.com\/?s={search_term_string}"},"query-input":{"@type":"PropertyValueSpecification","valueRequired":true,"valueName":"search_term_string"}}],"inLanguage":"fr-FR"},{"@type":"Organization","@id":"https:\/\/mediumseagreen-eel-531711.hostingersite.com\/#organization","name":"Bladna News.com","url":"https:\/\/mediumseagreen-eel-531711.hostingersite.com\/","logo":{"@type":"ImageObject","inLanguage":"fr-FR","@id":"https:\/\/mediumseagreen-eel-531711.hostingersite.com\/#\/schema\/logo\/image\/","url":"https:\/\/bladnanews.com\/wp-content\/uploads\/2025\/12\/logo-bladnanews-V2-web-black-red.png","contentUrl":"https:\/\/bladnanews.com\/wp-content\/uploads\/2025\/12\/logo-bladnanews-V2-web-black-red.png","width":703,"height":287,"caption":"Bladna News.com"},"image":{"@id":"https:\/\/mediumseagreen-eel-531711.hostingersite.com\/#\/schema\/logo\/image\/"},"email":"info@bladnanews.com","legalName":"Bladna News"},{"@type":"Person","@id":"https:\/\/mediumseagreen-eel-531711.hostingersite.com\/#\/schema\/person\/268e18a453ab080ebf76df6ef7845083","name":"\u00c9quipe r\u00e9dactionnelle de Bladna News","url":"https:\/\/bladnanews.com\/fr\/author\/bladna-news-staff\/"}]}},"_links":{"self":[{"href":"https:\/\/bladnanews.com\/fr\/wp-json\/wp\/v2\/posts\/10955","targetHints":{"allow":["GET"]}}],"collection":[{"href":"https:\/\/bladnanews.com\/fr\/wp-json\/wp\/v2\/posts"}],"about":[{"href":"https:\/\/bladnanews.com\/fr\/wp-json\/wp\/v2\/types\/post"}],"author":[{"embeddable":true,"href":"https:\/\/bladnanews.com\/fr\/wp-json\/wp\/v2\/users\/3"}],"replies":[{"embeddable":true,"href":"https:\/\/bladnanews.com\/fr\/wp-json\/wp\/v2\/comments?post=10955"}],"version-history":[{"count":0,"href":"https:\/\/bladnanews.com\/fr\/wp-json\/wp\/v2\/posts\/10955\/revisions"}],"wp:featuredmedia":[{"embeddable":true,"href":"https:\/\/bladnanews.com\/fr\/wp-json\/wp\/v2\/media\/10954"}],"wp:attachment":[{"href":"https:\/\/bladnanews.com\/fr\/wp-json\/wp\/v2\/media?parent=10955"}],"wp:term":[{"taxonomy":"category","embeddable":true,"href":"https:\/\/bladnanews.com\/fr\/wp-json\/wp\/v2\/categories?post=10955"},{"taxonomy":"post_tag","embeddable":true,"href":"https:\/\/bladnanews.com\/fr\/wp-json\/wp\/v2\/tags?post=10955"}],"curies":[{"name":"wp","href":"https:\/\/api.w.org\/{rel}","templated":true}]}}