{"id":10961,"date":"2026-04-26T14:36:44","date_gmt":"2026-04-26T14:36:44","guid":{"rendered":"https:\/\/bladnanews.com\/hakimi-and-vitinhas-status-for-paris-vs-bayern-confirmed\/"},"modified":"2026-04-26T14:36:44","modified_gmt":"2026-04-26T14:36:44","slug":"le-statut-de-hakimi-et-vitinha-pour-paris-contre-bayern-est-confirme","status":"publish","type":"post","link":"https:\/\/bladnanews.com\/fr\/le-statut-de-hakimi-et-vitinha-pour-paris-contre-bayern-est-confirme\/","title":{"rendered":"Le statut de Hakimi et Vitinha pour le match Paris contre Bayern confirm\u00e9"},"content":{"rendered":"<p><strong>Le Paris Saint-Germain a re\u00e7u un double coup de pouce majeur avant son choc de Ligue des champions contre le Bayern Munich, Achraf Hakimi et Vitinha \u00e9tant tous deux autoris\u00e9s \u00e0 participer \u00e0 cette rencontre au sommet du classement.<\/strong><\/p>\n<p>Le champion de France se rend \u00e0 l'Allianz Arena le mardi 26 novembre 2026 pour ce qui s'annonce comme un match d\u00e9cisif dans la phase de ligue de la comp\u00e9tition. L'entra\u00eeneur principal Luis Enrique peut d\u00e9sormais compter sur son duo cl\u00e9, apr\u00e8s que des inqui\u00e9tudes li\u00e9es \u00e0 leur condition physique avaient mis leur participation en doute.<\/p>\n<p>Hakimi, l'arri\u00e8re droit international marocain, soignait un probl\u00e8me musculaire qui l'avait tenu \u00e0 l'\u00e9cart des s\u00e9ances d'entra\u00eenement plus t\u00f4t cette semaine. Cependant, le staff m\u00e9dical du club a confirm\u00e9 samedi que le joueur de 28 ans est compl\u00e8tement r\u00e9tabli et a particip\u00e9 \u00e0 la derni\u00e8re s\u00e9ance d'\u00e9quipe sans aucune restriction.<\/p>\n<p>Vitinha, le milieu de terrain portugais, \u00e9tait \u00e9galement incertain apr\u00e8s avoir subi un choc lors du match de Ligue 1 du week-end. Les examens n'ont r\u00e9v\u00e9l\u00e9 aucune l\u00e9sion grave, et le joueur de 26 ans a re\u00e7u le feu vert pour voyager avec l'\u00e9quipe en Allemagne.<\/p>\n<p>Le PSG occupe actuellement la troisi\u00e8me place du classement de la Ligue des champions avec 13 points en cinq matchs, tandis que le Bayern est deuxi\u00e8me avec le m\u00eame nombre de points. Une victoire de l'une ou l'autre \u00e9quipe la placerait en position de force pour obtenir une qualification automatique pour les huiti\u00e8mes de finale.<\/p>\n<p>Luis Enrique devrait aligner sa composition la plus solide possible, Hakimi \u00e9tant susceptible de d\u00e9buter au poste d'arri\u00e8re droit et Vitinha d'ancrer le milieu de terrain. Le tacticien espagnol a confirm\u00e9 lors de sa conf\u00e9rence de presse d'avant-match que les deux joueurs sont \u201c pr\u00eats \u00e0 100 % \u201d et ont \u00e9t\u00e9 inclus dans le groupe pour le match.<\/p>\n<p>Le Bayern, quant \u00e0 lui, devra se passer de Joshua Kimmich, suspendu apr\u00e8s avoir re\u00e7u son troisi\u00e8me carton jaune de la phase de groupes lors de la journ\u00e9e pr\u00e9c\u00e9dente. L'absence du milieu de terrain allemand est per\u00e7ue comme un avantage potentiel pour le PSG au milieu du terrain.<\/p>\n<p>Le coup d'envoi \u00e0 l'Allianz Arena est pr\u00e9vu \u00e0 21h00 (heure de l'Europe centrale), les deux \u00e9quipes \u00e9tant conscientes qu'une victoire scellerait pratiquement une place dans le top huit et \u00e9viterait le tour de barrage en f\u00e9vrier.<\/p>","protected":false},"excerpt":{"rendered":"<p>Paris Saint-Germain have received a major double boost ahead of their Champions League showdown against Bayern Munich, with both Achraf [&hellip;]<\/p>\n","protected":false},"author":3,"featured_media":10960,"comment_status":"","ping_status":"open","sticky":false,"template":"","format":"standard","meta":{"googlesitekit_rrm_CAow_uzEDA:productID":"","site-sidebar-layout":"default","site-content-layout":"","ast-site-content-layout":"default","site-content-style":"default","site-sidebar-style":"default","ast-global-header-display":"","ast-banner-title-visibility":"","ast-main-header-display":"","ast-hfb-above-header-display":"","ast-hfb-below-header-display":"","ast-hfb-mobile-header-display":"","site-post-title":"","ast-breadcrumbs-content":"","ast-featured-img":"","footer-sml-layout":"","ast-disable-related-posts":"","theme-transparent-header-meta":"","adv-header-id-meta":"","stick-header-meta":"","header-above-stick-meta":"","header-main-stick-meta":"","header-below-stick-meta":"","astra-migrate-meta-layouts":"default","ast-page-background-enabled":"default","ast-page-background-meta":{"desktop":{"background-color":"var(--ast-global-color-5)","background-image":"","background-repeat":"repeat","background-position":"center center","background-size":"auto","background-attachment":"scroll","background-type":"","background-media":"","overlay-type":"","overlay-color":"","overlay-opacity":"","overlay-gradient":""},"tablet":{"background-color":"","background-image":"","background-repeat":"repeat","background-position":"center center","background-size":"auto","background-attachment":"scroll","background-type":"","background-media":"","overlay-type":"","overlay-color":"","overlay-opacity":"","overlay-gradient":""},"mobile":{"background-color":"","background-image":"","background-repeat":"repeat","background-position":"center center","background-size":"auto","background-attachment":"scroll","background-type":"","background-media":"","overlay-type":"","overlay-color":"","overlay-opacity":"","overlay-gradient":""}},"ast-content-background-meta":{"desktop":{"background-color":"var(--ast-global-color-4)","background-image":"","background-repeat":"repeat","background-position":"center center","background-size":"auto","background-attachment":"scroll","background-type":"","background-media":"","overlay-type":"","overlay-color":"","overlay-opacity":"","overlay-gradient":""},"tablet":{"background-color":"var(--ast-global-color-4)","background-image":"","background-repeat":"repeat","background-position":"center center","background-size":"auto","background-attachment":"scroll","background-type":"","background-media":"","overlay-type":"","overlay-color":"","overlay-opacity":"","overlay-gradient":""},"mobile":{"background-color":"var(--ast-global-color-4)","background-image":"","background-repeat":"repeat","background-position":"center center","background-size":"auto","background-attachment":"scroll","background-type":"","background-media":"","overlay-type":"","overlay-color":"","overlay-opacity":"","overlay-gradient":""}},"footnotes":""},"categories":[20,1],"tags":[],"class_list":["post-10961","post","type-post","status-publish","format-standard","has-post-thumbnail","hentry","category-international","category-football-latest-news"],"yoast_head":"<!-- This site is optimized with the Yoast SEO Premium plugin v26.6 (Yoast SEO v27.4) - https:\/\/yoast.com\/product\/yoast-seo-premium-wordpress\/ -->\n<title>Hakimi and Vitinha\u2019s status for Paris vs Bayern confirmed - Bladna News<\/title>\n<meta name=\"robots\" content=\"index, follow, max-snippet:-1, max-image-preview:large, max-video-preview:-1\" \/>\n<link rel=\"canonical\" href=\"https:\/\/bladnanews.com\/fr\/le-statut-de-hakimi-et-vitinha-pour-paris-contre-bayern-est-confirme\/\" \/>\n<meta property=\"og:locale\" content=\"fr_FR\" \/>\n<meta property=\"og:type\" content=\"article\" \/>\n<meta property=\"og:title\" content=\"Hakimi and Vitinha\u2019s status for Paris vs Bayern confirmed\" \/>\n<meta property=\"og:description\" content=\"Paris Saint-Germain have received a major double boost ahead of their Champions League showdown against Bayern Munich, with both Achraf [&hellip;]\" \/>\n<meta property=\"og:url\" content=\"https:\/\/bladnanews.com\/fr\/le-statut-de-hakimi-et-vitinha-pour-paris-contre-bayern-est-confirme\/\" \/>\n<meta property=\"og:site_name\" content=\"Bladna News\" \/>\n<meta property=\"article:published_time\" content=\"2026-04-26T14:36:44+00:00\" \/>\n<meta property=\"og:image\" content=\"https:\/\/bladnanews.com\/wp-content\/uploads\/2025\/12\/freepik__bladna-newscom-moroccan-soccer-homepage-banner-mor__41838.png\" \/>\n\t<meta property=\"og:image:width\" content=\"1312\" \/>\n\t<meta property=\"og:image:height\" content=\"736\" \/>\n\t<meta property=\"og:image:type\" content=\"image\/png\" \/>\n<meta name=\"author\" content=\"Bladna News Staff\" \/>\n<meta name=\"twitter:card\" content=\"summary_large_image\" \/>\n<meta name=\"twitter:label1\" content=\"\u00c9crit par\" \/>\n\t<meta name=\"twitter:data1\" content=\"Bladna News Staff\" \/>\n\t<meta name=\"twitter:label2\" content=\"Dur\u00e9e de lecture estim\u00e9e\" \/>\n\t<meta name=\"twitter:data2\" content=\"2 minutes\" \/>\n<script type=\"application\/ld+json\" class=\"yoast-schema-graph\">{\"@context\":\"https:\\\/\\\/schema.org\",\"@graph\":[{\"@type\":\"Article\",\"@id\":\"https:\\\/\\\/bladnanews.com\\\/hakimi-and-vitinhas-status-for-paris-vs-bayern-confirmed\\\/#article\",\"isPartOf\":{\"@id\":\"https:\\\/\\\/bladnanews.com\\\/hakimi-and-vitinhas-status-for-paris-vs-bayern-confirmed\\\/\"},\"author\":{\"name\":\"Bladna News Staff\",\"@id\":\"https:\\\/\\\/mediumseagreen-eel-531711.hostingersite.com\\\/#\\\/schema\\\/person\\\/268e18a453ab080ebf76df6ef7845083\"},\"headline\":\"Hakimi and Vitinha\u2019s status for Paris vs Bayern confirmed\",\"datePublished\":\"2026-04-26T14:36:44+00:00\",\"mainEntityOfPage\":{\"@id\":\"https:\\\/\\\/bladnanews.com\\\/hakimi-and-vitinhas-status-for-paris-vs-bayern-confirmed\\\/\"},\"wordCount\":332,\"publisher\":{\"@id\":\"https:\\\/\\\/mediumseagreen-eel-531711.hostingersite.com\\\/#organization\"},\"image\":{\"@id\":\"https:\\\/\\\/bladnanews.com\\\/hakimi-and-vitinhas-status-for-paris-vs-bayern-confirmed\\\/#primaryimage\"},\"thumbnailUrl\":\"https:\\\/\\\/bladnanews.com\\\/wp-content\\\/uploads\\\/2026\\\/04\\\/GettyImages-2271175669.jpg-scaled.jpg\",\"articleSection\":[\"International\",\"Latest News\"],\"inLanguage\":\"fr-FR\",\"copyrightYear\":\"2026\",\"copyrightHolder\":{\"@id\":\"https:\\\/\\\/bladnanews.com\\\/fr\\\/#organization\"}},{\"@type\":\"WebPage\",\"@id\":\"https:\\\/\\\/bladnanews.com\\\/hakimi-and-vitinhas-status-for-paris-vs-bayern-confirmed\\\/\",\"url\":\"https:\\\/\\\/bladnanews.com\\\/hakimi-and-vitinhas-status-for-paris-vs-bayern-confirmed\\\/\",\"name\":\"Hakimi and Vitinha\u2019s status for Paris vs Bayern confirmed - Bladna News\",\"isPartOf\":{\"@id\":\"https:\\\/\\\/mediumseagreen-eel-531711.hostingersite.com\\\/#website\"},\"primaryImageOfPage\":{\"@id\":\"https:\\\/\\\/bladnanews.com\\\/hakimi-and-vitinhas-status-for-paris-vs-bayern-confirmed\\\/#primaryimage\"},\"image\":{\"@id\":\"https:\\\/\\\/bladnanews.com\\\/hakimi-and-vitinhas-status-for-paris-vs-bayern-confirmed\\\/#primaryimage\"},\"thumbnailUrl\":\"https:\\\/\\\/bladnanews.com\\\/wp-content\\\/uploads\\\/2026\\\/04\\\/GettyImages-2271175669.jpg-scaled.jpg\",\"datePublished\":\"2026-04-26T14:36:44+00:00\",\"breadcrumb\":{\"@id\":\"https:\\\/\\\/bladnanews.com\\\/hakimi-and-vitinhas-status-for-paris-vs-bayern-confirmed\\\/#breadcrumb\"},\"inLanguage\":\"fr-FR\",\"potentialAction\":[{\"@type\":\"ReadAction\",\"target\":[\"https:\\\/\\\/bladnanews.com\\\/hakimi-and-vitinhas-status-for-paris-vs-bayern-confirmed\\\/\"]}]},{\"@type\":\"ImageObject\",\"inLanguage\":\"fr-FR\",\"@id\":\"https:\\\/\\\/bladnanews.com\\\/hakimi-and-vitinhas-status-for-paris-vs-bayern-confirmed\\\/#primaryimage\",\"url\":\"https:\\\/\\\/bladnanews.com\\\/wp-content\\\/uploads\\\/2026\\\/04\\\/GettyImages-2271175669.jpg-scaled.jpg\",\"contentUrl\":\"https:\\\/\\\/bladnanews.com\\\/wp-content\\\/uploads\\\/2026\\\/04\\\/GettyImages-2271175669.jpg-scaled.jpg\",\"width\":2560,\"height\":1440,\"caption\":\"Hakimi and Vitinha\u2019s status for Paris vs Bayern confirmed\"},{\"@type\":\"BreadcrumbList\",\"@id\":\"https:\\\/\\\/bladnanews.com\\\/hakimi-and-vitinhas-status-for-paris-vs-bayern-confirmed\\\/#breadcrumb\",\"itemListElement\":[{\"@type\":\"ListItem\",\"position\":1,\"name\":\"Home\",\"item\":\"https:\\\/\\\/bladnanews.com\\\/\"},{\"@type\":\"ListItem\",\"position\":2,\"name\":\"Hakimi and Vitinha\u2019s status for Paris vs Bayern confirmed\"}]},{\"@type\":\"WebSite\",\"@id\":\"https:\\\/\\\/mediumseagreen-eel-531711.hostingersite.com\\\/#website\",\"url\":\"https:\\\/\\\/mediumseagreen-eel-531711.hostingersite.com\\\/\",\"name\":\"Bladna News - Morocco\",\"description\":\"Where Moroccan Football Meets the World\",\"publisher\":{\"@id\":\"https:\\\/\\\/mediumseagreen-eel-531711.hostingersite.com\\\/#organization\"},\"potentialAction\":[{\"@type\":\"SearchAction\",\"target\":{\"@type\":\"EntryPoint\",\"urlTemplate\":\"https:\\\/\\\/mediumseagreen-eel-531711.hostingersite.com\\\/?s={search_term_string}\"},\"query-input\":{\"@type\":\"PropertyValueSpecification\",\"valueRequired\":true,\"valueName\":\"search_term_string\"}}],\"inLanguage\":\"fr-FR\"},{\"@type\":\"Organization\",\"@id\":\"https:\\\/\\\/mediumseagreen-eel-531711.hostingersite.com\\\/#organization\",\"name\":\"Bladna News.com\",\"url\":\"https:\\\/\\\/mediumseagreen-eel-531711.hostingersite.com\\\/\",\"logo\":{\"@type\":\"ImageObject\",\"inLanguage\":\"fr-FR\",\"@id\":\"https:\\\/\\\/mediumseagreen-eel-531711.hostingersite.com\\\/#\\\/schema\\\/logo\\\/image\\\/\",\"url\":\"https:\\\/\\\/bladnanews.com\\\/wp-content\\\/uploads\\\/2025\\\/12\\\/logo-bladnanews-V2-web-black-red.png\",\"contentUrl\":\"https:\\\/\\\/bladnanews.com\\\/wp-content\\\/uploads\\\/2025\\\/12\\\/logo-bladnanews-V2-web-black-red.png\",\"width\":703,\"height\":287,\"caption\":\"Bladna News.com\"},\"image\":{\"@id\":\"https:\\\/\\\/mediumseagreen-eel-531711.hostingersite.com\\\/#\\\/schema\\\/logo\\\/image\\\/\"},\"email\":\"info@bladnanews.com\",\"legalName\":\"Bladna News\"},{\"@type\":\"Person\",\"@id\":\"https:\\\/\\\/mediumseagreen-eel-531711.hostingersite.com\\\/#\\\/schema\\\/person\\\/268e18a453ab080ebf76df6ef7845083\",\"name\":\"Bladna News Staff\",\"url\":\"https:\\\/\\\/bladnanews.com\\\/fr\\\/author\\\/bladna-news-staff\\\/\"}]}<\/script>\n<!-- \/ Yoast SEO Premium plugin. -->","yoast_head_json":{"title":"Le statut de Hakimi et Vitinha pour le match Paris contre Bayern confirm\u00e9 - Bladna News","robots":{"index":"index","follow":"follow","max-snippet":"max-snippet:-1","max-image-preview":"max-image-preview:large","max-video-preview":"max-video-preview:-1"},"canonical":"https:\/\/bladnanews.com\/fr\/le-statut-de-hakimi-et-vitinha-pour-paris-contre-bayern-est-confirme\/","og_locale":"fr_FR","og_type":"article","og_title":"Hakimi and Vitinha\u2019s status for Paris vs Bayern confirmed","og_description":"Paris Saint-Germain have received a major double boost ahead of their Champions League showdown against Bayern Munich, with both Achraf [&hellip;]","og_url":"https:\/\/bladnanews.com\/fr\/le-statut-de-hakimi-et-vitinha-pour-paris-contre-bayern-est-confirme\/","og_site_name":"Bladna News","article_published_time":"2026-04-26T14:36:44+00:00","og_image":[{"width":1312,"height":736,"url":"https:\/\/bladnanews.com\/wp-content\/uploads\/2025\/12\/freepik__bladna-newscom-moroccan-soccer-homepage-banner-mor__41838.png","type":"image\/png"}],"author":"Bladna News Staff","twitter_card":"summary_large_image","twitter_misc":{"\u00c9crit par":"Bladna News Staff","Dur\u00e9e de lecture estim\u00e9e":"2 minutes"},"schema":{"@context":"https:\/\/schema.org","@graph":[{"@type":"Article","@id":"https:\/\/bladnanews.com\/hakimi-and-vitinhas-status-for-paris-vs-bayern-confirmed\/#article","isPartOf":{"@id":"https:\/\/bladnanews.com\/hakimi-and-vitinhas-status-for-paris-vs-bayern-confirmed\/"},"author":{"name":"Bladna News Staff","@id":"https:\/\/mediumseagreen-eel-531711.hostingersite.com\/#\/schema\/person\/268e18a453ab080ebf76df6ef7845083"},"headline":"Hakimi and Vitinha\u2019s status for Paris vs Bayern confirmed","datePublished":"2026-04-26T14:36:44+00:00","mainEntityOfPage":{"@id":"https:\/\/bladnanews.com\/hakimi-and-vitinhas-status-for-paris-vs-bayern-confirmed\/"},"wordCount":332,"publisher":{"@id":"https:\/\/mediumseagreen-eel-531711.hostingersite.com\/#organization"},"image":{"@id":"https:\/\/bladnanews.com\/hakimi-and-vitinhas-status-for-paris-vs-bayern-confirmed\/#primaryimage"},"thumbnailUrl":"https:\/\/bladnanews.com\/wp-content\/uploads\/2026\/04\/GettyImages-2271175669.jpg-scaled.jpg","articleSection":["International","Latest News"],"inLanguage":"fr-FR","copyrightYear":"2026","copyrightHolder":{"@id":"https:\/\/bladnanews.com\/fr\/#organization"}},{"@type":"WebPage","@id":"https:\/\/bladnanews.com\/hakimi-and-vitinhas-status-for-paris-vs-bayern-confirmed\/","url":"https:\/\/bladnanews.com\/hakimi-and-vitinhas-status-for-paris-vs-bayern-confirmed\/","name":"Le statut de Hakimi et Vitinha pour le match Paris contre Bayern confirm\u00e9 - Bladna News","isPartOf":{"@id":"https:\/\/mediumseagreen-eel-531711.hostingersite.com\/#website"},"primaryImageOfPage":{"@id":"https:\/\/bladnanews.com\/hakimi-and-vitinhas-status-for-paris-vs-bayern-confirmed\/#primaryimage"},"image":{"@id":"https:\/\/bladnanews.com\/hakimi-and-vitinhas-status-for-paris-vs-bayern-confirmed\/#primaryimage"},"thumbnailUrl":"https:\/\/bladnanews.com\/wp-content\/uploads\/2026\/04\/GettyImages-2271175669.jpg-scaled.jpg","datePublished":"2026-04-26T14:36:44+00:00","breadcrumb":{"@id":"https:\/\/bladnanews.com\/hakimi-and-vitinhas-status-for-paris-vs-bayern-confirmed\/#breadcrumb"},"inLanguage":"fr-FR","potentialAction":[{"@type":"ReadAction","target":["https:\/\/bladnanews.com\/hakimi-and-vitinhas-status-for-paris-vs-bayern-confirmed\/"]}]},{"@type":"ImageObject","inLanguage":"fr-FR","@id":"https:\/\/bladnanews.com\/hakimi-and-vitinhas-status-for-paris-vs-bayern-confirmed\/#primaryimage","url":"https:\/\/bladnanews.com\/wp-content\/uploads\/2026\/04\/GettyImages-2271175669.jpg-scaled.jpg","contentUrl":"https:\/\/bladnanews.com\/wp-content\/uploads\/2026\/04\/GettyImages-2271175669.jpg-scaled.jpg","width":2560,"height":1440,"caption":"Hakimi and Vitinha\u2019s status for Paris vs Bayern confirmed"},{"@type":"BreadcrumbList","@id":"https:\/\/bladnanews.com\/hakimi-and-vitinhas-status-for-paris-vs-bayern-confirmed\/#breadcrumb","itemListElement":[{"@type":"ListItem","position":1,"name":"Home","item":"https:\/\/bladnanews.com\/"},{"@type":"ListItem","position":2,"name":"Hakimi and Vitinha\u2019s status for Paris vs Bayern confirmed"}]},{"@type":"WebSite","@id":"https:\/\/mediumseagreen-eel-531711.hostingersite.com\/#website","url":"https:\/\/mediumseagreen-eel-531711.hostingersite.com\/","name":"Bladna News - Maroc","description":"Quand le football marocain rencontre le monde","publisher":{"@id":"https:\/\/mediumseagreen-eel-531711.hostingersite.com\/#organization"},"potentialAction":[{"@type":"SearchAction","target":{"@type":"EntryPoint","urlTemplate":"https:\/\/mediumseagreen-eel-531711.hostingersite.com\/?s={search_term_string}"},"query-input":{"@type":"PropertyValueSpecification","valueRequired":true,"valueName":"search_term_string"}}],"inLanguage":"fr-FR"},{"@type":"Organization","@id":"https:\/\/mediumseagreen-eel-531711.hostingersite.com\/#organization","name":"Bladna News.com","url":"https:\/\/mediumseagreen-eel-531711.hostingersite.com\/","logo":{"@type":"ImageObject","inLanguage":"fr-FR","@id":"https:\/\/mediumseagreen-eel-531711.hostingersite.com\/#\/schema\/logo\/image\/","url":"https:\/\/bladnanews.com\/wp-content\/uploads\/2025\/12\/logo-bladnanews-V2-web-black-red.png","contentUrl":"https:\/\/bladnanews.com\/wp-content\/uploads\/2025\/12\/logo-bladnanews-V2-web-black-red.png","width":703,"height":287,"caption":"Bladna News.com"},"image":{"@id":"https:\/\/mediumseagreen-eel-531711.hostingersite.com\/#\/schema\/logo\/image\/"},"email":"info@bladnanews.com","legalName":"Bladna News"},{"@type":"Person","@id":"https:\/\/mediumseagreen-eel-531711.hostingersite.com\/#\/schema\/person\/268e18a453ab080ebf76df6ef7845083","name":"\u00c9quipe r\u00e9dactionnelle de Bladna News","url":"https:\/\/bladnanews.com\/fr\/author\/bladna-news-staff\/"}]}},"_links":{"self":[{"href":"https:\/\/bladnanews.com\/fr\/wp-json\/wp\/v2\/posts\/10961","targetHints":{"allow":["GET"]}}],"collection":[{"href":"https:\/\/bladnanews.com\/fr\/wp-json\/wp\/v2\/posts"}],"about":[{"href":"https:\/\/bladnanews.com\/fr\/wp-json\/wp\/v2\/types\/post"}],"author":[{"embeddable":true,"href":"https:\/\/bladnanews.com\/fr\/wp-json\/wp\/v2\/users\/3"}],"replies":[{"embeddable":true,"href":"https:\/\/bladnanews.com\/fr\/wp-json\/wp\/v2\/comments?post=10961"}],"version-history":[{"count":0,"href":"https:\/\/bladnanews.com\/fr\/wp-json\/wp\/v2\/posts\/10961\/revisions"}],"wp:featuredmedia":[{"embeddable":true,"href":"https:\/\/bladnanews.com\/fr\/wp-json\/wp\/v2\/media\/10960"}],"wp:attachment":[{"href":"https:\/\/bladnanews.com\/fr\/wp-json\/wp\/v2\/media?parent=10961"}],"wp:term":[{"taxonomy":"category","embeddable":true,"href":"https:\/\/bladnanews.com\/fr\/wp-json\/wp\/v2\/categories?post=10961"},{"taxonomy":"post_tag","embeddable":true,"href":"https:\/\/bladnanews.com\/fr\/wp-json\/wp\/v2\/tags?post=10961"}],"curies":[{"name":"wp","href":"https:\/\/api.w.org\/{rel}","templated":true}]}}