{"id":10965,"date":"2026-04-26T14:47:04","date_gmt":"2026-04-26T14:47:04","guid":{"rendered":"https:\/\/bladnanews.com\/bayern-munich-suffers-new-injury-blow-before-psg-clash\/"},"modified":"2026-04-26T14:47:04","modified_gmt":"2026-04-26T14:47:04","slug":"le-bayern-munich-subit-un-nouveau-coup-dur-sur-le-plan-des-blessures-avant-son-affrontement-contre-le-psg","status":"publish","type":"post","link":"https:\/\/bladnanews.com\/fr\/le-bayern-munich-subit-un-nouveau-coup-dur-sur-le-plan-des-blessures-avant-son-affrontement-contre-le-psg\/","title":{"rendered":"Le Bayern Munich subit un nouveau coup dur sur le plan des blessures avant le choc contre le PSG"},"content":{"rendered":"<p>Le Bayern Munich a subi un nouveau revers important en mati\u00e8re de blessures, \u00e0 quelques jours seulement de son choc crucial en Ligue des champions contre le Paris Saint-Germain.<\/p>\n<p>Le g\u00e9ant de la Bundesliga a confirm\u00e9 mardi que le d\u00e9fenseur cl\u00e9 Dayot Upamecano a \u00e9t\u00e9 d\u00e9clar\u00e9 forfait pour le prochain match apr\u00e8s avoir subi une blessure musculaire \u00e0 l\u2019entra\u00eenement. L\u2019international fran\u00e7ais a pass\u00e9 des examens m\u00e9dicaux qui ont r\u00e9v\u00e9l\u00e9 une \u00e9longation qui le tiendra \u00e9loign\u00e9 des terrains pour cette confrontation contre son ancien club.<\/p>\n<p>Ce nouveau coup dur s\u2019ajoute \u00e0 la liste croissante des bless\u00e9s du Bayern avant ce rendez-vous \u00e0 enjeux \u00e9lev\u00e9s pr\u00e9vu en 2026. Le club bavarois est d\u00e9j\u00e0 priv\u00e9 de plusieurs titulaires r\u00e9guliers, dont Manuel Neuer et Kingsley Coman, tous deux en convalescence pour des probl\u00e8mes de longue dur\u00e9e.<\/p>\n<p>L\u2019absence d\u2019Upamecano laisse un vide important dans le dispositif d\u00e9fensif de Vincent Kompany. \u00c2g\u00e9 de 27 ans, il a \u00e9t\u00e9 un pilier de la d\u00e9fense du Bayern cette saison, ayant d\u00e9but\u00e9 tous les matchs de la phase de groupes de la Ligue des champions \u00e0 l\u2019exception d\u2019un seul.<\/p>\n<p>Le Bayern affronte le PSG lors de la cinqui\u00e8me journ\u00e9e de la comp\u00e9tition, les deux \u00e9quipes \u00e9tant d\u00e9sesp\u00e9r\u00e9ment en qu\u00eate de points pour am\u00e9liorer leur classement. Les champions d\u2019Allemagne occupent actuellement la 13e place avec six points en quatre matchs, tandis que le club fran\u00e7ais se trouve \u00e0 un point derri\u00e8re, \u00e0 la 15e place.<\/p>\n<p>Le personnel m\u00e9dical suivra de pr\u00e8s la r\u00e9cup\u00e9ration d\u2019Upamecano, mais les premi\u00e8res indications sugg\u00e8rent qu\u2019il pourrait \u00e9galement \u00eatre incertain pour le match de Bundesliga du Bayern ce week-end. Le club n\u2019a pas fourni de calendrier pr\u00e9cis pour son retour.<\/p>\n<p>Kompany devrait d\u00e9sormais se tourner vers Eric Dier ou Kim Min-jae pour former la charni\u00e8re centrale avec Matthijs de Ligt face au PSG. L\u2019entra\u00eeneur belge s\u2019adressera \u00e0 la presse lors de sa conf\u00e9rence de presse d\u2019avant-match mercredi, o\u00f9 il devrait \u00eatre interrog\u00e9 sur ses options d\u00e9fensives.<\/p>\n<p>Le Bayern se rendra au Parc des Princes le mardi 26 novembre 2026, pour ce qui s\u2019annonce comme une soir\u00e9e d\u00e9cisive pour les ambitions europ\u00e9ennes des deux clubs.<\/p>","protected":false},"excerpt":{"rendered":"<p>Bayern Munich have been dealt another significant injury setback just days before their crucial Champions League showdown with Paris Saint-Germain. [&hellip;]<\/p>\n","protected":false},"author":3,"featured_media":10964,"comment_status":"","ping_status":"open","sticky":false,"template":"","format":"standard","meta":{"googlesitekit_rrm_CAow_uzEDA:productID":"","site-sidebar-layout":"default","site-content-layout":"","ast-site-content-layout":"default","site-content-style":"default","site-sidebar-style":"default","ast-global-header-display":"","ast-banner-title-visibility":"","ast-main-header-display":"","ast-hfb-above-header-display":"","ast-hfb-below-header-display":"","ast-hfb-mobile-header-display":"","site-post-title":"","ast-breadcrumbs-content":"","ast-featured-img":"","footer-sml-layout":"","ast-disable-related-posts":"","theme-transparent-header-meta":"","adv-header-id-meta":"","stick-header-meta":"","header-above-stick-meta":"","header-main-stick-meta":"","header-below-stick-meta":"","astra-migrate-meta-layouts":"default","ast-page-background-enabled":"default","ast-page-background-meta":{"desktop":{"background-color":"var(--ast-global-color-5)","background-image":"","background-repeat":"repeat","background-position":"center center","background-size":"auto","background-attachment":"scroll","background-type":"","background-media":"","overlay-type":"","overlay-color":"","overlay-opacity":"","overlay-gradient":""},"tablet":{"background-color":"","background-image":"","background-repeat":"repeat","background-position":"center center","background-size":"auto","background-attachment":"scroll","background-type":"","background-media":"","overlay-type":"","overlay-color":"","overlay-opacity":"","overlay-gradient":""},"mobile":{"background-color":"","background-image":"","background-repeat":"repeat","background-position":"center center","background-size":"auto","background-attachment":"scroll","background-type":"","background-media":"","overlay-type":"","overlay-color":"","overlay-opacity":"","overlay-gradient":""}},"ast-content-background-meta":{"desktop":{"background-color":"var(--ast-global-color-4)","background-image":"","background-repeat":"repeat","background-position":"center center","background-size":"auto","background-attachment":"scroll","background-type":"","background-media":"","overlay-type":"","overlay-color":"","overlay-opacity":"","overlay-gradient":""},"tablet":{"background-color":"var(--ast-global-color-4)","background-image":"","background-repeat":"repeat","background-position":"center center","background-size":"auto","background-attachment":"scroll","background-type":"","background-media":"","overlay-type":"","overlay-color":"","overlay-opacity":"","overlay-gradient":""},"mobile":{"background-color":"var(--ast-global-color-4)","background-image":"","background-repeat":"repeat","background-position":"center center","background-size":"auto","background-attachment":"scroll","background-type":"","background-media":"","overlay-type":"","overlay-color":"","overlay-opacity":"","overlay-gradient":""}},"footnotes":""},"categories":[20,1],"tags":[],"class_list":["post-10965","post","type-post","status-publish","format-standard","has-post-thumbnail","hentry","category-international","category-football-latest-news"],"yoast_head":"<!-- This site is optimized with the Yoast SEO Premium plugin v26.6 (Yoast SEO v27.4) - https:\/\/yoast.com\/product\/yoast-seo-premium-wordpress\/ -->\n<title>Bayern munich suffers new injury blow before psg clash - Bladna News<\/title>\n<meta name=\"robots\" content=\"index, follow, max-snippet:-1, max-image-preview:large, max-video-preview:-1\" \/>\n<link rel=\"canonical\" href=\"https:\/\/bladnanews.com\/fr\/le-bayern-munich-subit-un-nouveau-coup-dur-sur-le-plan-des-blessures-avant-son-affrontement-contre-le-psg\/\" \/>\n<meta property=\"og:locale\" content=\"fr_FR\" \/>\n<meta property=\"og:type\" content=\"article\" \/>\n<meta property=\"og:title\" content=\"Bayern munich suffers new injury blow before psg clash\" \/>\n<meta property=\"og:description\" content=\"Bayern Munich have been dealt another significant injury setback just days before their crucial Champions League showdown with Paris Saint-Germain. [&hellip;]\" \/>\n<meta property=\"og:url\" content=\"https:\/\/bladnanews.com\/fr\/le-bayern-munich-subit-un-nouveau-coup-dur-sur-le-plan-des-blessures-avant-son-affrontement-contre-le-psg\/\" \/>\n<meta property=\"og:site_name\" content=\"Bladna News\" \/>\n<meta property=\"article:published_time\" content=\"2026-04-26T14:47:04+00:00\" \/>\n<meta property=\"og:image\" content=\"https:\/\/bladnanews.com\/wp-content\/uploads\/2025\/12\/freepik__bladna-newscom-moroccan-soccer-homepage-banner-mor__41838.png\" \/>\n\t<meta property=\"og:image:width\" content=\"1312\" \/>\n\t<meta property=\"og:image:height\" content=\"736\" \/>\n\t<meta property=\"og:image:type\" content=\"image\/png\" \/>\n<meta name=\"author\" content=\"Bladna News Staff\" \/>\n<meta name=\"twitter:card\" content=\"summary_large_image\" \/>\n<meta name=\"twitter:label1\" content=\"\u00c9crit par\" \/>\n\t<meta name=\"twitter:data1\" content=\"Bladna News Staff\" \/>\n\t<meta name=\"twitter:label2\" content=\"Dur\u00e9e de lecture estim\u00e9e\" \/>\n\t<meta name=\"twitter:data2\" content=\"1 minute\" \/>\n<script type=\"application\/ld+json\" class=\"yoast-schema-graph\">{\"@context\":\"https:\\\/\\\/schema.org\",\"@graph\":[{\"@type\":\"Article\",\"@id\":\"https:\\\/\\\/bladnanews.com\\\/bayern-munich-suffers-new-injury-blow-before-psg-clash\\\/#article\",\"isPartOf\":{\"@id\":\"https:\\\/\\\/bladnanews.com\\\/bayern-munich-suffers-new-injury-blow-before-psg-clash\\\/\"},\"author\":{\"name\":\"Bladna News Staff\",\"@id\":\"https:\\\/\\\/mediumseagreen-eel-531711.hostingersite.com\\\/#\\\/schema\\\/person\\\/268e18a453ab080ebf76df6ef7845083\"},\"headline\":\"Bayern munich suffers new injury blow before psg clash\",\"datePublished\":\"2026-04-26T14:47:04+00:00\",\"mainEntityOfPage\":{\"@id\":\"https:\\\/\\\/bladnanews.com\\\/bayern-munich-suffers-new-injury-blow-before-psg-clash\\\/\"},\"wordCount\":309,\"publisher\":{\"@id\":\"https:\\\/\\\/mediumseagreen-eel-531711.hostingersite.com\\\/#organization\"},\"image\":{\"@id\":\"https:\\\/\\\/bladnanews.com\\\/bayern-munich-suffers-new-injury-blow-before-psg-clash\\\/#primaryimage\"},\"thumbnailUrl\":\"https:\\\/\\\/bladnanews.com\\\/wp-content\\\/uploads\\\/2026\\\/04\\\/GettyImages-2270334327.jpg-scaled.jpg\",\"articleSection\":[\"International\",\"Latest News\"],\"inLanguage\":\"fr-FR\",\"copyrightYear\":\"2026\",\"copyrightHolder\":{\"@id\":\"https:\\\/\\\/bladnanews.com\\\/fr\\\/#organization\"}},{\"@type\":\"WebPage\",\"@id\":\"https:\\\/\\\/bladnanews.com\\\/bayern-munich-suffers-new-injury-blow-before-psg-clash\\\/\",\"url\":\"https:\\\/\\\/bladnanews.com\\\/bayern-munich-suffers-new-injury-blow-before-psg-clash\\\/\",\"name\":\"Bayern munich suffers new injury blow before psg clash - Bladna News\",\"isPartOf\":{\"@id\":\"https:\\\/\\\/mediumseagreen-eel-531711.hostingersite.com\\\/#website\"},\"primaryImageOfPage\":{\"@id\":\"https:\\\/\\\/bladnanews.com\\\/bayern-munich-suffers-new-injury-blow-before-psg-clash\\\/#primaryimage\"},\"image\":{\"@id\":\"https:\\\/\\\/bladnanews.com\\\/bayern-munich-suffers-new-injury-blow-before-psg-clash\\\/#primaryimage\"},\"thumbnailUrl\":\"https:\\\/\\\/bladnanews.com\\\/wp-content\\\/uploads\\\/2026\\\/04\\\/GettyImages-2270334327.jpg-scaled.jpg\",\"datePublished\":\"2026-04-26T14:47:04+00:00\",\"breadcrumb\":{\"@id\":\"https:\\\/\\\/bladnanews.com\\\/bayern-munich-suffers-new-injury-blow-before-psg-clash\\\/#breadcrumb\"},\"inLanguage\":\"fr-FR\",\"potentialAction\":[{\"@type\":\"ReadAction\",\"target\":[\"https:\\\/\\\/bladnanews.com\\\/bayern-munich-suffers-new-injury-blow-before-psg-clash\\\/\"]}]},{\"@type\":\"ImageObject\",\"inLanguage\":\"fr-FR\",\"@id\":\"https:\\\/\\\/bladnanews.com\\\/bayern-munich-suffers-new-injury-blow-before-psg-clash\\\/#primaryimage\",\"url\":\"https:\\\/\\\/bladnanews.com\\\/wp-content\\\/uploads\\\/2026\\\/04\\\/GettyImages-2270334327.jpg-scaled.jpg\",\"contentUrl\":\"https:\\\/\\\/bladnanews.com\\\/wp-content\\\/uploads\\\/2026\\\/04\\\/GettyImages-2270334327.jpg-scaled.jpg\",\"width\":2560,\"height\":1440,\"caption\":\"Bayern munich suffers new injury blow before psg clash\"},{\"@type\":\"BreadcrumbList\",\"@id\":\"https:\\\/\\\/bladnanews.com\\\/bayern-munich-suffers-new-injury-blow-before-psg-clash\\\/#breadcrumb\",\"itemListElement\":[{\"@type\":\"ListItem\",\"position\":1,\"name\":\"Home\",\"item\":\"https:\\\/\\\/bladnanews.com\\\/\"},{\"@type\":\"ListItem\",\"position\":2,\"name\":\"Bayern munich suffers new injury blow before psg clash\"}]},{\"@type\":\"WebSite\",\"@id\":\"https:\\\/\\\/mediumseagreen-eel-531711.hostingersite.com\\\/#website\",\"url\":\"https:\\\/\\\/mediumseagreen-eel-531711.hostingersite.com\\\/\",\"name\":\"Bladna News - Morocco\",\"description\":\"Where Moroccan Football Meets the World\",\"publisher\":{\"@id\":\"https:\\\/\\\/mediumseagreen-eel-531711.hostingersite.com\\\/#organization\"},\"potentialAction\":[{\"@type\":\"SearchAction\",\"target\":{\"@type\":\"EntryPoint\",\"urlTemplate\":\"https:\\\/\\\/mediumseagreen-eel-531711.hostingersite.com\\\/?s={search_term_string}\"},\"query-input\":{\"@type\":\"PropertyValueSpecification\",\"valueRequired\":true,\"valueName\":\"search_term_string\"}}],\"inLanguage\":\"fr-FR\"},{\"@type\":\"Organization\",\"@id\":\"https:\\\/\\\/mediumseagreen-eel-531711.hostingersite.com\\\/#organization\",\"name\":\"Bladna News.com\",\"url\":\"https:\\\/\\\/mediumseagreen-eel-531711.hostingersite.com\\\/\",\"logo\":{\"@type\":\"ImageObject\",\"inLanguage\":\"fr-FR\",\"@id\":\"https:\\\/\\\/mediumseagreen-eel-531711.hostingersite.com\\\/#\\\/schema\\\/logo\\\/image\\\/\",\"url\":\"https:\\\/\\\/bladnanews.com\\\/wp-content\\\/uploads\\\/2025\\\/12\\\/logo-bladnanews-V2-web-black-red.png\",\"contentUrl\":\"https:\\\/\\\/bladnanews.com\\\/wp-content\\\/uploads\\\/2025\\\/12\\\/logo-bladnanews-V2-web-black-red.png\",\"width\":703,\"height\":287,\"caption\":\"Bladna News.com\"},\"image\":{\"@id\":\"https:\\\/\\\/mediumseagreen-eel-531711.hostingersite.com\\\/#\\\/schema\\\/logo\\\/image\\\/\"},\"email\":\"info@bladnanews.com\",\"legalName\":\"Bladna News\"},{\"@type\":\"Person\",\"@id\":\"https:\\\/\\\/mediumseagreen-eel-531711.hostingersite.com\\\/#\\\/schema\\\/person\\\/268e18a453ab080ebf76df6ef7845083\",\"name\":\"Bladna News Staff\",\"url\":\"https:\\\/\\\/bladnanews.com\\\/fr\\\/author\\\/bladna-news-staff\\\/\"}]}<\/script>\n<!-- \/ Yoast SEO Premium plugin. -->","yoast_head_json":{"title":"Le Bayern Munich subit un nouveau coup dur sur le plan des blessures avant le choc contre le PSG - Bladna News","robots":{"index":"index","follow":"follow","max-snippet":"max-snippet:-1","max-image-preview":"max-image-preview:large","max-video-preview":"max-video-preview:-1"},"canonical":"https:\/\/bladnanews.com\/fr\/le-bayern-munich-subit-un-nouveau-coup-dur-sur-le-plan-des-blessures-avant-son-affrontement-contre-le-psg\/","og_locale":"fr_FR","og_type":"article","og_title":"Bayern munich suffers new injury blow before psg clash","og_description":"Bayern Munich have been dealt another significant injury setback just days before their crucial Champions League showdown with Paris Saint-Germain. [&hellip;]","og_url":"https:\/\/bladnanews.com\/fr\/le-bayern-munich-subit-un-nouveau-coup-dur-sur-le-plan-des-blessures-avant-son-affrontement-contre-le-psg\/","og_site_name":"Bladna News","article_published_time":"2026-04-26T14:47:04+00:00","og_image":[{"width":1312,"height":736,"url":"https:\/\/bladnanews.com\/wp-content\/uploads\/2025\/12\/freepik__bladna-newscom-moroccan-soccer-homepage-banner-mor__41838.png","type":"image\/png"}],"author":"Bladna News Staff","twitter_card":"summary_large_image","twitter_misc":{"\u00c9crit par":"Bladna News Staff","Dur\u00e9e de lecture estim\u00e9e":"1 minute"},"schema":{"@context":"https:\/\/schema.org","@graph":[{"@type":"Article","@id":"https:\/\/bladnanews.com\/bayern-munich-suffers-new-injury-blow-before-psg-clash\/#article","isPartOf":{"@id":"https:\/\/bladnanews.com\/bayern-munich-suffers-new-injury-blow-before-psg-clash\/"},"author":{"name":"Bladna News Staff","@id":"https:\/\/mediumseagreen-eel-531711.hostingersite.com\/#\/schema\/person\/268e18a453ab080ebf76df6ef7845083"},"headline":"Bayern munich suffers new injury blow before psg clash","datePublished":"2026-04-26T14:47:04+00:00","mainEntityOfPage":{"@id":"https:\/\/bladnanews.com\/bayern-munich-suffers-new-injury-blow-before-psg-clash\/"},"wordCount":309,"publisher":{"@id":"https:\/\/mediumseagreen-eel-531711.hostingersite.com\/#organization"},"image":{"@id":"https:\/\/bladnanews.com\/bayern-munich-suffers-new-injury-blow-before-psg-clash\/#primaryimage"},"thumbnailUrl":"https:\/\/bladnanews.com\/wp-content\/uploads\/2026\/04\/GettyImages-2270334327.jpg-scaled.jpg","articleSection":["International","Latest News"],"inLanguage":"fr-FR","copyrightYear":"2026","copyrightHolder":{"@id":"https:\/\/bladnanews.com\/fr\/#organization"}},{"@type":"WebPage","@id":"https:\/\/bladnanews.com\/bayern-munich-suffers-new-injury-blow-before-psg-clash\/","url":"https:\/\/bladnanews.com\/bayern-munich-suffers-new-injury-blow-before-psg-clash\/","name":"Le Bayern Munich subit un nouveau coup dur sur le plan des blessures avant le choc contre le PSG - Bladna News","isPartOf":{"@id":"https:\/\/mediumseagreen-eel-531711.hostingersite.com\/#website"},"primaryImageOfPage":{"@id":"https:\/\/bladnanews.com\/bayern-munich-suffers-new-injury-blow-before-psg-clash\/#primaryimage"},"image":{"@id":"https:\/\/bladnanews.com\/bayern-munich-suffers-new-injury-blow-before-psg-clash\/#primaryimage"},"thumbnailUrl":"https:\/\/bladnanews.com\/wp-content\/uploads\/2026\/04\/GettyImages-2270334327.jpg-scaled.jpg","datePublished":"2026-04-26T14:47:04+00:00","breadcrumb":{"@id":"https:\/\/bladnanews.com\/bayern-munich-suffers-new-injury-blow-before-psg-clash\/#breadcrumb"},"inLanguage":"fr-FR","potentialAction":[{"@type":"ReadAction","target":["https:\/\/bladnanews.com\/bayern-munich-suffers-new-injury-blow-before-psg-clash\/"]}]},{"@type":"ImageObject","inLanguage":"fr-FR","@id":"https:\/\/bladnanews.com\/bayern-munich-suffers-new-injury-blow-before-psg-clash\/#primaryimage","url":"https:\/\/bladnanews.com\/wp-content\/uploads\/2026\/04\/GettyImages-2270334327.jpg-scaled.jpg","contentUrl":"https:\/\/bladnanews.com\/wp-content\/uploads\/2026\/04\/GettyImages-2270334327.jpg-scaled.jpg","width":2560,"height":1440,"caption":"Bayern munich suffers new injury blow before psg clash"},{"@type":"BreadcrumbList","@id":"https:\/\/bladnanews.com\/bayern-munich-suffers-new-injury-blow-before-psg-clash\/#breadcrumb","itemListElement":[{"@type":"ListItem","position":1,"name":"Home","item":"https:\/\/bladnanews.com\/"},{"@type":"ListItem","position":2,"name":"Bayern munich suffers new injury blow before psg clash"}]},{"@type":"WebSite","@id":"https:\/\/mediumseagreen-eel-531711.hostingersite.com\/#website","url":"https:\/\/mediumseagreen-eel-531711.hostingersite.com\/","name":"Bladna News - Maroc","description":"Quand le football marocain rencontre le monde","publisher":{"@id":"https:\/\/mediumseagreen-eel-531711.hostingersite.com\/#organization"},"potentialAction":[{"@type":"SearchAction","target":{"@type":"EntryPoint","urlTemplate":"https:\/\/mediumseagreen-eel-531711.hostingersite.com\/?s={search_term_string}"},"query-input":{"@type":"PropertyValueSpecification","valueRequired":true,"valueName":"search_term_string"}}],"inLanguage":"fr-FR"},{"@type":"Organization","@id":"https:\/\/mediumseagreen-eel-531711.hostingersite.com\/#organization","name":"Bladna News.com","url":"https:\/\/mediumseagreen-eel-531711.hostingersite.com\/","logo":{"@type":"ImageObject","inLanguage":"fr-FR","@id":"https:\/\/mediumseagreen-eel-531711.hostingersite.com\/#\/schema\/logo\/image\/","url":"https:\/\/bladnanews.com\/wp-content\/uploads\/2025\/12\/logo-bladnanews-V2-web-black-red.png","contentUrl":"https:\/\/bladnanews.com\/wp-content\/uploads\/2025\/12\/logo-bladnanews-V2-web-black-red.png","width":703,"height":287,"caption":"Bladna News.com"},"image":{"@id":"https:\/\/mediumseagreen-eel-531711.hostingersite.com\/#\/schema\/logo\/image\/"},"email":"info@bladnanews.com","legalName":"Bladna News"},{"@type":"Person","@id":"https:\/\/mediumseagreen-eel-531711.hostingersite.com\/#\/schema\/person\/268e18a453ab080ebf76df6ef7845083","name":"\u00c9quipe r\u00e9dactionnelle de Bladna News","url":"https:\/\/bladnanews.com\/fr\/author\/bladna-news-staff\/"}]}},"_links":{"self":[{"href":"https:\/\/bladnanews.com\/fr\/wp-json\/wp\/v2\/posts\/10965","targetHints":{"allow":["GET"]}}],"collection":[{"href":"https:\/\/bladnanews.com\/fr\/wp-json\/wp\/v2\/posts"}],"about":[{"href":"https:\/\/bladnanews.com\/fr\/wp-json\/wp\/v2\/types\/post"}],"author":[{"embeddable":true,"href":"https:\/\/bladnanews.com\/fr\/wp-json\/wp\/v2\/users\/3"}],"replies":[{"embeddable":true,"href":"https:\/\/bladnanews.com\/fr\/wp-json\/wp\/v2\/comments?post=10965"}],"version-history":[{"count":0,"href":"https:\/\/bladnanews.com\/fr\/wp-json\/wp\/v2\/posts\/10965\/revisions"}],"wp:featuredmedia":[{"embeddable":true,"href":"https:\/\/bladnanews.com\/fr\/wp-json\/wp\/v2\/media\/10964"}],"wp:attachment":[{"href":"https:\/\/bladnanews.com\/fr\/wp-json\/wp\/v2\/media?parent=10965"}],"wp:term":[{"taxonomy":"category","embeddable":true,"href":"https:\/\/bladnanews.com\/fr\/wp-json\/wp\/v2\/categories?post=10965"},{"taxonomy":"post_tag","embeddable":true,"href":"https:\/\/bladnanews.com\/fr\/wp-json\/wp\/v2\/tags?post=10965"}],"curies":[{"name":"wp","href":"https:\/\/api.w.org\/{rel}","templated":true}]}}