{"id":10971,"date":"2026-04-26T18:56:19","date_gmt":"2026-04-26T18:56:19","guid":{"rendered":"https:\/\/bladnanews.com\/moroccan-club-targets-28-goal-star-for-world-cup-push\/"},"modified":"2026-04-26T18:56:19","modified_gmt":"2026-04-26T18:56:19","slug":"le-club-marocain-cible-une-star-de-28-buts-pour-sa-campagne-de-coupe-du-monde","status":"publish","type":"post","link":"https:\/\/bladnanews.com\/fr\/le-club-marocain-cible-une-star-de-28-buts-pour-sa-campagne-de-coupe-du-monde\/","title":{"rendered":"Un club marocain cible une star de 28 buts pour sa campagne de Coupe du Monde"},"content":{"rendered":"<p>Le club marocain du Wydad Casablanca pr\u00e9pare une refonte majeure de son effectif en vue de la Coupe du Monde des Clubs de la FIFA 2026, son pr\u00e9sident Hicham Ait Menna ayant r\u00e9v\u00e9l\u00e9 que le conseil d'administration travaille sur une \u201c surprise \u201d qui pourrait bouleverser le tournoi.<\/p>\n<p>Lors d'un entretien r\u00e9cent, Ait Menna a confirm\u00e9 que le Wydad est en n\u00e9gociations avanc\u00e9es pour recruter un attaquant prolifique ayant inscrit 28 buts la saison derni\u00e8re. Le pr\u00e9sident s'est abstenu de nommer le joueur, mais a laiss\u00e9 entendre que cet accord constituerait une d\u00e9claration d'intention pour la campagne de la Coupe du Monde.<\/p>\n<p>\u201c Nous ciblons un nom capable de faire la diff\u00e9rence sur la sc\u00e8ne mondiale \u201d, a d\u00e9clar\u00e9 Ait Menna. \u201c Il ne s'agit pas simplement d'ajouter des chiffres \u00e0 l'effectif. Nous voulons un joueur capable de porter le poids du club dans la comp\u00e9tition la plus difficile au monde. \u201d<\/p>\n<p>L'attaquant aux 28 buts, dont l'identit\u00e9 reste inconnue, \u00e9voluerait en Europe. Des sources proches du club sugg\u00e8rent que le Wydad a d\u00e9j\u00e0 soumis une offre formelle et attend la r\u00e9ponse du joueur.<\/p>\n<p>Le Wydad s'est qualifi\u00e9 pour la Coupe du Monde des Clubs 2026 \u00e9largie apr\u00e8s avoir remport\u00e9 la Ligue des Champions de la CAF en 2023. Le tournoi, qui se d\u00e9roulera aux \u00c9tats-Unis, comptera pour la premi\u00e8re fois 32 \u00e9quipes.<\/p>\n<p>Ait Menna a ajout\u00e9 que le club cherche \u00e9galement \u00e0 renforcer d'autres postes. \u201c Nous avons besoin de profondeur. La Coupe du Monde exigera beaucoup de chaque joueur, et nous devons \u00eatre pr\u00eats physiquement et mentalement \u201d, a-t-il d\u00e9clar\u00e9.<\/p>\n<p>Le g\u00e9ant marocain a \u00e9t\u00e9 actif sur le march\u00e9 des transferts, mais cette potentielle signature serait son mouvement le plus m\u00e9diatis\u00e9 \u00e0 ce jour. Les supporters ont d\u00e9j\u00e0 commenc\u00e9 \u00e0 sp\u00e9culer sur les r\u00e9seaux sociaux quant \u00e0 l'identit\u00e9 de l'attaquant myst\u00e9rieux.<\/p>\n<p>Le Wydad devrait faire une annonce officielle dans les deux prochaines semaines si les n\u00e9gociations aboutissent. La direction du club a appel\u00e9 \u00e0 la patience, affirmant vouloir \u00e9viter une surench\u00e8re qui pourrait faire grimper le prix.<\/p>\n<p>\u00c0 mesure que le tournoi de 2026 approche, le Wydad vise clairement \u00e0 marquer les esprits. Reste \u00e0 savoir si l'homme aux 28 buts sera celui qui m\u00e8nera leur charge, mais l'ambition est ind\u00e9niable.<\/p>","protected":false},"excerpt":{"rendered":"<p>Moroccan side Wydad Casablanca are plotting a major squad overhaul ahead of the 2026 FIFA Club World Cup, with club [&hellip;]<\/p>\n","protected":false},"author":3,"featured_media":10970,"comment_status":"","ping_status":"open","sticky":false,"template":"","format":"standard","meta":{"googlesitekit_rrm_CAow_uzEDA:productID":"","site-sidebar-layout":"default","site-content-layout":"","ast-site-content-layout":"default","site-content-style":"default","site-sidebar-style":"default","ast-global-header-display":"","ast-banner-title-visibility":"","ast-main-header-display":"","ast-hfb-above-header-display":"","ast-hfb-below-header-display":"","ast-hfb-mobile-header-display":"","site-post-title":"","ast-breadcrumbs-content":"","ast-featured-img":"","footer-sml-layout":"","ast-disable-related-posts":"","theme-transparent-header-meta":"","adv-header-id-meta":"","stick-header-meta":"","header-above-stick-meta":"","header-main-stick-meta":"","header-below-stick-meta":"","astra-migrate-meta-layouts":"default","ast-page-background-enabled":"default","ast-page-background-meta":{"desktop":{"background-color":"var(--ast-global-color-5)","background-image":"","background-repeat":"repeat","background-position":"center center","background-size":"auto","background-attachment":"scroll","background-type":"","background-media":"","overlay-type":"","overlay-color":"","overlay-opacity":"","overlay-gradient":""},"tablet":{"background-color":"","background-image":"","background-repeat":"repeat","background-position":"center center","background-size":"auto","background-attachment":"scroll","background-type":"","background-media":"","overlay-type":"","overlay-color":"","overlay-opacity":"","overlay-gradient":""},"mobile":{"background-color":"","background-image":"","background-repeat":"repeat","background-position":"center center","background-size":"auto","background-attachment":"scroll","background-type":"","background-media":"","overlay-type":"","overlay-color":"","overlay-opacity":"","overlay-gradient":""}},"ast-content-background-meta":{"desktop":{"background-color":"var(--ast-global-color-4)","background-image":"","background-repeat":"repeat","background-position":"center center","background-size":"auto","background-attachment":"scroll","background-type":"","background-media":"","overlay-type":"","overlay-color":"","overlay-opacity":"","overlay-gradient":""},"tablet":{"background-color":"var(--ast-global-color-4)","background-image":"","background-repeat":"repeat","background-position":"center center","background-size":"auto","background-attachment":"scroll","background-type":"","background-media":"","overlay-type":"","overlay-color":"","overlay-opacity":"","overlay-gradient":""},"mobile":{"background-color":"var(--ast-global-color-4)","background-image":"","background-repeat":"repeat","background-position":"center center","background-size":"auto","background-attachment":"scroll","background-type":"","background-media":"","overlay-type":"","overlay-color":"","overlay-opacity":"","overlay-gradient":""}},"footnotes":""},"categories":[20,1],"tags":[],"class_list":["post-10971","post","type-post","status-publish","format-standard","has-post-thumbnail","hentry","category-international","category-football-latest-news"],"yoast_head":"<!-- This site is optimized with the Yoast SEO Premium plugin v26.6 (Yoast SEO v27.4) - https:\/\/yoast.com\/product\/yoast-seo-premium-wordpress\/ -->\n<title>Moroccan club targets 28-goal star for World Cup push - Bladna News<\/title>\n<meta name=\"robots\" content=\"index, follow, max-snippet:-1, max-image-preview:large, max-video-preview:-1\" \/>\n<link rel=\"canonical\" href=\"https:\/\/bladnanews.com\/fr\/le-club-marocain-cible-une-star-de-28-buts-pour-sa-campagne-de-coupe-du-monde\/\" \/>\n<meta property=\"og:locale\" content=\"fr_FR\" \/>\n<meta property=\"og:type\" content=\"article\" \/>\n<meta property=\"og:title\" content=\"Moroccan club targets 28-goal star for World Cup push\" \/>\n<meta property=\"og:description\" content=\"Moroccan side Wydad Casablanca are plotting a major squad overhaul ahead of the 2026 FIFA Club World Cup, with club [&hellip;]\" \/>\n<meta property=\"og:url\" content=\"https:\/\/bladnanews.com\/fr\/le-club-marocain-cible-une-star-de-28-buts-pour-sa-campagne-de-coupe-du-monde\/\" \/>\n<meta property=\"og:site_name\" content=\"Bladna News\" \/>\n<meta property=\"article:published_time\" content=\"2026-04-26T18:56:19+00:00\" \/>\n<meta property=\"og:image\" content=\"https:\/\/bladnanews.com\/wp-content\/uploads\/2025\/12\/freepik__bladna-newscom-moroccan-soccer-homepage-banner-mor__41838.png\" \/>\n\t<meta property=\"og:image:width\" content=\"1312\" \/>\n\t<meta property=\"og:image:height\" content=\"736\" \/>\n\t<meta property=\"og:image:type\" content=\"image\/png\" \/>\n<meta name=\"author\" content=\"Bladna News Staff\" \/>\n<meta name=\"twitter:card\" content=\"summary_large_image\" \/>\n<meta name=\"twitter:label1\" content=\"\u00c9crit par\" \/>\n\t<meta name=\"twitter:data1\" content=\"Bladna News Staff\" \/>\n\t<meta name=\"twitter:label2\" content=\"Dur\u00e9e de lecture estim\u00e9e\" \/>\n\t<meta name=\"twitter:data2\" content=\"2 minutes\" \/>\n<script type=\"application\/ld+json\" class=\"yoast-schema-graph\">{\"@context\":\"https:\\\/\\\/schema.org\",\"@graph\":[{\"@type\":\"Article\",\"@id\":\"https:\\\/\\\/bladnanews.com\\\/moroccan-club-targets-28-goal-star-for-world-cup-push\\\/#article\",\"isPartOf\":{\"@id\":\"https:\\\/\\\/bladnanews.com\\\/moroccan-club-targets-28-goal-star-for-world-cup-push\\\/\"},\"author\":{\"name\":\"Bladna News Staff\",\"@id\":\"https:\\\/\\\/mediumseagreen-eel-531711.hostingersite.com\\\/#\\\/schema\\\/person\\\/268e18a453ab080ebf76df6ef7845083\"},\"headline\":\"Moroccan club targets 28-goal star for World Cup push\",\"datePublished\":\"2026-04-26T18:56:19+00:00\",\"mainEntityOfPage\":{\"@id\":\"https:\\\/\\\/bladnanews.com\\\/moroccan-club-targets-28-goal-star-for-world-cup-push\\\/\"},\"wordCount\":352,\"publisher\":{\"@id\":\"https:\\\/\\\/mediumseagreen-eel-531711.hostingersite.com\\\/#organization\"},\"image\":{\"@id\":\"https:\\\/\\\/bladnanews.com\\\/moroccan-club-targets-28-goal-star-for-world-cup-push\\\/#primaryimage\"},\"thumbnailUrl\":\"https:\\\/\\\/bladnanews.com\\\/wp-content\\\/uploads\\\/2026\\\/04\\\/GettyImages-2269278530-1.jpg-1.jpg\",\"articleSection\":[\"International\",\"Latest News\"],\"inLanguage\":\"fr-FR\",\"copyrightYear\":\"2026\",\"copyrightHolder\":{\"@id\":\"https:\\\/\\\/bladnanews.com\\\/fr\\\/#organization\"}},{\"@type\":\"WebPage\",\"@id\":\"https:\\\/\\\/bladnanews.com\\\/moroccan-club-targets-28-goal-star-for-world-cup-push\\\/\",\"url\":\"https:\\\/\\\/bladnanews.com\\\/moroccan-club-targets-28-goal-star-for-world-cup-push\\\/\",\"name\":\"Moroccan club targets 28-goal star for World Cup push - Bladna News\",\"isPartOf\":{\"@id\":\"https:\\\/\\\/mediumseagreen-eel-531711.hostingersite.com\\\/#website\"},\"primaryImageOfPage\":{\"@id\":\"https:\\\/\\\/bladnanews.com\\\/moroccan-club-targets-28-goal-star-for-world-cup-push\\\/#primaryimage\"},\"image\":{\"@id\":\"https:\\\/\\\/bladnanews.com\\\/moroccan-club-targets-28-goal-star-for-world-cup-push\\\/#primaryimage\"},\"thumbnailUrl\":\"https:\\\/\\\/bladnanews.com\\\/wp-content\\\/uploads\\\/2026\\\/04\\\/GettyImages-2269278530-1.jpg-1.jpg\",\"datePublished\":\"2026-04-26T18:56:19+00:00\",\"breadcrumb\":{\"@id\":\"https:\\\/\\\/bladnanews.com\\\/moroccan-club-targets-28-goal-star-for-world-cup-push\\\/#breadcrumb\"},\"inLanguage\":\"fr-FR\",\"potentialAction\":[{\"@type\":\"ReadAction\",\"target\":[\"https:\\\/\\\/bladnanews.com\\\/moroccan-club-targets-28-goal-star-for-world-cup-push\\\/\"]}]},{\"@type\":\"ImageObject\",\"inLanguage\":\"fr-FR\",\"@id\":\"https:\\\/\\\/bladnanews.com\\\/moroccan-club-targets-28-goal-star-for-world-cup-push\\\/#primaryimage\",\"url\":\"https:\\\/\\\/bladnanews.com\\\/wp-content\\\/uploads\\\/2026\\\/04\\\/GettyImages-2269278530-1.jpg-1.jpg\",\"contentUrl\":\"https:\\\/\\\/bladnanews.com\\\/wp-content\\\/uploads\\\/2026\\\/04\\\/GettyImages-2269278530-1.jpg-1.jpg\",\"width\":2256,\"height\":1269,\"caption\":\"Moroccan club targets 28-goal star for World Cup push\"},{\"@type\":\"BreadcrumbList\",\"@id\":\"https:\\\/\\\/bladnanews.com\\\/moroccan-club-targets-28-goal-star-for-world-cup-push\\\/#breadcrumb\",\"itemListElement\":[{\"@type\":\"ListItem\",\"position\":1,\"name\":\"Home\",\"item\":\"https:\\\/\\\/bladnanews.com\\\/\"},{\"@type\":\"ListItem\",\"position\":2,\"name\":\"Moroccan club targets 28-goal star for World Cup push\"}]},{\"@type\":\"WebSite\",\"@id\":\"https:\\\/\\\/mediumseagreen-eel-531711.hostingersite.com\\\/#website\",\"url\":\"https:\\\/\\\/mediumseagreen-eel-531711.hostingersite.com\\\/\",\"name\":\"Bladna News - Morocco\",\"description\":\"Where Moroccan Football Meets the World\",\"publisher\":{\"@id\":\"https:\\\/\\\/mediumseagreen-eel-531711.hostingersite.com\\\/#organization\"},\"potentialAction\":[{\"@type\":\"SearchAction\",\"target\":{\"@type\":\"EntryPoint\",\"urlTemplate\":\"https:\\\/\\\/mediumseagreen-eel-531711.hostingersite.com\\\/?s={search_term_string}\"},\"query-input\":{\"@type\":\"PropertyValueSpecification\",\"valueRequired\":true,\"valueName\":\"search_term_string\"}}],\"inLanguage\":\"fr-FR\"},{\"@type\":\"Organization\",\"@id\":\"https:\\\/\\\/mediumseagreen-eel-531711.hostingersite.com\\\/#organization\",\"name\":\"Bladna News.com\",\"url\":\"https:\\\/\\\/mediumseagreen-eel-531711.hostingersite.com\\\/\",\"logo\":{\"@type\":\"ImageObject\",\"inLanguage\":\"fr-FR\",\"@id\":\"https:\\\/\\\/mediumseagreen-eel-531711.hostingersite.com\\\/#\\\/schema\\\/logo\\\/image\\\/\",\"url\":\"https:\\\/\\\/bladnanews.com\\\/wp-content\\\/uploads\\\/2025\\\/12\\\/logo-bladnanews-V2-web-black-red.png\",\"contentUrl\":\"https:\\\/\\\/bladnanews.com\\\/wp-content\\\/uploads\\\/2025\\\/12\\\/logo-bladnanews-V2-web-black-red.png\",\"width\":703,\"height\":287,\"caption\":\"Bladna News.com\"},\"image\":{\"@id\":\"https:\\\/\\\/mediumseagreen-eel-531711.hostingersite.com\\\/#\\\/schema\\\/logo\\\/image\\\/\"},\"email\":\"info@bladnanews.com\",\"legalName\":\"Bladna News\"},{\"@type\":\"Person\",\"@id\":\"https:\\\/\\\/mediumseagreen-eel-531711.hostingersite.com\\\/#\\\/schema\\\/person\\\/268e18a453ab080ebf76df6ef7845083\",\"name\":\"Bladna News Staff\",\"url\":\"https:\\\/\\\/bladnanews.com\\\/fr\\\/author\\\/bladna-news-staff\\\/\"}]}<\/script>\n<!-- \/ Yoast SEO Premium plugin. -->","yoast_head_json":{"title":"Un club marocain cible une star de 28 buts pour sa campagne en vue de la Coupe du Monde - Bladna News","robots":{"index":"index","follow":"follow","max-snippet":"max-snippet:-1","max-image-preview":"max-image-preview:large","max-video-preview":"max-video-preview:-1"},"canonical":"https:\/\/bladnanews.com\/fr\/le-club-marocain-cible-une-star-de-28-buts-pour-sa-campagne-de-coupe-du-monde\/","og_locale":"fr_FR","og_type":"article","og_title":"Moroccan club targets 28-goal star for World Cup push","og_description":"Moroccan side Wydad Casablanca are plotting a major squad overhaul ahead of the 2026 FIFA Club World Cup, with club [&hellip;]","og_url":"https:\/\/bladnanews.com\/fr\/le-club-marocain-cible-une-star-de-28-buts-pour-sa-campagne-de-coupe-du-monde\/","og_site_name":"Bladna News","article_published_time":"2026-04-26T18:56:19+00:00","og_image":[{"width":1312,"height":736,"url":"https:\/\/bladnanews.com\/wp-content\/uploads\/2025\/12\/freepik__bladna-newscom-moroccan-soccer-homepage-banner-mor__41838.png","type":"image\/png"}],"author":"Bladna News Staff","twitter_card":"summary_large_image","twitter_misc":{"\u00c9crit par":"Bladna News Staff","Dur\u00e9e de lecture estim\u00e9e":"2 minutes"},"schema":{"@context":"https:\/\/schema.org","@graph":[{"@type":"Article","@id":"https:\/\/bladnanews.com\/moroccan-club-targets-28-goal-star-for-world-cup-push\/#article","isPartOf":{"@id":"https:\/\/bladnanews.com\/moroccan-club-targets-28-goal-star-for-world-cup-push\/"},"author":{"name":"Bladna News Staff","@id":"https:\/\/mediumseagreen-eel-531711.hostingersite.com\/#\/schema\/person\/268e18a453ab080ebf76df6ef7845083"},"headline":"Moroccan club targets 28-goal star for World Cup push","datePublished":"2026-04-26T18:56:19+00:00","mainEntityOfPage":{"@id":"https:\/\/bladnanews.com\/moroccan-club-targets-28-goal-star-for-world-cup-push\/"},"wordCount":352,"publisher":{"@id":"https:\/\/mediumseagreen-eel-531711.hostingersite.com\/#organization"},"image":{"@id":"https:\/\/bladnanews.com\/moroccan-club-targets-28-goal-star-for-world-cup-push\/#primaryimage"},"thumbnailUrl":"https:\/\/bladnanews.com\/wp-content\/uploads\/2026\/04\/GettyImages-2269278530-1.jpg-1.jpg","articleSection":["International","Latest News"],"inLanguage":"fr-FR","copyrightYear":"2026","copyrightHolder":{"@id":"https:\/\/bladnanews.com\/fr\/#organization"}},{"@type":"WebPage","@id":"https:\/\/bladnanews.com\/moroccan-club-targets-28-goal-star-for-world-cup-push\/","url":"https:\/\/bladnanews.com\/moroccan-club-targets-28-goal-star-for-world-cup-push\/","name":"Un club marocain cible une star de 28 buts pour sa campagne en vue de la Coupe du Monde - Bladna News","isPartOf":{"@id":"https:\/\/mediumseagreen-eel-531711.hostingersite.com\/#website"},"primaryImageOfPage":{"@id":"https:\/\/bladnanews.com\/moroccan-club-targets-28-goal-star-for-world-cup-push\/#primaryimage"},"image":{"@id":"https:\/\/bladnanews.com\/moroccan-club-targets-28-goal-star-for-world-cup-push\/#primaryimage"},"thumbnailUrl":"https:\/\/bladnanews.com\/wp-content\/uploads\/2026\/04\/GettyImages-2269278530-1.jpg-1.jpg","datePublished":"2026-04-26T18:56:19+00:00","breadcrumb":{"@id":"https:\/\/bladnanews.com\/moroccan-club-targets-28-goal-star-for-world-cup-push\/#breadcrumb"},"inLanguage":"fr-FR","potentialAction":[{"@type":"ReadAction","target":["https:\/\/bladnanews.com\/moroccan-club-targets-28-goal-star-for-world-cup-push\/"]}]},{"@type":"ImageObject","inLanguage":"fr-FR","@id":"https:\/\/bladnanews.com\/moroccan-club-targets-28-goal-star-for-world-cup-push\/#primaryimage","url":"https:\/\/bladnanews.com\/wp-content\/uploads\/2026\/04\/GettyImages-2269278530-1.jpg-1.jpg","contentUrl":"https:\/\/bladnanews.com\/wp-content\/uploads\/2026\/04\/GettyImages-2269278530-1.jpg-1.jpg","width":2256,"height":1269,"caption":"Moroccan club targets 28-goal star for World Cup push"},{"@type":"BreadcrumbList","@id":"https:\/\/bladnanews.com\/moroccan-club-targets-28-goal-star-for-world-cup-push\/#breadcrumb","itemListElement":[{"@type":"ListItem","position":1,"name":"Home","item":"https:\/\/bladnanews.com\/"},{"@type":"ListItem","position":2,"name":"Moroccan club targets 28-goal star for World Cup push"}]},{"@type":"WebSite","@id":"https:\/\/mediumseagreen-eel-531711.hostingersite.com\/#website","url":"https:\/\/mediumseagreen-eel-531711.hostingersite.com\/","name":"Bladna News - Maroc","description":"Quand le football marocain rencontre le monde","publisher":{"@id":"https:\/\/mediumseagreen-eel-531711.hostingersite.com\/#organization"},"potentialAction":[{"@type":"SearchAction","target":{"@type":"EntryPoint","urlTemplate":"https:\/\/mediumseagreen-eel-531711.hostingersite.com\/?s={search_term_string}"},"query-input":{"@type":"PropertyValueSpecification","valueRequired":true,"valueName":"search_term_string"}}],"inLanguage":"fr-FR"},{"@type":"Organization","@id":"https:\/\/mediumseagreen-eel-531711.hostingersite.com\/#organization","name":"Bladna News.com","url":"https:\/\/mediumseagreen-eel-531711.hostingersite.com\/","logo":{"@type":"ImageObject","inLanguage":"fr-FR","@id":"https:\/\/mediumseagreen-eel-531711.hostingersite.com\/#\/schema\/logo\/image\/","url":"https:\/\/bladnanews.com\/wp-content\/uploads\/2025\/12\/logo-bladnanews-V2-web-black-red.png","contentUrl":"https:\/\/bladnanews.com\/wp-content\/uploads\/2025\/12\/logo-bladnanews-V2-web-black-red.png","width":703,"height":287,"caption":"Bladna News.com"},"image":{"@id":"https:\/\/mediumseagreen-eel-531711.hostingersite.com\/#\/schema\/logo\/image\/"},"email":"info@bladnanews.com","legalName":"Bladna News"},{"@type":"Person","@id":"https:\/\/mediumseagreen-eel-531711.hostingersite.com\/#\/schema\/person\/268e18a453ab080ebf76df6ef7845083","name":"\u00c9quipe r\u00e9dactionnelle de Bladna News","url":"https:\/\/bladnanews.com\/fr\/author\/bladna-news-staff\/"}]}},"_links":{"self":[{"href":"https:\/\/bladnanews.com\/fr\/wp-json\/wp\/v2\/posts\/10971","targetHints":{"allow":["GET"]}}],"collection":[{"href":"https:\/\/bladnanews.com\/fr\/wp-json\/wp\/v2\/posts"}],"about":[{"href":"https:\/\/bladnanews.com\/fr\/wp-json\/wp\/v2\/types\/post"}],"author":[{"embeddable":true,"href":"https:\/\/bladnanews.com\/fr\/wp-json\/wp\/v2\/users\/3"}],"replies":[{"embeddable":true,"href":"https:\/\/bladnanews.com\/fr\/wp-json\/wp\/v2\/comments?post=10971"}],"version-history":[{"count":0,"href":"https:\/\/bladnanews.com\/fr\/wp-json\/wp\/v2\/posts\/10971\/revisions"}],"wp:featuredmedia":[{"embeddable":true,"href":"https:\/\/bladnanews.com\/fr\/wp-json\/wp\/v2\/media\/10970"}],"wp:attachment":[{"href":"https:\/\/bladnanews.com\/fr\/wp-json\/wp\/v2\/media?parent=10971"}],"wp:term":[{"taxonomy":"category","embeddable":true,"href":"https:\/\/bladnanews.com\/fr\/wp-json\/wp\/v2\/categories?post=10971"},{"taxonomy":"post_tag","embeddable":true,"href":"https:\/\/bladnanews.com\/fr\/wp-json\/wp\/v2\/tags?post=10971"}],"curies":[{"name":"wp","href":"https:\/\/api.w.org\/{rel}","templated":true}]}}