{"id":10981,"date":"2026-04-26T19:29:11","date_gmt":"2026-04-26T19:29:11","guid":{"rendered":"https:\/\/bladnanews.com\/modric-injury-casts-shadow-over-milan-juventus-clash\/"},"modified":"2026-04-26T19:29:11","modified_gmt":"2026-04-26T19:29:11","slug":"la-blessure-de-modric-jette-une-ombre-sur-le-choc-entre-milan-et-la-juventus","status":"publish","type":"post","link":"https:\/\/bladnanews.com\/fr\/la-blessure-de-modric-jette-une-ombre-sur-le-choc-entre-milan-et-la-juventus\/","title":{"rendered":"La blessure de Modri\u0107 jette une ombre sur le choc Milan-Juventus"},"content":{"rendered":"<p>La blessure de Modri\u0107 jette une ombre sur le choc Milan-Juventus<\/p>\n<p>La blessure de Luka Modri\u0107 a jet\u00e9 une ombre sur le prochain choc de Serie A entre l'AC Milan et la Juventus, le milieu de terrain croate \u00e9tant d\u00e9sormais tr\u00e8s incertain pour cette rencontre.<\/p>\n<p>La star du Real Madrid s'est bless\u00e9e lors de l'entra\u00eenement de mardi, selon des sources proches du club. Le staff m\u00e9dical \u00e9value l'\u00e9tendue du probl\u00e8me, mais les premi\u00e8res indications sugg\u00e8rent qu'il pourrait \u00eatre \u00e9cart\u00e9 des terrains pour une dur\u00e9e allant jusqu'\u00e0 deux semaines.<\/p>\n<p>Ce d\u00e9lai compromet s\u00e9rieusement sa participation au choc de 2026 \u00e0 San Siro. Modri\u0107 a \u00e9t\u00e9 un \u00e9l\u00e9ment cl\u00e9 des Merengues cette saison, et son absence constituerait un coup dur pour l'\u00e9quipe de Carlo Ancelotti.<\/p>\n<p>Des images vid\u00e9o sont apparues mercredi montrant Modri\u0107 quittant le terrain en boitant apr\u00e8s une collision lors d'un exercice de routine. On le voyait se tenir la cuisse gauche et recevoir une attention imm\u00e9diate de la part de l'\u00e9quipe de kin\u00e9sith\u00e9rapie.<\/p>\n<p>Le Real Madrid n'a pas encore publi\u00e9 de d\u00e9claration officielle sur la gravit\u00e9 de la blessure. Cependant, des sources internes au club ont confirm\u00e9 que le joueur de 39 ans subira des examens suppl\u00e9mentaires jeudi pour d\u00e9terminer le diagnostic complet.<\/p>\n<p>Le timing ne pourrait pas \u00eatre pire pour Madrid, qui fait face \u00e0 un calendrier charg\u00e9 dans les semaines \u00e0 venir. Le match Milan-Juventus du 23 f\u00e9vrier 2026 est l'une des rencontres les plus attendues de la saison, et l'absence potentielle de Modri\u0107 a d\u00e9j\u00e0 suscit\u00e9 des d\u00e9bats parmi les fans et les experts.<\/p>\n<p>Ancelotti devrait s'adresser aux m\u00e9dias plus tard cette semaine, o\u00f9 il fournira probablement une mise \u00e0 jour sur l'\u00e9tat de Modri\u0107. Pour l'instant, le camp du Real Madrid retient son souffle.<\/p>","protected":false},"excerpt":{"rendered":"<p>Modric injury casts shadow over Milan-Juventus clash Luka Modric&#8217;s injury has thrown a cloud over the upcoming Serie A showdown [&hellip;]<\/p>\n","protected":false},"author":3,"featured_media":10980,"comment_status":"","ping_status":"open","sticky":false,"template":"","format":"standard","meta":{"googlesitekit_rrm_CAow_uzEDA:productID":"","site-sidebar-layout":"default","site-content-layout":"","ast-site-content-layout":"default","site-content-style":"default","site-sidebar-style":"default","ast-global-header-display":"","ast-banner-title-visibility":"","ast-main-header-display":"","ast-hfb-above-header-display":"","ast-hfb-below-header-display":"","ast-hfb-mobile-header-display":"","site-post-title":"","ast-breadcrumbs-content":"","ast-featured-img":"","footer-sml-layout":"","ast-disable-related-posts":"","theme-transparent-header-meta":"","adv-header-id-meta":"","stick-header-meta":"","header-above-stick-meta":"","header-main-stick-meta":"","header-below-stick-meta":"","astra-migrate-meta-layouts":"default","ast-page-background-enabled":"default","ast-page-background-meta":{"desktop":{"background-color":"var(--ast-global-color-5)","background-image":"","background-repeat":"repeat","background-position":"center center","background-size":"auto","background-attachment":"scroll","background-type":"","background-media":"","overlay-type":"","overlay-color":"","overlay-opacity":"","overlay-gradient":""},"tablet":{"background-color":"","background-image":"","background-repeat":"repeat","background-position":"center center","background-size":"auto","background-attachment":"scroll","background-type":"","background-media":"","overlay-type":"","overlay-color":"","overlay-opacity":"","overlay-gradient":""},"mobile":{"background-color":"","background-image":"","background-repeat":"repeat","background-position":"center center","background-size":"auto","background-attachment":"scroll","background-type":"","background-media":"","overlay-type":"","overlay-color":"","overlay-opacity":"","overlay-gradient":""}},"ast-content-background-meta":{"desktop":{"background-color":"var(--ast-global-color-4)","background-image":"","background-repeat":"repeat","background-position":"center center","background-size":"auto","background-attachment":"scroll","background-type":"","background-media":"","overlay-type":"","overlay-color":"","overlay-opacity":"","overlay-gradient":""},"tablet":{"background-color":"var(--ast-global-color-4)","background-image":"","background-repeat":"repeat","background-position":"center center","background-size":"auto","background-attachment":"scroll","background-type":"","background-media":"","overlay-type":"","overlay-color":"","overlay-opacity":"","overlay-gradient":""},"mobile":{"background-color":"var(--ast-global-color-4)","background-image":"","background-repeat":"repeat","background-position":"center center","background-size":"auto","background-attachment":"scroll","background-type":"","background-media":"","overlay-type":"","overlay-color":"","overlay-opacity":"","overlay-gradient":""}},"footnotes":""},"categories":[20,1],"tags":[],"class_list":["post-10981","post","type-post","status-publish","format-standard","has-post-thumbnail","hentry","category-international","category-football-latest-news"],"yoast_head":"<!-- This site is optimized with the Yoast SEO Premium plugin v26.6 (Yoast SEO v27.4) - https:\/\/yoast.com\/product\/yoast-seo-premium-wordpress\/ -->\n<title>Modric injury casts shadow over Milan-Juventus clash - Bladna News<\/title>\n<meta name=\"robots\" content=\"index, follow, max-snippet:-1, max-image-preview:large, max-video-preview:-1\" \/>\n<link rel=\"canonical\" href=\"https:\/\/bladnanews.com\/fr\/la-blessure-de-modric-jette-une-ombre-sur-le-choc-entre-milan-et-la-juventus\/\" \/>\n<meta property=\"og:locale\" content=\"fr_FR\" \/>\n<meta property=\"og:type\" content=\"article\" \/>\n<meta property=\"og:title\" content=\"Modric injury casts shadow over Milan-Juventus clash\" \/>\n<meta property=\"og:description\" content=\"Modric injury casts shadow over Milan-Juventus clash Luka Modric&#8217;s injury has thrown a cloud over the upcoming Serie A showdown [&hellip;]\" \/>\n<meta property=\"og:url\" content=\"https:\/\/bladnanews.com\/fr\/la-blessure-de-modric-jette-une-ombre-sur-le-choc-entre-milan-et-la-juventus\/\" \/>\n<meta property=\"og:site_name\" content=\"Bladna News\" \/>\n<meta property=\"article:published_time\" content=\"2026-04-26T19:29:11+00:00\" \/>\n<meta property=\"og:image\" content=\"https:\/\/bladnanews.com\/wp-content\/uploads\/2025\/12\/freepik__bladna-newscom-moroccan-soccer-homepage-banner-mor__41838.png\" \/>\n\t<meta property=\"og:image:width\" content=\"1312\" \/>\n\t<meta property=\"og:image:height\" content=\"736\" \/>\n\t<meta property=\"og:image:type\" content=\"image\/png\" \/>\n<meta name=\"author\" content=\"Bladna News Staff\" \/>\n<meta name=\"twitter:card\" content=\"summary_large_image\" \/>\n<meta name=\"twitter:label1\" content=\"\u00c9crit par\" \/>\n\t<meta name=\"twitter:data1\" content=\"Bladna News Staff\" \/>\n\t<meta name=\"twitter:label2\" content=\"Dur\u00e9e de lecture estim\u00e9e\" \/>\n\t<meta name=\"twitter:data2\" content=\"1 minute\" \/>\n<script type=\"application\/ld+json\" class=\"yoast-schema-graph\">{\"@context\":\"https:\\\/\\\/schema.org\",\"@graph\":[{\"@type\":\"Article\",\"@id\":\"https:\\\/\\\/bladnanews.com\\\/modric-injury-casts-shadow-over-milan-juventus-clash\\\/#article\",\"isPartOf\":{\"@id\":\"https:\\\/\\\/bladnanews.com\\\/modric-injury-casts-shadow-over-milan-juventus-clash\\\/\"},\"author\":{\"name\":\"Bladna News Staff\",\"@id\":\"https:\\\/\\\/mediumseagreen-eel-531711.hostingersite.com\\\/#\\\/schema\\\/person\\\/268e18a453ab080ebf76df6ef7845083\"},\"headline\":\"Modric injury casts shadow over Milan-Juventus clash\",\"datePublished\":\"2026-04-26T19:29:11+00:00\",\"mainEntityOfPage\":{\"@id\":\"https:\\\/\\\/bladnanews.com\\\/modric-injury-casts-shadow-over-milan-juventus-clash\\\/\"},\"wordCount\":265,\"publisher\":{\"@id\":\"https:\\\/\\\/mediumseagreen-eel-531711.hostingersite.com\\\/#organization\"},\"image\":{\"@id\":\"https:\\\/\\\/bladnanews.com\\\/modric-injury-casts-shadow-over-milan-juventus-clash\\\/#primaryimage\"},\"thumbnailUrl\":\"https:\\\/\\\/bladnanews.com\\\/wp-content\\\/uploads\\\/2026\\\/04\\\/GettyImages-2272783262.jpg-scaled.jpg\",\"articleSection\":[\"International\",\"Latest News\"],\"inLanguage\":\"fr-FR\",\"copyrightYear\":\"2026\",\"copyrightHolder\":{\"@id\":\"https:\\\/\\\/bladnanews.com\\\/fr\\\/#organization\"}},{\"@type\":\"WebPage\",\"@id\":\"https:\\\/\\\/bladnanews.com\\\/modric-injury-casts-shadow-over-milan-juventus-clash\\\/\",\"url\":\"https:\\\/\\\/bladnanews.com\\\/modric-injury-casts-shadow-over-milan-juventus-clash\\\/\",\"name\":\"Modric injury casts shadow over Milan-Juventus clash - Bladna News\",\"isPartOf\":{\"@id\":\"https:\\\/\\\/mediumseagreen-eel-531711.hostingersite.com\\\/#website\"},\"primaryImageOfPage\":{\"@id\":\"https:\\\/\\\/bladnanews.com\\\/modric-injury-casts-shadow-over-milan-juventus-clash\\\/#primaryimage\"},\"image\":{\"@id\":\"https:\\\/\\\/bladnanews.com\\\/modric-injury-casts-shadow-over-milan-juventus-clash\\\/#primaryimage\"},\"thumbnailUrl\":\"https:\\\/\\\/bladnanews.com\\\/wp-content\\\/uploads\\\/2026\\\/04\\\/GettyImages-2272783262.jpg-scaled.jpg\",\"datePublished\":\"2026-04-26T19:29:11+00:00\",\"breadcrumb\":{\"@id\":\"https:\\\/\\\/bladnanews.com\\\/modric-injury-casts-shadow-over-milan-juventus-clash\\\/#breadcrumb\"},\"inLanguage\":\"fr-FR\",\"potentialAction\":[{\"@type\":\"ReadAction\",\"target\":[\"https:\\\/\\\/bladnanews.com\\\/modric-injury-casts-shadow-over-milan-juventus-clash\\\/\"]}]},{\"@type\":\"ImageObject\",\"inLanguage\":\"fr-FR\",\"@id\":\"https:\\\/\\\/bladnanews.com\\\/modric-injury-casts-shadow-over-milan-juventus-clash\\\/#primaryimage\",\"url\":\"https:\\\/\\\/bladnanews.com\\\/wp-content\\\/uploads\\\/2026\\\/04\\\/GettyImages-2272783262.jpg-scaled.jpg\",\"contentUrl\":\"https:\\\/\\\/bladnanews.com\\\/wp-content\\\/uploads\\\/2026\\\/04\\\/GettyImages-2272783262.jpg-scaled.jpg\",\"width\":2560,\"height\":1440,\"caption\":\"Modric injury casts shadow over Milan-Juventus clash\"},{\"@type\":\"BreadcrumbList\",\"@id\":\"https:\\\/\\\/bladnanews.com\\\/modric-injury-casts-shadow-over-milan-juventus-clash\\\/#breadcrumb\",\"itemListElement\":[{\"@type\":\"ListItem\",\"position\":1,\"name\":\"Home\",\"item\":\"https:\\\/\\\/bladnanews.com\\\/\"},{\"@type\":\"ListItem\",\"position\":2,\"name\":\"Modric injury casts shadow over Milan-Juventus clash\"}]},{\"@type\":\"WebSite\",\"@id\":\"https:\\\/\\\/mediumseagreen-eel-531711.hostingersite.com\\\/#website\",\"url\":\"https:\\\/\\\/mediumseagreen-eel-531711.hostingersite.com\\\/\",\"name\":\"Bladna News - Morocco\",\"description\":\"Where Moroccan Football Meets the World\",\"publisher\":{\"@id\":\"https:\\\/\\\/mediumseagreen-eel-531711.hostingersite.com\\\/#organization\"},\"potentialAction\":[{\"@type\":\"SearchAction\",\"target\":{\"@type\":\"EntryPoint\",\"urlTemplate\":\"https:\\\/\\\/mediumseagreen-eel-531711.hostingersite.com\\\/?s={search_term_string}\"},\"query-input\":{\"@type\":\"PropertyValueSpecification\",\"valueRequired\":true,\"valueName\":\"search_term_string\"}}],\"inLanguage\":\"fr-FR\"},{\"@type\":\"Organization\",\"@id\":\"https:\\\/\\\/mediumseagreen-eel-531711.hostingersite.com\\\/#organization\",\"name\":\"Bladna News.com\",\"url\":\"https:\\\/\\\/mediumseagreen-eel-531711.hostingersite.com\\\/\",\"logo\":{\"@type\":\"ImageObject\",\"inLanguage\":\"fr-FR\",\"@id\":\"https:\\\/\\\/mediumseagreen-eel-531711.hostingersite.com\\\/#\\\/schema\\\/logo\\\/image\\\/\",\"url\":\"https:\\\/\\\/bladnanews.com\\\/wp-content\\\/uploads\\\/2025\\\/12\\\/logo-bladnanews-V2-web-black-red.png\",\"contentUrl\":\"https:\\\/\\\/bladnanews.com\\\/wp-content\\\/uploads\\\/2025\\\/12\\\/logo-bladnanews-V2-web-black-red.png\",\"width\":703,\"height\":287,\"caption\":\"Bladna News.com\"},\"image\":{\"@id\":\"https:\\\/\\\/mediumseagreen-eel-531711.hostingersite.com\\\/#\\\/schema\\\/logo\\\/image\\\/\"},\"email\":\"info@bladnanews.com\",\"legalName\":\"Bladna News\"},{\"@type\":\"Person\",\"@id\":\"https:\\\/\\\/mediumseagreen-eel-531711.hostingersite.com\\\/#\\\/schema\\\/person\\\/268e18a453ab080ebf76df6ef7845083\",\"name\":\"Bladna News Staff\",\"url\":\"https:\\\/\\\/bladnanews.com\\\/fr\\\/author\\\/bladna-news-staff\\\/\"}]}<\/script>\n<!-- \/ Yoast SEO Premium plugin. -->","yoast_head_json":{"title":"La blessure de Modric jette une ombre sur le choc Milan-Juventus - Bladna News","robots":{"index":"index","follow":"follow","max-snippet":"max-snippet:-1","max-image-preview":"max-image-preview:large","max-video-preview":"max-video-preview:-1"},"canonical":"https:\/\/bladnanews.com\/fr\/la-blessure-de-modric-jette-une-ombre-sur-le-choc-entre-milan-et-la-juventus\/","og_locale":"fr_FR","og_type":"article","og_title":"Modric injury casts shadow over Milan-Juventus clash","og_description":"Modric injury casts shadow over Milan-Juventus clash Luka Modric&#8217;s injury has thrown a cloud over the upcoming Serie A showdown [&hellip;]","og_url":"https:\/\/bladnanews.com\/fr\/la-blessure-de-modric-jette-une-ombre-sur-le-choc-entre-milan-et-la-juventus\/","og_site_name":"Bladna News","article_published_time":"2026-04-26T19:29:11+00:00","og_image":[{"width":1312,"height":736,"url":"https:\/\/bladnanews.com\/wp-content\/uploads\/2025\/12\/freepik__bladna-newscom-moroccan-soccer-homepage-banner-mor__41838.png","type":"image\/png"}],"author":"Bladna News Staff","twitter_card":"summary_large_image","twitter_misc":{"\u00c9crit par":"Bladna News Staff","Dur\u00e9e de lecture estim\u00e9e":"1 minute"},"schema":{"@context":"https:\/\/schema.org","@graph":[{"@type":"Article","@id":"https:\/\/bladnanews.com\/modric-injury-casts-shadow-over-milan-juventus-clash\/#article","isPartOf":{"@id":"https:\/\/bladnanews.com\/modric-injury-casts-shadow-over-milan-juventus-clash\/"},"author":{"name":"Bladna News Staff","@id":"https:\/\/mediumseagreen-eel-531711.hostingersite.com\/#\/schema\/person\/268e18a453ab080ebf76df6ef7845083"},"headline":"Modric injury casts shadow over Milan-Juventus clash","datePublished":"2026-04-26T19:29:11+00:00","mainEntityOfPage":{"@id":"https:\/\/bladnanews.com\/modric-injury-casts-shadow-over-milan-juventus-clash\/"},"wordCount":265,"publisher":{"@id":"https:\/\/mediumseagreen-eel-531711.hostingersite.com\/#organization"},"image":{"@id":"https:\/\/bladnanews.com\/modric-injury-casts-shadow-over-milan-juventus-clash\/#primaryimage"},"thumbnailUrl":"https:\/\/bladnanews.com\/wp-content\/uploads\/2026\/04\/GettyImages-2272783262.jpg-scaled.jpg","articleSection":["International","Latest News"],"inLanguage":"fr-FR","copyrightYear":"2026","copyrightHolder":{"@id":"https:\/\/bladnanews.com\/fr\/#organization"}},{"@type":"WebPage","@id":"https:\/\/bladnanews.com\/modric-injury-casts-shadow-over-milan-juventus-clash\/","url":"https:\/\/bladnanews.com\/modric-injury-casts-shadow-over-milan-juventus-clash\/","name":"La blessure de Modric jette une ombre sur le choc Milan-Juventus - Bladna News","isPartOf":{"@id":"https:\/\/mediumseagreen-eel-531711.hostingersite.com\/#website"},"primaryImageOfPage":{"@id":"https:\/\/bladnanews.com\/modric-injury-casts-shadow-over-milan-juventus-clash\/#primaryimage"},"image":{"@id":"https:\/\/bladnanews.com\/modric-injury-casts-shadow-over-milan-juventus-clash\/#primaryimage"},"thumbnailUrl":"https:\/\/bladnanews.com\/wp-content\/uploads\/2026\/04\/GettyImages-2272783262.jpg-scaled.jpg","datePublished":"2026-04-26T19:29:11+00:00","breadcrumb":{"@id":"https:\/\/bladnanews.com\/modric-injury-casts-shadow-over-milan-juventus-clash\/#breadcrumb"},"inLanguage":"fr-FR","potentialAction":[{"@type":"ReadAction","target":["https:\/\/bladnanews.com\/modric-injury-casts-shadow-over-milan-juventus-clash\/"]}]},{"@type":"ImageObject","inLanguage":"fr-FR","@id":"https:\/\/bladnanews.com\/modric-injury-casts-shadow-over-milan-juventus-clash\/#primaryimage","url":"https:\/\/bladnanews.com\/wp-content\/uploads\/2026\/04\/GettyImages-2272783262.jpg-scaled.jpg","contentUrl":"https:\/\/bladnanews.com\/wp-content\/uploads\/2026\/04\/GettyImages-2272783262.jpg-scaled.jpg","width":2560,"height":1440,"caption":"Modric injury casts shadow over Milan-Juventus clash"},{"@type":"BreadcrumbList","@id":"https:\/\/bladnanews.com\/modric-injury-casts-shadow-over-milan-juventus-clash\/#breadcrumb","itemListElement":[{"@type":"ListItem","position":1,"name":"Home","item":"https:\/\/bladnanews.com\/"},{"@type":"ListItem","position":2,"name":"Modric injury casts shadow over Milan-Juventus clash"}]},{"@type":"WebSite","@id":"https:\/\/mediumseagreen-eel-531711.hostingersite.com\/#website","url":"https:\/\/mediumseagreen-eel-531711.hostingersite.com\/","name":"Bladna News - Maroc","description":"Quand le football marocain rencontre le monde","publisher":{"@id":"https:\/\/mediumseagreen-eel-531711.hostingersite.com\/#organization"},"potentialAction":[{"@type":"SearchAction","target":{"@type":"EntryPoint","urlTemplate":"https:\/\/mediumseagreen-eel-531711.hostingersite.com\/?s={search_term_string}"},"query-input":{"@type":"PropertyValueSpecification","valueRequired":true,"valueName":"search_term_string"}}],"inLanguage":"fr-FR"},{"@type":"Organization","@id":"https:\/\/mediumseagreen-eel-531711.hostingersite.com\/#organization","name":"Bladna News.com","url":"https:\/\/mediumseagreen-eel-531711.hostingersite.com\/","logo":{"@type":"ImageObject","inLanguage":"fr-FR","@id":"https:\/\/mediumseagreen-eel-531711.hostingersite.com\/#\/schema\/logo\/image\/","url":"https:\/\/bladnanews.com\/wp-content\/uploads\/2025\/12\/logo-bladnanews-V2-web-black-red.png","contentUrl":"https:\/\/bladnanews.com\/wp-content\/uploads\/2025\/12\/logo-bladnanews-V2-web-black-red.png","width":703,"height":287,"caption":"Bladna News.com"},"image":{"@id":"https:\/\/mediumseagreen-eel-531711.hostingersite.com\/#\/schema\/logo\/image\/"},"email":"info@bladnanews.com","legalName":"Bladna News"},{"@type":"Person","@id":"https:\/\/mediumseagreen-eel-531711.hostingersite.com\/#\/schema\/person\/268e18a453ab080ebf76df6ef7845083","name":"\u00c9quipe r\u00e9dactionnelle de Bladna News","url":"https:\/\/bladnanews.com\/fr\/author\/bladna-news-staff\/"}]}},"_links":{"self":[{"href":"https:\/\/bladnanews.com\/fr\/wp-json\/wp\/v2\/posts\/10981","targetHints":{"allow":["GET"]}}],"collection":[{"href":"https:\/\/bladnanews.com\/fr\/wp-json\/wp\/v2\/posts"}],"about":[{"href":"https:\/\/bladnanews.com\/fr\/wp-json\/wp\/v2\/types\/post"}],"author":[{"embeddable":true,"href":"https:\/\/bladnanews.com\/fr\/wp-json\/wp\/v2\/users\/3"}],"replies":[{"embeddable":true,"href":"https:\/\/bladnanews.com\/fr\/wp-json\/wp\/v2\/comments?post=10981"}],"version-history":[{"count":0,"href":"https:\/\/bladnanews.com\/fr\/wp-json\/wp\/v2\/posts\/10981\/revisions"}],"wp:featuredmedia":[{"embeddable":true,"href":"https:\/\/bladnanews.com\/fr\/wp-json\/wp\/v2\/media\/10980"}],"wp:attachment":[{"href":"https:\/\/bladnanews.com\/fr\/wp-json\/wp\/v2\/media?parent=10981"}],"wp:term":[{"taxonomy":"category","embeddable":true,"href":"https:\/\/bladnanews.com\/fr\/wp-json\/wp\/v2\/categories?post=10981"},{"taxonomy":"post_tag","embeddable":true,"href":"https:\/\/bladnanews.com\/fr\/wp-json\/wp\/v2\/tags?post=10981"}],"curies":[{"name":"wp","href":"https:\/\/api.w.org\/{rel}","templated":true}]}}