{"id":10985,"date":"2026-04-26T21:56:19","date_gmt":"2026-04-26T21:56:19","guid":{"rendered":"https:\/\/bladnanews.com\/10-decisive-days-free-clause-opens-door-for-mourinhos-madrid-return\/"},"modified":"2026-04-26T21:56:19","modified_gmt":"2026-04-26T21:56:19","slug":"la-clause-de-10-jours-decisifs-sans-frais-ouvre-la-porte-au-retour-de-mourinho-au-real-madrid","status":"publish","type":"post","link":"https:\/\/bladnanews.com\/fr\/la-clause-de-10-jours-decisifs-sans-frais-ouvre-la-porte-au-retour-de-mourinho-au-real-madrid\/","title":{"rendered":"10 jours d\u00e9cisifs : une clause lib\u00e9ratoire ouvre la porte au retour de Mourinho au Real Madrid"},"content":{"rendered":"<p>10 jours d\u00e9cisifs : une clause lib\u00e9ratoire ouvre la porte au retour de Mourinho au Real Madrid<\/p>\n<p>Un d\u00e9veloppement remarquable est survenu ces derni\u00e8res heures concernant l\u2019avenir de l\u2019entra\u00eeneur portugais Jos\u00e9 Mourinho. Une clause sp\u00e9ciale dans son contrat avec la Roma pourrait ouvrir la voie \u00e0 un retour sensationnel au Real Madrid, et les dix prochains jours seront d\u00e9cisifs pour en d\u00e9terminer l\u2019issue.<\/p>\n<p>Selon des sources proches du club italien, le contrat de Mourinho inclut une clause de lib\u00e9ration qui lui permet de partir gratuitement si un club sp\u00e9cifique fait une offre avant une certaine date. Cette \u00e9ch\u00e9ance approche rapidement, avec seulement dix jours restants pour activer la clause.<\/p>\n<p>La clause, ins\u00e9r\u00e9e lors des n\u00e9gociations contractuelles de l\u2019\u00e9t\u00e9 dernier, permet \u00e0 Mourinho de r\u00e9silier son accord avec la Roma sans indemnisation si le Real Madrid se manifeste. Le g\u00e9ant espagnol envisagerait un changement sur le banc apr\u00e8s une s\u00e9rie de r\u00e9sultats mitig\u00e9s cette saison.<\/p>\n<p>Mourinho, qui a entra\u00een\u00e9 le Real Madrid entre 2010 et 2013, n\u2019a jamais cach\u00e9 son affection pour le club. Durant ses trois saisons au Santiago Bernab\u00e9u, il a remport\u00e9 le titre de La Liga en 2012, la Coupe du Roi en 2011 et la Supercoupe d\u2019Espagne. Sa relation avec les supporters madril\u00e8nes reste solide, et de nombreux fans accueilleraient favorablement son retour.<\/p>\n<p>La Roma, de son c\u00f4t\u00e9, est consciente de la situation mais impuissante \u00e0 l\u2019emp\u00eacher si la clause est activ\u00e9e. Le club italien a connu une p\u00e9riode positive sous Mourinho, remportant la premi\u00e8re \u00e9dition de l\u2019Europa Conference League en 2022 et atteignant la finale de l\u2019Europa League en 2023. Cependant, les contraintes financi\u00e8res du club l\u2019emp\u00eachent d\u2019offrir les m\u00eames ressources que Madrid.<\/p>\n<p>Des sources en Italie confirment que les repr\u00e9sentants de Mourinho ont d\u00e9j\u00e0 tenu des discussions pr\u00e9liminaires avec les dirigeants madril\u00e8nes. Les dix prochains jours seront cruciaux, car la clause expire \u00e0 la fin du mois. Si aucune d\u00e9marche n\u2019est entreprise d\u2019ici l\u00e0, Mourinho restera \u00e0 la Roma au moins jusqu\u2019\u00e0 la fin de la saison 2025-2026.<\/p>\n<p>Le pr\u00e9sident du Real Madrid, Florentino P\u00e9rez, serait un admirateur de longue date du travail de Mourinho. Les deux hommes entretiennent un lien professionnel solide, et P\u00e9rez estimerait que Mourinho est l\u2019homme id\u00e9al pour restaurer la domination nationale et europ\u00e9enne du club.<\/p>\n<p>Pour l\u2019instant, tous les regards sont tourn\u00e9s vers la capitale espagnole. Le temps presse, et les dix prochains jours pourraient d\u00e9cider si Jos\u00e9 Mourinho retourne sur le banc du Santiago Bernab\u00e9u ou poursuit son projet \u00e0 Rome.<\/p>","protected":false},"excerpt":{"rendered":"<p>10 decisive days: free clause opens door for Mourinho&#8217;s Madrid return A remarkable development has emerged in the last few [&hellip;]<\/p>\n","protected":false},"author":3,"featured_media":10984,"comment_status":"","ping_status":"open","sticky":false,"template":"","format":"standard","meta":{"googlesitekit_rrm_CAow_uzEDA:productID":"","site-sidebar-layout":"default","site-content-layout":"","ast-site-content-layout":"default","site-content-style":"default","site-sidebar-style":"default","ast-global-header-display":"","ast-banner-title-visibility":"","ast-main-header-display":"","ast-hfb-above-header-display":"","ast-hfb-below-header-display":"","ast-hfb-mobile-header-display":"","site-post-title":"","ast-breadcrumbs-content":"","ast-featured-img":"","footer-sml-layout":"","ast-disable-related-posts":"","theme-transparent-header-meta":"","adv-header-id-meta":"","stick-header-meta":"","header-above-stick-meta":"","header-main-stick-meta":"","header-below-stick-meta":"","astra-migrate-meta-layouts":"default","ast-page-background-enabled":"default","ast-page-background-meta":{"desktop":{"background-color":"var(--ast-global-color-5)","background-image":"","background-repeat":"repeat","background-position":"center center","background-size":"auto","background-attachment":"scroll","background-type":"","background-media":"","overlay-type":"","overlay-color":"","overlay-opacity":"","overlay-gradient":""},"tablet":{"background-color":"","background-image":"","background-repeat":"repeat","background-position":"center center","background-size":"auto","background-attachment":"scroll","background-type":"","background-media":"","overlay-type":"","overlay-color":"","overlay-opacity":"","overlay-gradient":""},"mobile":{"background-color":"","background-image":"","background-repeat":"repeat","background-position":"center center","background-size":"auto","background-attachment":"scroll","background-type":"","background-media":"","overlay-type":"","overlay-color":"","overlay-opacity":"","overlay-gradient":""}},"ast-content-background-meta":{"desktop":{"background-color":"var(--ast-global-color-4)","background-image":"","background-repeat":"repeat","background-position":"center center","background-size":"auto","background-attachment":"scroll","background-type":"","background-media":"","overlay-type":"","overlay-color":"","overlay-opacity":"","overlay-gradient":""},"tablet":{"background-color":"var(--ast-global-color-4)","background-image":"","background-repeat":"repeat","background-position":"center center","background-size":"auto","background-attachment":"scroll","background-type":"","background-media":"","overlay-type":"","overlay-color":"","overlay-opacity":"","overlay-gradient":""},"mobile":{"background-color":"var(--ast-global-color-4)","background-image":"","background-repeat":"repeat","background-position":"center center","background-size":"auto","background-attachment":"scroll","background-type":"","background-media":"","overlay-type":"","overlay-color":"","overlay-opacity":"","overlay-gradient":""}},"footnotes":""},"categories":[20,1],"tags":[],"class_list":["post-10985","post","type-post","status-publish","format-standard","has-post-thumbnail","hentry","category-international","category-football-latest-news"],"yoast_head":"<!-- This site is optimized with the Yoast SEO Premium plugin v26.6 (Yoast SEO v27.4) - https:\/\/yoast.com\/product\/yoast-seo-premium-wordpress\/ -->\n<title>10 decisive days: free clause opens door for Mourinho&#039;s Madrid return - Bladna News<\/title>\n<meta name=\"robots\" content=\"index, follow, max-snippet:-1, max-image-preview:large, max-video-preview:-1\" \/>\n<link rel=\"canonical\" href=\"https:\/\/bladnanews.com\/fr\/la-clause-de-10-jours-decisifs-sans-frais-ouvre-la-porte-au-retour-de-mourinho-au-real-madrid\/\" \/>\n<meta property=\"og:locale\" content=\"fr_FR\" \/>\n<meta property=\"og:type\" content=\"article\" \/>\n<meta property=\"og:title\" content=\"10 decisive days: free clause opens door for Mourinho&#039;s Madrid return\" \/>\n<meta property=\"og:description\" content=\"10 decisive days: free clause opens door for Mourinho&#8217;s Madrid return A remarkable development has emerged in the last few [&hellip;]\" \/>\n<meta property=\"og:url\" content=\"https:\/\/bladnanews.com\/fr\/la-clause-de-10-jours-decisifs-sans-frais-ouvre-la-porte-au-retour-de-mourinho-au-real-madrid\/\" \/>\n<meta property=\"og:site_name\" content=\"Bladna News\" \/>\n<meta property=\"article:published_time\" content=\"2026-04-26T21:56:19+00:00\" \/>\n<meta property=\"og:image\" content=\"https:\/\/bladnanews.com\/wp-content\/uploads\/2025\/12\/freepik__bladna-newscom-moroccan-soccer-homepage-banner-mor__41838.png\" \/>\n\t<meta property=\"og:image:width\" content=\"1312\" \/>\n\t<meta property=\"og:image:height\" content=\"736\" \/>\n\t<meta property=\"og:image:type\" content=\"image\/png\" \/>\n<meta name=\"author\" content=\"Bladna News Staff\" \/>\n<meta name=\"twitter:card\" content=\"summary_large_image\" \/>\n<meta name=\"twitter:label1\" content=\"\u00c9crit par\" \/>\n\t<meta name=\"twitter:data1\" content=\"Bladna News Staff\" \/>\n\t<meta name=\"twitter:label2\" content=\"Dur\u00e9e de lecture estim\u00e9e\" \/>\n\t<meta name=\"twitter:data2\" content=\"2 minutes\" \/>\n<script type=\"application\/ld+json\" class=\"yoast-schema-graph\">{\"@context\":\"https:\\\/\\\/schema.org\",\"@graph\":[{\"@type\":\"Article\",\"@id\":\"https:\\\/\\\/bladnanews.com\\\/10-decisive-days-free-clause-opens-door-for-mourinhos-madrid-return\\\/#article\",\"isPartOf\":{\"@id\":\"https:\\\/\\\/bladnanews.com\\\/10-decisive-days-free-clause-opens-door-for-mourinhos-madrid-return\\\/\"},\"author\":{\"name\":\"Bladna News Staff\",\"@id\":\"https:\\\/\\\/mediumseagreen-eel-531711.hostingersite.com\\\/#\\\/schema\\\/person\\\/268e18a453ab080ebf76df6ef7845083\"},\"headline\":\"10 decisive days: free clause opens door for Mourinho&#8217;s Madrid return\",\"datePublished\":\"2026-04-26T21:56:19+00:00\",\"mainEntityOfPage\":{\"@id\":\"https:\\\/\\\/bladnanews.com\\\/10-decisive-days-free-clause-opens-door-for-mourinhos-madrid-return\\\/\"},\"wordCount\":411,\"publisher\":{\"@id\":\"https:\\\/\\\/mediumseagreen-eel-531711.hostingersite.com\\\/#organization\"},\"image\":{\"@id\":\"https:\\\/\\\/bladnanews.com\\\/10-decisive-days-free-clause-opens-door-for-mourinhos-madrid-return\\\/#primaryimage\"},\"thumbnailUrl\":\"https:\\\/\\\/bladnanews.com\\\/wp-content\\\/uploads\\\/2026\\\/04\\\/GettyImages-2263910837.jpg-scaled.jpg\",\"articleSection\":[\"International\",\"Latest News\"],\"inLanguage\":\"fr-FR\",\"copyrightYear\":\"2026\",\"copyrightHolder\":{\"@id\":\"https:\\\/\\\/bladnanews.com\\\/fr\\\/#organization\"}},{\"@type\":\"WebPage\",\"@id\":\"https:\\\/\\\/bladnanews.com\\\/10-decisive-days-free-clause-opens-door-for-mourinhos-madrid-return\\\/\",\"url\":\"https:\\\/\\\/bladnanews.com\\\/10-decisive-days-free-clause-opens-door-for-mourinhos-madrid-return\\\/\",\"name\":\"10 decisive days: free clause opens door for Mourinho's Madrid return - Bladna News\",\"isPartOf\":{\"@id\":\"https:\\\/\\\/mediumseagreen-eel-531711.hostingersite.com\\\/#website\"},\"primaryImageOfPage\":{\"@id\":\"https:\\\/\\\/bladnanews.com\\\/10-decisive-days-free-clause-opens-door-for-mourinhos-madrid-return\\\/#primaryimage\"},\"image\":{\"@id\":\"https:\\\/\\\/bladnanews.com\\\/10-decisive-days-free-clause-opens-door-for-mourinhos-madrid-return\\\/#primaryimage\"},\"thumbnailUrl\":\"https:\\\/\\\/bladnanews.com\\\/wp-content\\\/uploads\\\/2026\\\/04\\\/GettyImages-2263910837.jpg-scaled.jpg\",\"datePublished\":\"2026-04-26T21:56:19+00:00\",\"breadcrumb\":{\"@id\":\"https:\\\/\\\/bladnanews.com\\\/10-decisive-days-free-clause-opens-door-for-mourinhos-madrid-return\\\/#breadcrumb\"},\"inLanguage\":\"fr-FR\",\"potentialAction\":[{\"@type\":\"ReadAction\",\"target\":[\"https:\\\/\\\/bladnanews.com\\\/10-decisive-days-free-clause-opens-door-for-mourinhos-madrid-return\\\/\"]}]},{\"@type\":\"ImageObject\",\"inLanguage\":\"fr-FR\",\"@id\":\"https:\\\/\\\/bladnanews.com\\\/10-decisive-days-free-clause-opens-door-for-mourinhos-madrid-return\\\/#primaryimage\",\"url\":\"https:\\\/\\\/bladnanews.com\\\/wp-content\\\/uploads\\\/2026\\\/04\\\/GettyImages-2263910837.jpg-scaled.jpg\",\"contentUrl\":\"https:\\\/\\\/bladnanews.com\\\/wp-content\\\/uploads\\\/2026\\\/04\\\/GettyImages-2263910837.jpg-scaled.jpg\",\"width\":2560,\"height\":1440,\"caption\":\"10 decisive days: free clause opens door for Mourinho's Madrid return\"},{\"@type\":\"BreadcrumbList\",\"@id\":\"https:\\\/\\\/bladnanews.com\\\/10-decisive-days-free-clause-opens-door-for-mourinhos-madrid-return\\\/#breadcrumb\",\"itemListElement\":[{\"@type\":\"ListItem\",\"position\":1,\"name\":\"Home\",\"item\":\"https:\\\/\\\/bladnanews.com\\\/\"},{\"@type\":\"ListItem\",\"position\":2,\"name\":\"10 decisive days: free clause opens door for Mourinho&#8217;s Madrid return\"}]},{\"@type\":\"WebSite\",\"@id\":\"https:\\\/\\\/mediumseagreen-eel-531711.hostingersite.com\\\/#website\",\"url\":\"https:\\\/\\\/mediumseagreen-eel-531711.hostingersite.com\\\/\",\"name\":\"Bladna News - Morocco\",\"description\":\"Where Moroccan Football Meets the World\",\"publisher\":{\"@id\":\"https:\\\/\\\/mediumseagreen-eel-531711.hostingersite.com\\\/#organization\"},\"potentialAction\":[{\"@type\":\"SearchAction\",\"target\":{\"@type\":\"EntryPoint\",\"urlTemplate\":\"https:\\\/\\\/mediumseagreen-eel-531711.hostingersite.com\\\/?s={search_term_string}\"},\"query-input\":{\"@type\":\"PropertyValueSpecification\",\"valueRequired\":true,\"valueName\":\"search_term_string\"}}],\"inLanguage\":\"fr-FR\"},{\"@type\":\"Organization\",\"@id\":\"https:\\\/\\\/mediumseagreen-eel-531711.hostingersite.com\\\/#organization\",\"name\":\"Bladna News.com\",\"url\":\"https:\\\/\\\/mediumseagreen-eel-531711.hostingersite.com\\\/\",\"logo\":{\"@type\":\"ImageObject\",\"inLanguage\":\"fr-FR\",\"@id\":\"https:\\\/\\\/mediumseagreen-eel-531711.hostingersite.com\\\/#\\\/schema\\\/logo\\\/image\\\/\",\"url\":\"https:\\\/\\\/bladnanews.com\\\/wp-content\\\/uploads\\\/2025\\\/12\\\/logo-bladnanews-V2-web-black-red.png\",\"contentUrl\":\"https:\\\/\\\/bladnanews.com\\\/wp-content\\\/uploads\\\/2025\\\/12\\\/logo-bladnanews-V2-web-black-red.png\",\"width\":703,\"height\":287,\"caption\":\"Bladna News.com\"},\"image\":{\"@id\":\"https:\\\/\\\/mediumseagreen-eel-531711.hostingersite.com\\\/#\\\/schema\\\/logo\\\/image\\\/\"},\"email\":\"info@bladnanews.com\",\"legalName\":\"Bladna News\"},{\"@type\":\"Person\",\"@id\":\"https:\\\/\\\/mediumseagreen-eel-531711.hostingersite.com\\\/#\\\/schema\\\/person\\\/268e18a453ab080ebf76df6ef7845083\",\"name\":\"Bladna News Staff\",\"url\":\"https:\\\/\\\/bladnanews.com\\\/fr\\\/author\\\/bladna-news-staff\\\/\"}]}<\/script>\n<!-- \/ Yoast SEO Premium plugin. -->","yoast_head_json":{"title":"10 jours d\u00e9cisifs : une clause lib\u00e9ratoire ouvre la porte au retour de Mourinho au Real Madrid - Bladna News","robots":{"index":"index","follow":"follow","max-snippet":"max-snippet:-1","max-image-preview":"max-image-preview:large","max-video-preview":"max-video-preview:-1"},"canonical":"https:\/\/bladnanews.com\/fr\/la-clause-de-10-jours-decisifs-sans-frais-ouvre-la-porte-au-retour-de-mourinho-au-real-madrid\/","og_locale":"fr_FR","og_type":"article","og_title":"10 decisive days: free clause opens door for Mourinho's Madrid return","og_description":"10 decisive days: free clause opens door for Mourinho&#8217;s Madrid return A remarkable development has emerged in the last few [&hellip;]","og_url":"https:\/\/bladnanews.com\/fr\/la-clause-de-10-jours-decisifs-sans-frais-ouvre-la-porte-au-retour-de-mourinho-au-real-madrid\/","og_site_name":"Bladna News","article_published_time":"2026-04-26T21:56:19+00:00","og_image":[{"width":1312,"height":736,"url":"https:\/\/bladnanews.com\/wp-content\/uploads\/2025\/12\/freepik__bladna-newscom-moroccan-soccer-homepage-banner-mor__41838.png","type":"image\/png"}],"author":"Bladna News Staff","twitter_card":"summary_large_image","twitter_misc":{"\u00c9crit par":"Bladna News Staff","Dur\u00e9e de lecture estim\u00e9e":"2 minutes"},"schema":{"@context":"https:\/\/schema.org","@graph":[{"@type":"Article","@id":"https:\/\/bladnanews.com\/10-decisive-days-free-clause-opens-door-for-mourinhos-madrid-return\/#article","isPartOf":{"@id":"https:\/\/bladnanews.com\/10-decisive-days-free-clause-opens-door-for-mourinhos-madrid-return\/"},"author":{"name":"Bladna News Staff","@id":"https:\/\/mediumseagreen-eel-531711.hostingersite.com\/#\/schema\/person\/268e18a453ab080ebf76df6ef7845083"},"headline":"10 decisive days: free clause opens door for Mourinho&#8217;s Madrid return","datePublished":"2026-04-26T21:56:19+00:00","mainEntityOfPage":{"@id":"https:\/\/bladnanews.com\/10-decisive-days-free-clause-opens-door-for-mourinhos-madrid-return\/"},"wordCount":411,"publisher":{"@id":"https:\/\/mediumseagreen-eel-531711.hostingersite.com\/#organization"},"image":{"@id":"https:\/\/bladnanews.com\/10-decisive-days-free-clause-opens-door-for-mourinhos-madrid-return\/#primaryimage"},"thumbnailUrl":"https:\/\/bladnanews.com\/wp-content\/uploads\/2026\/04\/GettyImages-2263910837.jpg-scaled.jpg","articleSection":["International","Latest News"],"inLanguage":"fr-FR","copyrightYear":"2026","copyrightHolder":{"@id":"https:\/\/bladnanews.com\/fr\/#organization"}},{"@type":"WebPage","@id":"https:\/\/bladnanews.com\/10-decisive-days-free-clause-opens-door-for-mourinhos-madrid-return\/","url":"https:\/\/bladnanews.com\/10-decisive-days-free-clause-opens-door-for-mourinhos-madrid-return\/","name":"10 jours d\u00e9cisifs : une clause lib\u00e9ratoire ouvre la porte au retour de Mourinho au Real Madrid - Bladna News","isPartOf":{"@id":"https:\/\/mediumseagreen-eel-531711.hostingersite.com\/#website"},"primaryImageOfPage":{"@id":"https:\/\/bladnanews.com\/10-decisive-days-free-clause-opens-door-for-mourinhos-madrid-return\/#primaryimage"},"image":{"@id":"https:\/\/bladnanews.com\/10-decisive-days-free-clause-opens-door-for-mourinhos-madrid-return\/#primaryimage"},"thumbnailUrl":"https:\/\/bladnanews.com\/wp-content\/uploads\/2026\/04\/GettyImages-2263910837.jpg-scaled.jpg","datePublished":"2026-04-26T21:56:19+00:00","breadcrumb":{"@id":"https:\/\/bladnanews.com\/10-decisive-days-free-clause-opens-door-for-mourinhos-madrid-return\/#breadcrumb"},"inLanguage":"fr-FR","potentialAction":[{"@type":"ReadAction","target":["https:\/\/bladnanews.com\/10-decisive-days-free-clause-opens-door-for-mourinhos-madrid-return\/"]}]},{"@type":"ImageObject","inLanguage":"fr-FR","@id":"https:\/\/bladnanews.com\/10-decisive-days-free-clause-opens-door-for-mourinhos-madrid-return\/#primaryimage","url":"https:\/\/bladnanews.com\/wp-content\/uploads\/2026\/04\/GettyImages-2263910837.jpg-scaled.jpg","contentUrl":"https:\/\/bladnanews.com\/wp-content\/uploads\/2026\/04\/GettyImages-2263910837.jpg-scaled.jpg","width":2560,"height":1440,"caption":"10 decisive days: free clause opens door for Mourinho's Madrid return"},{"@type":"BreadcrumbList","@id":"https:\/\/bladnanews.com\/10-decisive-days-free-clause-opens-door-for-mourinhos-madrid-return\/#breadcrumb","itemListElement":[{"@type":"ListItem","position":1,"name":"Home","item":"https:\/\/bladnanews.com\/"},{"@type":"ListItem","position":2,"name":"10 decisive days: free clause opens door for Mourinho&#8217;s Madrid return"}]},{"@type":"WebSite","@id":"https:\/\/mediumseagreen-eel-531711.hostingersite.com\/#website","url":"https:\/\/mediumseagreen-eel-531711.hostingersite.com\/","name":"Bladna News - Maroc","description":"Quand le football marocain rencontre le monde","publisher":{"@id":"https:\/\/mediumseagreen-eel-531711.hostingersite.com\/#organization"},"potentialAction":[{"@type":"SearchAction","target":{"@type":"EntryPoint","urlTemplate":"https:\/\/mediumseagreen-eel-531711.hostingersite.com\/?s={search_term_string}"},"query-input":{"@type":"PropertyValueSpecification","valueRequired":true,"valueName":"search_term_string"}}],"inLanguage":"fr-FR"},{"@type":"Organization","@id":"https:\/\/mediumseagreen-eel-531711.hostingersite.com\/#organization","name":"Bladna News.com","url":"https:\/\/mediumseagreen-eel-531711.hostingersite.com\/","logo":{"@type":"ImageObject","inLanguage":"fr-FR","@id":"https:\/\/mediumseagreen-eel-531711.hostingersite.com\/#\/schema\/logo\/image\/","url":"https:\/\/bladnanews.com\/wp-content\/uploads\/2025\/12\/logo-bladnanews-V2-web-black-red.png","contentUrl":"https:\/\/bladnanews.com\/wp-content\/uploads\/2025\/12\/logo-bladnanews-V2-web-black-red.png","width":703,"height":287,"caption":"Bladna News.com"},"image":{"@id":"https:\/\/mediumseagreen-eel-531711.hostingersite.com\/#\/schema\/logo\/image\/"},"email":"info@bladnanews.com","legalName":"Bladna News"},{"@type":"Person","@id":"https:\/\/mediumseagreen-eel-531711.hostingersite.com\/#\/schema\/person\/268e18a453ab080ebf76df6ef7845083","name":"\u00c9quipe r\u00e9dactionnelle de Bladna News","url":"https:\/\/bladnanews.com\/fr\/author\/bladna-news-staff\/"}]}},"_links":{"self":[{"href":"https:\/\/bladnanews.com\/fr\/wp-json\/wp\/v2\/posts\/10985","targetHints":{"allow":["GET"]}}],"collection":[{"href":"https:\/\/bladnanews.com\/fr\/wp-json\/wp\/v2\/posts"}],"about":[{"href":"https:\/\/bladnanews.com\/fr\/wp-json\/wp\/v2\/types\/post"}],"author":[{"embeddable":true,"href":"https:\/\/bladnanews.com\/fr\/wp-json\/wp\/v2\/users\/3"}],"replies":[{"embeddable":true,"href":"https:\/\/bladnanews.com\/fr\/wp-json\/wp\/v2\/comments?post=10985"}],"version-history":[{"count":0,"href":"https:\/\/bladnanews.com\/fr\/wp-json\/wp\/v2\/posts\/10985\/revisions"}],"wp:featuredmedia":[{"embeddable":true,"href":"https:\/\/bladnanews.com\/fr\/wp-json\/wp\/v2\/media\/10984"}],"wp:attachment":[{"href":"https:\/\/bladnanews.com\/fr\/wp-json\/wp\/v2\/media?parent=10985"}],"wp:term":[{"taxonomy":"category","embeddable":true,"href":"https:\/\/bladnanews.com\/fr\/wp-json\/wp\/v2\/categories?post=10985"},{"taxonomy":"post_tag","embeddable":true,"href":"https:\/\/bladnanews.com\/fr\/wp-json\/wp\/v2\/tags?post=10985"}],"curies":[{"name":"wp","href":"https:\/\/api.w.org\/{rel}","templated":true}]}}