{"id":10987,"date":"2026-04-26T22:36:30","date_gmt":"2026-04-26T22:36:30","guid":{"rendered":"https:\/\/bladnanews.com\/netherlands-suffers-major-blow-ahead-of-2026-world-cup\/"},"modified":"2026-04-26T22:36:30","modified_gmt":"2026-04-26T22:36:30","slug":"les-pays-bas-subissent-un-coup-dur-avant-la-coupe-du-monde-2026","status":"publish","type":"post","link":"https:\/\/bladnanews.com\/fr\/les-pays-bas-subissent-un-coup-dur-avant-la-coupe-du-monde-2026\/","title":{"rendered":"Les Pays-Bas subissent un coup dur majeur avant la Coupe du Monde 2026"},"content":{"rendered":"<p>L'\u00e9quipe nationale des Pays-Bas a subi un revers important avant la Coupe du Monde 2026, un joueur cl\u00e9 \u00e9tant \u00e9cart\u00e9 pour une p\u00e9riode prolong\u00e9e.<\/p>\n<p>Les responsables du football n\u00e9erlandais ont confirm\u00e9 la nouvelle mardi, r\u00e9v\u00e9lant que le joueur en question manquera le reste de la saison en cours. Cette absence remet s\u00e9rieusement en question sa participation \u00e0 la Coupe du Monde 2026.<\/p>\n<p>La blessure est survenue lors d'une s\u00e9ance d'entra\u00eenement de routine plus t\u00f4t cette semaine. Le personnel m\u00e9dical a imm\u00e9diatement \u00e9valu\u00e9 la situation, et les examens ult\u00e9rieurs ont confirm\u00e9 les pires craintes. Le joueur devrait subir une op\u00e9ration dans les prochains jours.<\/p>\n<p>Cette nouvelle constitue un coup dur pour l'entra\u00eeneur n\u00e9erlandais Ronald Koeman, qui avait construit ses plans tactiques autour de l'influence de ce joueur. La Coupe du Monde 2026 a lieu dans moins de 18 mois, laissant peu de temps pour la r\u00e9cup\u00e9ration et la remise en forme.<\/p>\n<p>La F\u00e9d\u00e9ration n\u00e9erlandaise de football (KNVB) a publi\u00e9 un bref communiqu\u00e9, d\u00e9clarant : \u201c Nous sommes tous profond\u00e9ment d\u00e9\u00e7us pour le joueur. Il est un \u00e9l\u00e9ment crucial de notre \u00e9quipe, et nous le soutiendrons pleinement tout au long de son processus de r\u00e9tablissement. Notre priorit\u00e9 est d\u00e9sormais sa sant\u00e9 et sa r\u00e9\u00e9ducation. \u201d<\/p>\n<p>Ses co\u00e9quipiers ont \u00e9galement exprim\u00e9 leur choc. Le capitaine Virgil van Dijk a qualifi\u00e9 la nouvelle de \u201c d\u00e9chirante \u201d, ajoutant que l'\u00e9quipe se serrerait les coudes autour de leur coll\u00e8gue pendant cette p\u00e9riode difficile.<\/p>\n<p>Les Pays-Bas ont \u00e9t\u00e9 plac\u00e9s dans un groupe comp\u00e9titif pour la Coupe du Monde 2026, et cette blessure laisse un vide important dans la profondeur de l'effectif. Koeman doit d\u00e9sormais relever le d\u00e9fi de trouver un rempla\u00e7ant ad\u00e9quat avant le d\u00e9but du tournoi.<\/p>\n<p>Les supporters esp\u00e9reront un r\u00e9tablissement rapide, mais les premi\u00e8res indications sugg\u00e8rent que le joueur a un long chemin \u00e0 parcourir pour retrouver la pleine forme. Le r\u00eave de Coupe du Monde 2026 pour cette star n\u00e9erlandaise est d\u00e9sormais en suspens.<\/p>","protected":false},"excerpt":{"rendered":"<p>The Netherlands national team has been dealt a significant setback ahead of the 2026 World Cup, with a key player [&hellip;]<\/p>\n","protected":false},"author":3,"featured_media":10986,"comment_status":"","ping_status":"open","sticky":false,"template":"","format":"standard","meta":{"googlesitekit_rrm_CAow_uzEDA:productID":"","site-sidebar-layout":"default","site-content-layout":"","ast-site-content-layout":"default","site-content-style":"default","site-sidebar-style":"default","ast-global-header-display":"","ast-banner-title-visibility":"","ast-main-header-display":"","ast-hfb-above-header-display":"","ast-hfb-below-header-display":"","ast-hfb-mobile-header-display":"","site-post-title":"","ast-breadcrumbs-content":"","ast-featured-img":"","footer-sml-layout":"","ast-disable-related-posts":"","theme-transparent-header-meta":"","adv-header-id-meta":"","stick-header-meta":"","header-above-stick-meta":"","header-main-stick-meta":"","header-below-stick-meta":"","astra-migrate-meta-layouts":"default","ast-page-background-enabled":"default","ast-page-background-meta":{"desktop":{"background-color":"var(--ast-global-color-5)","background-image":"","background-repeat":"repeat","background-position":"center center","background-size":"auto","background-attachment":"scroll","background-type":"","background-media":"","overlay-type":"","overlay-color":"","overlay-opacity":"","overlay-gradient":""},"tablet":{"background-color":"","background-image":"","background-repeat":"repeat","background-position":"center center","background-size":"auto","background-attachment":"scroll","background-type":"","background-media":"","overlay-type":"","overlay-color":"","overlay-opacity":"","overlay-gradient":""},"mobile":{"background-color":"","background-image":"","background-repeat":"repeat","background-position":"center center","background-size":"auto","background-attachment":"scroll","background-type":"","background-media":"","overlay-type":"","overlay-color":"","overlay-opacity":"","overlay-gradient":""}},"ast-content-background-meta":{"desktop":{"background-color":"var(--ast-global-color-4)","background-image":"","background-repeat":"repeat","background-position":"center center","background-size":"auto","background-attachment":"scroll","background-type":"","background-media":"","overlay-type":"","overlay-color":"","overlay-opacity":"","overlay-gradient":""},"tablet":{"background-color":"var(--ast-global-color-4)","background-image":"","background-repeat":"repeat","background-position":"center center","background-size":"auto","background-attachment":"scroll","background-type":"","background-media":"","overlay-type":"","overlay-color":"","overlay-opacity":"","overlay-gradient":""},"mobile":{"background-color":"var(--ast-global-color-4)","background-image":"","background-repeat":"repeat","background-position":"center center","background-size":"auto","background-attachment":"scroll","background-type":"","background-media":"","overlay-type":"","overlay-color":"","overlay-opacity":"","overlay-gradient":""}},"footnotes":""},"categories":[20,1],"tags":[],"class_list":["post-10987","post","type-post","status-publish","format-standard","has-post-thumbnail","hentry","category-international","category-football-latest-news"],"yoast_head":"<!-- This site is optimized with the Yoast SEO Premium plugin v26.6 (Yoast SEO v27.4) - https:\/\/yoast.com\/product\/yoast-seo-premium-wordpress\/ -->\n<title>Netherlands suffers major blow ahead of 2026 World Cup - Bladna News<\/title>\n<meta name=\"robots\" content=\"index, follow, max-snippet:-1, max-image-preview:large, max-video-preview:-1\" \/>\n<link rel=\"canonical\" href=\"https:\/\/bladnanews.com\/fr\/les-pays-bas-subissent-un-coup-dur-avant-la-coupe-du-monde-2026\/\" \/>\n<meta property=\"og:locale\" content=\"fr_FR\" \/>\n<meta property=\"og:type\" content=\"article\" \/>\n<meta property=\"og:title\" content=\"Netherlands suffers major blow ahead of 2026 World Cup\" \/>\n<meta property=\"og:description\" content=\"The Netherlands national team has been dealt a significant setback ahead of the 2026 World Cup, with a key player [&hellip;]\" \/>\n<meta property=\"og:url\" content=\"https:\/\/bladnanews.com\/fr\/les-pays-bas-subissent-un-coup-dur-avant-la-coupe-du-monde-2026\/\" \/>\n<meta property=\"og:site_name\" content=\"Bladna News\" \/>\n<meta property=\"article:published_time\" content=\"2026-04-26T22:36:30+00:00\" \/>\n<meta property=\"og:image\" content=\"https:\/\/bladnanews.com\/wp-content\/uploads\/2025\/12\/freepik__bladna-newscom-moroccan-soccer-homepage-banner-mor__41838.png\" \/>\n\t<meta property=\"og:image:width\" content=\"1312\" \/>\n\t<meta property=\"og:image:height\" content=\"736\" \/>\n\t<meta property=\"og:image:type\" content=\"image\/png\" \/>\n<meta name=\"author\" content=\"Bladna News Staff\" \/>\n<meta name=\"twitter:card\" content=\"summary_large_image\" \/>\n<meta name=\"twitter:label1\" content=\"\u00c9crit par\" \/>\n\t<meta name=\"twitter:data1\" content=\"Bladna News Staff\" \/>\n\t<meta name=\"twitter:label2\" content=\"Dur\u00e9e de lecture estim\u00e9e\" \/>\n\t<meta name=\"twitter:data2\" content=\"1 minute\" \/>\n<script type=\"application\/ld+json\" class=\"yoast-schema-graph\">{\"@context\":\"https:\\\/\\\/schema.org\",\"@graph\":[{\"@type\":\"Article\",\"@id\":\"https:\\\/\\\/bladnanews.com\\\/netherlands-suffers-major-blow-ahead-of-2026-world-cup\\\/#article\",\"isPartOf\":{\"@id\":\"https:\\\/\\\/bladnanews.com\\\/netherlands-suffers-major-blow-ahead-of-2026-world-cup\\\/\"},\"author\":{\"name\":\"Bladna News Staff\",\"@id\":\"https:\\\/\\\/mediumseagreen-eel-531711.hostingersite.com\\\/#\\\/schema\\\/person\\\/268e18a453ab080ebf76df6ef7845083\"},\"headline\":\"Netherlands suffers major blow ahead of 2026 World Cup\",\"datePublished\":\"2026-04-26T22:36:30+00:00\",\"mainEntityOfPage\":{\"@id\":\"https:\\\/\\\/bladnanews.com\\\/netherlands-suffers-major-blow-ahead-of-2026-world-cup\\\/\"},\"wordCount\":289,\"publisher\":{\"@id\":\"https:\\\/\\\/mediumseagreen-eel-531711.hostingersite.com\\\/#organization\"},\"image\":{\"@id\":\"https:\\\/\\\/bladnanews.com\\\/netherlands-suffers-major-blow-ahead-of-2026-world-cup\\\/#primaryimage\"},\"thumbnailUrl\":\"https:\\\/\\\/bladnanews.com\\\/wp-content\\\/uploads\\\/2026\\\/04\\\/GettyImages-1719891585.jpg-scaled.jpg\",\"articleSection\":[\"International\",\"Latest News\"],\"inLanguage\":\"fr-FR\",\"copyrightYear\":\"2026\",\"copyrightHolder\":{\"@id\":\"https:\\\/\\\/bladnanews.com\\\/fr\\\/#organization\"}},{\"@type\":\"WebPage\",\"@id\":\"https:\\\/\\\/bladnanews.com\\\/netherlands-suffers-major-blow-ahead-of-2026-world-cup\\\/\",\"url\":\"https:\\\/\\\/bladnanews.com\\\/netherlands-suffers-major-blow-ahead-of-2026-world-cup\\\/\",\"name\":\"Netherlands suffers major blow ahead of 2026 World Cup - Bladna News\",\"isPartOf\":{\"@id\":\"https:\\\/\\\/mediumseagreen-eel-531711.hostingersite.com\\\/#website\"},\"primaryImageOfPage\":{\"@id\":\"https:\\\/\\\/bladnanews.com\\\/netherlands-suffers-major-blow-ahead-of-2026-world-cup\\\/#primaryimage\"},\"image\":{\"@id\":\"https:\\\/\\\/bladnanews.com\\\/netherlands-suffers-major-blow-ahead-of-2026-world-cup\\\/#primaryimage\"},\"thumbnailUrl\":\"https:\\\/\\\/bladnanews.com\\\/wp-content\\\/uploads\\\/2026\\\/04\\\/GettyImages-1719891585.jpg-scaled.jpg\",\"datePublished\":\"2026-04-26T22:36:30+00:00\",\"breadcrumb\":{\"@id\":\"https:\\\/\\\/bladnanews.com\\\/netherlands-suffers-major-blow-ahead-of-2026-world-cup\\\/#breadcrumb\"},\"inLanguage\":\"fr-FR\",\"potentialAction\":[{\"@type\":\"ReadAction\",\"target\":[\"https:\\\/\\\/bladnanews.com\\\/netherlands-suffers-major-blow-ahead-of-2026-world-cup\\\/\"]}]},{\"@type\":\"ImageObject\",\"inLanguage\":\"fr-FR\",\"@id\":\"https:\\\/\\\/bladnanews.com\\\/netherlands-suffers-major-blow-ahead-of-2026-world-cup\\\/#primaryimage\",\"url\":\"https:\\\/\\\/bladnanews.com\\\/wp-content\\\/uploads\\\/2026\\\/04\\\/GettyImages-1719891585.jpg-scaled.jpg\",\"contentUrl\":\"https:\\\/\\\/bladnanews.com\\\/wp-content\\\/uploads\\\/2026\\\/04\\\/GettyImages-1719891585.jpg-scaled.jpg\",\"width\":2560,\"height\":1440,\"caption\":\"Netherlands suffers major blow ahead of 2026 World Cup\"},{\"@type\":\"BreadcrumbList\",\"@id\":\"https:\\\/\\\/bladnanews.com\\\/netherlands-suffers-major-blow-ahead-of-2026-world-cup\\\/#breadcrumb\",\"itemListElement\":[{\"@type\":\"ListItem\",\"position\":1,\"name\":\"Home\",\"item\":\"https:\\\/\\\/bladnanews.com\\\/\"},{\"@type\":\"ListItem\",\"position\":2,\"name\":\"Netherlands suffers major blow ahead of 2026 World Cup\"}]},{\"@type\":\"WebSite\",\"@id\":\"https:\\\/\\\/mediumseagreen-eel-531711.hostingersite.com\\\/#website\",\"url\":\"https:\\\/\\\/mediumseagreen-eel-531711.hostingersite.com\\\/\",\"name\":\"Bladna News - Morocco\",\"description\":\"Where Moroccan Football Meets the World\",\"publisher\":{\"@id\":\"https:\\\/\\\/mediumseagreen-eel-531711.hostingersite.com\\\/#organization\"},\"potentialAction\":[{\"@type\":\"SearchAction\",\"target\":{\"@type\":\"EntryPoint\",\"urlTemplate\":\"https:\\\/\\\/mediumseagreen-eel-531711.hostingersite.com\\\/?s={search_term_string}\"},\"query-input\":{\"@type\":\"PropertyValueSpecification\",\"valueRequired\":true,\"valueName\":\"search_term_string\"}}],\"inLanguage\":\"fr-FR\"},{\"@type\":\"Organization\",\"@id\":\"https:\\\/\\\/mediumseagreen-eel-531711.hostingersite.com\\\/#organization\",\"name\":\"Bladna News.com\",\"url\":\"https:\\\/\\\/mediumseagreen-eel-531711.hostingersite.com\\\/\",\"logo\":{\"@type\":\"ImageObject\",\"inLanguage\":\"fr-FR\",\"@id\":\"https:\\\/\\\/mediumseagreen-eel-531711.hostingersite.com\\\/#\\\/schema\\\/logo\\\/image\\\/\",\"url\":\"https:\\\/\\\/bladnanews.com\\\/wp-content\\\/uploads\\\/2025\\\/12\\\/logo-bladnanews-V2-web-black-red.png\",\"contentUrl\":\"https:\\\/\\\/bladnanews.com\\\/wp-content\\\/uploads\\\/2025\\\/12\\\/logo-bladnanews-V2-web-black-red.png\",\"width\":703,\"height\":287,\"caption\":\"Bladna News.com\"},\"image\":{\"@id\":\"https:\\\/\\\/mediumseagreen-eel-531711.hostingersite.com\\\/#\\\/schema\\\/logo\\\/image\\\/\"},\"email\":\"info@bladnanews.com\",\"legalName\":\"Bladna News\"},{\"@type\":\"Person\",\"@id\":\"https:\\\/\\\/mediumseagreen-eel-531711.hostingersite.com\\\/#\\\/schema\\\/person\\\/268e18a453ab080ebf76df6ef7845083\",\"name\":\"Bladna News Staff\",\"url\":\"https:\\\/\\\/bladnanews.com\\\/fr\\\/author\\\/bladna-news-staff\\\/\"}]}<\/script>\n<!-- \/ Yoast SEO Premium plugin. -->","yoast_head_json":{"title":"Les Pays-Bas subissent un coup dur avant la Coupe du Monde 2026 - Bladna News","robots":{"index":"index","follow":"follow","max-snippet":"max-snippet:-1","max-image-preview":"max-image-preview:large","max-video-preview":"max-video-preview:-1"},"canonical":"https:\/\/bladnanews.com\/fr\/les-pays-bas-subissent-un-coup-dur-avant-la-coupe-du-monde-2026\/","og_locale":"fr_FR","og_type":"article","og_title":"Netherlands suffers major blow ahead of 2026 World Cup","og_description":"The Netherlands national team has been dealt a significant setback ahead of the 2026 World Cup, with a key player [&hellip;]","og_url":"https:\/\/bladnanews.com\/fr\/les-pays-bas-subissent-un-coup-dur-avant-la-coupe-du-monde-2026\/","og_site_name":"Bladna News","article_published_time":"2026-04-26T22:36:30+00:00","og_image":[{"width":1312,"height":736,"url":"https:\/\/bladnanews.com\/wp-content\/uploads\/2025\/12\/freepik__bladna-newscom-moroccan-soccer-homepage-banner-mor__41838.png","type":"image\/png"}],"author":"Bladna News Staff","twitter_card":"summary_large_image","twitter_misc":{"\u00c9crit par":"Bladna News Staff","Dur\u00e9e de lecture estim\u00e9e":"1 minute"},"schema":{"@context":"https:\/\/schema.org","@graph":[{"@type":"Article","@id":"https:\/\/bladnanews.com\/netherlands-suffers-major-blow-ahead-of-2026-world-cup\/#article","isPartOf":{"@id":"https:\/\/bladnanews.com\/netherlands-suffers-major-blow-ahead-of-2026-world-cup\/"},"author":{"name":"Bladna News Staff","@id":"https:\/\/mediumseagreen-eel-531711.hostingersite.com\/#\/schema\/person\/268e18a453ab080ebf76df6ef7845083"},"headline":"Netherlands suffers major blow ahead of 2026 World Cup","datePublished":"2026-04-26T22:36:30+00:00","mainEntityOfPage":{"@id":"https:\/\/bladnanews.com\/netherlands-suffers-major-blow-ahead-of-2026-world-cup\/"},"wordCount":289,"publisher":{"@id":"https:\/\/mediumseagreen-eel-531711.hostingersite.com\/#organization"},"image":{"@id":"https:\/\/bladnanews.com\/netherlands-suffers-major-blow-ahead-of-2026-world-cup\/#primaryimage"},"thumbnailUrl":"https:\/\/bladnanews.com\/wp-content\/uploads\/2026\/04\/GettyImages-1719891585.jpg-scaled.jpg","articleSection":["International","Latest News"],"inLanguage":"fr-FR","copyrightYear":"2026","copyrightHolder":{"@id":"https:\/\/bladnanews.com\/fr\/#organization"}},{"@type":"WebPage","@id":"https:\/\/bladnanews.com\/netherlands-suffers-major-blow-ahead-of-2026-world-cup\/","url":"https:\/\/bladnanews.com\/netherlands-suffers-major-blow-ahead-of-2026-world-cup\/","name":"Les Pays-Bas subissent un coup dur avant la Coupe du Monde 2026 - Bladna News","isPartOf":{"@id":"https:\/\/mediumseagreen-eel-531711.hostingersite.com\/#website"},"primaryImageOfPage":{"@id":"https:\/\/bladnanews.com\/netherlands-suffers-major-blow-ahead-of-2026-world-cup\/#primaryimage"},"image":{"@id":"https:\/\/bladnanews.com\/netherlands-suffers-major-blow-ahead-of-2026-world-cup\/#primaryimage"},"thumbnailUrl":"https:\/\/bladnanews.com\/wp-content\/uploads\/2026\/04\/GettyImages-1719891585.jpg-scaled.jpg","datePublished":"2026-04-26T22:36:30+00:00","breadcrumb":{"@id":"https:\/\/bladnanews.com\/netherlands-suffers-major-blow-ahead-of-2026-world-cup\/#breadcrumb"},"inLanguage":"fr-FR","potentialAction":[{"@type":"ReadAction","target":["https:\/\/bladnanews.com\/netherlands-suffers-major-blow-ahead-of-2026-world-cup\/"]}]},{"@type":"ImageObject","inLanguage":"fr-FR","@id":"https:\/\/bladnanews.com\/netherlands-suffers-major-blow-ahead-of-2026-world-cup\/#primaryimage","url":"https:\/\/bladnanews.com\/wp-content\/uploads\/2026\/04\/GettyImages-1719891585.jpg-scaled.jpg","contentUrl":"https:\/\/bladnanews.com\/wp-content\/uploads\/2026\/04\/GettyImages-1719891585.jpg-scaled.jpg","width":2560,"height":1440,"caption":"Netherlands suffers major blow ahead of 2026 World Cup"},{"@type":"BreadcrumbList","@id":"https:\/\/bladnanews.com\/netherlands-suffers-major-blow-ahead-of-2026-world-cup\/#breadcrumb","itemListElement":[{"@type":"ListItem","position":1,"name":"Home","item":"https:\/\/bladnanews.com\/"},{"@type":"ListItem","position":2,"name":"Netherlands suffers major blow ahead of 2026 World Cup"}]},{"@type":"WebSite","@id":"https:\/\/mediumseagreen-eel-531711.hostingersite.com\/#website","url":"https:\/\/mediumseagreen-eel-531711.hostingersite.com\/","name":"Bladna News - Maroc","description":"Quand le football marocain rencontre le monde","publisher":{"@id":"https:\/\/mediumseagreen-eel-531711.hostingersite.com\/#organization"},"potentialAction":[{"@type":"SearchAction","target":{"@type":"EntryPoint","urlTemplate":"https:\/\/mediumseagreen-eel-531711.hostingersite.com\/?s={search_term_string}"},"query-input":{"@type":"PropertyValueSpecification","valueRequired":true,"valueName":"search_term_string"}}],"inLanguage":"fr-FR"},{"@type":"Organization","@id":"https:\/\/mediumseagreen-eel-531711.hostingersite.com\/#organization","name":"Bladna News.com","url":"https:\/\/mediumseagreen-eel-531711.hostingersite.com\/","logo":{"@type":"ImageObject","inLanguage":"fr-FR","@id":"https:\/\/mediumseagreen-eel-531711.hostingersite.com\/#\/schema\/logo\/image\/","url":"https:\/\/bladnanews.com\/wp-content\/uploads\/2025\/12\/logo-bladnanews-V2-web-black-red.png","contentUrl":"https:\/\/bladnanews.com\/wp-content\/uploads\/2025\/12\/logo-bladnanews-V2-web-black-red.png","width":703,"height":287,"caption":"Bladna News.com"},"image":{"@id":"https:\/\/mediumseagreen-eel-531711.hostingersite.com\/#\/schema\/logo\/image\/"},"email":"info@bladnanews.com","legalName":"Bladna News"},{"@type":"Person","@id":"https:\/\/mediumseagreen-eel-531711.hostingersite.com\/#\/schema\/person\/268e18a453ab080ebf76df6ef7845083","name":"\u00c9quipe r\u00e9dactionnelle de Bladna News","url":"https:\/\/bladnanews.com\/fr\/author\/bladna-news-staff\/"}]}},"_links":{"self":[{"href":"https:\/\/bladnanews.com\/fr\/wp-json\/wp\/v2\/posts\/10987","targetHints":{"allow":["GET"]}}],"collection":[{"href":"https:\/\/bladnanews.com\/fr\/wp-json\/wp\/v2\/posts"}],"about":[{"href":"https:\/\/bladnanews.com\/fr\/wp-json\/wp\/v2\/types\/post"}],"author":[{"embeddable":true,"href":"https:\/\/bladnanews.com\/fr\/wp-json\/wp\/v2\/users\/3"}],"replies":[{"embeddable":true,"href":"https:\/\/bladnanews.com\/fr\/wp-json\/wp\/v2\/comments?post=10987"}],"version-history":[{"count":0,"href":"https:\/\/bladnanews.com\/fr\/wp-json\/wp\/v2\/posts\/10987\/revisions"}],"wp:featuredmedia":[{"embeddable":true,"href":"https:\/\/bladnanews.com\/fr\/wp-json\/wp\/v2\/media\/10986"}],"wp:attachment":[{"href":"https:\/\/bladnanews.com\/fr\/wp-json\/wp\/v2\/media?parent=10987"}],"wp:term":[{"taxonomy":"category","embeddable":true,"href":"https:\/\/bladnanews.com\/fr\/wp-json\/wp\/v2\/categories?post=10987"},{"taxonomy":"post_tag","embeddable":true,"href":"https:\/\/bladnanews.com\/fr\/wp-json\/wp\/v2\/tags?post=10987"}],"curies":[{"name":"wp","href":"https:\/\/api.w.org\/{rel}","templated":true}]}}