{"id":10989,"date":"2026-04-27T04:46:05","date_gmt":"2026-04-27T04:46:05","guid":{"rendered":"https:\/\/bladnanews.com\/real-madrids-crisis-with-barcelona-moves-to-saudi-al-nassr\/"},"modified":"2026-04-27T04:46:05","modified_gmt":"2026-04-27T04:46:05","slug":"la-crise-du-real-madrid-avec-barcelone-se-deplace-vers-al-nassr-en-arabie-saoudite","status":"publish","type":"post","link":"https:\/\/bladnanews.com\/fr\/la-crise-du-real-madrid-avec-barcelone-se-deplace-vers-al-nassr-en-arabie-saoudite\/","title":{"rendered":"La crise du Real Madrid avec le FC Barcelone se d\u00e9place vers Al-Nassr en Arabie Saoudite"},"content":{"rendered":"<p>Les tensions persistantes entre le Real Madrid et le FC Barcelone ont pris une nouvelle tournure, d\u00e9bordant d\u00e9sormais sur les affaires du club saoudien d'Al-Nassr. Ce conflit, qui couvait depuis des ann\u00e9es entre les deux g\u00e9ants espagnols, implique d\u00e9sormais le club bas\u00e9 \u00e0 Riyad dans un d\u00e9veloppement surprenant.<\/p>\n<p>Selon des informations confirm\u00e9es, le diff\u00e9rend porte sur un transfert de joueur qui a raviv\u00e9 d'anciennes rivalit\u00e9s. Al-Nassr, actif sur le march\u00e9 des transferts, s'est retrouv\u00e9 pris au milieu d'un d\u00e9saccord entre les dirigeants du Real Madrid et du FC Barcelone. La question remonte \u00e0 des n\u00e9gociations tenues plus t\u00f4t cette ann\u00e9e, les deux clubs espagnols s'accusant mutuellement d'interf\u00e9rer dans les plans de recrutement du club saoudien.<\/p>\n<p>Des sources proches du dossier ont r\u00e9v\u00e9l\u00e9 que le probl\u00e8me a commenc\u00e9 lorsqu'Al-Nassr a approch\u00e9 un joueur pr\u00e9c\u00e9demment li\u00e9 \u00e0 la fois au Real Madrid et au FC Barcelone. L'int\u00e9r\u00eat du club saoudien s'est heurt\u00e9 \u00e0 une opposition imm\u00e9diate de la part de Madrid, qui a affirm\u00e9 que Barcelone avait secr\u00e8tement encourag\u00e9 cette d\u00e9marche afin de compromettre leur propre strat\u00e9gie de transfert. Barcelone, de son c\u00f4t\u00e9, a ni\u00e9 toute implication, insistant sur le fait qu'il n'avait jou\u00e9 aucun r\u00f4le dans la prise de d\u00e9cision d'Al-Nassr.<\/p>\n<p>La situation s'est aggrav\u00e9e la semaine derni\u00e8re lorsque la direction du Real Madrid a adress\u00e9 une plainte officielle \u00e0 la Liga, all\u00e9guant que Barcelone avait viol\u00e9 un accord informel visant \u00e0 ne pas cibler les joueurs li\u00e9s au r\u00e9seau de recrutement madril\u00e8ne. Barcelone a r\u00e9pondu en qualifiant cette accusation d\u201c\u201dinfond\u00e9e\" et a accus\u00e9 le Real Madrid de tenter de contr\u00f4ler le march\u00e9 de mani\u00e8re d\u00e9loyale.<\/p>\n<p>Al-Nassr, quant \u00e0 lui, a tent\u00e9 de rester en dehors de la ligne de mire. Un porte-parole du club a d\u00e9clar\u00e9 qu'ils ne faisaient que recruter des joueurs correspondant \u00e0 leur projet sportif et qu'ils n'avaient aucun int\u00e9r\u00eat \u00e0 \u00eatre entra\u00een\u00e9s dans un diff\u00e9rend entre les deux puissances espagnoles. \u201cNous nous concentrons sur la construction d'une \u00e9quipe comp\u00e9titive pour la saison \u00e0 venir\u201d, a d\u00e9clar\u00e9 le porte-parole. \u201cToute affirmation selon laquelle nous prendrions parti est compl\u00e8tement fausse.\u201d<\/p>\n<p>Le moment choisi pour ce conflit est notable, car il intervient quelques semaines seulement avant le Cl\u00e1sico pr\u00e9vu en octobre 2026. Les deux clubs devraient s'affronter lors d'un match tr\u00e8s attendu, et les tensions extra-sportives pourraient ajouter un piment suppl\u00e9mentaire \u00e0 cette rencontre. Pour l'instant, cependant, l'attention reste centr\u00e9e sur Al-Nassr, qui se retrouve dans une position inconfortable, devenu malgr\u00e9 lui le th\u00e9\u00e2tre d'une rivalit\u00e9 qui ne montre aucun signe d'apaisement.<\/p>","protected":false},"excerpt":{"rendered":"<p>Real Madrid&#8217;s ongoing tensions with Barcelona have taken a new turn, spilling over into the affairs of Saudi club Al-Nassr. [&hellip;]<\/p>\n","protected":false},"author":3,"featured_media":10988,"comment_status":"","ping_status":"open","sticky":false,"template":"","format":"standard","meta":{"googlesitekit_rrm_CAow_uzEDA:productID":"","site-sidebar-layout":"default","site-content-layout":"","ast-site-content-layout":"default","site-content-style":"default","site-sidebar-style":"default","ast-global-header-display":"","ast-banner-title-visibility":"","ast-main-header-display":"","ast-hfb-above-header-display":"","ast-hfb-below-header-display":"","ast-hfb-mobile-header-display":"","site-post-title":"","ast-breadcrumbs-content":"","ast-featured-img":"","footer-sml-layout":"","ast-disable-related-posts":"","theme-transparent-header-meta":"","adv-header-id-meta":"","stick-header-meta":"","header-above-stick-meta":"","header-main-stick-meta":"","header-below-stick-meta":"","astra-migrate-meta-layouts":"default","ast-page-background-enabled":"default","ast-page-background-meta":{"desktop":{"background-color":"var(--ast-global-color-5)","background-image":"","background-repeat":"repeat","background-position":"center center","background-size":"auto","background-attachment":"scroll","background-type":"","background-media":"","overlay-type":"","overlay-color":"","overlay-opacity":"","overlay-gradient":""},"tablet":{"background-color":"","background-image":"","background-repeat":"repeat","background-position":"center center","background-size":"auto","background-attachment":"scroll","background-type":"","background-media":"","overlay-type":"","overlay-color":"","overlay-opacity":"","overlay-gradient":""},"mobile":{"background-color":"","background-image":"","background-repeat":"repeat","background-position":"center center","background-size":"auto","background-attachment":"scroll","background-type":"","background-media":"","overlay-type":"","overlay-color":"","overlay-opacity":"","overlay-gradient":""}},"ast-content-background-meta":{"desktop":{"background-color":"var(--ast-global-color-4)","background-image":"","background-repeat":"repeat","background-position":"center center","background-size":"auto","background-attachment":"scroll","background-type":"","background-media":"","overlay-type":"","overlay-color":"","overlay-opacity":"","overlay-gradient":""},"tablet":{"background-color":"var(--ast-global-color-4)","background-image":"","background-repeat":"repeat","background-position":"center center","background-size":"auto","background-attachment":"scroll","background-type":"","background-media":"","overlay-type":"","overlay-color":"","overlay-opacity":"","overlay-gradient":""},"mobile":{"background-color":"var(--ast-global-color-4)","background-image":"","background-repeat":"repeat","background-position":"center center","background-size":"auto","background-attachment":"scroll","background-type":"","background-media":"","overlay-type":"","overlay-color":"","overlay-opacity":"","overlay-gradient":""}},"footnotes":""},"categories":[20,1],"tags":[],"class_list":["post-10989","post","type-post","status-publish","format-standard","has-post-thumbnail","hentry","category-international","category-football-latest-news"],"yoast_head":"<!-- This site is optimized with the Yoast SEO Premium plugin v26.6 (Yoast SEO v27.4) - https:\/\/yoast.com\/product\/yoast-seo-premium-wordpress\/ -->\n<title>Real Madrid&#039;s crisis with Barcelona moves to Saudi Al-Nassr - Bladna News<\/title>\n<meta name=\"robots\" content=\"index, follow, max-snippet:-1, max-image-preview:large, max-video-preview:-1\" \/>\n<link rel=\"canonical\" href=\"https:\/\/bladnanews.com\/fr\/la-crise-du-real-madrid-avec-barcelone-se-deplace-vers-al-nassr-en-arabie-saoudite\/\" \/>\n<meta property=\"og:locale\" content=\"fr_FR\" \/>\n<meta property=\"og:type\" content=\"article\" \/>\n<meta property=\"og:title\" content=\"Real Madrid&#039;s crisis with Barcelona moves to Saudi Al-Nassr\" \/>\n<meta property=\"og:description\" content=\"Real Madrid&#8217;s ongoing tensions with Barcelona have taken a new turn, spilling over into the affairs of Saudi club Al-Nassr. [&hellip;]\" \/>\n<meta property=\"og:url\" content=\"https:\/\/bladnanews.com\/fr\/la-crise-du-real-madrid-avec-barcelone-se-deplace-vers-al-nassr-en-arabie-saoudite\/\" \/>\n<meta property=\"og:site_name\" content=\"Bladna News\" \/>\n<meta property=\"article:published_time\" content=\"2026-04-27T04:46:05+00:00\" \/>\n<meta property=\"og:image\" content=\"https:\/\/bladnanews.com\/wp-content\/uploads\/2025\/12\/freepik__bladna-newscom-moroccan-soccer-homepage-banner-mor__41838.png\" \/>\n\t<meta property=\"og:image:width\" content=\"1312\" \/>\n\t<meta property=\"og:image:height\" content=\"736\" \/>\n\t<meta property=\"og:image:type\" content=\"image\/png\" \/>\n<meta name=\"author\" content=\"Bladna News Staff\" \/>\n<meta name=\"twitter:card\" content=\"summary_large_image\" \/>\n<meta name=\"twitter:label1\" content=\"\u00c9crit par\" \/>\n\t<meta name=\"twitter:data1\" content=\"Bladna News Staff\" \/>\n\t<meta name=\"twitter:label2\" content=\"Dur\u00e9e de lecture estim\u00e9e\" \/>\n\t<meta name=\"twitter:data2\" content=\"2 minutes\" \/>\n<script type=\"application\/ld+json\" class=\"yoast-schema-graph\">{\"@context\":\"https:\\\/\\\/schema.org\",\"@graph\":[{\"@type\":\"Article\",\"@id\":\"https:\\\/\\\/bladnanews.com\\\/real-madrids-crisis-with-barcelona-moves-to-saudi-al-nassr\\\/#article\",\"isPartOf\":{\"@id\":\"https:\\\/\\\/bladnanews.com\\\/real-madrids-crisis-with-barcelona-moves-to-saudi-al-nassr\\\/\"},\"author\":{\"name\":\"Bladna News Staff\",\"@id\":\"https:\\\/\\\/mediumseagreen-eel-531711.hostingersite.com\\\/#\\\/schema\\\/person\\\/268e18a453ab080ebf76df6ef7845083\"},\"headline\":\"Real Madrid&#8217;s crisis with Barcelona moves to Saudi Al-Nassr\",\"datePublished\":\"2026-04-27T04:46:05+00:00\",\"mainEntityOfPage\":{\"@id\":\"https:\\\/\\\/bladnanews.com\\\/real-madrids-crisis-with-barcelona-moves-to-saudi-al-nassr\\\/\"},\"wordCount\":374,\"publisher\":{\"@id\":\"https:\\\/\\\/mediumseagreen-eel-531711.hostingersite.com\\\/#organization\"},\"image\":{\"@id\":\"https:\\\/\\\/bladnanews.com\\\/real-madrids-crisis-with-barcelona-moves-to-saudi-al-nassr\\\/#primaryimage\"},\"thumbnailUrl\":\"https:\\\/\\\/bladnanews.com\\\/wp-content\\\/uploads\\\/2026\\\/04\\\/GettyImages-2270949206.jpg-scaled.jpg\",\"articleSection\":[\"International\",\"Latest News\"],\"inLanguage\":\"fr-FR\",\"copyrightYear\":\"2026\",\"copyrightHolder\":{\"@id\":\"https:\\\/\\\/bladnanews.com\\\/fr\\\/#organization\"}},{\"@type\":\"WebPage\",\"@id\":\"https:\\\/\\\/bladnanews.com\\\/real-madrids-crisis-with-barcelona-moves-to-saudi-al-nassr\\\/\",\"url\":\"https:\\\/\\\/bladnanews.com\\\/real-madrids-crisis-with-barcelona-moves-to-saudi-al-nassr\\\/\",\"name\":\"Real Madrid's crisis with Barcelona moves to Saudi Al-Nassr - Bladna News\",\"isPartOf\":{\"@id\":\"https:\\\/\\\/mediumseagreen-eel-531711.hostingersite.com\\\/#website\"},\"primaryImageOfPage\":{\"@id\":\"https:\\\/\\\/bladnanews.com\\\/real-madrids-crisis-with-barcelona-moves-to-saudi-al-nassr\\\/#primaryimage\"},\"image\":{\"@id\":\"https:\\\/\\\/bladnanews.com\\\/real-madrids-crisis-with-barcelona-moves-to-saudi-al-nassr\\\/#primaryimage\"},\"thumbnailUrl\":\"https:\\\/\\\/bladnanews.com\\\/wp-content\\\/uploads\\\/2026\\\/04\\\/GettyImages-2270949206.jpg-scaled.jpg\",\"datePublished\":\"2026-04-27T04:46:05+00:00\",\"breadcrumb\":{\"@id\":\"https:\\\/\\\/bladnanews.com\\\/real-madrids-crisis-with-barcelona-moves-to-saudi-al-nassr\\\/#breadcrumb\"},\"inLanguage\":\"fr-FR\",\"potentialAction\":[{\"@type\":\"ReadAction\",\"target\":[\"https:\\\/\\\/bladnanews.com\\\/real-madrids-crisis-with-barcelona-moves-to-saudi-al-nassr\\\/\"]}]},{\"@type\":\"ImageObject\",\"inLanguage\":\"fr-FR\",\"@id\":\"https:\\\/\\\/bladnanews.com\\\/real-madrids-crisis-with-barcelona-moves-to-saudi-al-nassr\\\/#primaryimage\",\"url\":\"https:\\\/\\\/bladnanews.com\\\/wp-content\\\/uploads\\\/2026\\\/04\\\/GettyImages-2270949206.jpg-scaled.jpg\",\"contentUrl\":\"https:\\\/\\\/bladnanews.com\\\/wp-content\\\/uploads\\\/2026\\\/04\\\/GettyImages-2270949206.jpg-scaled.jpg\",\"width\":2560,\"height\":1440,\"caption\":\"Real Madrid's crisis with Barcelona moves to Saudi Al-Nassr\"},{\"@type\":\"BreadcrumbList\",\"@id\":\"https:\\\/\\\/bladnanews.com\\\/real-madrids-crisis-with-barcelona-moves-to-saudi-al-nassr\\\/#breadcrumb\",\"itemListElement\":[{\"@type\":\"ListItem\",\"position\":1,\"name\":\"Home\",\"item\":\"https:\\\/\\\/bladnanews.com\\\/\"},{\"@type\":\"ListItem\",\"position\":2,\"name\":\"Real Madrid&#8217;s crisis with Barcelona moves to Saudi Al-Nassr\"}]},{\"@type\":\"WebSite\",\"@id\":\"https:\\\/\\\/mediumseagreen-eel-531711.hostingersite.com\\\/#website\",\"url\":\"https:\\\/\\\/mediumseagreen-eel-531711.hostingersite.com\\\/\",\"name\":\"Bladna News - Morocco\",\"description\":\"Where Moroccan Football Meets the World\",\"publisher\":{\"@id\":\"https:\\\/\\\/mediumseagreen-eel-531711.hostingersite.com\\\/#organization\"},\"potentialAction\":[{\"@type\":\"SearchAction\",\"target\":{\"@type\":\"EntryPoint\",\"urlTemplate\":\"https:\\\/\\\/mediumseagreen-eel-531711.hostingersite.com\\\/?s={search_term_string}\"},\"query-input\":{\"@type\":\"PropertyValueSpecification\",\"valueRequired\":true,\"valueName\":\"search_term_string\"}}],\"inLanguage\":\"fr-FR\"},{\"@type\":\"Organization\",\"@id\":\"https:\\\/\\\/mediumseagreen-eel-531711.hostingersite.com\\\/#organization\",\"name\":\"Bladna News.com\",\"url\":\"https:\\\/\\\/mediumseagreen-eel-531711.hostingersite.com\\\/\",\"logo\":{\"@type\":\"ImageObject\",\"inLanguage\":\"fr-FR\",\"@id\":\"https:\\\/\\\/mediumseagreen-eel-531711.hostingersite.com\\\/#\\\/schema\\\/logo\\\/image\\\/\",\"url\":\"https:\\\/\\\/bladnanews.com\\\/wp-content\\\/uploads\\\/2025\\\/12\\\/logo-bladnanews-V2-web-black-red.png\",\"contentUrl\":\"https:\\\/\\\/bladnanews.com\\\/wp-content\\\/uploads\\\/2025\\\/12\\\/logo-bladnanews-V2-web-black-red.png\",\"width\":703,\"height\":287,\"caption\":\"Bladna News.com\"},\"image\":{\"@id\":\"https:\\\/\\\/mediumseagreen-eel-531711.hostingersite.com\\\/#\\\/schema\\\/logo\\\/image\\\/\"},\"email\":\"info@bladnanews.com\",\"legalName\":\"Bladna News\"},{\"@type\":\"Person\",\"@id\":\"https:\\\/\\\/mediumseagreen-eel-531711.hostingersite.com\\\/#\\\/schema\\\/person\\\/268e18a453ab080ebf76df6ef7845083\",\"name\":\"Bladna News Staff\",\"url\":\"https:\\\/\\\/bladnanews.com\\\/fr\\\/author\\\/bladna-news-staff\\\/\"}]}<\/script>\n<!-- \/ Yoast SEO Premium plugin. -->","yoast_head_json":{"title":"La crise du Real Madrid avec Barcelone se d\u00e9place vers Al-Nassr saoudien - Bladna News","robots":{"index":"index","follow":"follow","max-snippet":"max-snippet:-1","max-image-preview":"max-image-preview:large","max-video-preview":"max-video-preview:-1"},"canonical":"https:\/\/bladnanews.com\/fr\/la-crise-du-real-madrid-avec-barcelone-se-deplace-vers-al-nassr-en-arabie-saoudite\/","og_locale":"fr_FR","og_type":"article","og_title":"Real Madrid's crisis with Barcelona moves to Saudi Al-Nassr","og_description":"Real Madrid&#8217;s ongoing tensions with Barcelona have taken a new turn, spilling over into the affairs of Saudi club Al-Nassr. [&hellip;]","og_url":"https:\/\/bladnanews.com\/fr\/la-crise-du-real-madrid-avec-barcelone-se-deplace-vers-al-nassr-en-arabie-saoudite\/","og_site_name":"Bladna News","article_published_time":"2026-04-27T04:46:05+00:00","og_image":[{"width":1312,"height":736,"url":"https:\/\/bladnanews.com\/wp-content\/uploads\/2025\/12\/freepik__bladna-newscom-moroccan-soccer-homepage-banner-mor__41838.png","type":"image\/png"}],"author":"Bladna News Staff","twitter_card":"summary_large_image","twitter_misc":{"\u00c9crit par":"Bladna News Staff","Dur\u00e9e de lecture estim\u00e9e":"2 minutes"},"schema":{"@context":"https:\/\/schema.org","@graph":[{"@type":"Article","@id":"https:\/\/bladnanews.com\/real-madrids-crisis-with-barcelona-moves-to-saudi-al-nassr\/#article","isPartOf":{"@id":"https:\/\/bladnanews.com\/real-madrids-crisis-with-barcelona-moves-to-saudi-al-nassr\/"},"author":{"name":"Bladna News Staff","@id":"https:\/\/mediumseagreen-eel-531711.hostingersite.com\/#\/schema\/person\/268e18a453ab080ebf76df6ef7845083"},"headline":"Real Madrid&#8217;s crisis with Barcelona moves to Saudi Al-Nassr","datePublished":"2026-04-27T04:46:05+00:00","mainEntityOfPage":{"@id":"https:\/\/bladnanews.com\/real-madrids-crisis-with-barcelona-moves-to-saudi-al-nassr\/"},"wordCount":374,"publisher":{"@id":"https:\/\/mediumseagreen-eel-531711.hostingersite.com\/#organization"},"image":{"@id":"https:\/\/bladnanews.com\/real-madrids-crisis-with-barcelona-moves-to-saudi-al-nassr\/#primaryimage"},"thumbnailUrl":"https:\/\/bladnanews.com\/wp-content\/uploads\/2026\/04\/GettyImages-2270949206.jpg-scaled.jpg","articleSection":["International","Latest News"],"inLanguage":"fr-FR","copyrightYear":"2026","copyrightHolder":{"@id":"https:\/\/bladnanews.com\/fr\/#organization"}},{"@type":"WebPage","@id":"https:\/\/bladnanews.com\/real-madrids-crisis-with-barcelona-moves-to-saudi-al-nassr\/","url":"https:\/\/bladnanews.com\/real-madrids-crisis-with-barcelona-moves-to-saudi-al-nassr\/","name":"La crise du Real Madrid avec Barcelone se d\u00e9place vers Al-Nassr saoudien - Bladna News","isPartOf":{"@id":"https:\/\/mediumseagreen-eel-531711.hostingersite.com\/#website"},"primaryImageOfPage":{"@id":"https:\/\/bladnanews.com\/real-madrids-crisis-with-barcelona-moves-to-saudi-al-nassr\/#primaryimage"},"image":{"@id":"https:\/\/bladnanews.com\/real-madrids-crisis-with-barcelona-moves-to-saudi-al-nassr\/#primaryimage"},"thumbnailUrl":"https:\/\/bladnanews.com\/wp-content\/uploads\/2026\/04\/GettyImages-2270949206.jpg-scaled.jpg","datePublished":"2026-04-27T04:46:05+00:00","breadcrumb":{"@id":"https:\/\/bladnanews.com\/real-madrids-crisis-with-barcelona-moves-to-saudi-al-nassr\/#breadcrumb"},"inLanguage":"fr-FR","potentialAction":[{"@type":"ReadAction","target":["https:\/\/bladnanews.com\/real-madrids-crisis-with-barcelona-moves-to-saudi-al-nassr\/"]}]},{"@type":"ImageObject","inLanguage":"fr-FR","@id":"https:\/\/bladnanews.com\/real-madrids-crisis-with-barcelona-moves-to-saudi-al-nassr\/#primaryimage","url":"https:\/\/bladnanews.com\/wp-content\/uploads\/2026\/04\/GettyImages-2270949206.jpg-scaled.jpg","contentUrl":"https:\/\/bladnanews.com\/wp-content\/uploads\/2026\/04\/GettyImages-2270949206.jpg-scaled.jpg","width":2560,"height":1440,"caption":"Real Madrid's crisis with Barcelona moves to Saudi Al-Nassr"},{"@type":"BreadcrumbList","@id":"https:\/\/bladnanews.com\/real-madrids-crisis-with-barcelona-moves-to-saudi-al-nassr\/#breadcrumb","itemListElement":[{"@type":"ListItem","position":1,"name":"Home","item":"https:\/\/bladnanews.com\/"},{"@type":"ListItem","position":2,"name":"Real Madrid&#8217;s crisis with Barcelona moves to Saudi Al-Nassr"}]},{"@type":"WebSite","@id":"https:\/\/mediumseagreen-eel-531711.hostingersite.com\/#website","url":"https:\/\/mediumseagreen-eel-531711.hostingersite.com\/","name":"Bladna News - Maroc","description":"Quand le football marocain rencontre le monde","publisher":{"@id":"https:\/\/mediumseagreen-eel-531711.hostingersite.com\/#organization"},"potentialAction":[{"@type":"SearchAction","target":{"@type":"EntryPoint","urlTemplate":"https:\/\/mediumseagreen-eel-531711.hostingersite.com\/?s={search_term_string}"},"query-input":{"@type":"PropertyValueSpecification","valueRequired":true,"valueName":"search_term_string"}}],"inLanguage":"fr-FR"},{"@type":"Organization","@id":"https:\/\/mediumseagreen-eel-531711.hostingersite.com\/#organization","name":"Bladna News.com","url":"https:\/\/mediumseagreen-eel-531711.hostingersite.com\/","logo":{"@type":"ImageObject","inLanguage":"fr-FR","@id":"https:\/\/mediumseagreen-eel-531711.hostingersite.com\/#\/schema\/logo\/image\/","url":"https:\/\/bladnanews.com\/wp-content\/uploads\/2025\/12\/logo-bladnanews-V2-web-black-red.png","contentUrl":"https:\/\/bladnanews.com\/wp-content\/uploads\/2025\/12\/logo-bladnanews-V2-web-black-red.png","width":703,"height":287,"caption":"Bladna News.com"},"image":{"@id":"https:\/\/mediumseagreen-eel-531711.hostingersite.com\/#\/schema\/logo\/image\/"},"email":"info@bladnanews.com","legalName":"Bladna News"},{"@type":"Person","@id":"https:\/\/mediumseagreen-eel-531711.hostingersite.com\/#\/schema\/person\/268e18a453ab080ebf76df6ef7845083","name":"\u00c9quipe r\u00e9dactionnelle de Bladna News","url":"https:\/\/bladnanews.com\/fr\/author\/bladna-news-staff\/"}]}},"_links":{"self":[{"href":"https:\/\/bladnanews.com\/fr\/wp-json\/wp\/v2\/posts\/10989","targetHints":{"allow":["GET"]}}],"collection":[{"href":"https:\/\/bladnanews.com\/fr\/wp-json\/wp\/v2\/posts"}],"about":[{"href":"https:\/\/bladnanews.com\/fr\/wp-json\/wp\/v2\/types\/post"}],"author":[{"embeddable":true,"href":"https:\/\/bladnanews.com\/fr\/wp-json\/wp\/v2\/users\/3"}],"replies":[{"embeddable":true,"href":"https:\/\/bladnanews.com\/fr\/wp-json\/wp\/v2\/comments?post=10989"}],"version-history":[{"count":0,"href":"https:\/\/bladnanews.com\/fr\/wp-json\/wp\/v2\/posts\/10989\/revisions"}],"wp:featuredmedia":[{"embeddable":true,"href":"https:\/\/bladnanews.com\/fr\/wp-json\/wp\/v2\/media\/10988"}],"wp:attachment":[{"href":"https:\/\/bladnanews.com\/fr\/wp-json\/wp\/v2\/media?parent=10989"}],"wp:term":[{"taxonomy":"category","embeddable":true,"href":"https:\/\/bladnanews.com\/fr\/wp-json\/wp\/v2\/categories?post=10989"},{"taxonomy":"post_tag","embeddable":true,"href":"https:\/\/bladnanews.com\/fr\/wp-json\/wp\/v2\/tags?post=10989"}],"curies":[{"name":"wp","href":"https:\/\/api.w.org\/{rel}","templated":true}]}}