{"id":10993,"date":"2026-04-27T10:59:56","date_gmt":"2026-04-27T10:59:56","guid":{"rendered":"https:\/\/bladnanews.com\/bayern-munich-face-crisis-as-five-stars-miss-psg-clash\/"},"modified":"2026-04-27T10:59:56","modified_gmt":"2026-04-27T10:59:56","slug":"le-bayern-munich-fait-face-a-une-crise-alors-que-cinq-stars-manquent-le-choc-contre-le-psg","status":"publish","type":"post","link":"https:\/\/bladnanews.com\/fr\/le-bayern-munich-fait-face-a-une-crise-alors-que-cinq-stars-manquent-le-choc-contre-le-psg\/","title":{"rendered":"Le Bayern Munich fait face \u00e0 une crise alors que cinq stars manquent le choc contre le PSG"},"content":{"rendered":"<p>Le Bayern Munich aborde un affrontement majeur en Ligue des Champions contre le Paris Saint-Germain dans une situation d\u00e9licate, cinq joueurs cl\u00e9s ayant \u00e9t\u00e9 d\u00e9clar\u00e9s forfaits pour cette rencontre.<\/p>\n<p>Vincent Kompany devra se passer d\u2019une part significative de son effectif pour ce rendez-vous europ\u00e9en crucial, les absences touchant \u00e0 la fois la d\u00e9fense et l\u2019attaque. La liste confirm\u00e9e des joueurs indisponibles comprend les d\u00e9fenseurs Dayot Upamecano et Alphonso Davies, les milieux de terrain Joao Palhinha et Aleksandar Pavlovic, ainsi que l\u2019attaquant Serge Gnabry.<\/p>\n<p>Le timing ne pourrait \u00eatre plus mal choisi pour les Bavarois. Upamecano a \u00e9t\u00e9 un pilier d\u00e9fensif cette saison, tandis que Davies apporte largeur et vitesse sur le flanc gauche. Au milieu de terrain, l\u2019absence conjugu\u00e9e de Palhinha et Pavlovic laisse Kompany avec des options limit\u00e9es dans l\u2019entrejeu. L\u2019absence de Gnabry r\u00e9duit encore la profondeur offensive disponible pour le d\u00e9placement \u00e0 Paris.<\/p>\n<p>Le Bayern se rend au Parc des Princes le mardi 26 novembre 2024, conscient qu\u2019un r\u00e9sultat positif est vital pour maintenir le cap dans sa campagne de Ligue des Champions. Le PSG, de son c\u00f4t\u00e9, cherchera \u00e0 exploiter les br\u00e8ches dans la composition adverse.<\/p>\n<p>Kompany fait d\u00e9sormais face \u00e0 un v\u00e9ritable test de gestion d\u2019effectif. Avec un groupe aussi d\u00e9cim\u00e9, l\u2019entra\u00eeneur belge devra compter sur des joueurs de compl\u00e9ment et peut-\u00eatre m\u00eame faire appel aux talents de l\u2019\u00e9quipe r\u00e9serve pour combler les vides. Le match est pr\u00e9vu \u00e0 22h00, heure de La Mecque.<\/p>\n<p>La crise des blessures a jet\u00e9 une ombre sur ce qui \u00e9tait d\u00e9j\u00e0 consid\u00e9r\u00e9 comme un d\u00e9placement difficile \u00e0 l\u2019ext\u00e9rieur. Le Bayern devra puiser dans ses ressources pour repartir de Paris avec un r\u00e9sultat \u00e0 la hauteur de ses efforts.<\/p>","protected":false},"excerpt":{"rendered":"<p>Bayern Munich are heading into a major Champions League showdown with Paris Saint-Germain in serious trouble, as five key players [&hellip;]<\/p>\n","protected":false},"author":3,"featured_media":10992,"comment_status":"","ping_status":"open","sticky":false,"template":"","format":"standard","meta":{"googlesitekit_rrm_CAow_uzEDA:productID":"","site-sidebar-layout":"default","site-content-layout":"","ast-site-content-layout":"default","site-content-style":"default","site-sidebar-style":"default","ast-global-header-display":"","ast-banner-title-visibility":"","ast-main-header-display":"","ast-hfb-above-header-display":"","ast-hfb-below-header-display":"","ast-hfb-mobile-header-display":"","site-post-title":"","ast-breadcrumbs-content":"","ast-featured-img":"","footer-sml-layout":"","ast-disable-related-posts":"","theme-transparent-header-meta":"","adv-header-id-meta":"","stick-header-meta":"","header-above-stick-meta":"","header-main-stick-meta":"","header-below-stick-meta":"","astra-migrate-meta-layouts":"default","ast-page-background-enabled":"default","ast-page-background-meta":{"desktop":{"background-color":"var(--ast-global-color-5)","background-image":"","background-repeat":"repeat","background-position":"center center","background-size":"auto","background-attachment":"scroll","background-type":"","background-media":"","overlay-type":"","overlay-color":"","overlay-opacity":"","overlay-gradient":""},"tablet":{"background-color":"","background-image":"","background-repeat":"repeat","background-position":"center center","background-size":"auto","background-attachment":"scroll","background-type":"","background-media":"","overlay-type":"","overlay-color":"","overlay-opacity":"","overlay-gradient":""},"mobile":{"background-color":"","background-image":"","background-repeat":"repeat","background-position":"center center","background-size":"auto","background-attachment":"scroll","background-type":"","background-media":"","overlay-type":"","overlay-color":"","overlay-opacity":"","overlay-gradient":""}},"ast-content-background-meta":{"desktop":{"background-color":"var(--ast-global-color-4)","background-image":"","background-repeat":"repeat","background-position":"center center","background-size":"auto","background-attachment":"scroll","background-type":"","background-media":"","overlay-type":"","overlay-color":"","overlay-opacity":"","overlay-gradient":""},"tablet":{"background-color":"var(--ast-global-color-4)","background-image":"","background-repeat":"repeat","background-position":"center center","background-size":"auto","background-attachment":"scroll","background-type":"","background-media":"","overlay-type":"","overlay-color":"","overlay-opacity":"","overlay-gradient":""},"mobile":{"background-color":"var(--ast-global-color-4)","background-image":"","background-repeat":"repeat","background-position":"center center","background-size":"auto","background-attachment":"scroll","background-type":"","background-media":"","overlay-type":"","overlay-color":"","overlay-opacity":"","overlay-gradient":""}},"footnotes":""},"categories":[20,1],"tags":[],"class_list":["post-10993","post","type-post","status-publish","format-standard","has-post-thumbnail","hentry","category-international","category-football-latest-news"],"yoast_head":"<!-- This site is optimized with the Yoast SEO Premium plugin v26.6 (Yoast SEO v27.4) - https:\/\/yoast.com\/product\/yoast-seo-premium-wordpress\/ -->\n<title>Bayern Munich face crisis as five stars miss PSG clash - Bladna News<\/title>\n<meta name=\"robots\" content=\"index, follow, max-snippet:-1, max-image-preview:large, max-video-preview:-1\" \/>\n<link rel=\"canonical\" href=\"https:\/\/bladnanews.com\/fr\/le-bayern-munich-fait-face-a-une-crise-alors-que-cinq-stars-manquent-le-choc-contre-le-psg\/\" \/>\n<meta property=\"og:locale\" content=\"fr_FR\" \/>\n<meta property=\"og:type\" content=\"article\" \/>\n<meta property=\"og:title\" content=\"Bayern Munich face crisis as five stars miss PSG clash\" \/>\n<meta property=\"og:description\" content=\"Bayern Munich are heading into a major Champions League showdown with Paris Saint-Germain in serious trouble, as five key players [&hellip;]\" \/>\n<meta property=\"og:url\" content=\"https:\/\/bladnanews.com\/fr\/le-bayern-munich-fait-face-a-une-crise-alors-que-cinq-stars-manquent-le-choc-contre-le-psg\/\" \/>\n<meta property=\"og:site_name\" content=\"Bladna News\" \/>\n<meta property=\"article:published_time\" content=\"2026-04-27T10:59:56+00:00\" \/>\n<meta property=\"og:image\" content=\"https:\/\/bladnanews.com\/wp-content\/uploads\/2025\/12\/freepik__bladna-newscom-moroccan-soccer-homepage-banner-mor__41838.png\" \/>\n\t<meta property=\"og:image:width\" content=\"1312\" \/>\n\t<meta property=\"og:image:height\" content=\"736\" \/>\n\t<meta property=\"og:image:type\" content=\"image\/png\" \/>\n<meta name=\"author\" content=\"Bladna News Staff\" \/>\n<meta name=\"twitter:card\" content=\"summary_large_image\" \/>\n<meta name=\"twitter:label1\" content=\"\u00c9crit par\" \/>\n\t<meta name=\"twitter:data1\" content=\"Bladna News Staff\" \/>\n\t<meta name=\"twitter:label2\" content=\"Dur\u00e9e de lecture estim\u00e9e\" \/>\n\t<meta name=\"twitter:data2\" content=\"1 minute\" \/>\n<script type=\"application\/ld+json\" class=\"yoast-schema-graph\">{\"@context\":\"https:\\\/\\\/schema.org\",\"@graph\":[{\"@type\":\"Article\",\"@id\":\"https:\\\/\\\/bladnanews.com\\\/bayern-munich-face-crisis-as-five-stars-miss-psg-clash\\\/#article\",\"isPartOf\":{\"@id\":\"https:\\\/\\\/bladnanews.com\\\/bayern-munich-face-crisis-as-five-stars-miss-psg-clash\\\/\"},\"author\":{\"name\":\"Bladna News Staff\",\"@id\":\"https:\\\/\\\/mediumseagreen-eel-531711.hostingersite.com\\\/#\\\/schema\\\/person\\\/268e18a453ab080ebf76df6ef7845083\"},\"headline\":\"Bayern Munich face crisis as five stars miss PSG clash\",\"datePublished\":\"2026-04-27T10:59:56+00:00\",\"mainEntityOfPage\":{\"@id\":\"https:\\\/\\\/bladnanews.com\\\/bayern-munich-face-crisis-as-five-stars-miss-psg-clash\\\/\"},\"wordCount\":268,\"publisher\":{\"@id\":\"https:\\\/\\\/mediumseagreen-eel-531711.hostingersite.com\\\/#organization\"},\"image\":{\"@id\":\"https:\\\/\\\/bladnanews.com\\\/bayern-munich-face-crisis-as-five-stars-miss-psg-clash\\\/#primaryimage\"},\"thumbnailUrl\":\"https:\\\/\\\/bladnanews.com\\\/wp-content\\\/uploads\\\/2026\\\/04\\\/1600-1.jpg-1.jpg\",\"articleSection\":[\"International\",\"Latest News\"],\"inLanguage\":\"fr-FR\",\"copyrightYear\":\"2026\",\"copyrightHolder\":{\"@id\":\"https:\\\/\\\/bladnanews.com\\\/fr\\\/#organization\"}},{\"@type\":\"WebPage\",\"@id\":\"https:\\\/\\\/bladnanews.com\\\/bayern-munich-face-crisis-as-five-stars-miss-psg-clash\\\/\",\"url\":\"https:\\\/\\\/bladnanews.com\\\/bayern-munich-face-crisis-as-five-stars-miss-psg-clash\\\/\",\"name\":\"Bayern Munich face crisis as five stars miss PSG clash - Bladna News\",\"isPartOf\":{\"@id\":\"https:\\\/\\\/mediumseagreen-eel-531711.hostingersite.com\\\/#website\"},\"primaryImageOfPage\":{\"@id\":\"https:\\\/\\\/bladnanews.com\\\/bayern-munich-face-crisis-as-five-stars-miss-psg-clash\\\/#primaryimage\"},\"image\":{\"@id\":\"https:\\\/\\\/bladnanews.com\\\/bayern-munich-face-crisis-as-five-stars-miss-psg-clash\\\/#primaryimage\"},\"thumbnailUrl\":\"https:\\\/\\\/bladnanews.com\\\/wp-content\\\/uploads\\\/2026\\\/04\\\/1600-1.jpg-1.jpg\",\"datePublished\":\"2026-04-27T10:59:56+00:00\",\"breadcrumb\":{\"@id\":\"https:\\\/\\\/bladnanews.com\\\/bayern-munich-face-crisis-as-five-stars-miss-psg-clash\\\/#breadcrumb\"},\"inLanguage\":\"fr-FR\",\"potentialAction\":[{\"@type\":\"ReadAction\",\"target\":[\"https:\\\/\\\/bladnanews.com\\\/bayern-munich-face-crisis-as-five-stars-miss-psg-clash\\\/\"]}]},{\"@type\":\"ImageObject\",\"inLanguage\":\"fr-FR\",\"@id\":\"https:\\\/\\\/bladnanews.com\\\/bayern-munich-face-crisis-as-five-stars-miss-psg-clash\\\/#primaryimage\",\"url\":\"https:\\\/\\\/bladnanews.com\\\/wp-content\\\/uploads\\\/2026\\\/04\\\/1600-1.jpg-1.jpg\",\"contentUrl\":\"https:\\\/\\\/bladnanews.com\\\/wp-content\\\/uploads\\\/2026\\\/04\\\/1600-1.jpg-1.jpg\",\"width\":1600,\"height\":900,\"caption\":\"Bayern Munich face crisis as five stars miss PSG clash\"},{\"@type\":\"BreadcrumbList\",\"@id\":\"https:\\\/\\\/bladnanews.com\\\/bayern-munich-face-crisis-as-five-stars-miss-psg-clash\\\/#breadcrumb\",\"itemListElement\":[{\"@type\":\"ListItem\",\"position\":1,\"name\":\"Home\",\"item\":\"https:\\\/\\\/bladnanews.com\\\/\"},{\"@type\":\"ListItem\",\"position\":2,\"name\":\"Bayern Munich face crisis as five stars miss PSG clash\"}]},{\"@type\":\"WebSite\",\"@id\":\"https:\\\/\\\/mediumseagreen-eel-531711.hostingersite.com\\\/#website\",\"url\":\"https:\\\/\\\/mediumseagreen-eel-531711.hostingersite.com\\\/\",\"name\":\"Bladna News - Morocco\",\"description\":\"Where Moroccan Football Meets the World\",\"publisher\":{\"@id\":\"https:\\\/\\\/mediumseagreen-eel-531711.hostingersite.com\\\/#organization\"},\"potentialAction\":[{\"@type\":\"SearchAction\",\"target\":{\"@type\":\"EntryPoint\",\"urlTemplate\":\"https:\\\/\\\/mediumseagreen-eel-531711.hostingersite.com\\\/?s={search_term_string}\"},\"query-input\":{\"@type\":\"PropertyValueSpecification\",\"valueRequired\":true,\"valueName\":\"search_term_string\"}}],\"inLanguage\":\"fr-FR\"},{\"@type\":\"Organization\",\"@id\":\"https:\\\/\\\/mediumseagreen-eel-531711.hostingersite.com\\\/#organization\",\"name\":\"Bladna News.com\",\"url\":\"https:\\\/\\\/mediumseagreen-eel-531711.hostingersite.com\\\/\",\"logo\":{\"@type\":\"ImageObject\",\"inLanguage\":\"fr-FR\",\"@id\":\"https:\\\/\\\/mediumseagreen-eel-531711.hostingersite.com\\\/#\\\/schema\\\/logo\\\/image\\\/\",\"url\":\"https:\\\/\\\/bladnanews.com\\\/wp-content\\\/uploads\\\/2025\\\/12\\\/logo-bladnanews-V2-web-black-red.png\",\"contentUrl\":\"https:\\\/\\\/bladnanews.com\\\/wp-content\\\/uploads\\\/2025\\\/12\\\/logo-bladnanews-V2-web-black-red.png\",\"width\":703,\"height\":287,\"caption\":\"Bladna News.com\"},\"image\":{\"@id\":\"https:\\\/\\\/mediumseagreen-eel-531711.hostingersite.com\\\/#\\\/schema\\\/logo\\\/image\\\/\"},\"email\":\"info@bladnanews.com\",\"legalName\":\"Bladna News\"},{\"@type\":\"Person\",\"@id\":\"https:\\\/\\\/mediumseagreen-eel-531711.hostingersite.com\\\/#\\\/schema\\\/person\\\/268e18a453ab080ebf76df6ef7845083\",\"name\":\"Bladna News Staff\",\"url\":\"https:\\\/\\\/bladnanews.com\\\/fr\\\/author\\\/bladna-news-staff\\\/\"}]}<\/script>\n<!-- \/ Yoast SEO Premium plugin. -->","yoast_head_json":{"title":"Le Bayern Munich fait face \u00e0 une crise alors que cinq stars manquent le choc contre le PSG - Bladna News","robots":{"index":"index","follow":"follow","max-snippet":"max-snippet:-1","max-image-preview":"max-image-preview:large","max-video-preview":"max-video-preview:-1"},"canonical":"https:\/\/bladnanews.com\/fr\/le-bayern-munich-fait-face-a-une-crise-alors-que-cinq-stars-manquent-le-choc-contre-le-psg\/","og_locale":"fr_FR","og_type":"article","og_title":"Bayern Munich face crisis as five stars miss PSG clash","og_description":"Bayern Munich are heading into a major Champions League showdown with Paris Saint-Germain in serious trouble, as five key players [&hellip;]","og_url":"https:\/\/bladnanews.com\/fr\/le-bayern-munich-fait-face-a-une-crise-alors-que-cinq-stars-manquent-le-choc-contre-le-psg\/","og_site_name":"Bladna News","article_published_time":"2026-04-27T10:59:56+00:00","og_image":[{"width":1312,"height":736,"url":"https:\/\/bladnanews.com\/wp-content\/uploads\/2025\/12\/freepik__bladna-newscom-moroccan-soccer-homepage-banner-mor__41838.png","type":"image\/png"}],"author":"Bladna News Staff","twitter_card":"summary_large_image","twitter_misc":{"\u00c9crit par":"Bladna News Staff","Dur\u00e9e de lecture estim\u00e9e":"1 minute"},"schema":{"@context":"https:\/\/schema.org","@graph":[{"@type":"Article","@id":"https:\/\/bladnanews.com\/bayern-munich-face-crisis-as-five-stars-miss-psg-clash\/#article","isPartOf":{"@id":"https:\/\/bladnanews.com\/bayern-munich-face-crisis-as-five-stars-miss-psg-clash\/"},"author":{"name":"Bladna News Staff","@id":"https:\/\/mediumseagreen-eel-531711.hostingersite.com\/#\/schema\/person\/268e18a453ab080ebf76df6ef7845083"},"headline":"Bayern Munich face crisis as five stars miss PSG clash","datePublished":"2026-04-27T10:59:56+00:00","mainEntityOfPage":{"@id":"https:\/\/bladnanews.com\/bayern-munich-face-crisis-as-five-stars-miss-psg-clash\/"},"wordCount":268,"publisher":{"@id":"https:\/\/mediumseagreen-eel-531711.hostingersite.com\/#organization"},"image":{"@id":"https:\/\/bladnanews.com\/bayern-munich-face-crisis-as-five-stars-miss-psg-clash\/#primaryimage"},"thumbnailUrl":"https:\/\/bladnanews.com\/wp-content\/uploads\/2026\/04\/1600-1.jpg-1.jpg","articleSection":["International","Latest News"],"inLanguage":"fr-FR","copyrightYear":"2026","copyrightHolder":{"@id":"https:\/\/bladnanews.com\/fr\/#organization"}},{"@type":"WebPage","@id":"https:\/\/bladnanews.com\/bayern-munich-face-crisis-as-five-stars-miss-psg-clash\/","url":"https:\/\/bladnanews.com\/bayern-munich-face-crisis-as-five-stars-miss-psg-clash\/","name":"Le Bayern Munich fait face \u00e0 une crise alors que cinq stars manquent le choc contre le PSG - Bladna News","isPartOf":{"@id":"https:\/\/mediumseagreen-eel-531711.hostingersite.com\/#website"},"primaryImageOfPage":{"@id":"https:\/\/bladnanews.com\/bayern-munich-face-crisis-as-five-stars-miss-psg-clash\/#primaryimage"},"image":{"@id":"https:\/\/bladnanews.com\/bayern-munich-face-crisis-as-five-stars-miss-psg-clash\/#primaryimage"},"thumbnailUrl":"https:\/\/bladnanews.com\/wp-content\/uploads\/2026\/04\/1600-1.jpg-1.jpg","datePublished":"2026-04-27T10:59:56+00:00","breadcrumb":{"@id":"https:\/\/bladnanews.com\/bayern-munich-face-crisis-as-five-stars-miss-psg-clash\/#breadcrumb"},"inLanguage":"fr-FR","potentialAction":[{"@type":"ReadAction","target":["https:\/\/bladnanews.com\/bayern-munich-face-crisis-as-five-stars-miss-psg-clash\/"]}]},{"@type":"ImageObject","inLanguage":"fr-FR","@id":"https:\/\/bladnanews.com\/bayern-munich-face-crisis-as-five-stars-miss-psg-clash\/#primaryimage","url":"https:\/\/bladnanews.com\/wp-content\/uploads\/2026\/04\/1600-1.jpg-1.jpg","contentUrl":"https:\/\/bladnanews.com\/wp-content\/uploads\/2026\/04\/1600-1.jpg-1.jpg","width":1600,"height":900,"caption":"Bayern Munich face crisis as five stars miss PSG clash"},{"@type":"BreadcrumbList","@id":"https:\/\/bladnanews.com\/bayern-munich-face-crisis-as-five-stars-miss-psg-clash\/#breadcrumb","itemListElement":[{"@type":"ListItem","position":1,"name":"Home","item":"https:\/\/bladnanews.com\/"},{"@type":"ListItem","position":2,"name":"Bayern Munich face crisis as five stars miss PSG clash"}]},{"@type":"WebSite","@id":"https:\/\/mediumseagreen-eel-531711.hostingersite.com\/#website","url":"https:\/\/mediumseagreen-eel-531711.hostingersite.com\/","name":"Bladna News - Maroc","description":"Quand le football marocain rencontre le monde","publisher":{"@id":"https:\/\/mediumseagreen-eel-531711.hostingersite.com\/#organization"},"potentialAction":[{"@type":"SearchAction","target":{"@type":"EntryPoint","urlTemplate":"https:\/\/mediumseagreen-eel-531711.hostingersite.com\/?s={search_term_string}"},"query-input":{"@type":"PropertyValueSpecification","valueRequired":true,"valueName":"search_term_string"}}],"inLanguage":"fr-FR"},{"@type":"Organization","@id":"https:\/\/mediumseagreen-eel-531711.hostingersite.com\/#organization","name":"Bladna News.com","url":"https:\/\/mediumseagreen-eel-531711.hostingersite.com\/","logo":{"@type":"ImageObject","inLanguage":"fr-FR","@id":"https:\/\/mediumseagreen-eel-531711.hostingersite.com\/#\/schema\/logo\/image\/","url":"https:\/\/bladnanews.com\/wp-content\/uploads\/2025\/12\/logo-bladnanews-V2-web-black-red.png","contentUrl":"https:\/\/bladnanews.com\/wp-content\/uploads\/2025\/12\/logo-bladnanews-V2-web-black-red.png","width":703,"height":287,"caption":"Bladna News.com"},"image":{"@id":"https:\/\/mediumseagreen-eel-531711.hostingersite.com\/#\/schema\/logo\/image\/"},"email":"info@bladnanews.com","legalName":"Bladna News"},{"@type":"Person","@id":"https:\/\/mediumseagreen-eel-531711.hostingersite.com\/#\/schema\/person\/268e18a453ab080ebf76df6ef7845083","name":"\u00c9quipe r\u00e9dactionnelle de Bladna News","url":"https:\/\/bladnanews.com\/fr\/author\/bladna-news-staff\/"}]}},"_links":{"self":[{"href":"https:\/\/bladnanews.com\/fr\/wp-json\/wp\/v2\/posts\/10993","targetHints":{"allow":["GET"]}}],"collection":[{"href":"https:\/\/bladnanews.com\/fr\/wp-json\/wp\/v2\/posts"}],"about":[{"href":"https:\/\/bladnanews.com\/fr\/wp-json\/wp\/v2\/types\/post"}],"author":[{"embeddable":true,"href":"https:\/\/bladnanews.com\/fr\/wp-json\/wp\/v2\/users\/3"}],"replies":[{"embeddable":true,"href":"https:\/\/bladnanews.com\/fr\/wp-json\/wp\/v2\/comments?post=10993"}],"version-history":[{"count":0,"href":"https:\/\/bladnanews.com\/fr\/wp-json\/wp\/v2\/posts\/10993\/revisions"}],"wp:featuredmedia":[{"embeddable":true,"href":"https:\/\/bladnanews.com\/fr\/wp-json\/wp\/v2\/media\/10992"}],"wp:attachment":[{"href":"https:\/\/bladnanews.com\/fr\/wp-json\/wp\/v2\/media?parent=10993"}],"wp:term":[{"taxonomy":"category","embeddable":true,"href":"https:\/\/bladnanews.com\/fr\/wp-json\/wp\/v2\/categories?post=10993"},{"taxonomy":"post_tag","embeddable":true,"href":"https:\/\/bladnanews.com\/fr\/wp-json\/wp\/v2\/tags?post=10993"}],"curies":[{"name":"wp","href":"https:\/\/api.w.org\/{rel}","templated":true}]}}