{"id":10995,"date":"2026-04-27T11:05:42","date_gmt":"2026-04-27T11:05:42","guid":{"rendered":"https:\/\/bladnanews.com\/kvaratskhelia-steals-the-show-ahead-of-paris-vs-bayern-clash\/"},"modified":"2026-04-27T11:05:42","modified_gmt":"2026-04-27T11:05:42","slug":"kvaratskhelia-vole-la-vedette-avant-laffrontement-entre-paris-et-le-bayern","status":"publish","type":"post","link":"https:\/\/bladnanews.com\/fr\/kvaratskhelia-vole-la-vedette-avant-laffrontement-entre-paris-et-le-bayern\/","title":{"rendered":"Kvaratskhelia vole la vedette avant le choc Paris contre Bayern"},"content":{"rendered":"<p>Khvicha Kvaratskhelia a vol\u00e9 la vedette \u00e0 la veille de l\u2019affrontement tr\u00e8s attendu entre le Paris Saint-Germain et le Bayern Munich. L\u2019ailier g\u00e9orgien, arriv\u00e9 \u00e0 Paris lors du mercato hivernal de 2026, fait l\u2019objet de toutes les conversations avant cette rencontre br\u00fblante de Ligue des champions.<\/p>\n<p>Kvaratskhelia, 25 ans, a rejoint le club en provenance de Naples pour un montant annonc\u00e9 de 70 millions d\u2019euros, et s\u2019est rapidement adapt\u00e9 \u00e0 la vie dans la capitale fran\u00e7aise. Ses performances ces derni\u00e8res semaines ont \u00e9t\u00e9 salu\u00e9es par les supporters comme par les observateurs, son dribble, sa vision du jeu et sa capacit\u00e9 \u00e0 marquer faisant de lui un \u00e9l\u00e9ment cl\u00e9 du dispositif de Luis Enrique.<\/p>\n<p>Lors d\u2019une conf\u00e9rence de presse lundi, Kvaratskhelia a d\u00e9clar\u00e9 : \u201c Je suis tr\u00e8s heureux d\u2019\u00eatre ici. Paris est un grand club, et je veux aider l\u2019\u00e9quipe \u00e0 accomplir de grandes choses. Le match contre le Bayern sera difficile, mais nous sommes pr\u00eats. Nous avons un effectif solide, et nous donnerons tout pour gagner. \u201d<\/p>\n<p>Le match, pr\u00e9vu mardi 18 f\u00e9vrier 2026 au Parc des Princes, est crucial pour les deux \u00e9quipes. Paris occupe actuellement la deuxi\u00e8me place du Groupe A, \u00e0 \u00e9galit\u00e9 de points avec le Bayern, qui m\u00e8ne le groupe \u00e0 la diff\u00e9rence de buts. Une victoire de l\u2019un ou l\u2019autre camp les placerait en position de force pour se qualifier pour les phases \u00e0 \u00e9limination directe.<\/p>\n<p>Le Bayern, quant \u00e0 lui, est en grande forme sous la direction de son nouvel entra\u00eeneur Julian Nagelsmann, qui a pris ses fonctions \u00e0 l\u2019\u00e9t\u00e9 2025. Le club allemand a remport\u00e9 ses cinq derniers matches toutes comp\u00e9titions confondues, dont une \u00e9crasante victoire 3-0 contre le Borussia Dortmund en Bundesliga le week-end dernier.<\/p>\n<p>Nagelsmann s\u2019est toutefois empress\u00e9 de minimiser le battage m\u00e9diatique autour de Kvaratskhelia. \u201c C\u2019est un bon joueur, sans aucun doute, mais nous avons d\u00e9j\u00e0 affront\u00e9 de nombreux bons joueurs. Nous avons un plan pour l\u2019arr\u00eater. La cl\u00e9 est de rester compacts et de ne pas lui laisser d\u2019espace pour attaquer notre d\u00e9fense. \u201d<\/p>\n<p>Ce match promet d\u2019\u00eatre une rencontre palpitante, les deux \u00e9quipes disposant de talents de classe mondiale. C\u00f4t\u00e9 Paris, Kylian Mbapp\u00e9 et Ousmane Demb\u00e9l\u00e9 accompagneront Kvaratskhelia en attaque, tandis que le Bayern comptera sur Harry Kane et Jamal Musiala pour marquer les buts.<\/p>\n<p>Kvaratskhelia, qui a inscrit deux buts lors de ses trois derni\u00e8res apparitions avec Paris, devrait d\u00e9buter sur l\u2019aile gauche. Sa capacit\u00e9 \u00e0 rentrer \u00e0 l\u2019int\u00e9rieur et \u00e0 tirer du pied droit lui a valu des comparaisons avec Arjen Robben, et il cherchera \u00e0 produire un impact similaire mardi soir.<\/p>\n<p>\u201c Je n\u2019aime pas les comparaisons \u201d, a d\u00e9clar\u00e9 Kvaratskhelia avec un sourire. \u201c Je suis mon propre joueur. Je veux \u00e9crire ma propre histoire ici \u00e0 Paris. Les supporters sont formidables, et je veux leur rendre leur soutien par de bonnes performances. \u201d<\/p>\n<p>Le coup d\u2019envoi est pr\u00e9vu \u00e0 21h00, heure locale, et le match sera diffus\u00e9 en direct sur beIN Sports. Les deux \u00e9quipes ayant d\u00e9sesp\u00e9r\u00e9ment besoin d\u2019une victoire, tout est r\u00e9uni pour une soir\u00e9e m\u00e9morable de football europ\u00e9en.<\/p>","protected":false},"excerpt":{"rendered":"<p>Khvicha Kvaratskhelia has stolen the spotlight on the eve of the highly anticipated showdown between Paris Saint-Germain and Bayern Munich. [&hellip;]<\/p>\n","protected":false},"author":3,"featured_media":10994,"comment_status":"","ping_status":"open","sticky":false,"template":"","format":"standard","meta":{"googlesitekit_rrm_CAow_uzEDA:productID":"","site-sidebar-layout":"default","site-content-layout":"","ast-site-content-layout":"default","site-content-style":"default","site-sidebar-style":"default","ast-global-header-display":"","ast-banner-title-visibility":"","ast-main-header-display":"","ast-hfb-above-header-display":"","ast-hfb-below-header-display":"","ast-hfb-mobile-header-display":"","site-post-title":"","ast-breadcrumbs-content":"","ast-featured-img":"","footer-sml-layout":"","ast-disable-related-posts":"","theme-transparent-header-meta":"","adv-header-id-meta":"","stick-header-meta":"","header-above-stick-meta":"","header-main-stick-meta":"","header-below-stick-meta":"","astra-migrate-meta-layouts":"default","ast-page-background-enabled":"default","ast-page-background-meta":{"desktop":{"background-color":"var(--ast-global-color-5)","background-image":"","background-repeat":"repeat","background-position":"center center","background-size":"auto","background-attachment":"scroll","background-type":"","background-media":"","overlay-type":"","overlay-color":"","overlay-opacity":"","overlay-gradient":""},"tablet":{"background-color":"","background-image":"","background-repeat":"repeat","background-position":"center center","background-size":"auto","background-attachment":"scroll","background-type":"","background-media":"","overlay-type":"","overlay-color":"","overlay-opacity":"","overlay-gradient":""},"mobile":{"background-color":"","background-image":"","background-repeat":"repeat","background-position":"center center","background-size":"auto","background-attachment":"scroll","background-type":"","background-media":"","overlay-type":"","overlay-color":"","overlay-opacity":"","overlay-gradient":""}},"ast-content-background-meta":{"desktop":{"background-color":"var(--ast-global-color-4)","background-image":"","background-repeat":"repeat","background-position":"center center","background-size":"auto","background-attachment":"scroll","background-type":"","background-media":"","overlay-type":"","overlay-color":"","overlay-opacity":"","overlay-gradient":""},"tablet":{"background-color":"var(--ast-global-color-4)","background-image":"","background-repeat":"repeat","background-position":"center center","background-size":"auto","background-attachment":"scroll","background-type":"","background-media":"","overlay-type":"","overlay-color":"","overlay-opacity":"","overlay-gradient":""},"mobile":{"background-color":"var(--ast-global-color-4)","background-image":"","background-repeat":"repeat","background-position":"center center","background-size":"auto","background-attachment":"scroll","background-type":"","background-media":"","overlay-type":"","overlay-color":"","overlay-opacity":"","overlay-gradient":""}},"footnotes":""},"categories":[20,1],"tags":[],"class_list":["post-10995","post","type-post","status-publish","format-standard","has-post-thumbnail","hentry","category-international","category-football-latest-news"],"yoast_head":"<!-- This site is optimized with the Yoast SEO Premium plugin v26.6 (Yoast SEO v27.4) - https:\/\/yoast.com\/product\/yoast-seo-premium-wordpress\/ -->\n<title>Kvaratskhelia steals the show ahead of Paris vs Bayern clash - Bladna News<\/title>\n<meta name=\"robots\" content=\"index, follow, max-snippet:-1, max-image-preview:large, max-video-preview:-1\" \/>\n<link rel=\"canonical\" href=\"https:\/\/bladnanews.com\/fr\/kvaratskhelia-vole-la-vedette-avant-laffrontement-entre-paris-et-le-bayern\/\" \/>\n<meta property=\"og:locale\" content=\"fr_FR\" \/>\n<meta property=\"og:type\" content=\"article\" \/>\n<meta property=\"og:title\" content=\"Kvaratskhelia steals the show ahead of Paris vs Bayern clash\" \/>\n<meta property=\"og:description\" content=\"Khvicha Kvaratskhelia has stolen the spotlight on the eve of the highly anticipated showdown between Paris Saint-Germain and Bayern Munich. [&hellip;]\" \/>\n<meta property=\"og:url\" content=\"https:\/\/bladnanews.com\/fr\/kvaratskhelia-vole-la-vedette-avant-laffrontement-entre-paris-et-le-bayern\/\" \/>\n<meta property=\"og:site_name\" content=\"Bladna News\" \/>\n<meta property=\"article:published_time\" content=\"2026-04-27T11:05:42+00:00\" \/>\n<meta property=\"og:image\" content=\"https:\/\/bladnanews.com\/wp-content\/uploads\/2025\/12\/freepik__bladna-newscom-moroccan-soccer-homepage-banner-mor__41838.png\" \/>\n\t<meta property=\"og:image:width\" content=\"1312\" \/>\n\t<meta property=\"og:image:height\" content=\"736\" \/>\n\t<meta property=\"og:image:type\" content=\"image\/png\" \/>\n<meta name=\"author\" content=\"Bladna News Staff\" \/>\n<meta name=\"twitter:card\" content=\"summary_large_image\" \/>\n<meta name=\"twitter:label1\" content=\"\u00c9crit par\" \/>\n\t<meta name=\"twitter:data1\" content=\"Bladna News Staff\" \/>\n\t<meta name=\"twitter:label2\" content=\"Dur\u00e9e de lecture estim\u00e9e\" \/>\n\t<meta name=\"twitter:data2\" content=\"2 minutes\" \/>\n<script type=\"application\/ld+json\" class=\"yoast-schema-graph\">{\"@context\":\"https:\\\/\\\/schema.org\",\"@graph\":[{\"@type\":\"Article\",\"@id\":\"https:\\\/\\\/bladnanews.com\\\/kvaratskhelia-steals-the-show-ahead-of-paris-vs-bayern-clash\\\/#article\",\"isPartOf\":{\"@id\":\"https:\\\/\\\/bladnanews.com\\\/kvaratskhelia-steals-the-show-ahead-of-paris-vs-bayern-clash\\\/\"},\"author\":{\"name\":\"Bladna News Staff\",\"@id\":\"https:\\\/\\\/mediumseagreen-eel-531711.hostingersite.com\\\/#\\\/schema\\\/person\\\/268e18a453ab080ebf76df6ef7845083\"},\"headline\":\"Kvaratskhelia steals the show ahead of Paris vs Bayern clash\",\"datePublished\":\"2026-04-27T11:05:42+00:00\",\"mainEntityOfPage\":{\"@id\":\"https:\\\/\\\/bladnanews.com\\\/kvaratskhelia-steals-the-show-ahead-of-paris-vs-bayern-clash\\\/\"},\"wordCount\":471,\"publisher\":{\"@id\":\"https:\\\/\\\/mediumseagreen-eel-531711.hostingersite.com\\\/#organization\"},\"image\":{\"@id\":\"https:\\\/\\\/bladnanews.com\\\/kvaratskhelia-steals-the-show-ahead-of-paris-vs-bayern-clash\\\/#primaryimage\"},\"thumbnailUrl\":\"https:\\\/\\\/bladnanews.com\\\/wp-content\\\/uploads\\\/2026\\\/04\\\/GettyImages-2269832666.jpg-scaled.jpg\",\"articleSection\":[\"International\",\"Latest News\"],\"inLanguage\":\"fr-FR\",\"copyrightYear\":\"2026\",\"copyrightHolder\":{\"@id\":\"https:\\\/\\\/bladnanews.com\\\/fr\\\/#organization\"}},{\"@type\":\"WebPage\",\"@id\":\"https:\\\/\\\/bladnanews.com\\\/kvaratskhelia-steals-the-show-ahead-of-paris-vs-bayern-clash\\\/\",\"url\":\"https:\\\/\\\/bladnanews.com\\\/kvaratskhelia-steals-the-show-ahead-of-paris-vs-bayern-clash\\\/\",\"name\":\"Kvaratskhelia steals the show ahead of Paris vs Bayern clash - Bladna News\",\"isPartOf\":{\"@id\":\"https:\\\/\\\/mediumseagreen-eel-531711.hostingersite.com\\\/#website\"},\"primaryImageOfPage\":{\"@id\":\"https:\\\/\\\/bladnanews.com\\\/kvaratskhelia-steals-the-show-ahead-of-paris-vs-bayern-clash\\\/#primaryimage\"},\"image\":{\"@id\":\"https:\\\/\\\/bladnanews.com\\\/kvaratskhelia-steals-the-show-ahead-of-paris-vs-bayern-clash\\\/#primaryimage\"},\"thumbnailUrl\":\"https:\\\/\\\/bladnanews.com\\\/wp-content\\\/uploads\\\/2026\\\/04\\\/GettyImages-2269832666.jpg-scaled.jpg\",\"datePublished\":\"2026-04-27T11:05:42+00:00\",\"breadcrumb\":{\"@id\":\"https:\\\/\\\/bladnanews.com\\\/kvaratskhelia-steals-the-show-ahead-of-paris-vs-bayern-clash\\\/#breadcrumb\"},\"inLanguage\":\"fr-FR\",\"potentialAction\":[{\"@type\":\"ReadAction\",\"target\":[\"https:\\\/\\\/bladnanews.com\\\/kvaratskhelia-steals-the-show-ahead-of-paris-vs-bayern-clash\\\/\"]}]},{\"@type\":\"ImageObject\",\"inLanguage\":\"fr-FR\",\"@id\":\"https:\\\/\\\/bladnanews.com\\\/kvaratskhelia-steals-the-show-ahead-of-paris-vs-bayern-clash\\\/#primaryimage\",\"url\":\"https:\\\/\\\/bladnanews.com\\\/wp-content\\\/uploads\\\/2026\\\/04\\\/GettyImages-2269832666.jpg-scaled.jpg\",\"contentUrl\":\"https:\\\/\\\/bladnanews.com\\\/wp-content\\\/uploads\\\/2026\\\/04\\\/GettyImages-2269832666.jpg-scaled.jpg\",\"width\":2560,\"height\":1440,\"caption\":\"Kvaratskhelia steals the show ahead of Paris vs Bayern clash\"},{\"@type\":\"BreadcrumbList\",\"@id\":\"https:\\\/\\\/bladnanews.com\\\/kvaratskhelia-steals-the-show-ahead-of-paris-vs-bayern-clash\\\/#breadcrumb\",\"itemListElement\":[{\"@type\":\"ListItem\",\"position\":1,\"name\":\"Home\",\"item\":\"https:\\\/\\\/bladnanews.com\\\/\"},{\"@type\":\"ListItem\",\"position\":2,\"name\":\"Kvaratskhelia steals the show ahead of Paris vs Bayern clash\"}]},{\"@type\":\"WebSite\",\"@id\":\"https:\\\/\\\/mediumseagreen-eel-531711.hostingersite.com\\\/#website\",\"url\":\"https:\\\/\\\/mediumseagreen-eel-531711.hostingersite.com\\\/\",\"name\":\"Bladna News - Morocco\",\"description\":\"Where Moroccan Football Meets the World\",\"publisher\":{\"@id\":\"https:\\\/\\\/mediumseagreen-eel-531711.hostingersite.com\\\/#organization\"},\"potentialAction\":[{\"@type\":\"SearchAction\",\"target\":{\"@type\":\"EntryPoint\",\"urlTemplate\":\"https:\\\/\\\/mediumseagreen-eel-531711.hostingersite.com\\\/?s={search_term_string}\"},\"query-input\":{\"@type\":\"PropertyValueSpecification\",\"valueRequired\":true,\"valueName\":\"search_term_string\"}}],\"inLanguage\":\"fr-FR\"},{\"@type\":\"Organization\",\"@id\":\"https:\\\/\\\/mediumseagreen-eel-531711.hostingersite.com\\\/#organization\",\"name\":\"Bladna News.com\",\"url\":\"https:\\\/\\\/mediumseagreen-eel-531711.hostingersite.com\\\/\",\"logo\":{\"@type\":\"ImageObject\",\"inLanguage\":\"fr-FR\",\"@id\":\"https:\\\/\\\/mediumseagreen-eel-531711.hostingersite.com\\\/#\\\/schema\\\/logo\\\/image\\\/\",\"url\":\"https:\\\/\\\/bladnanews.com\\\/wp-content\\\/uploads\\\/2025\\\/12\\\/logo-bladnanews-V2-web-black-red.png\",\"contentUrl\":\"https:\\\/\\\/bladnanews.com\\\/wp-content\\\/uploads\\\/2025\\\/12\\\/logo-bladnanews-V2-web-black-red.png\",\"width\":703,\"height\":287,\"caption\":\"Bladna News.com\"},\"image\":{\"@id\":\"https:\\\/\\\/mediumseagreen-eel-531711.hostingersite.com\\\/#\\\/schema\\\/logo\\\/image\\\/\"},\"email\":\"info@bladnanews.com\",\"legalName\":\"Bladna News\"},{\"@type\":\"Person\",\"@id\":\"https:\\\/\\\/mediumseagreen-eel-531711.hostingersite.com\\\/#\\\/schema\\\/person\\\/268e18a453ab080ebf76df6ef7845083\",\"name\":\"Bladna News Staff\",\"url\":\"https:\\\/\\\/bladnanews.com\\\/fr\\\/author\\\/bladna-news-staff\\\/\"}]}<\/script>\n<!-- \/ Yoast SEO Premium plugin. -->","yoast_head_json":{"title":"Kvaratskhelia vole la vedette avant l'affrontement Paris contre Bayern - Bladna News","robots":{"index":"index","follow":"follow","max-snippet":"max-snippet:-1","max-image-preview":"max-image-preview:large","max-video-preview":"max-video-preview:-1"},"canonical":"https:\/\/bladnanews.com\/fr\/kvaratskhelia-vole-la-vedette-avant-laffrontement-entre-paris-et-le-bayern\/","og_locale":"fr_FR","og_type":"article","og_title":"Kvaratskhelia steals the show ahead of Paris vs Bayern clash","og_description":"Khvicha Kvaratskhelia has stolen the spotlight on the eve of the highly anticipated showdown between Paris Saint-Germain and Bayern Munich. [&hellip;]","og_url":"https:\/\/bladnanews.com\/fr\/kvaratskhelia-vole-la-vedette-avant-laffrontement-entre-paris-et-le-bayern\/","og_site_name":"Bladna News","article_published_time":"2026-04-27T11:05:42+00:00","og_image":[{"width":1312,"height":736,"url":"https:\/\/bladnanews.com\/wp-content\/uploads\/2025\/12\/freepik__bladna-newscom-moroccan-soccer-homepage-banner-mor__41838.png","type":"image\/png"}],"author":"Bladna News Staff","twitter_card":"summary_large_image","twitter_misc":{"\u00c9crit par":"Bladna News Staff","Dur\u00e9e de lecture estim\u00e9e":"2 minutes"},"schema":{"@context":"https:\/\/schema.org","@graph":[{"@type":"Article","@id":"https:\/\/bladnanews.com\/kvaratskhelia-steals-the-show-ahead-of-paris-vs-bayern-clash\/#article","isPartOf":{"@id":"https:\/\/bladnanews.com\/kvaratskhelia-steals-the-show-ahead-of-paris-vs-bayern-clash\/"},"author":{"name":"Bladna News Staff","@id":"https:\/\/mediumseagreen-eel-531711.hostingersite.com\/#\/schema\/person\/268e18a453ab080ebf76df6ef7845083"},"headline":"Kvaratskhelia steals the show ahead of Paris vs Bayern clash","datePublished":"2026-04-27T11:05:42+00:00","mainEntityOfPage":{"@id":"https:\/\/bladnanews.com\/kvaratskhelia-steals-the-show-ahead-of-paris-vs-bayern-clash\/"},"wordCount":471,"publisher":{"@id":"https:\/\/mediumseagreen-eel-531711.hostingersite.com\/#organization"},"image":{"@id":"https:\/\/bladnanews.com\/kvaratskhelia-steals-the-show-ahead-of-paris-vs-bayern-clash\/#primaryimage"},"thumbnailUrl":"https:\/\/bladnanews.com\/wp-content\/uploads\/2026\/04\/GettyImages-2269832666.jpg-scaled.jpg","articleSection":["International","Latest News"],"inLanguage":"fr-FR","copyrightYear":"2026","copyrightHolder":{"@id":"https:\/\/bladnanews.com\/fr\/#organization"}},{"@type":"WebPage","@id":"https:\/\/bladnanews.com\/kvaratskhelia-steals-the-show-ahead-of-paris-vs-bayern-clash\/","url":"https:\/\/bladnanews.com\/kvaratskhelia-steals-the-show-ahead-of-paris-vs-bayern-clash\/","name":"Kvaratskhelia vole la vedette avant l'affrontement Paris contre Bayern - Bladna News","isPartOf":{"@id":"https:\/\/mediumseagreen-eel-531711.hostingersite.com\/#website"},"primaryImageOfPage":{"@id":"https:\/\/bladnanews.com\/kvaratskhelia-steals-the-show-ahead-of-paris-vs-bayern-clash\/#primaryimage"},"image":{"@id":"https:\/\/bladnanews.com\/kvaratskhelia-steals-the-show-ahead-of-paris-vs-bayern-clash\/#primaryimage"},"thumbnailUrl":"https:\/\/bladnanews.com\/wp-content\/uploads\/2026\/04\/GettyImages-2269832666.jpg-scaled.jpg","datePublished":"2026-04-27T11:05:42+00:00","breadcrumb":{"@id":"https:\/\/bladnanews.com\/kvaratskhelia-steals-the-show-ahead-of-paris-vs-bayern-clash\/#breadcrumb"},"inLanguage":"fr-FR","potentialAction":[{"@type":"ReadAction","target":["https:\/\/bladnanews.com\/kvaratskhelia-steals-the-show-ahead-of-paris-vs-bayern-clash\/"]}]},{"@type":"ImageObject","inLanguage":"fr-FR","@id":"https:\/\/bladnanews.com\/kvaratskhelia-steals-the-show-ahead-of-paris-vs-bayern-clash\/#primaryimage","url":"https:\/\/bladnanews.com\/wp-content\/uploads\/2026\/04\/GettyImages-2269832666.jpg-scaled.jpg","contentUrl":"https:\/\/bladnanews.com\/wp-content\/uploads\/2026\/04\/GettyImages-2269832666.jpg-scaled.jpg","width":2560,"height":1440,"caption":"Kvaratskhelia steals the show ahead of Paris vs Bayern clash"},{"@type":"BreadcrumbList","@id":"https:\/\/bladnanews.com\/kvaratskhelia-steals-the-show-ahead-of-paris-vs-bayern-clash\/#breadcrumb","itemListElement":[{"@type":"ListItem","position":1,"name":"Home","item":"https:\/\/bladnanews.com\/"},{"@type":"ListItem","position":2,"name":"Kvaratskhelia steals the show ahead of Paris vs Bayern clash"}]},{"@type":"WebSite","@id":"https:\/\/mediumseagreen-eel-531711.hostingersite.com\/#website","url":"https:\/\/mediumseagreen-eel-531711.hostingersite.com\/","name":"Bladna News - Maroc","description":"Quand le football marocain rencontre le monde","publisher":{"@id":"https:\/\/mediumseagreen-eel-531711.hostingersite.com\/#organization"},"potentialAction":[{"@type":"SearchAction","target":{"@type":"EntryPoint","urlTemplate":"https:\/\/mediumseagreen-eel-531711.hostingersite.com\/?s={search_term_string}"},"query-input":{"@type":"PropertyValueSpecification","valueRequired":true,"valueName":"search_term_string"}}],"inLanguage":"fr-FR"},{"@type":"Organization","@id":"https:\/\/mediumseagreen-eel-531711.hostingersite.com\/#organization","name":"Bladna News.com","url":"https:\/\/mediumseagreen-eel-531711.hostingersite.com\/","logo":{"@type":"ImageObject","inLanguage":"fr-FR","@id":"https:\/\/mediumseagreen-eel-531711.hostingersite.com\/#\/schema\/logo\/image\/","url":"https:\/\/bladnanews.com\/wp-content\/uploads\/2025\/12\/logo-bladnanews-V2-web-black-red.png","contentUrl":"https:\/\/bladnanews.com\/wp-content\/uploads\/2025\/12\/logo-bladnanews-V2-web-black-red.png","width":703,"height":287,"caption":"Bladna News.com"},"image":{"@id":"https:\/\/mediumseagreen-eel-531711.hostingersite.com\/#\/schema\/logo\/image\/"},"email":"info@bladnanews.com","legalName":"Bladna News"},{"@type":"Person","@id":"https:\/\/mediumseagreen-eel-531711.hostingersite.com\/#\/schema\/person\/268e18a453ab080ebf76df6ef7845083","name":"\u00c9quipe r\u00e9dactionnelle de Bladna News","url":"https:\/\/bladnanews.com\/fr\/author\/bladna-news-staff\/"}]}},"_links":{"self":[{"href":"https:\/\/bladnanews.com\/fr\/wp-json\/wp\/v2\/posts\/10995","targetHints":{"allow":["GET"]}}],"collection":[{"href":"https:\/\/bladnanews.com\/fr\/wp-json\/wp\/v2\/posts"}],"about":[{"href":"https:\/\/bladnanews.com\/fr\/wp-json\/wp\/v2\/types\/post"}],"author":[{"embeddable":true,"href":"https:\/\/bladnanews.com\/fr\/wp-json\/wp\/v2\/users\/3"}],"replies":[{"embeddable":true,"href":"https:\/\/bladnanews.com\/fr\/wp-json\/wp\/v2\/comments?post=10995"}],"version-history":[{"count":0,"href":"https:\/\/bladnanews.com\/fr\/wp-json\/wp\/v2\/posts\/10995\/revisions"}],"wp:featuredmedia":[{"embeddable":true,"href":"https:\/\/bladnanews.com\/fr\/wp-json\/wp\/v2\/media\/10994"}],"wp:attachment":[{"href":"https:\/\/bladnanews.com\/fr\/wp-json\/wp\/v2\/media?parent=10995"}],"wp:term":[{"taxonomy":"category","embeddable":true,"href":"https:\/\/bladnanews.com\/fr\/wp-json\/wp\/v2\/categories?post=10995"},{"taxonomy":"post_tag","embeddable":true,"href":"https:\/\/bladnanews.com\/fr\/wp-json\/wp\/v2\/tags?post=10995"}],"curies":[{"name":"wp","href":"https:\/\/api.w.org\/{rel}","templated":true}]}}