{"id":11005,"date":"2026-04-27T14:18:35","date_gmt":"2026-04-27T14:18:35","guid":{"rendered":"https:\/\/bladnanews.com\/laporta-takes-on-flicks-tough-request-as-barca-face-atletico\/"},"modified":"2026-04-27T14:18:35","modified_gmt":"2026-04-27T14:18:35","slug":"laporta-releve-le-defi-difficile-de-flick-alors-que-le-barca-affronte-latletico","status":"publish","type":"post","link":"https:\/\/bladnanews.com\/fr\/laporta-releve-le-defi-difficile-de-flick-alors-que-le-barca-affronte-latletico\/","title":{"rendered":"Laporta rel\u00e8ve l'exigeante requ\u00eate de Flick alors que le Bar\u00e7a affronte l'Atl\u00e9tico"},"content":{"rendered":"<p>Le pr\u00e9sident du FC Barcelone, Joan Laporta, a entrepris la t\u00e2che difficile demand\u00e9e par Hansi Flick alors que le club se pr\u00e9pare pour un choc crucial contre l'Atl\u00e9tico Madrid.<\/p>\n<p>La tension monte avant ce qui s'annonce comme une rencontre d\u00e9cisive. Flick a clairement indiqu\u00e9 qu'il souhaitait que l'effectif soit totalement concentr\u00e9, et Laporta est intervenu pour s'en assurer.<\/p>\n<p>L'entra\u00eeneur allemand a exig\u00e9 une concentration totale de la part de ses joueurs, et le pr\u00e9sident supervise d\u00e9sormais personnellement la mise en \u0153uvre de cette demande. Des sources proches du vestiaire confirment que Laporta a \u00e9t\u00e9 en contact direct avec des figures cl\u00e9s du club pour garantir que les exigences de Flick soient satisfaites.<\/p>\n<p>Le FC Barcelone affronte l'Atl\u00e9tico Madrid dans un match qui pourrait fa\u00e7onner le reste de leur saison. Les deux \u00e9quipes luttent pour les premi\u00e8res places, et chaque point compte \u00e0 ce stade de la campagne.<\/p>\n<p>La demande de Flick n'\u00e9tait pas facile. Il souhaitait que l'effectif bloque tout bruit ext\u00e9rieur et se concentre uniquement sur le match. Laporta, conscient de l'importance de la rencontre, a pris en charge la transmission de ce message.<\/p>\n<p>Le pr\u00e9sident a tenu des r\u00e9unions avec l'encadrement technique et les joueurs seniors. Il a \u00e9galement veill\u00e9 \u00e0 ce que l'environnement du club reste calme et favorable avant le match.<\/p>\n<p>L'Atl\u00e9tico Madrid est r\u00e9put\u00e9 pour son approche physique et tactique. Le FC Barcelone devra \u00eatre \u00e0 son meilleur niveau pour vaincre l'\u00e9quipe de Diego Simeone. Flick a travaill\u00e9 sur des strat\u00e9gies sp\u00e9cifiques pour briser la d\u00e9fense de l'Atl\u00e9tico, mais l'ex\u00e9cution sur le terrain sera cruciale.<\/p>\n<p>L'implication de Laporta montre \u00e0 quel point ce match compte pour le club. Le pr\u00e9sident n'est g\u00e9n\u00e9ralement pas aussi impliqu\u00e9 dans la pr\u00e9paration des matchs, mais les enjeux sont \u00e9lev\u00e9s.<\/p>\n<p>Les supporters du FC Barcelone observeront attentivement. L'\u00e9quipe a montr\u00e9 des progr\u00e8s sous la direction de Flick, mais c'est le genre de test qui d\u00e9finit une saison. Avec le soutien de Laporta \u00e0 l'exigeante demande de l'entra\u00eeneur, le message est clair : rien de moins qu'un engagement total ne sera accept\u00e9.<\/p>","protected":false},"excerpt":{"rendered":"<p>Barcelona president Joan Laporta has taken on the difficult task requested by Hansi Flick as the club prepares for a [&hellip;]<\/p>\n","protected":false},"author":3,"featured_media":11004,"comment_status":"","ping_status":"open","sticky":false,"template":"","format":"standard","meta":{"googlesitekit_rrm_CAow_uzEDA:productID":"","site-sidebar-layout":"default","site-content-layout":"","ast-site-content-layout":"default","site-content-style":"default","site-sidebar-style":"default","ast-global-header-display":"","ast-banner-title-visibility":"","ast-main-header-display":"","ast-hfb-above-header-display":"","ast-hfb-below-header-display":"","ast-hfb-mobile-header-display":"","site-post-title":"","ast-breadcrumbs-content":"","ast-featured-img":"","footer-sml-layout":"","ast-disable-related-posts":"","theme-transparent-header-meta":"","adv-header-id-meta":"","stick-header-meta":"","header-above-stick-meta":"","header-main-stick-meta":"","header-below-stick-meta":"","astra-migrate-meta-layouts":"default","ast-page-background-enabled":"default","ast-page-background-meta":{"desktop":{"background-color":"var(--ast-global-color-5)","background-image":"","background-repeat":"repeat","background-position":"center center","background-size":"auto","background-attachment":"scroll","background-type":"","background-media":"","overlay-type":"","overlay-color":"","overlay-opacity":"","overlay-gradient":""},"tablet":{"background-color":"","background-image":"","background-repeat":"repeat","background-position":"center center","background-size":"auto","background-attachment":"scroll","background-type":"","background-media":"","overlay-type":"","overlay-color":"","overlay-opacity":"","overlay-gradient":""},"mobile":{"background-color":"","background-image":"","background-repeat":"repeat","background-position":"center center","background-size":"auto","background-attachment":"scroll","background-type":"","background-media":"","overlay-type":"","overlay-color":"","overlay-opacity":"","overlay-gradient":""}},"ast-content-background-meta":{"desktop":{"background-color":"var(--ast-global-color-4)","background-image":"","background-repeat":"repeat","background-position":"center center","background-size":"auto","background-attachment":"scroll","background-type":"","background-media":"","overlay-type":"","overlay-color":"","overlay-opacity":"","overlay-gradient":""},"tablet":{"background-color":"var(--ast-global-color-4)","background-image":"","background-repeat":"repeat","background-position":"center center","background-size":"auto","background-attachment":"scroll","background-type":"","background-media":"","overlay-type":"","overlay-color":"","overlay-opacity":"","overlay-gradient":""},"mobile":{"background-color":"var(--ast-global-color-4)","background-image":"","background-repeat":"repeat","background-position":"center center","background-size":"auto","background-attachment":"scroll","background-type":"","background-media":"","overlay-type":"","overlay-color":"","overlay-opacity":"","overlay-gradient":""}},"footnotes":""},"categories":[20,1],"tags":[],"class_list":["post-11005","post","type-post","status-publish","format-standard","has-post-thumbnail","hentry","category-international","category-football-latest-news"],"yoast_head":"<!-- This site is optimized with the Yoast SEO Premium plugin v26.6 (Yoast SEO v27.4) - https:\/\/yoast.com\/product\/yoast-seo-premium-wordpress\/ -->\n<title>Laporta takes on Flick&#039;s tough request as Barca face Atletico - Bladna News<\/title>\n<meta name=\"robots\" content=\"index, follow, max-snippet:-1, max-image-preview:large, max-video-preview:-1\" \/>\n<link rel=\"canonical\" href=\"https:\/\/bladnanews.com\/fr\/laporta-releve-le-defi-difficile-de-flick-alors-que-le-barca-affronte-latletico\/\" \/>\n<meta property=\"og:locale\" content=\"fr_FR\" \/>\n<meta property=\"og:type\" content=\"article\" \/>\n<meta property=\"og:title\" content=\"Laporta takes on Flick&#039;s tough request as Barca face Atletico\" \/>\n<meta property=\"og:description\" content=\"Barcelona president Joan Laporta has taken on the difficult task requested by Hansi Flick as the club prepares for a [&hellip;]\" \/>\n<meta property=\"og:url\" content=\"https:\/\/bladnanews.com\/fr\/laporta-releve-le-defi-difficile-de-flick-alors-que-le-barca-affronte-latletico\/\" \/>\n<meta property=\"og:site_name\" content=\"Bladna News\" \/>\n<meta property=\"article:published_time\" content=\"2026-04-27T14:18:35+00:00\" \/>\n<meta property=\"og:image\" content=\"https:\/\/bladnanews.com\/wp-content\/uploads\/2025\/12\/freepik__bladna-newscom-moroccan-soccer-homepage-banner-mor__41838.png\" \/>\n\t<meta property=\"og:image:width\" content=\"1312\" \/>\n\t<meta property=\"og:image:height\" content=\"736\" \/>\n\t<meta property=\"og:image:type\" content=\"image\/png\" \/>\n<meta name=\"author\" content=\"Bladna News Staff\" \/>\n<meta name=\"twitter:card\" content=\"summary_large_image\" \/>\n<meta name=\"twitter:label1\" content=\"\u00c9crit par\" \/>\n\t<meta name=\"twitter:data1\" content=\"Bladna News Staff\" \/>\n\t<meta name=\"twitter:label2\" content=\"Dur\u00e9e de lecture estim\u00e9e\" \/>\n\t<meta name=\"twitter:data2\" content=\"2 minutes\" \/>\n<script type=\"application\/ld+json\" class=\"yoast-schema-graph\">{\"@context\":\"https:\\\/\\\/schema.org\",\"@graph\":[{\"@type\":\"Article\",\"@id\":\"https:\\\/\\\/bladnanews.com\\\/laporta-takes-on-flicks-tough-request-as-barca-face-atletico\\\/#article\",\"isPartOf\":{\"@id\":\"https:\\\/\\\/bladnanews.com\\\/laporta-takes-on-flicks-tough-request-as-barca-face-atletico\\\/\"},\"author\":{\"name\":\"Bladna News Staff\",\"@id\":\"https:\\\/\\\/mediumseagreen-eel-531711.hostingersite.com\\\/#\\\/schema\\\/person\\\/268e18a453ab080ebf76df6ef7845083\"},\"headline\":\"Laporta takes on Flick&#8217;s tough request as Barca face Atletico\",\"datePublished\":\"2026-04-27T14:18:35+00:00\",\"mainEntityOfPage\":{\"@id\":\"https:\\\/\\\/bladnanews.com\\\/laporta-takes-on-flicks-tough-request-as-barca-face-atletico\\\/\"},\"wordCount\":333,\"publisher\":{\"@id\":\"https:\\\/\\\/mediumseagreen-eel-531711.hostingersite.com\\\/#organization\"},\"image\":{\"@id\":\"https:\\\/\\\/bladnanews.com\\\/laporta-takes-on-flicks-tough-request-as-barca-face-atletico\\\/#primaryimage\"},\"thumbnailUrl\":\"https:\\\/\\\/bladnanews.com\\\/wp-content\\\/uploads\\\/2026\\\/04\\\/GettyImages-2163593743.jpg-scaled.jpg\",\"articleSection\":[\"International\",\"Latest News\"],\"inLanguage\":\"fr-FR\",\"copyrightYear\":\"2026\",\"copyrightHolder\":{\"@id\":\"https:\\\/\\\/bladnanews.com\\\/fr\\\/#organization\"}},{\"@type\":\"WebPage\",\"@id\":\"https:\\\/\\\/bladnanews.com\\\/laporta-takes-on-flicks-tough-request-as-barca-face-atletico\\\/\",\"url\":\"https:\\\/\\\/bladnanews.com\\\/laporta-takes-on-flicks-tough-request-as-barca-face-atletico\\\/\",\"name\":\"Laporta takes on Flick's tough request as Barca face Atletico - Bladna News\",\"isPartOf\":{\"@id\":\"https:\\\/\\\/mediumseagreen-eel-531711.hostingersite.com\\\/#website\"},\"primaryImageOfPage\":{\"@id\":\"https:\\\/\\\/bladnanews.com\\\/laporta-takes-on-flicks-tough-request-as-barca-face-atletico\\\/#primaryimage\"},\"image\":{\"@id\":\"https:\\\/\\\/bladnanews.com\\\/laporta-takes-on-flicks-tough-request-as-barca-face-atletico\\\/#primaryimage\"},\"thumbnailUrl\":\"https:\\\/\\\/bladnanews.com\\\/wp-content\\\/uploads\\\/2026\\\/04\\\/GettyImages-2163593743.jpg-scaled.jpg\",\"datePublished\":\"2026-04-27T14:18:35+00:00\",\"breadcrumb\":{\"@id\":\"https:\\\/\\\/bladnanews.com\\\/laporta-takes-on-flicks-tough-request-as-barca-face-atletico\\\/#breadcrumb\"},\"inLanguage\":\"fr-FR\",\"potentialAction\":[{\"@type\":\"ReadAction\",\"target\":[\"https:\\\/\\\/bladnanews.com\\\/laporta-takes-on-flicks-tough-request-as-barca-face-atletico\\\/\"]}]},{\"@type\":\"ImageObject\",\"inLanguage\":\"fr-FR\",\"@id\":\"https:\\\/\\\/bladnanews.com\\\/laporta-takes-on-flicks-tough-request-as-barca-face-atletico\\\/#primaryimage\",\"url\":\"https:\\\/\\\/bladnanews.com\\\/wp-content\\\/uploads\\\/2026\\\/04\\\/GettyImages-2163593743.jpg-scaled.jpg\",\"contentUrl\":\"https:\\\/\\\/bladnanews.com\\\/wp-content\\\/uploads\\\/2026\\\/04\\\/GettyImages-2163593743.jpg-scaled.jpg\",\"width\":2560,\"height\":1440,\"caption\":\"Laporta takes on Flick's tough request as Barca face Atletico\"},{\"@type\":\"BreadcrumbList\",\"@id\":\"https:\\\/\\\/bladnanews.com\\\/laporta-takes-on-flicks-tough-request-as-barca-face-atletico\\\/#breadcrumb\",\"itemListElement\":[{\"@type\":\"ListItem\",\"position\":1,\"name\":\"Home\",\"item\":\"https:\\\/\\\/bladnanews.com\\\/\"},{\"@type\":\"ListItem\",\"position\":2,\"name\":\"Laporta takes on Flick&#8217;s tough request as Barca face Atletico\"}]},{\"@type\":\"WebSite\",\"@id\":\"https:\\\/\\\/mediumseagreen-eel-531711.hostingersite.com\\\/#website\",\"url\":\"https:\\\/\\\/mediumseagreen-eel-531711.hostingersite.com\\\/\",\"name\":\"Bladna News - Morocco\",\"description\":\"Where Moroccan Football Meets the World\",\"publisher\":{\"@id\":\"https:\\\/\\\/mediumseagreen-eel-531711.hostingersite.com\\\/#organization\"},\"potentialAction\":[{\"@type\":\"SearchAction\",\"target\":{\"@type\":\"EntryPoint\",\"urlTemplate\":\"https:\\\/\\\/mediumseagreen-eel-531711.hostingersite.com\\\/?s={search_term_string}\"},\"query-input\":{\"@type\":\"PropertyValueSpecification\",\"valueRequired\":true,\"valueName\":\"search_term_string\"}}],\"inLanguage\":\"fr-FR\"},{\"@type\":\"Organization\",\"@id\":\"https:\\\/\\\/mediumseagreen-eel-531711.hostingersite.com\\\/#organization\",\"name\":\"Bladna News.com\",\"url\":\"https:\\\/\\\/mediumseagreen-eel-531711.hostingersite.com\\\/\",\"logo\":{\"@type\":\"ImageObject\",\"inLanguage\":\"fr-FR\",\"@id\":\"https:\\\/\\\/mediumseagreen-eel-531711.hostingersite.com\\\/#\\\/schema\\\/logo\\\/image\\\/\",\"url\":\"https:\\\/\\\/bladnanews.com\\\/wp-content\\\/uploads\\\/2025\\\/12\\\/logo-bladnanews-V2-web-black-red.png\",\"contentUrl\":\"https:\\\/\\\/bladnanews.com\\\/wp-content\\\/uploads\\\/2025\\\/12\\\/logo-bladnanews-V2-web-black-red.png\",\"width\":703,\"height\":287,\"caption\":\"Bladna News.com\"},\"image\":{\"@id\":\"https:\\\/\\\/mediumseagreen-eel-531711.hostingersite.com\\\/#\\\/schema\\\/logo\\\/image\\\/\"},\"email\":\"info@bladnanews.com\",\"legalName\":\"Bladna News\"},{\"@type\":\"Person\",\"@id\":\"https:\\\/\\\/mediumseagreen-eel-531711.hostingersite.com\\\/#\\\/schema\\\/person\\\/268e18a453ab080ebf76df6ef7845083\",\"name\":\"Bladna News Staff\",\"url\":\"https:\\\/\\\/bladnanews.com\\\/fr\\\/author\\\/bladna-news-staff\\\/\"}]}<\/script>\n<!-- \/ Yoast SEO Premium plugin. -->","yoast_head_json":{"title":"Laporta rel\u00e8ve le d\u00e9fi exigeant de Flick alors que le Bar\u00e7a affronte l'Atl\u00e9tico - Bladna News","robots":{"index":"index","follow":"follow","max-snippet":"max-snippet:-1","max-image-preview":"max-image-preview:large","max-video-preview":"max-video-preview:-1"},"canonical":"https:\/\/bladnanews.com\/fr\/laporta-releve-le-defi-difficile-de-flick-alors-que-le-barca-affronte-latletico\/","og_locale":"fr_FR","og_type":"article","og_title":"Laporta takes on Flick's tough request as Barca face Atletico","og_description":"Barcelona president Joan Laporta has taken on the difficult task requested by Hansi Flick as the club prepares for a [&hellip;]","og_url":"https:\/\/bladnanews.com\/fr\/laporta-releve-le-defi-difficile-de-flick-alors-que-le-barca-affronte-latletico\/","og_site_name":"Bladna News","article_published_time":"2026-04-27T14:18:35+00:00","og_image":[{"width":1312,"height":736,"url":"https:\/\/bladnanews.com\/wp-content\/uploads\/2025\/12\/freepik__bladna-newscom-moroccan-soccer-homepage-banner-mor__41838.png","type":"image\/png"}],"author":"Bladna News Staff","twitter_card":"summary_large_image","twitter_misc":{"\u00c9crit par":"Bladna News Staff","Dur\u00e9e de lecture estim\u00e9e":"2 minutes"},"schema":{"@context":"https:\/\/schema.org","@graph":[{"@type":"Article","@id":"https:\/\/bladnanews.com\/laporta-takes-on-flicks-tough-request-as-barca-face-atletico\/#article","isPartOf":{"@id":"https:\/\/bladnanews.com\/laporta-takes-on-flicks-tough-request-as-barca-face-atletico\/"},"author":{"name":"Bladna News Staff","@id":"https:\/\/mediumseagreen-eel-531711.hostingersite.com\/#\/schema\/person\/268e18a453ab080ebf76df6ef7845083"},"headline":"Laporta takes on Flick&#8217;s tough request as Barca face Atletico","datePublished":"2026-04-27T14:18:35+00:00","mainEntityOfPage":{"@id":"https:\/\/bladnanews.com\/laporta-takes-on-flicks-tough-request-as-barca-face-atletico\/"},"wordCount":333,"publisher":{"@id":"https:\/\/mediumseagreen-eel-531711.hostingersite.com\/#organization"},"image":{"@id":"https:\/\/bladnanews.com\/laporta-takes-on-flicks-tough-request-as-barca-face-atletico\/#primaryimage"},"thumbnailUrl":"https:\/\/bladnanews.com\/wp-content\/uploads\/2026\/04\/GettyImages-2163593743.jpg-scaled.jpg","articleSection":["International","Latest News"],"inLanguage":"fr-FR","copyrightYear":"2026","copyrightHolder":{"@id":"https:\/\/bladnanews.com\/fr\/#organization"}},{"@type":"WebPage","@id":"https:\/\/bladnanews.com\/laporta-takes-on-flicks-tough-request-as-barca-face-atletico\/","url":"https:\/\/bladnanews.com\/laporta-takes-on-flicks-tough-request-as-barca-face-atletico\/","name":"Laporta rel\u00e8ve le d\u00e9fi exigeant de Flick alors que le Bar\u00e7a affronte l'Atl\u00e9tico - Bladna News","isPartOf":{"@id":"https:\/\/mediumseagreen-eel-531711.hostingersite.com\/#website"},"primaryImageOfPage":{"@id":"https:\/\/bladnanews.com\/laporta-takes-on-flicks-tough-request-as-barca-face-atletico\/#primaryimage"},"image":{"@id":"https:\/\/bladnanews.com\/laporta-takes-on-flicks-tough-request-as-barca-face-atletico\/#primaryimage"},"thumbnailUrl":"https:\/\/bladnanews.com\/wp-content\/uploads\/2026\/04\/GettyImages-2163593743.jpg-scaled.jpg","datePublished":"2026-04-27T14:18:35+00:00","breadcrumb":{"@id":"https:\/\/bladnanews.com\/laporta-takes-on-flicks-tough-request-as-barca-face-atletico\/#breadcrumb"},"inLanguage":"fr-FR","potentialAction":[{"@type":"ReadAction","target":["https:\/\/bladnanews.com\/laporta-takes-on-flicks-tough-request-as-barca-face-atletico\/"]}]},{"@type":"ImageObject","inLanguage":"fr-FR","@id":"https:\/\/bladnanews.com\/laporta-takes-on-flicks-tough-request-as-barca-face-atletico\/#primaryimage","url":"https:\/\/bladnanews.com\/wp-content\/uploads\/2026\/04\/GettyImages-2163593743.jpg-scaled.jpg","contentUrl":"https:\/\/bladnanews.com\/wp-content\/uploads\/2026\/04\/GettyImages-2163593743.jpg-scaled.jpg","width":2560,"height":1440,"caption":"Laporta takes on Flick's tough request as Barca face Atletico"},{"@type":"BreadcrumbList","@id":"https:\/\/bladnanews.com\/laporta-takes-on-flicks-tough-request-as-barca-face-atletico\/#breadcrumb","itemListElement":[{"@type":"ListItem","position":1,"name":"Home","item":"https:\/\/bladnanews.com\/"},{"@type":"ListItem","position":2,"name":"Laporta takes on Flick&#8217;s tough request as Barca face Atletico"}]},{"@type":"WebSite","@id":"https:\/\/mediumseagreen-eel-531711.hostingersite.com\/#website","url":"https:\/\/mediumseagreen-eel-531711.hostingersite.com\/","name":"Bladna News - Maroc","description":"Quand le football marocain rencontre le monde","publisher":{"@id":"https:\/\/mediumseagreen-eel-531711.hostingersite.com\/#organization"},"potentialAction":[{"@type":"SearchAction","target":{"@type":"EntryPoint","urlTemplate":"https:\/\/mediumseagreen-eel-531711.hostingersite.com\/?s={search_term_string}"},"query-input":{"@type":"PropertyValueSpecification","valueRequired":true,"valueName":"search_term_string"}}],"inLanguage":"fr-FR"},{"@type":"Organization","@id":"https:\/\/mediumseagreen-eel-531711.hostingersite.com\/#organization","name":"Bladna News.com","url":"https:\/\/mediumseagreen-eel-531711.hostingersite.com\/","logo":{"@type":"ImageObject","inLanguage":"fr-FR","@id":"https:\/\/mediumseagreen-eel-531711.hostingersite.com\/#\/schema\/logo\/image\/","url":"https:\/\/bladnanews.com\/wp-content\/uploads\/2025\/12\/logo-bladnanews-V2-web-black-red.png","contentUrl":"https:\/\/bladnanews.com\/wp-content\/uploads\/2025\/12\/logo-bladnanews-V2-web-black-red.png","width":703,"height":287,"caption":"Bladna News.com"},"image":{"@id":"https:\/\/mediumseagreen-eel-531711.hostingersite.com\/#\/schema\/logo\/image\/"},"email":"info@bladnanews.com","legalName":"Bladna News"},{"@type":"Person","@id":"https:\/\/mediumseagreen-eel-531711.hostingersite.com\/#\/schema\/person\/268e18a453ab080ebf76df6ef7845083","name":"\u00c9quipe r\u00e9dactionnelle de Bladna News","url":"https:\/\/bladnanews.com\/fr\/author\/bladna-news-staff\/"}]}},"_links":{"self":[{"href":"https:\/\/bladnanews.com\/fr\/wp-json\/wp\/v2\/posts\/11005","targetHints":{"allow":["GET"]}}],"collection":[{"href":"https:\/\/bladnanews.com\/fr\/wp-json\/wp\/v2\/posts"}],"about":[{"href":"https:\/\/bladnanews.com\/fr\/wp-json\/wp\/v2\/types\/post"}],"author":[{"embeddable":true,"href":"https:\/\/bladnanews.com\/fr\/wp-json\/wp\/v2\/users\/3"}],"replies":[{"embeddable":true,"href":"https:\/\/bladnanews.com\/fr\/wp-json\/wp\/v2\/comments?post=11005"}],"version-history":[{"count":0,"href":"https:\/\/bladnanews.com\/fr\/wp-json\/wp\/v2\/posts\/11005\/revisions"}],"wp:featuredmedia":[{"embeddable":true,"href":"https:\/\/bladnanews.com\/fr\/wp-json\/wp\/v2\/media\/11004"}],"wp:attachment":[{"href":"https:\/\/bladnanews.com\/fr\/wp-json\/wp\/v2\/media?parent=11005"}],"wp:term":[{"taxonomy":"category","embeddable":true,"href":"https:\/\/bladnanews.com\/fr\/wp-json\/wp\/v2\/categories?post=11005"},{"taxonomy":"post_tag","embeddable":true,"href":"https:\/\/bladnanews.com\/fr\/wp-json\/wp\/v2\/tags?post=11005"}],"curies":[{"name":"wp","href":"https:\/\/api.w.org\/{rel}","templated":true}]}}