{"id":11011,"date":"2026-04-27T17:54:28","date_gmt":"2026-04-27T17:54:28","guid":{"rendered":"https:\/\/bladnanews.com\/amorim-makes-decisive-choice-about-his-future\/"},"modified":"2026-04-27T17:54:28","modified_gmt":"2026-04-27T17:54:28","slug":"amorim-prend-une-decision-decisive-concernant-son-avenir","status":"publish","type":"post","link":"https:\/\/bladnanews.com\/fr\/amorim-prend-une-decision-decisive-concernant-son-avenir\/","title":{"rendered":"Amorim prend une d\u00e9cision d\u00e9cisive concernant son avenir"},"content":{"rendered":"<p>Ruben Amorim a pris une d\u00e9cision d\u00e9terminante concernant son avenir, mettant fin \u00e0 des semaines de sp\u00e9culations sur la prochaine \u00e9tape de sa carri\u00e8re d'entra\u00eeneur. L'entra\u00eeneur portugais de 39 ans a confirm\u00e9 qu'il resterait au Sporting CP, d\u00e9clinant les approches de plusieurs grands clubs europ\u00e9ens.<\/p>\n<p>Selon des sources proches de l'entra\u00eeneur, Amorim a inform\u00e9 la direction du Sporting de sa d\u00e9cision le mardi 11 mars 2025. Il s'est engag\u00e9 \u00e0 rester au club lisbo\u00e8te au moins jusqu'\u00e0 la fin de la saison 2025-2026. Cette annonce met un terme aux rumeurs qui le liaient \u00e0 un d\u00e9part vers la Premier League ou d'autres grands championnats europ\u00e9ens.<\/p>\n<p>Le contrat actuel d'Amorim avec le Sporting court jusqu'en juin 2026. Le club se pr\u00e9parait \u00e0 d'\u00e9ventuelles offres apr\u00e8s son travail remarquable de ces derni\u00e8res ann\u00e9es. Sous sa direction, le Sporting a remport\u00e9 le titre de Primeira Liga en 2020-2021 et de nouveau en 2023-2024, brisant la domination du Benfica et du Porto.<\/p>\n<p>S'exprimant apr\u00e8s cette d\u00e9cision, Amorim a d\u00e9clar\u00e9 : \u201c Je me sens chez moi ici. Le projet n'est pas termin\u00e9. Nous avons encore des choses \u00e0 accomplir ensemble. Partir maintenant ne serait pas la bonne d\u00e9cision, ni pour moi, ni pour le club. \u201d Sa d\u00e9claration a \u00e9t\u00e9 accueillie favorablement par les supporters du Sporting, qui ont appris \u00e0 admirer son approche tactique et son leadership.<\/p>\n<p>L'entra\u00eeneur a \u00e9galement \u00e9voqu\u00e9 l'int\u00e9r\u00eat venu de l'\u00e9tranger. \u201c C'est flatteur d'\u00eatre convoit\u00e9 par de grands clubs. Mais j'ai fait une promesse aux joueurs et aux supporters. J'ai l'intention de la tenir. Mon attention est port\u00e9e sur le prochain match, pas sur le prochain poste. \u201d<\/p>\n<p>Le Sporting occupe actuellement la deuxi\u00e8me place du classement de la Primeira Liga, \u00e0 trois points du leader Benfica, alors qu'il reste neuf matchs \u00e0 disputer dans la saison 2024-2025. L'\u00e9quipe d'Amorim a \u00e9galement atteint les quarts de finale de la Ta\u00e7a de Portugal et est toujours en lice en Ligue Europa, o\u00f9 elle affrontera la Roma en double confrontation en avril 2025.<\/p>\n<p>Cette d\u00e9cision apporte de la clart\u00e9 \u00e0 la planification du Sporting pour le mercato estival. Le club peut d\u00e9sormais avancer dans sa strat\u00e9gie de recrutement, sachant que l'entra\u00eeneur sera en poste pour au moins une saison suppl\u00e9mentaire. Plusieurs joueurs cl\u00e9s, dont Pedro Gon\u00e7alves et Ousmane Diomande, ont \u00e9galement \u00e9t\u00e9 li\u00e9s \u00e0 des d\u00e9parts, mais l'engagement d'Amorim pourrait les aider \u00e0 rester.<\/p>\n<p>Amorim a pris les r\u00eanes du Sporting en mars 2020, rempla\u00e7ant Silas. Il n'avait alors que 35 ans et ne comptait qu'une seule saison compl\u00e8te d'exp\u00e9rience en tant qu'entra\u00eeneur principal \u00e0 Braga. Depuis, il s'est forg\u00e9 une r\u00e9putation comme l'un des jeunes entra\u00eeneurs les plus prometteurs d'Europe, connu pour son syst\u00e8me de pressing haut et sa capacit\u00e9 \u00e0 d\u00e9velopper les jeunes talents.<\/p>\n<p>Sa d\u00e9cision de rester au Sporting est per\u00e7ue comme un coup de pouce majeur pour les ambitions \u00e0 long terme du club. Le pr\u00e9sident du Sporting, Frederico Varandas, a d\u00e9clar\u00e9 : \u201c Ruben n'est pas seulement notre entra\u00eeneur. Il est le c\u0153ur de ce projet. Sa d\u00e9cision montre sa foi en ce que nous construisons. \u201d<\/p>\n<p>Son avenir d\u00e9sormais r\u00e9gl\u00e9, Amorim peut se concentrer enti\u00e8rement sur la fin de saison. Le Sporting affronte un match crucial de championnat contre le Porto le 16 mars 2025, suivi du match aller de sa double confrontation en Ligue Europa contre la Roma le 3 avril 2025. Les semaines \u00e0 venir d\u00e9termineront si cette saison se termine par un troph\u00e9e ou par une d\u00e9ception.<\/p>","protected":false},"excerpt":{"rendered":"<p>Ruben Amorim has made a decisive choice about his future, ending weeks of speculation over the next step in his [&hellip;]<\/p>\n","protected":false},"author":3,"featured_media":11010,"comment_status":"","ping_status":"open","sticky":false,"template":"","format":"standard","meta":{"googlesitekit_rrm_CAow_uzEDA:productID":"","site-sidebar-layout":"default","site-content-layout":"","ast-site-content-layout":"default","site-content-style":"default","site-sidebar-style":"default","ast-global-header-display":"","ast-banner-title-visibility":"","ast-main-header-display":"","ast-hfb-above-header-display":"","ast-hfb-below-header-display":"","ast-hfb-mobile-header-display":"","site-post-title":"","ast-breadcrumbs-content":"","ast-featured-img":"","footer-sml-layout":"","ast-disable-related-posts":"","theme-transparent-header-meta":"","adv-header-id-meta":"","stick-header-meta":"","header-above-stick-meta":"","header-main-stick-meta":"","header-below-stick-meta":"","astra-migrate-meta-layouts":"default","ast-page-background-enabled":"default","ast-page-background-meta":{"desktop":{"background-color":"var(--ast-global-color-5)","background-image":"","background-repeat":"repeat","background-position":"center center","background-size":"auto","background-attachment":"scroll","background-type":"","background-media":"","overlay-type":"","overlay-color":"","overlay-opacity":"","overlay-gradient":""},"tablet":{"background-color":"","background-image":"","background-repeat":"repeat","background-position":"center center","background-size":"auto","background-attachment":"scroll","background-type":"","background-media":"","overlay-type":"","overlay-color":"","overlay-opacity":"","overlay-gradient":""},"mobile":{"background-color":"","background-image":"","background-repeat":"repeat","background-position":"center center","background-size":"auto","background-attachment":"scroll","background-type":"","background-media":"","overlay-type":"","overlay-color":"","overlay-opacity":"","overlay-gradient":""}},"ast-content-background-meta":{"desktop":{"background-color":"var(--ast-global-color-4)","background-image":"","background-repeat":"repeat","background-position":"center center","background-size":"auto","background-attachment":"scroll","background-type":"","background-media":"","overlay-type":"","overlay-color":"","overlay-opacity":"","overlay-gradient":""},"tablet":{"background-color":"var(--ast-global-color-4)","background-image":"","background-repeat":"repeat","background-position":"center center","background-size":"auto","background-attachment":"scroll","background-type":"","background-media":"","overlay-type":"","overlay-color":"","overlay-opacity":"","overlay-gradient":""},"mobile":{"background-color":"var(--ast-global-color-4)","background-image":"","background-repeat":"repeat","background-position":"center center","background-size":"auto","background-attachment":"scroll","background-type":"","background-media":"","overlay-type":"","overlay-color":"","overlay-opacity":"","overlay-gradient":""}},"footnotes":""},"categories":[20,1],"tags":[],"class_list":["post-11011","post","type-post","status-publish","format-standard","has-post-thumbnail","hentry","category-international","category-football-latest-news"],"yoast_head":"<!-- This site is optimized with the Yoast SEO Premium plugin v26.6 (Yoast SEO v27.4) - https:\/\/yoast.com\/product\/yoast-seo-premium-wordpress\/ -->\n<title>Amorim makes decisive choice about his future - Bladna News<\/title>\n<meta name=\"robots\" content=\"index, follow, max-snippet:-1, max-image-preview:large, max-video-preview:-1\" \/>\n<link rel=\"canonical\" href=\"https:\/\/bladnanews.com\/fr\/amorim-prend-une-decision-decisive-concernant-son-avenir\/\" \/>\n<meta property=\"og:locale\" content=\"fr_FR\" \/>\n<meta property=\"og:type\" content=\"article\" \/>\n<meta property=\"og:title\" content=\"Amorim makes decisive choice about his future\" \/>\n<meta property=\"og:description\" content=\"Ruben Amorim has made a decisive choice about his future, ending weeks of speculation over the next step in his [&hellip;]\" \/>\n<meta property=\"og:url\" content=\"https:\/\/bladnanews.com\/fr\/amorim-prend-une-decision-decisive-concernant-son-avenir\/\" \/>\n<meta property=\"og:site_name\" content=\"Bladna News\" \/>\n<meta property=\"article:published_time\" content=\"2026-04-27T17:54:28+00:00\" \/>\n<meta property=\"og:image\" content=\"https:\/\/bladnanews.com\/wp-content\/uploads\/2025\/12\/freepik__bladna-newscom-moroccan-soccer-homepage-banner-mor__41838.png\" \/>\n\t<meta property=\"og:image:width\" content=\"1312\" \/>\n\t<meta property=\"og:image:height\" content=\"736\" \/>\n\t<meta property=\"og:image:type\" content=\"image\/png\" \/>\n<meta name=\"author\" content=\"Bladna News Staff\" \/>\n<meta name=\"twitter:card\" content=\"summary_large_image\" \/>\n<meta name=\"twitter:label1\" content=\"\u00c9crit par\" \/>\n\t<meta name=\"twitter:data1\" content=\"Bladna News Staff\" \/>\n\t<meta name=\"twitter:label2\" content=\"Dur\u00e9e de lecture estim\u00e9e\" \/>\n\t<meta name=\"twitter:data2\" content=\"3 minutes\" \/>\n<script type=\"application\/ld+json\" class=\"yoast-schema-graph\">{\"@context\":\"https:\\\/\\\/schema.org\",\"@graph\":[{\"@type\":\"Article\",\"@id\":\"https:\\\/\\\/bladnanews.com\\\/amorim-makes-decisive-choice-about-his-future\\\/#article\",\"isPartOf\":{\"@id\":\"https:\\\/\\\/bladnanews.com\\\/amorim-makes-decisive-choice-about-his-future\\\/\"},\"author\":{\"name\":\"Bladna News Staff\",\"@id\":\"https:\\\/\\\/mediumseagreen-eel-531711.hostingersite.com\\\/#\\\/schema\\\/person\\\/268e18a453ab080ebf76df6ef7845083\"},\"headline\":\"Amorim makes decisive choice about his future\",\"datePublished\":\"2026-04-27T17:54:28+00:00\",\"mainEntityOfPage\":{\"@id\":\"https:\\\/\\\/bladnanews.com\\\/amorim-makes-decisive-choice-about-his-future\\\/\"},\"wordCount\":510,\"publisher\":{\"@id\":\"https:\\\/\\\/mediumseagreen-eel-531711.hostingersite.com\\\/#organization\"},\"image\":{\"@id\":\"https:\\\/\\\/bladnanews.com\\\/amorim-makes-decisive-choice-about-his-future\\\/#primaryimage\"},\"thumbnailUrl\":\"https:\\\/\\\/bladnanews.com\\\/wp-content\\\/uploads\\\/2026\\\/04\\\/GettyImages-2253674046.jpg.jpg\",\"articleSection\":[\"International\",\"Latest News\"],\"inLanguage\":\"fr-FR\",\"copyrightYear\":\"2026\",\"copyrightHolder\":{\"@id\":\"https:\\\/\\\/bladnanews.com\\\/fr\\\/#organization\"}},{\"@type\":\"WebPage\",\"@id\":\"https:\\\/\\\/bladnanews.com\\\/amorim-makes-decisive-choice-about-his-future\\\/\",\"url\":\"https:\\\/\\\/bladnanews.com\\\/amorim-makes-decisive-choice-about-his-future\\\/\",\"name\":\"Amorim makes decisive choice about his future - Bladna News\",\"isPartOf\":{\"@id\":\"https:\\\/\\\/mediumseagreen-eel-531711.hostingersite.com\\\/#website\"},\"primaryImageOfPage\":{\"@id\":\"https:\\\/\\\/bladnanews.com\\\/amorim-makes-decisive-choice-about-his-future\\\/#primaryimage\"},\"image\":{\"@id\":\"https:\\\/\\\/bladnanews.com\\\/amorim-makes-decisive-choice-about-his-future\\\/#primaryimage\"},\"thumbnailUrl\":\"https:\\\/\\\/bladnanews.com\\\/wp-content\\\/uploads\\\/2026\\\/04\\\/GettyImages-2253674046.jpg.jpg\",\"datePublished\":\"2026-04-27T17:54:28+00:00\",\"breadcrumb\":{\"@id\":\"https:\\\/\\\/bladnanews.com\\\/amorim-makes-decisive-choice-about-his-future\\\/#breadcrumb\"},\"inLanguage\":\"fr-FR\",\"potentialAction\":[{\"@type\":\"ReadAction\",\"target\":[\"https:\\\/\\\/bladnanews.com\\\/amorim-makes-decisive-choice-about-his-future\\\/\"]}]},{\"@type\":\"ImageObject\",\"inLanguage\":\"fr-FR\",\"@id\":\"https:\\\/\\\/bladnanews.com\\\/amorim-makes-decisive-choice-about-his-future\\\/#primaryimage\",\"url\":\"https:\\\/\\\/bladnanews.com\\\/wp-content\\\/uploads\\\/2026\\\/04\\\/GettyImages-2253674046.jpg.jpg\",\"contentUrl\":\"https:\\\/\\\/bladnanews.com\\\/wp-content\\\/uploads\\\/2026\\\/04\\\/GettyImages-2253674046.jpg.jpg\",\"width\":2308,\"height\":1298,\"caption\":\"Amorim makes decisive choice about his future\"},{\"@type\":\"BreadcrumbList\",\"@id\":\"https:\\\/\\\/bladnanews.com\\\/amorim-makes-decisive-choice-about-his-future\\\/#breadcrumb\",\"itemListElement\":[{\"@type\":\"ListItem\",\"position\":1,\"name\":\"Home\",\"item\":\"https:\\\/\\\/bladnanews.com\\\/\"},{\"@type\":\"ListItem\",\"position\":2,\"name\":\"Amorim makes decisive choice about his future\"}]},{\"@type\":\"WebSite\",\"@id\":\"https:\\\/\\\/mediumseagreen-eel-531711.hostingersite.com\\\/#website\",\"url\":\"https:\\\/\\\/mediumseagreen-eel-531711.hostingersite.com\\\/\",\"name\":\"Bladna News - Morocco\",\"description\":\"Where Moroccan Football Meets the World\",\"publisher\":{\"@id\":\"https:\\\/\\\/mediumseagreen-eel-531711.hostingersite.com\\\/#organization\"},\"potentialAction\":[{\"@type\":\"SearchAction\",\"target\":{\"@type\":\"EntryPoint\",\"urlTemplate\":\"https:\\\/\\\/mediumseagreen-eel-531711.hostingersite.com\\\/?s={search_term_string}\"},\"query-input\":{\"@type\":\"PropertyValueSpecification\",\"valueRequired\":true,\"valueName\":\"search_term_string\"}}],\"inLanguage\":\"fr-FR\"},{\"@type\":\"Organization\",\"@id\":\"https:\\\/\\\/mediumseagreen-eel-531711.hostingersite.com\\\/#organization\",\"name\":\"Bladna News.com\",\"url\":\"https:\\\/\\\/mediumseagreen-eel-531711.hostingersite.com\\\/\",\"logo\":{\"@type\":\"ImageObject\",\"inLanguage\":\"fr-FR\",\"@id\":\"https:\\\/\\\/mediumseagreen-eel-531711.hostingersite.com\\\/#\\\/schema\\\/logo\\\/image\\\/\",\"url\":\"https:\\\/\\\/bladnanews.com\\\/wp-content\\\/uploads\\\/2025\\\/12\\\/logo-bladnanews-V2-web-black-red.png\",\"contentUrl\":\"https:\\\/\\\/bladnanews.com\\\/wp-content\\\/uploads\\\/2025\\\/12\\\/logo-bladnanews-V2-web-black-red.png\",\"width\":703,\"height\":287,\"caption\":\"Bladna News.com\"},\"image\":{\"@id\":\"https:\\\/\\\/mediumseagreen-eel-531711.hostingersite.com\\\/#\\\/schema\\\/logo\\\/image\\\/\"},\"email\":\"info@bladnanews.com\",\"legalName\":\"Bladna News\"},{\"@type\":\"Person\",\"@id\":\"https:\\\/\\\/mediumseagreen-eel-531711.hostingersite.com\\\/#\\\/schema\\\/person\\\/268e18a453ab080ebf76df6ef7845083\",\"name\":\"Bladna News Staff\",\"url\":\"https:\\\/\\\/bladnanews.com\\\/fr\\\/author\\\/bladna-news-staff\\\/\"}]}<\/script>\n<!-- \/ Yoast SEO Premium plugin. -->","yoast_head_json":{"title":"Amorim prend une d\u00e9cision d\u00e9cisive concernant son avenir - Bladna News","robots":{"index":"index","follow":"follow","max-snippet":"max-snippet:-1","max-image-preview":"max-image-preview:large","max-video-preview":"max-video-preview:-1"},"canonical":"https:\/\/bladnanews.com\/fr\/amorim-prend-une-decision-decisive-concernant-son-avenir\/","og_locale":"fr_FR","og_type":"article","og_title":"Amorim makes decisive choice about his future","og_description":"Ruben Amorim has made a decisive choice about his future, ending weeks of speculation over the next step in his [&hellip;]","og_url":"https:\/\/bladnanews.com\/fr\/amorim-prend-une-decision-decisive-concernant-son-avenir\/","og_site_name":"Bladna News","article_published_time":"2026-04-27T17:54:28+00:00","og_image":[{"width":1312,"height":736,"url":"https:\/\/bladnanews.com\/wp-content\/uploads\/2025\/12\/freepik__bladna-newscom-moroccan-soccer-homepage-banner-mor__41838.png","type":"image\/png"}],"author":"Bladna News Staff","twitter_card":"summary_large_image","twitter_misc":{"\u00c9crit par":"Bladna News Staff","Dur\u00e9e de lecture estim\u00e9e":"3 minutes"},"schema":{"@context":"https:\/\/schema.org","@graph":[{"@type":"Article","@id":"https:\/\/bladnanews.com\/amorim-makes-decisive-choice-about-his-future\/#article","isPartOf":{"@id":"https:\/\/bladnanews.com\/amorim-makes-decisive-choice-about-his-future\/"},"author":{"name":"Bladna News Staff","@id":"https:\/\/mediumseagreen-eel-531711.hostingersite.com\/#\/schema\/person\/268e18a453ab080ebf76df6ef7845083"},"headline":"Amorim makes decisive choice about his future","datePublished":"2026-04-27T17:54:28+00:00","mainEntityOfPage":{"@id":"https:\/\/bladnanews.com\/amorim-makes-decisive-choice-about-his-future\/"},"wordCount":510,"publisher":{"@id":"https:\/\/mediumseagreen-eel-531711.hostingersite.com\/#organization"},"image":{"@id":"https:\/\/bladnanews.com\/amorim-makes-decisive-choice-about-his-future\/#primaryimage"},"thumbnailUrl":"https:\/\/bladnanews.com\/wp-content\/uploads\/2026\/04\/GettyImages-2253674046.jpg.jpg","articleSection":["International","Latest News"],"inLanguage":"fr-FR","copyrightYear":"2026","copyrightHolder":{"@id":"https:\/\/bladnanews.com\/fr\/#organization"}},{"@type":"WebPage","@id":"https:\/\/bladnanews.com\/amorim-makes-decisive-choice-about-his-future\/","url":"https:\/\/bladnanews.com\/amorim-makes-decisive-choice-about-his-future\/","name":"Amorim prend une d\u00e9cision d\u00e9cisive concernant son avenir - Bladna News","isPartOf":{"@id":"https:\/\/mediumseagreen-eel-531711.hostingersite.com\/#website"},"primaryImageOfPage":{"@id":"https:\/\/bladnanews.com\/amorim-makes-decisive-choice-about-his-future\/#primaryimage"},"image":{"@id":"https:\/\/bladnanews.com\/amorim-makes-decisive-choice-about-his-future\/#primaryimage"},"thumbnailUrl":"https:\/\/bladnanews.com\/wp-content\/uploads\/2026\/04\/GettyImages-2253674046.jpg.jpg","datePublished":"2026-04-27T17:54:28+00:00","breadcrumb":{"@id":"https:\/\/bladnanews.com\/amorim-makes-decisive-choice-about-his-future\/#breadcrumb"},"inLanguage":"fr-FR","potentialAction":[{"@type":"ReadAction","target":["https:\/\/bladnanews.com\/amorim-makes-decisive-choice-about-his-future\/"]}]},{"@type":"ImageObject","inLanguage":"fr-FR","@id":"https:\/\/bladnanews.com\/amorim-makes-decisive-choice-about-his-future\/#primaryimage","url":"https:\/\/bladnanews.com\/wp-content\/uploads\/2026\/04\/GettyImages-2253674046.jpg.jpg","contentUrl":"https:\/\/bladnanews.com\/wp-content\/uploads\/2026\/04\/GettyImages-2253674046.jpg.jpg","width":2308,"height":1298,"caption":"Amorim makes decisive choice about his future"},{"@type":"BreadcrumbList","@id":"https:\/\/bladnanews.com\/amorim-makes-decisive-choice-about-his-future\/#breadcrumb","itemListElement":[{"@type":"ListItem","position":1,"name":"Home","item":"https:\/\/bladnanews.com\/"},{"@type":"ListItem","position":2,"name":"Amorim makes decisive choice about his future"}]},{"@type":"WebSite","@id":"https:\/\/mediumseagreen-eel-531711.hostingersite.com\/#website","url":"https:\/\/mediumseagreen-eel-531711.hostingersite.com\/","name":"Bladna News - Maroc","description":"Quand le football marocain rencontre le monde","publisher":{"@id":"https:\/\/mediumseagreen-eel-531711.hostingersite.com\/#organization"},"potentialAction":[{"@type":"SearchAction","target":{"@type":"EntryPoint","urlTemplate":"https:\/\/mediumseagreen-eel-531711.hostingersite.com\/?s={search_term_string}"},"query-input":{"@type":"PropertyValueSpecification","valueRequired":true,"valueName":"search_term_string"}}],"inLanguage":"fr-FR"},{"@type":"Organization","@id":"https:\/\/mediumseagreen-eel-531711.hostingersite.com\/#organization","name":"Bladna News.com","url":"https:\/\/mediumseagreen-eel-531711.hostingersite.com\/","logo":{"@type":"ImageObject","inLanguage":"fr-FR","@id":"https:\/\/mediumseagreen-eel-531711.hostingersite.com\/#\/schema\/logo\/image\/","url":"https:\/\/bladnanews.com\/wp-content\/uploads\/2025\/12\/logo-bladnanews-V2-web-black-red.png","contentUrl":"https:\/\/bladnanews.com\/wp-content\/uploads\/2025\/12\/logo-bladnanews-V2-web-black-red.png","width":703,"height":287,"caption":"Bladna News.com"},"image":{"@id":"https:\/\/mediumseagreen-eel-531711.hostingersite.com\/#\/schema\/logo\/image\/"},"email":"info@bladnanews.com","legalName":"Bladna News"},{"@type":"Person","@id":"https:\/\/mediumseagreen-eel-531711.hostingersite.com\/#\/schema\/person\/268e18a453ab080ebf76df6ef7845083","name":"\u00c9quipe r\u00e9dactionnelle de Bladna News","url":"https:\/\/bladnanews.com\/fr\/author\/bladna-news-staff\/"}]}},"_links":{"self":[{"href":"https:\/\/bladnanews.com\/fr\/wp-json\/wp\/v2\/posts\/11011","targetHints":{"allow":["GET"]}}],"collection":[{"href":"https:\/\/bladnanews.com\/fr\/wp-json\/wp\/v2\/posts"}],"about":[{"href":"https:\/\/bladnanews.com\/fr\/wp-json\/wp\/v2\/types\/post"}],"author":[{"embeddable":true,"href":"https:\/\/bladnanews.com\/fr\/wp-json\/wp\/v2\/users\/3"}],"replies":[{"embeddable":true,"href":"https:\/\/bladnanews.com\/fr\/wp-json\/wp\/v2\/comments?post=11011"}],"version-history":[{"count":0,"href":"https:\/\/bladnanews.com\/fr\/wp-json\/wp\/v2\/posts\/11011\/revisions"}],"wp:featuredmedia":[{"embeddable":true,"href":"https:\/\/bladnanews.com\/fr\/wp-json\/wp\/v2\/media\/11010"}],"wp:attachment":[{"href":"https:\/\/bladnanews.com\/fr\/wp-json\/wp\/v2\/media?parent=11011"}],"wp:term":[{"taxonomy":"category","embeddable":true,"href":"https:\/\/bladnanews.com\/fr\/wp-json\/wp\/v2\/categories?post=11011"},{"taxonomy":"post_tag","embeddable":true,"href":"https:\/\/bladnanews.com\/fr\/wp-json\/wp\/v2\/tags?post=11011"}],"curies":[{"name":"wp","href":"https:\/\/api.w.org\/{rel}","templated":true}]}}