{"id":11013,"date":"2026-04-27T18:07:01","date_gmt":"2026-04-27T18:07:01","guid":{"rendered":"https:\/\/bladnanews.com\/mourinho-says-prestiani-got-what-he-deserved-would-mimic-fans\/"},"modified":"2026-04-27T18:07:01","modified_gmt":"2026-04-27T18:07:01","slug":"mourinho-declare-que-prestiani-a-eu-ce-quil-meritait-et-imiterait-les-supporters","status":"publish","type":"post","link":"https:\/\/bladnanews.com\/fr\/mourinho-declare-que-prestiani-a-eu-ce-quil-meritait-et-imiterait-les-supporters\/","title":{"rendered":"Mourinho d\u00e9clare que Prestiani a eu ce qu'il m\u00e9ritait, et qu'il imiterait les supporters"},"content":{"rendered":"<p>Jos\u00e9 Mourinho a vivement d\u00e9fendu son comportement sur le bord de la pelouse lors du r\u00e9cent match de Fenerbah\u00e7e, insistant sur le fait que l'entra\u00eeneur adverse Alessandro Prestiani \u201c a eu ce qu'il m\u00e9ritait \u201d et r\u00e9v\u00e9lant qu'il \u00e9tait pr\u00eat \u00e0 imiter les supporters locaux lors d'un \u00e9change houleux.<\/p>\n<p>Le manager portugais a \u00e9t\u00e9 impliqu\u00e9 dans une confrontation tendue pendant le match, ce qui a suscit\u00e9 des d\u00e9bats dans tout le football turc. S'exprimant apr\u00e8s le coup de sifflet final, Mourinho n'a pas m\u00e2ch\u00e9 ses mots dans son \u00e9valuation de l'incident.<\/p>\n<p>\u201c Prestiani a eu ce qu'il m\u00e9ritait \u201d, a d\u00e9clar\u00e9 Mourinho. \u201c J'ai r\u00e9agi \u00e0 ce qui s'est pass\u00e9 sur le bord du terrain. Si les supporters allaient faire quelque chose, j'\u00e9tais pr\u00eat \u00e0 les imiter. C'est ce que je suis. \u201d<\/p>\n<p>Le point de rupture s'est produit en seconde p\u00e9riode, Mourinho contestant ce qu'il percevait comme une provocation de la part de la zone technique adverse. L'ancien entra\u00eeneur de Chelsea et du Real Madrid a clairement indiqu\u00e9 qu'il estimait que sa r\u00e9action \u00e9tait justifi\u00e9e.<\/p>\n<p>\u201c Ce n'est pas moi qui commence ces choses, mais je les termine toujours \u201d, a-t-il ajout\u00e9. \u201c L'arbitre a tout vu. Je n'ai aucun probl\u00e8me avec cela. Mes joueurs savent que je suis \u00e0 leurs c\u00f4t\u00e9s. \u201d<\/p>\n<p>La performance de Fenerbah\u00e7e ce soir-l\u00e0 a \u00e9galement \u00e9t\u00e9 un sujet de discussion. Mourinho a reconnu que son \u00e9quipe avait connu des difficult\u00e9s par moments, mais a salu\u00e9 leur esprit combatif. \u201c Nous n'avons pas jou\u00e9 notre meilleur football, mais nous avons montr\u00e9 du caract\u00e8re. Cela compte dans une longue saison \u201d, a-t-il d\u00e9clar\u00e9.<\/p>\n<p>Ce r\u00e9sultat maintient Fenerbah\u00e7e dans la course au titre, bien que Mourinho ait admis qu'il y avait des marges de progression. \u201c Nous ne sommes pas encore l\u00e0 o\u00f9 nous voulons \u00eatre, mais nous y arrivons. Pas \u00e0 pas \u201d, a-t-il dit.<\/p>\n<p>Interrog\u00e9 sur d'\u00e9ventuels regrets concernant ses actions, Mourinho a \u00e9t\u00e9 cat\u00e9gorique. \u201c Des regrets ? Non. Je suis honn\u00eate. Je prot\u00e8ge mon \u00e9quipe. Si cela signifie que je suis critiqu\u00e9, ainsi soit-il. \u201d<\/p>\n<p>L'incident devrait \u00eatre examin\u00e9 par la F\u00e9d\u00e9ration turque de football, mais Mourinho semblait indiff\u00e9rent. \u201c Qu'ils l'examinent. Je n'ai rien \u00e0 cacher \u201d, a-t-il d\u00e9clar\u00e9.<\/p>\n<p>Fenerbah\u00e7e se tourne d\u00e9sormais vers son prochain match, Mourinho exigeant plus de r\u00e9gularit\u00e9 de la part de son effectif. \u201c Nous devons gagner, et nous devons bien gagner. C'est le standard ici \u201d, a-t-il conclu.<\/p>","protected":false},"excerpt":{"rendered":"<p>Jos\u00e9 Mourinho has launched a fierce defence of his touchline behaviour during Fenerbah\u00e7e\u2019s recent match, insisting that opposition coach Alessandro [&hellip;]<\/p>\n","protected":false},"author":3,"featured_media":11012,"comment_status":"","ping_status":"open","sticky":false,"template":"","format":"standard","meta":{"googlesitekit_rrm_CAow_uzEDA:productID":"","site-sidebar-layout":"default","site-content-layout":"","ast-site-content-layout":"default","site-content-style":"default","site-sidebar-style":"default","ast-global-header-display":"","ast-banner-title-visibility":"","ast-main-header-display":"","ast-hfb-above-header-display":"","ast-hfb-below-header-display":"","ast-hfb-mobile-header-display":"","site-post-title":"","ast-breadcrumbs-content":"","ast-featured-img":"","footer-sml-layout":"","ast-disable-related-posts":"","theme-transparent-header-meta":"","adv-header-id-meta":"","stick-header-meta":"","header-above-stick-meta":"","header-main-stick-meta":"","header-below-stick-meta":"","astra-migrate-meta-layouts":"default","ast-page-background-enabled":"default","ast-page-background-meta":{"desktop":{"background-color":"var(--ast-global-color-5)","background-image":"","background-repeat":"repeat","background-position":"center center","background-size":"auto","background-attachment":"scroll","background-type":"","background-media":"","overlay-type":"","overlay-color":"","overlay-opacity":"","overlay-gradient":""},"tablet":{"background-color":"","background-image":"","background-repeat":"repeat","background-position":"center center","background-size":"auto","background-attachment":"scroll","background-type":"","background-media":"","overlay-type":"","overlay-color":"","overlay-opacity":"","overlay-gradient":""},"mobile":{"background-color":"","background-image":"","background-repeat":"repeat","background-position":"center center","background-size":"auto","background-attachment":"scroll","background-type":"","background-media":"","overlay-type":"","overlay-color":"","overlay-opacity":"","overlay-gradient":""}},"ast-content-background-meta":{"desktop":{"background-color":"var(--ast-global-color-4)","background-image":"","background-repeat":"repeat","background-position":"center center","background-size":"auto","background-attachment":"scroll","background-type":"","background-media":"","overlay-type":"","overlay-color":"","overlay-opacity":"","overlay-gradient":""},"tablet":{"background-color":"var(--ast-global-color-4)","background-image":"","background-repeat":"repeat","background-position":"center center","background-size":"auto","background-attachment":"scroll","background-type":"","background-media":"","overlay-type":"","overlay-color":"","overlay-opacity":"","overlay-gradient":""},"mobile":{"background-color":"var(--ast-global-color-4)","background-image":"","background-repeat":"repeat","background-position":"center center","background-size":"auto","background-attachment":"scroll","background-type":"","background-media":"","overlay-type":"","overlay-color":"","overlay-opacity":"","overlay-gradient":""}},"footnotes":""},"categories":[20,1],"tags":[],"class_list":["post-11013","post","type-post","status-publish","format-standard","has-post-thumbnail","hentry","category-international","category-football-latest-news"],"yoast_head":"<!-- This site is optimized with the Yoast SEO Premium plugin v26.6 (Yoast SEO v27.4) - https:\/\/yoast.com\/product\/yoast-seo-premium-wordpress\/ -->\n<title>Mourinho says Prestiani got what he deserved, would mimic fans - Bladna News<\/title>\n<meta name=\"robots\" content=\"index, follow, max-snippet:-1, max-image-preview:large, max-video-preview:-1\" \/>\n<link rel=\"canonical\" href=\"https:\/\/bladnanews.com\/fr\/mourinho-declare-que-prestiani-a-eu-ce-quil-meritait-et-imiterait-les-supporters\/\" \/>\n<meta property=\"og:locale\" content=\"fr_FR\" \/>\n<meta property=\"og:type\" content=\"article\" \/>\n<meta property=\"og:title\" content=\"Mourinho says Prestiani got what he deserved, would mimic fans\" \/>\n<meta property=\"og:description\" content=\"Jos\u00e9 Mourinho has launched a fierce defence of his touchline behaviour during Fenerbah\u00e7e\u2019s recent match, insisting that opposition coach Alessandro [&hellip;]\" \/>\n<meta property=\"og:url\" content=\"https:\/\/bladnanews.com\/fr\/mourinho-declare-que-prestiani-a-eu-ce-quil-meritait-et-imiterait-les-supporters\/\" \/>\n<meta property=\"og:site_name\" content=\"Bladna News\" \/>\n<meta property=\"article:published_time\" content=\"2026-04-27T18:07:01+00:00\" \/>\n<meta property=\"og:image\" content=\"https:\/\/bladnanews.com\/wp-content\/uploads\/2025\/12\/freepik__bladna-newscom-moroccan-soccer-homepage-banner-mor__41838.png\" \/>\n\t<meta property=\"og:image:width\" content=\"1312\" \/>\n\t<meta property=\"og:image:height\" content=\"736\" \/>\n\t<meta property=\"og:image:type\" content=\"image\/png\" \/>\n<meta name=\"author\" content=\"Bladna News Staff\" \/>\n<meta name=\"twitter:card\" content=\"summary_large_image\" \/>\n<meta name=\"twitter:label1\" content=\"\u00c9crit par\" \/>\n\t<meta name=\"twitter:data1\" content=\"Bladna News Staff\" \/>\n\t<meta name=\"twitter:label2\" content=\"Dur\u00e9e de lecture estim\u00e9e\" \/>\n\t<meta name=\"twitter:data2\" content=\"2 minutes\" \/>\n<script type=\"application\/ld+json\" class=\"yoast-schema-graph\">{\"@context\":\"https:\\\/\\\/schema.org\",\"@graph\":[{\"@type\":\"Article\",\"@id\":\"https:\\\/\\\/bladnanews.com\\\/mourinho-says-prestiani-got-what-he-deserved-would-mimic-fans\\\/#article\",\"isPartOf\":{\"@id\":\"https:\\\/\\\/bladnanews.com\\\/mourinho-says-prestiani-got-what-he-deserved-would-mimic-fans\\\/\"},\"author\":{\"name\":\"Bladna News Staff\",\"@id\":\"https:\\\/\\\/mediumseagreen-eel-531711.hostingersite.com\\\/#\\\/schema\\\/person\\\/268e18a453ab080ebf76df6ef7845083\"},\"headline\":\"Mourinho says Prestiani got what he deserved, would mimic fans\",\"datePublished\":\"2026-04-27T18:07:01+00:00\",\"mainEntityOfPage\":{\"@id\":\"https:\\\/\\\/bladnanews.com\\\/mourinho-says-prestiani-got-what-he-deserved-would-mimic-fans\\\/\"},\"wordCount\":361,\"publisher\":{\"@id\":\"https:\\\/\\\/mediumseagreen-eel-531711.hostingersite.com\\\/#organization\"},\"image\":{\"@id\":\"https:\\\/\\\/bladnanews.com\\\/mourinho-says-prestiani-got-what-he-deserved-would-mimic-fans\\\/#primaryimage\"},\"thumbnailUrl\":\"https:\\\/\\\/bladnanews.com\\\/wp-content\\\/uploads\\\/2026\\\/04\\\/GettyImages-2272469074.jpg.jpg\",\"articleSection\":[\"International\",\"Latest News\"],\"inLanguage\":\"fr-FR\",\"copyrightYear\":\"2026\",\"copyrightHolder\":{\"@id\":\"https:\\\/\\\/bladnanews.com\\\/fr\\\/#organization\"}},{\"@type\":\"WebPage\",\"@id\":\"https:\\\/\\\/bladnanews.com\\\/mourinho-says-prestiani-got-what-he-deserved-would-mimic-fans\\\/\",\"url\":\"https:\\\/\\\/bladnanews.com\\\/mourinho-says-prestiani-got-what-he-deserved-would-mimic-fans\\\/\",\"name\":\"Mourinho says Prestiani got what he deserved, would mimic fans - Bladna News\",\"isPartOf\":{\"@id\":\"https:\\\/\\\/mediumseagreen-eel-531711.hostingersite.com\\\/#website\"},\"primaryImageOfPage\":{\"@id\":\"https:\\\/\\\/bladnanews.com\\\/mourinho-says-prestiani-got-what-he-deserved-would-mimic-fans\\\/#primaryimage\"},\"image\":{\"@id\":\"https:\\\/\\\/bladnanews.com\\\/mourinho-says-prestiani-got-what-he-deserved-would-mimic-fans\\\/#primaryimage\"},\"thumbnailUrl\":\"https:\\\/\\\/bladnanews.com\\\/wp-content\\\/uploads\\\/2026\\\/04\\\/GettyImages-2272469074.jpg.jpg\",\"datePublished\":\"2026-04-27T18:07:01+00:00\",\"breadcrumb\":{\"@id\":\"https:\\\/\\\/bladnanews.com\\\/mourinho-says-prestiani-got-what-he-deserved-would-mimic-fans\\\/#breadcrumb\"},\"inLanguage\":\"fr-FR\",\"potentialAction\":[{\"@type\":\"ReadAction\",\"target\":[\"https:\\\/\\\/bladnanews.com\\\/mourinho-says-prestiani-got-what-he-deserved-would-mimic-fans\\\/\"]}]},{\"@type\":\"ImageObject\",\"inLanguage\":\"fr-FR\",\"@id\":\"https:\\\/\\\/bladnanews.com\\\/mourinho-says-prestiani-got-what-he-deserved-would-mimic-fans\\\/#primaryimage\",\"url\":\"https:\\\/\\\/bladnanews.com\\\/wp-content\\\/uploads\\\/2026\\\/04\\\/GettyImages-2272469074.jpg.jpg\",\"contentUrl\":\"https:\\\/\\\/bladnanews.com\\\/wp-content\\\/uploads\\\/2026\\\/04\\\/GettyImages-2272469074.jpg.jpg\",\"width\":2400,\"height\":1350,\"caption\":\"Mourinho says Prestiani got what he deserved, would mimic fans\"},{\"@type\":\"BreadcrumbList\",\"@id\":\"https:\\\/\\\/bladnanews.com\\\/mourinho-says-prestiani-got-what-he-deserved-would-mimic-fans\\\/#breadcrumb\",\"itemListElement\":[{\"@type\":\"ListItem\",\"position\":1,\"name\":\"Home\",\"item\":\"https:\\\/\\\/bladnanews.com\\\/\"},{\"@type\":\"ListItem\",\"position\":2,\"name\":\"Mourinho says Prestiani got what he deserved, would mimic fans\"}]},{\"@type\":\"WebSite\",\"@id\":\"https:\\\/\\\/mediumseagreen-eel-531711.hostingersite.com\\\/#website\",\"url\":\"https:\\\/\\\/mediumseagreen-eel-531711.hostingersite.com\\\/\",\"name\":\"Bladna News - Morocco\",\"description\":\"Where Moroccan Football Meets the World\",\"publisher\":{\"@id\":\"https:\\\/\\\/mediumseagreen-eel-531711.hostingersite.com\\\/#organization\"},\"potentialAction\":[{\"@type\":\"SearchAction\",\"target\":{\"@type\":\"EntryPoint\",\"urlTemplate\":\"https:\\\/\\\/mediumseagreen-eel-531711.hostingersite.com\\\/?s={search_term_string}\"},\"query-input\":{\"@type\":\"PropertyValueSpecification\",\"valueRequired\":true,\"valueName\":\"search_term_string\"}}],\"inLanguage\":\"fr-FR\"},{\"@type\":\"Organization\",\"@id\":\"https:\\\/\\\/mediumseagreen-eel-531711.hostingersite.com\\\/#organization\",\"name\":\"Bladna News.com\",\"url\":\"https:\\\/\\\/mediumseagreen-eel-531711.hostingersite.com\\\/\",\"logo\":{\"@type\":\"ImageObject\",\"inLanguage\":\"fr-FR\",\"@id\":\"https:\\\/\\\/mediumseagreen-eel-531711.hostingersite.com\\\/#\\\/schema\\\/logo\\\/image\\\/\",\"url\":\"https:\\\/\\\/bladnanews.com\\\/wp-content\\\/uploads\\\/2025\\\/12\\\/logo-bladnanews-V2-web-black-red.png\",\"contentUrl\":\"https:\\\/\\\/bladnanews.com\\\/wp-content\\\/uploads\\\/2025\\\/12\\\/logo-bladnanews-V2-web-black-red.png\",\"width\":703,\"height\":287,\"caption\":\"Bladna News.com\"},\"image\":{\"@id\":\"https:\\\/\\\/mediumseagreen-eel-531711.hostingersite.com\\\/#\\\/schema\\\/logo\\\/image\\\/\"},\"email\":\"info@bladnanews.com\",\"legalName\":\"Bladna News\"},{\"@type\":\"Person\",\"@id\":\"https:\\\/\\\/mediumseagreen-eel-531711.hostingersite.com\\\/#\\\/schema\\\/person\\\/268e18a453ab080ebf76df6ef7845083\",\"name\":\"Bladna News Staff\",\"url\":\"https:\\\/\\\/bladnanews.com\\\/fr\\\/author\\\/bladna-news-staff\\\/\"}]}<\/script>\n<!-- \/ Yoast SEO Premium plugin. -->","yoast_head_json":{"title":"Mourinho d\u00e9clare que Prestiani a eu ce qu'il m\u00e9ritait, et imiterait les supporters - Bladna News","robots":{"index":"index","follow":"follow","max-snippet":"max-snippet:-1","max-image-preview":"max-image-preview:large","max-video-preview":"max-video-preview:-1"},"canonical":"https:\/\/bladnanews.com\/fr\/mourinho-declare-que-prestiani-a-eu-ce-quil-meritait-et-imiterait-les-supporters\/","og_locale":"fr_FR","og_type":"article","og_title":"Mourinho says Prestiani got what he deserved, would mimic fans","og_description":"Jos\u00e9 Mourinho has launched a fierce defence of his touchline behaviour during Fenerbah\u00e7e\u2019s recent match, insisting that opposition coach Alessandro [&hellip;]","og_url":"https:\/\/bladnanews.com\/fr\/mourinho-declare-que-prestiani-a-eu-ce-quil-meritait-et-imiterait-les-supporters\/","og_site_name":"Bladna News","article_published_time":"2026-04-27T18:07:01+00:00","og_image":[{"width":1312,"height":736,"url":"https:\/\/bladnanews.com\/wp-content\/uploads\/2025\/12\/freepik__bladna-newscom-moroccan-soccer-homepage-banner-mor__41838.png","type":"image\/png"}],"author":"Bladna News Staff","twitter_card":"summary_large_image","twitter_misc":{"\u00c9crit par":"Bladna News Staff","Dur\u00e9e de lecture estim\u00e9e":"2 minutes"},"schema":{"@context":"https:\/\/schema.org","@graph":[{"@type":"Article","@id":"https:\/\/bladnanews.com\/mourinho-says-prestiani-got-what-he-deserved-would-mimic-fans\/#article","isPartOf":{"@id":"https:\/\/bladnanews.com\/mourinho-says-prestiani-got-what-he-deserved-would-mimic-fans\/"},"author":{"name":"Bladna News Staff","@id":"https:\/\/mediumseagreen-eel-531711.hostingersite.com\/#\/schema\/person\/268e18a453ab080ebf76df6ef7845083"},"headline":"Mourinho says Prestiani got what he deserved, would mimic fans","datePublished":"2026-04-27T18:07:01+00:00","mainEntityOfPage":{"@id":"https:\/\/bladnanews.com\/mourinho-says-prestiani-got-what-he-deserved-would-mimic-fans\/"},"wordCount":361,"publisher":{"@id":"https:\/\/mediumseagreen-eel-531711.hostingersite.com\/#organization"},"image":{"@id":"https:\/\/bladnanews.com\/mourinho-says-prestiani-got-what-he-deserved-would-mimic-fans\/#primaryimage"},"thumbnailUrl":"https:\/\/bladnanews.com\/wp-content\/uploads\/2026\/04\/GettyImages-2272469074.jpg.jpg","articleSection":["International","Latest News"],"inLanguage":"fr-FR","copyrightYear":"2026","copyrightHolder":{"@id":"https:\/\/bladnanews.com\/fr\/#organization"}},{"@type":"WebPage","@id":"https:\/\/bladnanews.com\/mourinho-says-prestiani-got-what-he-deserved-would-mimic-fans\/","url":"https:\/\/bladnanews.com\/mourinho-says-prestiani-got-what-he-deserved-would-mimic-fans\/","name":"Mourinho d\u00e9clare que Prestiani a eu ce qu'il m\u00e9ritait, et imiterait les supporters - Bladna News","isPartOf":{"@id":"https:\/\/mediumseagreen-eel-531711.hostingersite.com\/#website"},"primaryImageOfPage":{"@id":"https:\/\/bladnanews.com\/mourinho-says-prestiani-got-what-he-deserved-would-mimic-fans\/#primaryimage"},"image":{"@id":"https:\/\/bladnanews.com\/mourinho-says-prestiani-got-what-he-deserved-would-mimic-fans\/#primaryimage"},"thumbnailUrl":"https:\/\/bladnanews.com\/wp-content\/uploads\/2026\/04\/GettyImages-2272469074.jpg.jpg","datePublished":"2026-04-27T18:07:01+00:00","breadcrumb":{"@id":"https:\/\/bladnanews.com\/mourinho-says-prestiani-got-what-he-deserved-would-mimic-fans\/#breadcrumb"},"inLanguage":"fr-FR","potentialAction":[{"@type":"ReadAction","target":["https:\/\/bladnanews.com\/mourinho-says-prestiani-got-what-he-deserved-would-mimic-fans\/"]}]},{"@type":"ImageObject","inLanguage":"fr-FR","@id":"https:\/\/bladnanews.com\/mourinho-says-prestiani-got-what-he-deserved-would-mimic-fans\/#primaryimage","url":"https:\/\/bladnanews.com\/wp-content\/uploads\/2026\/04\/GettyImages-2272469074.jpg.jpg","contentUrl":"https:\/\/bladnanews.com\/wp-content\/uploads\/2026\/04\/GettyImages-2272469074.jpg.jpg","width":2400,"height":1350,"caption":"Mourinho says Prestiani got what he deserved, would mimic fans"},{"@type":"BreadcrumbList","@id":"https:\/\/bladnanews.com\/mourinho-says-prestiani-got-what-he-deserved-would-mimic-fans\/#breadcrumb","itemListElement":[{"@type":"ListItem","position":1,"name":"Home","item":"https:\/\/bladnanews.com\/"},{"@type":"ListItem","position":2,"name":"Mourinho says Prestiani got what he deserved, would mimic fans"}]},{"@type":"WebSite","@id":"https:\/\/mediumseagreen-eel-531711.hostingersite.com\/#website","url":"https:\/\/mediumseagreen-eel-531711.hostingersite.com\/","name":"Bladna News - Maroc","description":"Quand le football marocain rencontre le monde","publisher":{"@id":"https:\/\/mediumseagreen-eel-531711.hostingersite.com\/#organization"},"potentialAction":[{"@type":"SearchAction","target":{"@type":"EntryPoint","urlTemplate":"https:\/\/mediumseagreen-eel-531711.hostingersite.com\/?s={search_term_string}"},"query-input":{"@type":"PropertyValueSpecification","valueRequired":true,"valueName":"search_term_string"}}],"inLanguage":"fr-FR"},{"@type":"Organization","@id":"https:\/\/mediumseagreen-eel-531711.hostingersite.com\/#organization","name":"Bladna News.com","url":"https:\/\/mediumseagreen-eel-531711.hostingersite.com\/","logo":{"@type":"ImageObject","inLanguage":"fr-FR","@id":"https:\/\/mediumseagreen-eel-531711.hostingersite.com\/#\/schema\/logo\/image\/","url":"https:\/\/bladnanews.com\/wp-content\/uploads\/2025\/12\/logo-bladnanews-V2-web-black-red.png","contentUrl":"https:\/\/bladnanews.com\/wp-content\/uploads\/2025\/12\/logo-bladnanews-V2-web-black-red.png","width":703,"height":287,"caption":"Bladna News.com"},"image":{"@id":"https:\/\/mediumseagreen-eel-531711.hostingersite.com\/#\/schema\/logo\/image\/"},"email":"info@bladnanews.com","legalName":"Bladna News"},{"@type":"Person","@id":"https:\/\/mediumseagreen-eel-531711.hostingersite.com\/#\/schema\/person\/268e18a453ab080ebf76df6ef7845083","name":"\u00c9quipe r\u00e9dactionnelle de Bladna News","url":"https:\/\/bladnanews.com\/fr\/author\/bladna-news-staff\/"}]}},"_links":{"self":[{"href":"https:\/\/bladnanews.com\/fr\/wp-json\/wp\/v2\/posts\/11013","targetHints":{"allow":["GET"]}}],"collection":[{"href":"https:\/\/bladnanews.com\/fr\/wp-json\/wp\/v2\/posts"}],"about":[{"href":"https:\/\/bladnanews.com\/fr\/wp-json\/wp\/v2\/types\/post"}],"author":[{"embeddable":true,"href":"https:\/\/bladnanews.com\/fr\/wp-json\/wp\/v2\/users\/3"}],"replies":[{"embeddable":true,"href":"https:\/\/bladnanews.com\/fr\/wp-json\/wp\/v2\/comments?post=11013"}],"version-history":[{"count":0,"href":"https:\/\/bladnanews.com\/fr\/wp-json\/wp\/v2\/posts\/11013\/revisions"}],"wp:featuredmedia":[{"embeddable":true,"href":"https:\/\/bladnanews.com\/fr\/wp-json\/wp\/v2\/media\/11012"}],"wp:attachment":[{"href":"https:\/\/bladnanews.com\/fr\/wp-json\/wp\/v2\/media?parent=11013"}],"wp:term":[{"taxonomy":"category","embeddable":true,"href":"https:\/\/bladnanews.com\/fr\/wp-json\/wp\/v2\/categories?post=11013"},{"taxonomy":"post_tag","embeddable":true,"href":"https:\/\/bladnanews.com\/fr\/wp-json\/wp\/v2\/tags?post=11013"}],"curies":[{"name":"wp","href":"https:\/\/api.w.org\/{rel}","templated":true}]}}