{"id":11021,"date":"2026-04-27T18:27:13","date_gmt":"2026-04-27T18:27:13","guid":{"rendered":"https:\/\/bladnanews.com\/why-the-choice-for-rosineirs-successor-is-between-irola-and-fabregas\/"},"modified":"2026-04-27T18:27:13","modified_gmt":"2026-04-27T18:27:13","slug":"pourquoi-le-choix-du-successeur-de-rosineirs-se-situe-entre-irola-et-fabregas","status":"publish","type":"post","link":"https:\/\/bladnanews.com\/fr\/pourquoi-le-choix-du-successeur-de-rosineirs-se-situe-entre-irola-et-fabregas\/","title":{"rendered":"Pourquoi le choix du successeur de Rosineir se joue entre Irola et Fabregas"},"content":{"rendered":"<p>Pourquoi le choix du successeur de Rosineir se joue entre Irola et Fabregas<\/p>\n<p>La recherche d\u2019un successeur \u00e0 Rosineir se r\u00e9duit \u00e0 deux noms : Imanol Irola et Cesc Fabregas. La d\u00e9cision, attendue avant la fin de l\u2019ann\u00e9e 2026, oppose d\u00e9sormais la logique \u00e0 l\u2019\u00e9motion alors que le club \u00e9value ses options.<\/p>\n<p>Irola, actuel entra\u00eeneur de l\u2019\u00e9quipe B de la Real Sociedad, repr\u00e9sente le choix rationnel. Sa discipline tactique, son exp\u00e9rience dans le d\u00e9veloppement des jeunes joueurs et sa familiarit\u00e9 avec la structure du club en font un choix s\u00fbr. Des sources confirment qu\u2019il a d\u00e9j\u00e0 eu des discussions pr\u00e9liminaires avec la direction.<\/p>\n<p>Fabregas, quant \u00e0 lui, est le choix \u00e9motionnel. L\u2019ancien milieu de terrain du FC Barcelone et d\u2019Arsenal, actuellement entra\u00eeneur adjoint \u00e0 C\u00f4me, n\u2019a aucune exp\u00e9rience en tant qu\u2019entra\u00eeneur principal senior. Pourtant, son nom p\u00e8se lourd aupr\u00e8s des supporters et des joueurs. Sa compr\u00e9hension du jeu et ses qualit\u00e9s de leader sont largement respect\u00e9es.<\/p>\n<p>La hi\u00e9rarchie du club est divis\u00e9e. Certains dirigeants estiment que le bilan \u00e9prouv\u00e9 d\u2019Irola en deuxi\u00e8me division est exactement ce dont l\u2019\u00e9quipe a besoin pour se stabiliser apr\u00e8s une saison mouvement\u00e9e. D\u2019autres pensent que le charisme de Fabregas et son approche moderne pourraient lancer un nouveau projet.<\/p>\n<p>Le d\u00e9part de Rosineir, annonc\u00e9 d\u00e9but 2026, a laiss\u00e9 un vide qui n\u00e9cessite d\u2019\u00eatre combl\u00e9 avec soin. Le Br\u00e9silien avait construit un syst\u00e8me bas\u00e9 sur un pressing \u00e9lev\u00e9 et des transitions rapides. Les deux candidats ont \u00e9tudi\u00e9 ses m\u00e9thodes de pr\u00e8s, mais leurs styles diff\u00e8rent.<\/p>\n<p>Irola pr\u00e9f\u00e8re un jeu structur\u00e9 bas\u00e9 sur la possession, avec une organisation d\u00e9fensive claire. Fabregas, influenc\u00e9 par son passage sous Pep Guardiola et Vicente del Bosque, penche vers un football offensif fluide et un jeu de position.<\/p>\n<p>Les retours des joueurs ont \u00e9galement jou\u00e9 un r\u00f4le. Des membres seniors de l\u2019\u00e9quipe ont exprim\u00e9 en priv\u00e9 leur admiration pour la vision de Fabregas, tandis que les jeunes talents se sentent plus \u00e0 l\u2019aise avec le style d\u2019entra\u00eenement pratique d\u2019Irola.<\/p>\n<p>La d\u00e9cision finale est attendue dans les deux semaines. Le directeur sportif du club a d\u00e9clar\u00e9 : \u201c Nous ne nous pr\u00e9cipitons pas. Il s\u2019agit des trois prochaines ann\u00e9es, pas des trois prochains matchs. Les deux candidats sont solides, mais un seul correspond \u00e0 notre plan \u00e0 long terme. \u201d<\/p>\n<p>Quel que soit l\u2019\u00e9lu, il fera face \u00e0 une pression imm\u00e9diate. L\u2019\u00e9quipe se situe en milieu de tableau du championnat, et les supporters exigent un retour aux comp\u00e9titions europ\u00e9ennes. Le nouvel entra\u00eeneur disposera du mercato de janvier pour remodeler l\u2019effectif.<\/p>\n<p>Pour l\u2019instant, le d\u00e9bat se poursuit. Entre la t\u00eate et le c\u0153ur, entre Irola et Fabregas, le club doit choisir avec sagesse.<\/p>","protected":false},"excerpt":{"rendered":"<p>Why the choice for Rosineir\u2019s successor is between Irola and Fabregas The search for a successor to Rosineir is narrowing [&hellip;]<\/p>\n","protected":false},"author":3,"featured_media":11020,"comment_status":"","ping_status":"open","sticky":false,"template":"","format":"standard","meta":{"googlesitekit_rrm_CAow_uzEDA:productID":"","site-sidebar-layout":"default","site-content-layout":"","ast-site-content-layout":"default","site-content-style":"default","site-sidebar-style":"default","ast-global-header-display":"","ast-banner-title-visibility":"","ast-main-header-display":"","ast-hfb-above-header-display":"","ast-hfb-below-header-display":"","ast-hfb-mobile-header-display":"","site-post-title":"","ast-breadcrumbs-content":"","ast-featured-img":"","footer-sml-layout":"","ast-disable-related-posts":"","theme-transparent-header-meta":"","adv-header-id-meta":"","stick-header-meta":"","header-above-stick-meta":"","header-main-stick-meta":"","header-below-stick-meta":"","astra-migrate-meta-layouts":"default","ast-page-background-enabled":"default","ast-page-background-meta":{"desktop":{"background-color":"var(--ast-global-color-5)","background-image":"","background-repeat":"repeat","background-position":"center center","background-size":"auto","background-attachment":"scroll","background-type":"","background-media":"","overlay-type":"","overlay-color":"","overlay-opacity":"","overlay-gradient":""},"tablet":{"background-color":"","background-image":"","background-repeat":"repeat","background-position":"center center","background-size":"auto","background-attachment":"scroll","background-type":"","background-media":"","overlay-type":"","overlay-color":"","overlay-opacity":"","overlay-gradient":""},"mobile":{"background-color":"","background-image":"","background-repeat":"repeat","background-position":"center center","background-size":"auto","background-attachment":"scroll","background-type":"","background-media":"","overlay-type":"","overlay-color":"","overlay-opacity":"","overlay-gradient":""}},"ast-content-background-meta":{"desktop":{"background-color":"var(--ast-global-color-4)","background-image":"","background-repeat":"repeat","background-position":"center center","background-size":"auto","background-attachment":"scroll","background-type":"","background-media":"","overlay-type":"","overlay-color":"","overlay-opacity":"","overlay-gradient":""},"tablet":{"background-color":"var(--ast-global-color-4)","background-image":"","background-repeat":"repeat","background-position":"center center","background-size":"auto","background-attachment":"scroll","background-type":"","background-media":"","overlay-type":"","overlay-color":"","overlay-opacity":"","overlay-gradient":""},"mobile":{"background-color":"var(--ast-global-color-4)","background-image":"","background-repeat":"repeat","background-position":"center center","background-size":"auto","background-attachment":"scroll","background-type":"","background-media":"","overlay-type":"","overlay-color":"","overlay-opacity":"","overlay-gradient":""}},"footnotes":""},"categories":[20,1],"tags":[],"class_list":["post-11021","post","type-post","status-publish","format-standard","has-post-thumbnail","hentry","category-international","category-football-latest-news"],"yoast_head":"<!-- This site is optimized with the Yoast SEO Premium plugin v26.6 (Yoast SEO v27.4) - https:\/\/yoast.com\/product\/yoast-seo-premium-wordpress\/ -->\n<title>Why the choice for Rosineir\u2019s successor is between Irola and Fabregas - Bladna News<\/title>\n<meta name=\"robots\" content=\"index, follow, max-snippet:-1, max-image-preview:large, max-video-preview:-1\" \/>\n<link rel=\"canonical\" href=\"https:\/\/bladnanews.com\/fr\/pourquoi-le-choix-du-successeur-de-rosineirs-se-situe-entre-irola-et-fabregas\/\" \/>\n<meta property=\"og:locale\" content=\"fr_FR\" \/>\n<meta property=\"og:type\" content=\"article\" \/>\n<meta property=\"og:title\" content=\"Why the choice for Rosineir\u2019s successor is between Irola and Fabregas\" \/>\n<meta property=\"og:description\" content=\"Why the choice for Rosineir\u2019s successor is between Irola and Fabregas The search for a successor to Rosineir is narrowing [&hellip;]\" \/>\n<meta property=\"og:url\" content=\"https:\/\/bladnanews.com\/fr\/pourquoi-le-choix-du-successeur-de-rosineirs-se-situe-entre-irola-et-fabregas\/\" \/>\n<meta property=\"og:site_name\" content=\"Bladna News\" \/>\n<meta property=\"article:published_time\" content=\"2026-04-27T18:27:13+00:00\" \/>\n<meta property=\"og:image\" content=\"https:\/\/bladnanews.com\/wp-content\/uploads\/2025\/12\/freepik__bladna-newscom-moroccan-soccer-homepage-banner-mor__41838.png\" \/>\n\t<meta property=\"og:image:width\" content=\"1312\" \/>\n\t<meta property=\"og:image:height\" content=\"736\" \/>\n\t<meta property=\"og:image:type\" content=\"image\/png\" \/>\n<meta name=\"author\" content=\"Bladna News Staff\" \/>\n<meta name=\"twitter:card\" content=\"summary_large_image\" \/>\n<meta name=\"twitter:label1\" content=\"\u00c9crit par\" \/>\n\t<meta name=\"twitter:data1\" content=\"Bladna News Staff\" \/>\n\t<meta name=\"twitter:label2\" content=\"Dur\u00e9e de lecture estim\u00e9e\" \/>\n\t<meta name=\"twitter:data2\" content=\"2 minutes\" \/>\n<script type=\"application\/ld+json\" class=\"yoast-schema-graph\">{\"@context\":\"https:\\\/\\\/schema.org\",\"@graph\":[{\"@type\":\"Article\",\"@id\":\"https:\\\/\\\/bladnanews.com\\\/why-the-choice-for-rosineirs-successor-is-between-irola-and-fabregas\\\/#article\",\"isPartOf\":{\"@id\":\"https:\\\/\\\/bladnanews.com\\\/why-the-choice-for-rosineirs-successor-is-between-irola-and-fabregas\\\/\"},\"author\":{\"name\":\"Bladna News Staff\",\"@id\":\"https:\\\/\\\/mediumseagreen-eel-531711.hostingersite.com\\\/#\\\/schema\\\/person\\\/268e18a453ab080ebf76df6ef7845083\"},\"headline\":\"Why the choice for Rosineir\u2019s successor is between Irola and Fabregas\",\"datePublished\":\"2026-04-27T18:27:13+00:00\",\"mainEntityOfPage\":{\"@id\":\"https:\\\/\\\/bladnanews.com\\\/why-the-choice-for-rosineirs-successor-is-between-irola-and-fabregas\\\/\"},\"wordCount\":391,\"publisher\":{\"@id\":\"https:\\\/\\\/mediumseagreen-eel-531711.hostingersite.com\\\/#organization\"},\"image\":{\"@id\":\"https:\\\/\\\/bladnanews.com\\\/why-the-choice-for-rosineirs-successor-is-between-irola-and-fabregas\\\/#primaryimage\"},\"thumbnailUrl\":\"https:\\\/\\\/bladnanews.com\\\/wp-content\\\/uploads\\\/2026\\\/04\\\/Fabregas20vs20Iraola20for20Chelsea.jpg.jpg\",\"articleSection\":[\"International\",\"Latest News\"],\"inLanguage\":\"fr-FR\",\"copyrightYear\":\"2026\",\"copyrightHolder\":{\"@id\":\"https:\\\/\\\/bladnanews.com\\\/fr\\\/#organization\"}},{\"@type\":\"WebPage\",\"@id\":\"https:\\\/\\\/bladnanews.com\\\/why-the-choice-for-rosineirs-successor-is-between-irola-and-fabregas\\\/\",\"url\":\"https:\\\/\\\/bladnanews.com\\\/why-the-choice-for-rosineirs-successor-is-between-irola-and-fabregas\\\/\",\"name\":\"Why the choice for Rosineir\u2019s successor is between Irola and Fabregas - Bladna News\",\"isPartOf\":{\"@id\":\"https:\\\/\\\/mediumseagreen-eel-531711.hostingersite.com\\\/#website\"},\"primaryImageOfPage\":{\"@id\":\"https:\\\/\\\/bladnanews.com\\\/why-the-choice-for-rosineirs-successor-is-between-irola-and-fabregas\\\/#primaryimage\"},\"image\":{\"@id\":\"https:\\\/\\\/bladnanews.com\\\/why-the-choice-for-rosineirs-successor-is-between-irola-and-fabregas\\\/#primaryimage\"},\"thumbnailUrl\":\"https:\\\/\\\/bladnanews.com\\\/wp-content\\\/uploads\\\/2026\\\/04\\\/Fabregas20vs20Iraola20for20Chelsea.jpg.jpg\",\"datePublished\":\"2026-04-27T18:27:13+00:00\",\"breadcrumb\":{\"@id\":\"https:\\\/\\\/bladnanews.com\\\/why-the-choice-for-rosineirs-successor-is-between-irola-and-fabregas\\\/#breadcrumb\"},\"inLanguage\":\"fr-FR\",\"potentialAction\":[{\"@type\":\"ReadAction\",\"target\":[\"https:\\\/\\\/bladnanews.com\\\/why-the-choice-for-rosineirs-successor-is-between-irola-and-fabregas\\\/\"]}]},{\"@type\":\"ImageObject\",\"inLanguage\":\"fr-FR\",\"@id\":\"https:\\\/\\\/bladnanews.com\\\/why-the-choice-for-rosineirs-successor-is-between-irola-and-fabregas\\\/#primaryimage\",\"url\":\"https:\\\/\\\/bladnanews.com\\\/wp-content\\\/uploads\\\/2026\\\/04\\\/Fabregas20vs20Iraola20for20Chelsea.jpg.jpg\",\"contentUrl\":\"https:\\\/\\\/bladnanews.com\\\/wp-content\\\/uploads\\\/2026\\\/04\\\/Fabregas20vs20Iraola20for20Chelsea.jpg.jpg\",\"width\":1920,\"height\":1080,\"caption\":\"Why the choice for Rosineir\u2019s successor is between Irola and Fabregas\"},{\"@type\":\"BreadcrumbList\",\"@id\":\"https:\\\/\\\/bladnanews.com\\\/why-the-choice-for-rosineirs-successor-is-between-irola-and-fabregas\\\/#breadcrumb\",\"itemListElement\":[{\"@type\":\"ListItem\",\"position\":1,\"name\":\"Home\",\"item\":\"https:\\\/\\\/bladnanews.com\\\/\"},{\"@type\":\"ListItem\",\"position\":2,\"name\":\"Why the choice for Rosineir\u2019s successor is between Irola and Fabregas\"}]},{\"@type\":\"WebSite\",\"@id\":\"https:\\\/\\\/mediumseagreen-eel-531711.hostingersite.com\\\/#website\",\"url\":\"https:\\\/\\\/mediumseagreen-eel-531711.hostingersite.com\\\/\",\"name\":\"Bladna News - Morocco\",\"description\":\"Where Moroccan Football Meets the World\",\"publisher\":{\"@id\":\"https:\\\/\\\/mediumseagreen-eel-531711.hostingersite.com\\\/#organization\"},\"potentialAction\":[{\"@type\":\"SearchAction\",\"target\":{\"@type\":\"EntryPoint\",\"urlTemplate\":\"https:\\\/\\\/mediumseagreen-eel-531711.hostingersite.com\\\/?s={search_term_string}\"},\"query-input\":{\"@type\":\"PropertyValueSpecification\",\"valueRequired\":true,\"valueName\":\"search_term_string\"}}],\"inLanguage\":\"fr-FR\"},{\"@type\":\"Organization\",\"@id\":\"https:\\\/\\\/mediumseagreen-eel-531711.hostingersite.com\\\/#organization\",\"name\":\"Bladna News.com\",\"url\":\"https:\\\/\\\/mediumseagreen-eel-531711.hostingersite.com\\\/\",\"logo\":{\"@type\":\"ImageObject\",\"inLanguage\":\"fr-FR\",\"@id\":\"https:\\\/\\\/mediumseagreen-eel-531711.hostingersite.com\\\/#\\\/schema\\\/logo\\\/image\\\/\",\"url\":\"https:\\\/\\\/bladnanews.com\\\/wp-content\\\/uploads\\\/2025\\\/12\\\/logo-bladnanews-V2-web-black-red.png\",\"contentUrl\":\"https:\\\/\\\/bladnanews.com\\\/wp-content\\\/uploads\\\/2025\\\/12\\\/logo-bladnanews-V2-web-black-red.png\",\"width\":703,\"height\":287,\"caption\":\"Bladna News.com\"},\"image\":{\"@id\":\"https:\\\/\\\/mediumseagreen-eel-531711.hostingersite.com\\\/#\\\/schema\\\/logo\\\/image\\\/\"},\"email\":\"info@bladnanews.com\",\"legalName\":\"Bladna News\"},{\"@type\":\"Person\",\"@id\":\"https:\\\/\\\/mediumseagreen-eel-531711.hostingersite.com\\\/#\\\/schema\\\/person\\\/268e18a453ab080ebf76df6ef7845083\",\"name\":\"Bladna News Staff\",\"url\":\"https:\\\/\\\/bladnanews.com\\\/fr\\\/author\\\/bladna-news-staff\\\/\"}]}<\/script>\n<!-- \/ Yoast SEO Premium plugin. -->","yoast_head_json":{"title":"Pourquoi le choix du successeur de Rosineir se situe entre Irola et Fabregas - Bladna News","robots":{"index":"index","follow":"follow","max-snippet":"max-snippet:-1","max-image-preview":"max-image-preview:large","max-video-preview":"max-video-preview:-1"},"canonical":"https:\/\/bladnanews.com\/fr\/pourquoi-le-choix-du-successeur-de-rosineirs-se-situe-entre-irola-et-fabregas\/","og_locale":"fr_FR","og_type":"article","og_title":"Why the choice for Rosineir\u2019s successor is between Irola and Fabregas","og_description":"Why the choice for Rosineir\u2019s successor is between Irola and Fabregas The search for a successor to Rosineir is narrowing [&hellip;]","og_url":"https:\/\/bladnanews.com\/fr\/pourquoi-le-choix-du-successeur-de-rosineirs-se-situe-entre-irola-et-fabregas\/","og_site_name":"Bladna News","article_published_time":"2026-04-27T18:27:13+00:00","og_image":[{"width":1312,"height":736,"url":"https:\/\/bladnanews.com\/wp-content\/uploads\/2025\/12\/freepik__bladna-newscom-moroccan-soccer-homepage-banner-mor__41838.png","type":"image\/png"}],"author":"Bladna News Staff","twitter_card":"summary_large_image","twitter_misc":{"\u00c9crit par":"Bladna News Staff","Dur\u00e9e de lecture estim\u00e9e":"2 minutes"},"schema":{"@context":"https:\/\/schema.org","@graph":[{"@type":"Article","@id":"https:\/\/bladnanews.com\/why-the-choice-for-rosineirs-successor-is-between-irola-and-fabregas\/#article","isPartOf":{"@id":"https:\/\/bladnanews.com\/why-the-choice-for-rosineirs-successor-is-between-irola-and-fabregas\/"},"author":{"name":"Bladna News Staff","@id":"https:\/\/mediumseagreen-eel-531711.hostingersite.com\/#\/schema\/person\/268e18a453ab080ebf76df6ef7845083"},"headline":"Why the choice for Rosineir\u2019s successor is between Irola and Fabregas","datePublished":"2026-04-27T18:27:13+00:00","mainEntityOfPage":{"@id":"https:\/\/bladnanews.com\/why-the-choice-for-rosineirs-successor-is-between-irola-and-fabregas\/"},"wordCount":391,"publisher":{"@id":"https:\/\/mediumseagreen-eel-531711.hostingersite.com\/#organization"},"image":{"@id":"https:\/\/bladnanews.com\/why-the-choice-for-rosineirs-successor-is-between-irola-and-fabregas\/#primaryimage"},"thumbnailUrl":"https:\/\/bladnanews.com\/wp-content\/uploads\/2026\/04\/Fabregas20vs20Iraola20for20Chelsea.jpg.jpg","articleSection":["International","Latest News"],"inLanguage":"fr-FR","copyrightYear":"2026","copyrightHolder":{"@id":"https:\/\/bladnanews.com\/fr\/#organization"}},{"@type":"WebPage","@id":"https:\/\/bladnanews.com\/why-the-choice-for-rosineirs-successor-is-between-irola-and-fabregas\/","url":"https:\/\/bladnanews.com\/why-the-choice-for-rosineirs-successor-is-between-irola-and-fabregas\/","name":"Pourquoi le choix du successeur de Rosineir se situe entre Irola et Fabregas - Bladna News","isPartOf":{"@id":"https:\/\/mediumseagreen-eel-531711.hostingersite.com\/#website"},"primaryImageOfPage":{"@id":"https:\/\/bladnanews.com\/why-the-choice-for-rosineirs-successor-is-between-irola-and-fabregas\/#primaryimage"},"image":{"@id":"https:\/\/bladnanews.com\/why-the-choice-for-rosineirs-successor-is-between-irola-and-fabregas\/#primaryimage"},"thumbnailUrl":"https:\/\/bladnanews.com\/wp-content\/uploads\/2026\/04\/Fabregas20vs20Iraola20for20Chelsea.jpg.jpg","datePublished":"2026-04-27T18:27:13+00:00","breadcrumb":{"@id":"https:\/\/bladnanews.com\/why-the-choice-for-rosineirs-successor-is-between-irola-and-fabregas\/#breadcrumb"},"inLanguage":"fr-FR","potentialAction":[{"@type":"ReadAction","target":["https:\/\/bladnanews.com\/why-the-choice-for-rosineirs-successor-is-between-irola-and-fabregas\/"]}]},{"@type":"ImageObject","inLanguage":"fr-FR","@id":"https:\/\/bladnanews.com\/why-the-choice-for-rosineirs-successor-is-between-irola-and-fabregas\/#primaryimage","url":"https:\/\/bladnanews.com\/wp-content\/uploads\/2026\/04\/Fabregas20vs20Iraola20for20Chelsea.jpg.jpg","contentUrl":"https:\/\/bladnanews.com\/wp-content\/uploads\/2026\/04\/Fabregas20vs20Iraola20for20Chelsea.jpg.jpg","width":1920,"height":1080,"caption":"Why the choice for Rosineir\u2019s successor is between Irola and Fabregas"},{"@type":"BreadcrumbList","@id":"https:\/\/bladnanews.com\/why-the-choice-for-rosineirs-successor-is-between-irola-and-fabregas\/#breadcrumb","itemListElement":[{"@type":"ListItem","position":1,"name":"Home","item":"https:\/\/bladnanews.com\/"},{"@type":"ListItem","position":2,"name":"Why the choice for Rosineir\u2019s successor is between Irola and Fabregas"}]},{"@type":"WebSite","@id":"https:\/\/mediumseagreen-eel-531711.hostingersite.com\/#website","url":"https:\/\/mediumseagreen-eel-531711.hostingersite.com\/","name":"Bladna News - Maroc","description":"Quand le football marocain rencontre le monde","publisher":{"@id":"https:\/\/mediumseagreen-eel-531711.hostingersite.com\/#organization"},"potentialAction":[{"@type":"SearchAction","target":{"@type":"EntryPoint","urlTemplate":"https:\/\/mediumseagreen-eel-531711.hostingersite.com\/?s={search_term_string}"},"query-input":{"@type":"PropertyValueSpecification","valueRequired":true,"valueName":"search_term_string"}}],"inLanguage":"fr-FR"},{"@type":"Organization","@id":"https:\/\/mediumseagreen-eel-531711.hostingersite.com\/#organization","name":"Bladna News.com","url":"https:\/\/mediumseagreen-eel-531711.hostingersite.com\/","logo":{"@type":"ImageObject","inLanguage":"fr-FR","@id":"https:\/\/mediumseagreen-eel-531711.hostingersite.com\/#\/schema\/logo\/image\/","url":"https:\/\/bladnanews.com\/wp-content\/uploads\/2025\/12\/logo-bladnanews-V2-web-black-red.png","contentUrl":"https:\/\/bladnanews.com\/wp-content\/uploads\/2025\/12\/logo-bladnanews-V2-web-black-red.png","width":703,"height":287,"caption":"Bladna News.com"},"image":{"@id":"https:\/\/mediumseagreen-eel-531711.hostingersite.com\/#\/schema\/logo\/image\/"},"email":"info@bladnanews.com","legalName":"Bladna News"},{"@type":"Person","@id":"https:\/\/mediumseagreen-eel-531711.hostingersite.com\/#\/schema\/person\/268e18a453ab080ebf76df6ef7845083","name":"\u00c9quipe r\u00e9dactionnelle de Bladna News","url":"https:\/\/bladnanews.com\/fr\/author\/bladna-news-staff\/"}]}},"_links":{"self":[{"href":"https:\/\/bladnanews.com\/fr\/wp-json\/wp\/v2\/posts\/11021","targetHints":{"allow":["GET"]}}],"collection":[{"href":"https:\/\/bladnanews.com\/fr\/wp-json\/wp\/v2\/posts"}],"about":[{"href":"https:\/\/bladnanews.com\/fr\/wp-json\/wp\/v2\/types\/post"}],"author":[{"embeddable":true,"href":"https:\/\/bladnanews.com\/fr\/wp-json\/wp\/v2\/users\/3"}],"replies":[{"embeddable":true,"href":"https:\/\/bladnanews.com\/fr\/wp-json\/wp\/v2\/comments?post=11021"}],"version-history":[{"count":0,"href":"https:\/\/bladnanews.com\/fr\/wp-json\/wp\/v2\/posts\/11021\/revisions"}],"wp:featuredmedia":[{"embeddable":true,"href":"https:\/\/bladnanews.com\/fr\/wp-json\/wp\/v2\/media\/11020"}],"wp:attachment":[{"href":"https:\/\/bladnanews.com\/fr\/wp-json\/wp\/v2\/media?parent=11021"}],"wp:term":[{"taxonomy":"category","embeddable":true,"href":"https:\/\/bladnanews.com\/fr\/wp-json\/wp\/v2\/categories?post=11021"},{"taxonomy":"post_tag","embeddable":true,"href":"https:\/\/bladnanews.com\/fr\/wp-json\/wp\/v2\/tags?post=11021"}],"curies":[{"name":"wp","href":"https:\/\/api.w.org\/{rel}","templated":true}]}}