{"id":11023,"date":"2026-04-27T18:30:16","date_gmt":"2026-04-27T18:30:16","guid":{"rendered":"https:\/\/bladnanews.com\/havertz-injury-deepens-arsenals-attacking-crisis\/"},"modified":"2026-04-27T18:30:16","modified_gmt":"2026-04-27T18:30:16","slug":"la-blessure-de-havertz-aggrave-la-crise-offensive-darsenal","status":"publish","type":"post","link":"https:\/\/bladnanews.com\/fr\/la-blessure-de-havertz-aggrave-la-crise-offensive-darsenal\/","title":{"rendered":"La blessure de Havertz aggrave la crise offensive d'Arsenal"},"content":{"rendered":"<p>La crise offensive d'Arsenal a pris un nouveau tournant pour le pire apr\u00e8s que Kai Havertz a subi une grave blessure, suscitant la crainte que le cauchemar du club devant le but ne se r\u00e9p\u00e8te. L'international allemand, arriv\u00e9 \u00e0 l'Emirates avec de grandes attentes, fait d\u00e9sormais face \u00e0 une p\u00e9riode d'indisponibilit\u00e9 qui pourrait compromettre les plans de l'\u00e9quipe pour le reste de la saison 2025-2026.<\/p>\n<p>La blessure est survenue lors d'une s\u00e9ance d'entra\u00eenement plus t\u00f4t cette semaine, les premiers examens m\u00e9dicaux ayant confirm\u00e9 une l\u00e9sion aux ischio-jambiers. Des sources proches du club ont indiqu\u00e9 que Havertz devrait manquer plusieurs matchs cruciaux, notamment des rencontres cl\u00e9s de Premier League et les prochaines phases \u00e0 \u00e9limination directe de la Ligue des champions. Le calendrier exact de son r\u00e9tablissement reste incertain, mais les premi\u00e8res estimations sugg\u00e8rent une absence d'au moins six \u00e0 huit semaines.<\/p>\n<p>Ce revers survient \u00e0 un moment o\u00f9 l'attaque d'Arsenal peinait d\u00e9j\u00e0 \u00e0 trouver de la r\u00e9gularit\u00e9. Les Gunners n'ont inscrit que 12 buts lors de leurs 10 derniers matchs de championnat, un contraste frappant avec leur forme prolifique en d\u00e9but de saison. L'entra\u00eeneur Mikel Arteta est d\u00e9sormais confront\u00e9 \u00e0 un casse-t\u00eate en mati\u00e8re de s\u00e9lection, avec des options limit\u00e9es en attaque. Gabriel Jesus est encore en phase de retrouver une pleine forme physique, tandis qu'Eddie Nketiah n'a pas r\u00e9ussi \u00e0 convaincre en tant que titulaire r\u00e9gulier.<\/p>\n<p>La situation a \u00e9t\u00e9 compar\u00e9e \u00e0 la saison 2023-2024, lorsque la course au titre d'Arsenal avait \u00e9chou\u00e9 en raison d'un manque de profondeur en attaque. \u00c0 l'\u00e9poque, les blessures de joueurs cl\u00e9s et la d\u00e9pendance \u00e0 un effectif r\u00e9duit avaient expos\u00e9 les vuln\u00e9rabilit\u00e9s de l'\u00e9quipe. Aujourd'hui, avec Havertz sur la touche, le m\u00eame sch\u00e9ma semble se reproduire. Arteta a admis lors d'une conf\u00e9rence de presse vendredi : \u201c Perdre Kai est un coup dur. Il commen\u00e7ait \u00e0 trouver son rythme et \u00e0 contribuer dans des moments importants. Nous devons nous adapter et trouver des solutions au sein de l'effectif. \u201d<\/p>\n<p>L'absence de Havertz met \u00e9galement la pression sur la strat\u00e9gie de recrutement du club. Arsenal a choisi de ne pas recruter un nouvel attaquant lors du mercato hivernal, une d\u00e9cision qui semble d\u00e9sormais discutable. Avec le march\u00e9 des transferts ferm\u00e9 jusqu'\u00e0 l'\u00e9t\u00e9, Arteta doit compter sur ses joueurs actuels pour \u00e9lever leur niveau. Bukayo Saka et Martin \u00d8degaard devront assumer une plus grande charge cr\u00e9ative, tandis que Leandro Trossard pourrait \u00eatre utilis\u00e9 comme faux neuf.<\/p>\n<p>Les supporters ont exprim\u00e9 leur frustration sur les r\u00e9seaux sociaux, beaucoup pointant du doigt l'incapacit\u00e9 r\u00e9currente du club \u00e0 renforcer son attaque. Un fan a \u00e9crit : \u201c Nous l'avions vu venir. Chaque saison, la m\u00eame histoire. Nous avons besoin d'un v\u00e9ritable attaquant, pas seulement de joueurs capables de d\u00e9panner. \u201d Un autre a ajout\u00e9 : \u201c Havertz commen\u00e7ait \u00e0 montrer sa valeur, et maintenant \u00e7a. On se croirait en 2023. \u201d<\/p>\n<p>Le prochain match d'Arsenal est contre une \u00e9quipe d'Aston Villa en pleine renaissance, et Arteta devra prendre des d\u00e9cisions rapides. La capacit\u00e9 de l'\u00e9quipe \u00e0 faire face sans Havertz pourrait d\u00e9finir leur saison. Si l'histoire est un guide, les semaines \u00e0 venir mettront \u00e0 l'\u00e9preuve non seulement la profondeur de l'effectif, mais aussi la planification \u00e0 long terme du club. Pour l'instant, la blessure de Havertz a rouvert de vieilles blessures, et la question que tout le monde se pose est de savoir si Arsenal peut \u00e9viter de r\u00e9p\u00e9ter les m\u00eames erreurs co\u00fbteuses.<\/p>","protected":false},"excerpt":{"rendered":"<p>Arsenal\u2019s attacking crisis has taken a fresh turn for the worse after Kai Havertz suffered a serious injury, raising fears [&hellip;]<\/p>\n","protected":false},"author":3,"featured_media":11022,"comment_status":"","ping_status":"open","sticky":false,"template":"","format":"standard","meta":{"googlesitekit_rrm_CAow_uzEDA:productID":"","site-sidebar-layout":"default","site-content-layout":"","ast-site-content-layout":"default","site-content-style":"default","site-sidebar-style":"default","ast-global-header-display":"","ast-banner-title-visibility":"","ast-main-header-display":"","ast-hfb-above-header-display":"","ast-hfb-below-header-display":"","ast-hfb-mobile-header-display":"","site-post-title":"","ast-breadcrumbs-content":"","ast-featured-img":"","footer-sml-layout":"","ast-disable-related-posts":"","theme-transparent-header-meta":"","adv-header-id-meta":"","stick-header-meta":"","header-above-stick-meta":"","header-main-stick-meta":"","header-below-stick-meta":"","astra-migrate-meta-layouts":"default","ast-page-background-enabled":"default","ast-page-background-meta":{"desktop":{"background-color":"var(--ast-global-color-5)","background-image":"","background-repeat":"repeat","background-position":"center center","background-size":"auto","background-attachment":"scroll","background-type":"","background-media":"","overlay-type":"","overlay-color":"","overlay-opacity":"","overlay-gradient":""},"tablet":{"background-color":"","background-image":"","background-repeat":"repeat","background-position":"center center","background-size":"auto","background-attachment":"scroll","background-type":"","background-media":"","overlay-type":"","overlay-color":"","overlay-opacity":"","overlay-gradient":""},"mobile":{"background-color":"","background-image":"","background-repeat":"repeat","background-position":"center center","background-size":"auto","background-attachment":"scroll","background-type":"","background-media":"","overlay-type":"","overlay-color":"","overlay-opacity":"","overlay-gradient":""}},"ast-content-background-meta":{"desktop":{"background-color":"var(--ast-global-color-4)","background-image":"","background-repeat":"repeat","background-position":"center center","background-size":"auto","background-attachment":"scroll","background-type":"","background-media":"","overlay-type":"","overlay-color":"","overlay-opacity":"","overlay-gradient":""},"tablet":{"background-color":"var(--ast-global-color-4)","background-image":"","background-repeat":"repeat","background-position":"center center","background-size":"auto","background-attachment":"scroll","background-type":"","background-media":"","overlay-type":"","overlay-color":"","overlay-opacity":"","overlay-gradient":""},"mobile":{"background-color":"var(--ast-global-color-4)","background-image":"","background-repeat":"repeat","background-position":"center center","background-size":"auto","background-attachment":"scroll","background-type":"","background-media":"","overlay-type":"","overlay-color":"","overlay-opacity":"","overlay-gradient":""}},"footnotes":""},"categories":[20,1],"tags":[],"class_list":["post-11023","post","type-post","status-publish","format-standard","has-post-thumbnail","hentry","category-international","category-football-latest-news"],"yoast_head":"<!-- This site is optimized with the Yoast SEO Premium plugin v26.6 (Yoast SEO v27.4) - https:\/\/yoast.com\/product\/yoast-seo-premium-wordpress\/ -->\n<title>Havertz injury deepens Arsenal\u2019s attacking crisis - Bladna News<\/title>\n<meta name=\"robots\" content=\"index, follow, max-snippet:-1, max-image-preview:large, max-video-preview:-1\" \/>\n<link rel=\"canonical\" href=\"https:\/\/bladnanews.com\/fr\/la-blessure-de-havertz-aggrave-la-crise-offensive-darsenal\/\" \/>\n<meta property=\"og:locale\" content=\"fr_FR\" \/>\n<meta property=\"og:type\" content=\"article\" \/>\n<meta property=\"og:title\" content=\"Havertz injury deepens Arsenal\u2019s attacking crisis\" \/>\n<meta property=\"og:description\" content=\"Arsenal\u2019s attacking crisis has taken a fresh turn for the worse after Kai Havertz suffered a serious injury, raising fears [&hellip;]\" \/>\n<meta property=\"og:url\" content=\"https:\/\/bladnanews.com\/fr\/la-blessure-de-havertz-aggrave-la-crise-offensive-darsenal\/\" \/>\n<meta property=\"og:site_name\" content=\"Bladna News\" \/>\n<meta property=\"article:published_time\" content=\"2026-04-27T18:30:16+00:00\" \/>\n<meta property=\"og:image\" content=\"https:\/\/bladnanews.com\/wp-content\/uploads\/2025\/12\/freepik__bladna-newscom-moroccan-soccer-homepage-banner-mor__41838.png\" \/>\n\t<meta property=\"og:image:width\" content=\"1312\" \/>\n\t<meta property=\"og:image:height\" content=\"736\" \/>\n\t<meta property=\"og:image:type\" content=\"image\/png\" \/>\n<meta name=\"author\" content=\"Bladna News Staff\" \/>\n<meta name=\"twitter:card\" content=\"summary_large_image\" \/>\n<meta name=\"twitter:label1\" content=\"\u00c9crit par\" \/>\n\t<meta name=\"twitter:data1\" content=\"Bladna News Staff\" \/>\n\t<meta name=\"twitter:label2\" content=\"Dur\u00e9e de lecture estim\u00e9e\" \/>\n\t<meta name=\"twitter:data2\" content=\"3 minutes\" \/>\n<script type=\"application\/ld+json\" class=\"yoast-schema-graph\">{\"@context\":\"https:\\\/\\\/schema.org\",\"@graph\":[{\"@type\":\"Article\",\"@id\":\"https:\\\/\\\/bladnanews.com\\\/havertz-injury-deepens-arsenals-attacking-crisis\\\/#article\",\"isPartOf\":{\"@id\":\"https:\\\/\\\/bladnanews.com\\\/havertz-injury-deepens-arsenals-attacking-crisis\\\/\"},\"author\":{\"name\":\"Bladna News Staff\",\"@id\":\"https:\\\/\\\/mediumseagreen-eel-531711.hostingersite.com\\\/#\\\/schema\\\/person\\\/268e18a453ab080ebf76df6ef7845083\"},\"headline\":\"Havertz injury deepens Arsenal\u2019s attacking crisis\",\"datePublished\":\"2026-04-27T18:30:16+00:00\",\"mainEntityOfPage\":{\"@id\":\"https:\\\/\\\/bladnanews.com\\\/havertz-injury-deepens-arsenals-attacking-crisis\\\/\"},\"wordCount\":515,\"publisher\":{\"@id\":\"https:\\\/\\\/mediumseagreen-eel-531711.hostingersite.com\\\/#organization\"},\"image\":{\"@id\":\"https:\\\/\\\/bladnanews.com\\\/havertz-injury-deepens-arsenals-attacking-crisis\\\/#primaryimage\"},\"thumbnailUrl\":\"https:\\\/\\\/bladnanews.com\\\/wp-content\\\/uploads\\\/2026\\\/04\\\/GettyImages-2272077276.jpg-scaled.jpg\",\"articleSection\":[\"International\",\"Latest News\"],\"inLanguage\":\"fr-FR\",\"copyrightYear\":\"2026\",\"copyrightHolder\":{\"@id\":\"https:\\\/\\\/bladnanews.com\\\/fr\\\/#organization\"}},{\"@type\":\"WebPage\",\"@id\":\"https:\\\/\\\/bladnanews.com\\\/havertz-injury-deepens-arsenals-attacking-crisis\\\/\",\"url\":\"https:\\\/\\\/bladnanews.com\\\/havertz-injury-deepens-arsenals-attacking-crisis\\\/\",\"name\":\"Havertz injury deepens Arsenal\u2019s attacking crisis - Bladna News\",\"isPartOf\":{\"@id\":\"https:\\\/\\\/mediumseagreen-eel-531711.hostingersite.com\\\/#website\"},\"primaryImageOfPage\":{\"@id\":\"https:\\\/\\\/bladnanews.com\\\/havertz-injury-deepens-arsenals-attacking-crisis\\\/#primaryimage\"},\"image\":{\"@id\":\"https:\\\/\\\/bladnanews.com\\\/havertz-injury-deepens-arsenals-attacking-crisis\\\/#primaryimage\"},\"thumbnailUrl\":\"https:\\\/\\\/bladnanews.com\\\/wp-content\\\/uploads\\\/2026\\\/04\\\/GettyImages-2272077276.jpg-scaled.jpg\",\"datePublished\":\"2026-04-27T18:30:16+00:00\",\"breadcrumb\":{\"@id\":\"https:\\\/\\\/bladnanews.com\\\/havertz-injury-deepens-arsenals-attacking-crisis\\\/#breadcrumb\"},\"inLanguage\":\"fr-FR\",\"potentialAction\":[{\"@type\":\"ReadAction\",\"target\":[\"https:\\\/\\\/bladnanews.com\\\/havertz-injury-deepens-arsenals-attacking-crisis\\\/\"]}]},{\"@type\":\"ImageObject\",\"inLanguage\":\"fr-FR\",\"@id\":\"https:\\\/\\\/bladnanews.com\\\/havertz-injury-deepens-arsenals-attacking-crisis\\\/#primaryimage\",\"url\":\"https:\\\/\\\/bladnanews.com\\\/wp-content\\\/uploads\\\/2026\\\/04\\\/GettyImages-2272077276.jpg-scaled.jpg\",\"contentUrl\":\"https:\\\/\\\/bladnanews.com\\\/wp-content\\\/uploads\\\/2026\\\/04\\\/GettyImages-2272077276.jpg-scaled.jpg\",\"width\":2560,\"height\":1440,\"caption\":\"Havertz injury deepens Arsenal\u2019s attacking crisis\"},{\"@type\":\"BreadcrumbList\",\"@id\":\"https:\\\/\\\/bladnanews.com\\\/havertz-injury-deepens-arsenals-attacking-crisis\\\/#breadcrumb\",\"itemListElement\":[{\"@type\":\"ListItem\",\"position\":1,\"name\":\"Home\",\"item\":\"https:\\\/\\\/bladnanews.com\\\/\"},{\"@type\":\"ListItem\",\"position\":2,\"name\":\"Havertz injury deepens Arsenal\u2019s attacking crisis\"}]},{\"@type\":\"WebSite\",\"@id\":\"https:\\\/\\\/mediumseagreen-eel-531711.hostingersite.com\\\/#website\",\"url\":\"https:\\\/\\\/mediumseagreen-eel-531711.hostingersite.com\\\/\",\"name\":\"Bladna News - Morocco\",\"description\":\"Where Moroccan Football Meets the World\",\"publisher\":{\"@id\":\"https:\\\/\\\/mediumseagreen-eel-531711.hostingersite.com\\\/#organization\"},\"potentialAction\":[{\"@type\":\"SearchAction\",\"target\":{\"@type\":\"EntryPoint\",\"urlTemplate\":\"https:\\\/\\\/mediumseagreen-eel-531711.hostingersite.com\\\/?s={search_term_string}\"},\"query-input\":{\"@type\":\"PropertyValueSpecification\",\"valueRequired\":true,\"valueName\":\"search_term_string\"}}],\"inLanguage\":\"fr-FR\"},{\"@type\":\"Organization\",\"@id\":\"https:\\\/\\\/mediumseagreen-eel-531711.hostingersite.com\\\/#organization\",\"name\":\"Bladna News.com\",\"url\":\"https:\\\/\\\/mediumseagreen-eel-531711.hostingersite.com\\\/\",\"logo\":{\"@type\":\"ImageObject\",\"inLanguage\":\"fr-FR\",\"@id\":\"https:\\\/\\\/mediumseagreen-eel-531711.hostingersite.com\\\/#\\\/schema\\\/logo\\\/image\\\/\",\"url\":\"https:\\\/\\\/bladnanews.com\\\/wp-content\\\/uploads\\\/2025\\\/12\\\/logo-bladnanews-V2-web-black-red.png\",\"contentUrl\":\"https:\\\/\\\/bladnanews.com\\\/wp-content\\\/uploads\\\/2025\\\/12\\\/logo-bladnanews-V2-web-black-red.png\",\"width\":703,\"height\":287,\"caption\":\"Bladna News.com\"},\"image\":{\"@id\":\"https:\\\/\\\/mediumseagreen-eel-531711.hostingersite.com\\\/#\\\/schema\\\/logo\\\/image\\\/\"},\"email\":\"info@bladnanews.com\",\"legalName\":\"Bladna News\"},{\"@type\":\"Person\",\"@id\":\"https:\\\/\\\/mediumseagreen-eel-531711.hostingersite.com\\\/#\\\/schema\\\/person\\\/268e18a453ab080ebf76df6ef7845083\",\"name\":\"Bladna News Staff\",\"url\":\"https:\\\/\\\/bladnanews.com\\\/fr\\\/author\\\/bladna-news-staff\\\/\"}]}<\/script>\n<!-- \/ Yoast SEO Premium plugin. -->","yoast_head_json":{"title":"La blessure de Havertz aggrave la crise offensive d'Arsenal - Bladna News","robots":{"index":"index","follow":"follow","max-snippet":"max-snippet:-1","max-image-preview":"max-image-preview:large","max-video-preview":"max-video-preview:-1"},"canonical":"https:\/\/bladnanews.com\/fr\/la-blessure-de-havertz-aggrave-la-crise-offensive-darsenal\/","og_locale":"fr_FR","og_type":"article","og_title":"Havertz injury deepens Arsenal\u2019s attacking crisis","og_description":"Arsenal\u2019s attacking crisis has taken a fresh turn for the worse after Kai Havertz suffered a serious injury, raising fears [&hellip;]","og_url":"https:\/\/bladnanews.com\/fr\/la-blessure-de-havertz-aggrave-la-crise-offensive-darsenal\/","og_site_name":"Bladna News","article_published_time":"2026-04-27T18:30:16+00:00","og_image":[{"width":1312,"height":736,"url":"https:\/\/bladnanews.com\/wp-content\/uploads\/2025\/12\/freepik__bladna-newscom-moroccan-soccer-homepage-banner-mor__41838.png","type":"image\/png"}],"author":"Bladna News Staff","twitter_card":"summary_large_image","twitter_misc":{"\u00c9crit par":"Bladna News Staff","Dur\u00e9e de lecture estim\u00e9e":"3 minutes"},"schema":{"@context":"https:\/\/schema.org","@graph":[{"@type":"Article","@id":"https:\/\/bladnanews.com\/havertz-injury-deepens-arsenals-attacking-crisis\/#article","isPartOf":{"@id":"https:\/\/bladnanews.com\/havertz-injury-deepens-arsenals-attacking-crisis\/"},"author":{"name":"Bladna News Staff","@id":"https:\/\/mediumseagreen-eel-531711.hostingersite.com\/#\/schema\/person\/268e18a453ab080ebf76df6ef7845083"},"headline":"Havertz injury deepens Arsenal\u2019s attacking crisis","datePublished":"2026-04-27T18:30:16+00:00","mainEntityOfPage":{"@id":"https:\/\/bladnanews.com\/havertz-injury-deepens-arsenals-attacking-crisis\/"},"wordCount":515,"publisher":{"@id":"https:\/\/mediumseagreen-eel-531711.hostingersite.com\/#organization"},"image":{"@id":"https:\/\/bladnanews.com\/havertz-injury-deepens-arsenals-attacking-crisis\/#primaryimage"},"thumbnailUrl":"https:\/\/bladnanews.com\/wp-content\/uploads\/2026\/04\/GettyImages-2272077276.jpg-scaled.jpg","articleSection":["International","Latest News"],"inLanguage":"fr-FR","copyrightYear":"2026","copyrightHolder":{"@id":"https:\/\/bladnanews.com\/fr\/#organization"}},{"@type":"WebPage","@id":"https:\/\/bladnanews.com\/havertz-injury-deepens-arsenals-attacking-crisis\/","url":"https:\/\/bladnanews.com\/havertz-injury-deepens-arsenals-attacking-crisis\/","name":"La blessure de Havertz aggrave la crise offensive d'Arsenal - Bladna News","isPartOf":{"@id":"https:\/\/mediumseagreen-eel-531711.hostingersite.com\/#website"},"primaryImageOfPage":{"@id":"https:\/\/bladnanews.com\/havertz-injury-deepens-arsenals-attacking-crisis\/#primaryimage"},"image":{"@id":"https:\/\/bladnanews.com\/havertz-injury-deepens-arsenals-attacking-crisis\/#primaryimage"},"thumbnailUrl":"https:\/\/bladnanews.com\/wp-content\/uploads\/2026\/04\/GettyImages-2272077276.jpg-scaled.jpg","datePublished":"2026-04-27T18:30:16+00:00","breadcrumb":{"@id":"https:\/\/bladnanews.com\/havertz-injury-deepens-arsenals-attacking-crisis\/#breadcrumb"},"inLanguage":"fr-FR","potentialAction":[{"@type":"ReadAction","target":["https:\/\/bladnanews.com\/havertz-injury-deepens-arsenals-attacking-crisis\/"]}]},{"@type":"ImageObject","inLanguage":"fr-FR","@id":"https:\/\/bladnanews.com\/havertz-injury-deepens-arsenals-attacking-crisis\/#primaryimage","url":"https:\/\/bladnanews.com\/wp-content\/uploads\/2026\/04\/GettyImages-2272077276.jpg-scaled.jpg","contentUrl":"https:\/\/bladnanews.com\/wp-content\/uploads\/2026\/04\/GettyImages-2272077276.jpg-scaled.jpg","width":2560,"height":1440,"caption":"Havertz injury deepens Arsenal\u2019s attacking crisis"},{"@type":"BreadcrumbList","@id":"https:\/\/bladnanews.com\/havertz-injury-deepens-arsenals-attacking-crisis\/#breadcrumb","itemListElement":[{"@type":"ListItem","position":1,"name":"Home","item":"https:\/\/bladnanews.com\/"},{"@type":"ListItem","position":2,"name":"Havertz injury deepens Arsenal\u2019s attacking crisis"}]},{"@type":"WebSite","@id":"https:\/\/mediumseagreen-eel-531711.hostingersite.com\/#website","url":"https:\/\/mediumseagreen-eel-531711.hostingersite.com\/","name":"Bladna News - Maroc","description":"Quand le football marocain rencontre le monde","publisher":{"@id":"https:\/\/mediumseagreen-eel-531711.hostingersite.com\/#organization"},"potentialAction":[{"@type":"SearchAction","target":{"@type":"EntryPoint","urlTemplate":"https:\/\/mediumseagreen-eel-531711.hostingersite.com\/?s={search_term_string}"},"query-input":{"@type":"PropertyValueSpecification","valueRequired":true,"valueName":"search_term_string"}}],"inLanguage":"fr-FR"},{"@type":"Organization","@id":"https:\/\/mediumseagreen-eel-531711.hostingersite.com\/#organization","name":"Bladna News.com","url":"https:\/\/mediumseagreen-eel-531711.hostingersite.com\/","logo":{"@type":"ImageObject","inLanguage":"fr-FR","@id":"https:\/\/mediumseagreen-eel-531711.hostingersite.com\/#\/schema\/logo\/image\/","url":"https:\/\/bladnanews.com\/wp-content\/uploads\/2025\/12\/logo-bladnanews-V2-web-black-red.png","contentUrl":"https:\/\/bladnanews.com\/wp-content\/uploads\/2025\/12\/logo-bladnanews-V2-web-black-red.png","width":703,"height":287,"caption":"Bladna News.com"},"image":{"@id":"https:\/\/mediumseagreen-eel-531711.hostingersite.com\/#\/schema\/logo\/image\/"},"email":"info@bladnanews.com","legalName":"Bladna News"},{"@type":"Person","@id":"https:\/\/mediumseagreen-eel-531711.hostingersite.com\/#\/schema\/person\/268e18a453ab080ebf76df6ef7845083","name":"\u00c9quipe r\u00e9dactionnelle de Bladna News","url":"https:\/\/bladnanews.com\/fr\/author\/bladna-news-staff\/"}]}},"_links":{"self":[{"href":"https:\/\/bladnanews.com\/fr\/wp-json\/wp\/v2\/posts\/11023","targetHints":{"allow":["GET"]}}],"collection":[{"href":"https:\/\/bladnanews.com\/fr\/wp-json\/wp\/v2\/posts"}],"about":[{"href":"https:\/\/bladnanews.com\/fr\/wp-json\/wp\/v2\/types\/post"}],"author":[{"embeddable":true,"href":"https:\/\/bladnanews.com\/fr\/wp-json\/wp\/v2\/users\/3"}],"replies":[{"embeddable":true,"href":"https:\/\/bladnanews.com\/fr\/wp-json\/wp\/v2\/comments?post=11023"}],"version-history":[{"count":0,"href":"https:\/\/bladnanews.com\/fr\/wp-json\/wp\/v2\/posts\/11023\/revisions"}],"wp:featuredmedia":[{"embeddable":true,"href":"https:\/\/bladnanews.com\/fr\/wp-json\/wp\/v2\/media\/11022"}],"wp:attachment":[{"href":"https:\/\/bladnanews.com\/fr\/wp-json\/wp\/v2\/media?parent=11023"}],"wp:term":[{"taxonomy":"category","embeddable":true,"href":"https:\/\/bladnanews.com\/fr\/wp-json\/wp\/v2\/categories?post=11023"},{"taxonomy":"post_tag","embeddable":true,"href":"https:\/\/bladnanews.com\/fr\/wp-json\/wp\/v2\/tags?post=11023"}],"curies":[{"name":"wp","href":"https:\/\/api.w.org\/{rel}","templated":true}]}}