{"id":11025,"date":"2026-04-27T19:42:12","date_gmt":"2026-04-27T19:42:12","guid":{"rendered":"https:\/\/bladnanews.com\/mourinhos-laundry-basket-story-becomes-kompanys-mockery\/"},"modified":"2026-04-27T19:42:12","modified_gmt":"2026-04-27T19:42:12","slug":"lhistoire-du-panier-a-linge-de-mourinho-devient-la-risee-de-kompany","status":"publish","type":"post","link":"https:\/\/bladnanews.com\/fr\/lhistoire-du-panier-a-linge-de-mourinho-devient-la-risee-de-kompany\/","title":{"rendered":"L'histoire du panier \u00e0 linge de Mourinho devient la moquerie de Kompany"},"content":{"rendered":"<p>La c\u00e9l\u00e8bre histoire du \u201c panier \u00e0 linge \u201d de Jos\u00e9 Mourinho a pris une nouvelle tournure, devenant une source de moquerie de la part de Vincent Kompany. Ce r\u00e9cit, que l'entra\u00eeneur portugais avait utilis\u00e9 pour illustrer un propos, a d\u00e9sormais \u00e9t\u00e9 retourn\u00e9 contre lui par l'entra\u00eeneur du Bayern Munich.<\/p>\n<p>L'histoire remonte \u00e0 l'\u00e9poque de Mourinho au Real Madrid, lorsqu'il affirmait s'\u00eatre cach\u00e9 dans un panier \u00e0 linge pour \u00e9viter les m\u00e9dias apr\u00e8s une d\u00e9faite. C'\u00e9tait une anecdote qu'il racontait pour montrer comment il prot\u00e9geait ses joueurs des critiques. Mais aujourd'hui, Kompany l'a utilis\u00e9e pour se moquer de l'ancien entra\u00eeneur de Chelsea et de Manchester United.<\/p>\n<p>S'exprimant avant un choc de Ligue des champions, Kompany a fait r\u00e9f\u00e9rence \u00e0 cette anecdote avec un sourire en coin. \u201c J'ai entendu parler de l'histoire du panier \u00e0 linge \u201d, a-t-il d\u00e9clar\u00e9. \u201c Peut-\u00eatre que je devrais essayer cela un jour. Mais je pense que je resterais coinc\u00e9. \u201d Le commentaire du Belge a provoqu\u00e9 des rires dans la salle de presse, transformant la vieille histoire de Mourinho en une pique l\u00e9g\u00e8re.<\/p>\n<p>Mourinho, d\u00e9sormais \u00e0 Fenerbah\u00e7e, n'a pas r\u00e9pondu aux remarques de Kompany. Mais l'histoire a refait surface dans les cercles du football, les fans et les commentateurs appr\u00e9ciant l'ironie de la situation. Ce qui \u00e9tait autrefois une affirmation s\u00e9rieuse sur la pression des entra\u00eeneurs est devenu une plaisanterie r\u00e9currente, gr\u00e2ce \u00e0 l'esprit de Kompany.<\/p>\n<p>Cet incident met en lumi\u00e8re la rapidit\u00e9 avec laquelle les r\u00e9cits \u00e9voluent dans le football. Le panier \u00e0 linge de Mourinho, autrefois symbole de sa ruse, est d\u00e9sormais une chute de blague. Et Kompany, connu pour son esprit vif sur et en dehors du terrain, a veill\u00e9 \u00e0 ce qu'il en reste ainsi pour l'instant.<\/p>","protected":false},"excerpt":{"rendered":"<p>Jos\u00e9 Mourinho&#8217;s infamous &#8220;laundry basket&#8221; story has taken a new twist, becoming a source of mockery from Vincent Kompany. The [&hellip;]<\/p>\n","protected":false},"author":3,"featured_media":11024,"comment_status":"","ping_status":"open","sticky":false,"template":"","format":"standard","meta":{"googlesitekit_rrm_CAow_uzEDA:productID":"","site-sidebar-layout":"default","site-content-layout":"","ast-site-content-layout":"default","site-content-style":"default","site-sidebar-style":"default","ast-global-header-display":"","ast-banner-title-visibility":"","ast-main-header-display":"","ast-hfb-above-header-display":"","ast-hfb-below-header-display":"","ast-hfb-mobile-header-display":"","site-post-title":"","ast-breadcrumbs-content":"","ast-featured-img":"","footer-sml-layout":"","ast-disable-related-posts":"","theme-transparent-header-meta":"","adv-header-id-meta":"","stick-header-meta":"","header-above-stick-meta":"","header-main-stick-meta":"","header-below-stick-meta":"","astra-migrate-meta-layouts":"default","ast-page-background-enabled":"default","ast-page-background-meta":{"desktop":{"background-color":"var(--ast-global-color-5)","background-image":"","background-repeat":"repeat","background-position":"center center","background-size":"auto","background-attachment":"scroll","background-type":"","background-media":"","overlay-type":"","overlay-color":"","overlay-opacity":"","overlay-gradient":""},"tablet":{"background-color":"","background-image":"","background-repeat":"repeat","background-position":"center center","background-size":"auto","background-attachment":"scroll","background-type":"","background-media":"","overlay-type":"","overlay-color":"","overlay-opacity":"","overlay-gradient":""},"mobile":{"background-color":"","background-image":"","background-repeat":"repeat","background-position":"center center","background-size":"auto","background-attachment":"scroll","background-type":"","background-media":"","overlay-type":"","overlay-color":"","overlay-opacity":"","overlay-gradient":""}},"ast-content-background-meta":{"desktop":{"background-color":"var(--ast-global-color-4)","background-image":"","background-repeat":"repeat","background-position":"center center","background-size":"auto","background-attachment":"scroll","background-type":"","background-media":"","overlay-type":"","overlay-color":"","overlay-opacity":"","overlay-gradient":""},"tablet":{"background-color":"var(--ast-global-color-4)","background-image":"","background-repeat":"repeat","background-position":"center center","background-size":"auto","background-attachment":"scroll","background-type":"","background-media":"","overlay-type":"","overlay-color":"","overlay-opacity":"","overlay-gradient":""},"mobile":{"background-color":"var(--ast-global-color-4)","background-image":"","background-repeat":"repeat","background-position":"center center","background-size":"auto","background-attachment":"scroll","background-type":"","background-media":"","overlay-type":"","overlay-color":"","overlay-opacity":"","overlay-gradient":""}},"footnotes":""},"categories":[20,1],"tags":[],"class_list":["post-11025","post","type-post","status-publish","format-standard","has-post-thumbnail","hentry","category-international","category-football-latest-news"],"yoast_head":"<!-- This site is optimized with the Yoast SEO Premium plugin v26.6 (Yoast SEO v27.4) - https:\/\/yoast.com\/product\/yoast-seo-premium-wordpress\/ -->\n<title>Mourinho&#039;s laundry basket story becomes Kompany&#039;s mockery - Bladna News<\/title>\n<meta name=\"robots\" content=\"index, follow, max-snippet:-1, max-image-preview:large, max-video-preview:-1\" \/>\n<link rel=\"canonical\" href=\"https:\/\/bladnanews.com\/fr\/lhistoire-du-panier-a-linge-de-mourinho-devient-la-risee-de-kompany\/\" \/>\n<meta property=\"og:locale\" content=\"fr_FR\" \/>\n<meta property=\"og:type\" content=\"article\" \/>\n<meta property=\"og:title\" content=\"Mourinho&#039;s laundry basket story becomes Kompany&#039;s mockery\" \/>\n<meta property=\"og:description\" content=\"Jos\u00e9 Mourinho&#8217;s infamous &#8220;laundry basket&#8221; story has taken a new twist, becoming a source of mockery from Vincent Kompany. The [&hellip;]\" \/>\n<meta property=\"og:url\" content=\"https:\/\/bladnanews.com\/fr\/lhistoire-du-panier-a-linge-de-mourinho-devient-la-risee-de-kompany\/\" \/>\n<meta property=\"og:site_name\" content=\"Bladna News\" \/>\n<meta property=\"article:published_time\" content=\"2026-04-27T19:42:12+00:00\" \/>\n<meta property=\"og:image\" content=\"https:\/\/bladnanews.com\/wp-content\/uploads\/2025\/12\/freepik__bladna-newscom-moroccan-soccer-homepage-banner-mor__41838.png\" \/>\n\t<meta property=\"og:image:width\" content=\"1312\" \/>\n\t<meta property=\"og:image:height\" content=\"736\" \/>\n\t<meta property=\"og:image:type\" content=\"image\/png\" \/>\n<meta name=\"author\" content=\"Bladna News Staff\" \/>\n<meta name=\"twitter:card\" content=\"summary_large_image\" \/>\n<meta name=\"twitter:label1\" content=\"\u00c9crit par\" \/>\n\t<meta name=\"twitter:data1\" content=\"Bladna News Staff\" \/>\n\t<meta name=\"twitter:label2\" content=\"Dur\u00e9e de lecture estim\u00e9e\" \/>\n\t<meta name=\"twitter:data2\" content=\"1 minute\" \/>\n<script type=\"application\/ld+json\" class=\"yoast-schema-graph\">{\"@context\":\"https:\\\/\\\/schema.org\",\"@graph\":[{\"@type\":\"Article\",\"@id\":\"https:\\\/\\\/bladnanews.com\\\/mourinhos-laundry-basket-story-becomes-kompanys-mockery\\\/#article\",\"isPartOf\":{\"@id\":\"https:\\\/\\\/bladnanews.com\\\/mourinhos-laundry-basket-story-becomes-kompanys-mockery\\\/\"},\"author\":{\"name\":\"Bladna News Staff\",\"@id\":\"https:\\\/\\\/mediumseagreen-eel-531711.hostingersite.com\\\/#\\\/schema\\\/person\\\/268e18a453ab080ebf76df6ef7845083\"},\"headline\":\"Mourinho&#8217;s laundry basket story becomes Kompany&#8217;s mockery\",\"datePublished\":\"2026-04-27T19:42:12+00:00\",\"mainEntityOfPage\":{\"@id\":\"https:\\\/\\\/bladnanews.com\\\/mourinhos-laundry-basket-story-becomes-kompanys-mockery\\\/\"},\"wordCount\":258,\"publisher\":{\"@id\":\"https:\\\/\\\/mediumseagreen-eel-531711.hostingersite.com\\\/#organization\"},\"image\":{\"@id\":\"https:\\\/\\\/bladnanews.com\\\/mourinhos-laundry-basket-story-becomes-kompanys-mockery\\\/#primaryimage\"},\"thumbnailUrl\":\"https:\\\/\\\/bladnanews.com\\\/wp-content\\\/uploads\\\/2026\\\/04\\\/GettyImages-2273410825.jpg-scaled.jpg\",\"articleSection\":[\"International\",\"Latest News\"],\"inLanguage\":\"fr-FR\",\"copyrightYear\":\"2026\",\"copyrightHolder\":{\"@id\":\"https:\\\/\\\/bladnanews.com\\\/fr\\\/#organization\"}},{\"@type\":\"WebPage\",\"@id\":\"https:\\\/\\\/bladnanews.com\\\/mourinhos-laundry-basket-story-becomes-kompanys-mockery\\\/\",\"url\":\"https:\\\/\\\/bladnanews.com\\\/mourinhos-laundry-basket-story-becomes-kompanys-mockery\\\/\",\"name\":\"Mourinho's laundry basket story becomes Kompany's mockery - Bladna News\",\"isPartOf\":{\"@id\":\"https:\\\/\\\/mediumseagreen-eel-531711.hostingersite.com\\\/#website\"},\"primaryImageOfPage\":{\"@id\":\"https:\\\/\\\/bladnanews.com\\\/mourinhos-laundry-basket-story-becomes-kompanys-mockery\\\/#primaryimage\"},\"image\":{\"@id\":\"https:\\\/\\\/bladnanews.com\\\/mourinhos-laundry-basket-story-becomes-kompanys-mockery\\\/#primaryimage\"},\"thumbnailUrl\":\"https:\\\/\\\/bladnanews.com\\\/wp-content\\\/uploads\\\/2026\\\/04\\\/GettyImages-2273410825.jpg-scaled.jpg\",\"datePublished\":\"2026-04-27T19:42:12+00:00\",\"breadcrumb\":{\"@id\":\"https:\\\/\\\/bladnanews.com\\\/mourinhos-laundry-basket-story-becomes-kompanys-mockery\\\/#breadcrumb\"},\"inLanguage\":\"fr-FR\",\"potentialAction\":[{\"@type\":\"ReadAction\",\"target\":[\"https:\\\/\\\/bladnanews.com\\\/mourinhos-laundry-basket-story-becomes-kompanys-mockery\\\/\"]}]},{\"@type\":\"ImageObject\",\"inLanguage\":\"fr-FR\",\"@id\":\"https:\\\/\\\/bladnanews.com\\\/mourinhos-laundry-basket-story-becomes-kompanys-mockery\\\/#primaryimage\",\"url\":\"https:\\\/\\\/bladnanews.com\\\/wp-content\\\/uploads\\\/2026\\\/04\\\/GettyImages-2273410825.jpg-scaled.jpg\",\"contentUrl\":\"https:\\\/\\\/bladnanews.com\\\/wp-content\\\/uploads\\\/2026\\\/04\\\/GettyImages-2273410825.jpg-scaled.jpg\",\"width\":2560,\"height\":1440,\"caption\":\"Mourinho's laundry basket story becomes Kompany's mockery\"},{\"@type\":\"BreadcrumbList\",\"@id\":\"https:\\\/\\\/bladnanews.com\\\/mourinhos-laundry-basket-story-becomes-kompanys-mockery\\\/#breadcrumb\",\"itemListElement\":[{\"@type\":\"ListItem\",\"position\":1,\"name\":\"Home\",\"item\":\"https:\\\/\\\/bladnanews.com\\\/\"},{\"@type\":\"ListItem\",\"position\":2,\"name\":\"Mourinho&#8217;s laundry basket story becomes Kompany&#8217;s mockery\"}]},{\"@type\":\"WebSite\",\"@id\":\"https:\\\/\\\/mediumseagreen-eel-531711.hostingersite.com\\\/#website\",\"url\":\"https:\\\/\\\/mediumseagreen-eel-531711.hostingersite.com\\\/\",\"name\":\"Bladna News - Morocco\",\"description\":\"Where Moroccan Football Meets the World\",\"publisher\":{\"@id\":\"https:\\\/\\\/mediumseagreen-eel-531711.hostingersite.com\\\/#organization\"},\"potentialAction\":[{\"@type\":\"SearchAction\",\"target\":{\"@type\":\"EntryPoint\",\"urlTemplate\":\"https:\\\/\\\/mediumseagreen-eel-531711.hostingersite.com\\\/?s={search_term_string}\"},\"query-input\":{\"@type\":\"PropertyValueSpecification\",\"valueRequired\":true,\"valueName\":\"search_term_string\"}}],\"inLanguage\":\"fr-FR\"},{\"@type\":\"Organization\",\"@id\":\"https:\\\/\\\/mediumseagreen-eel-531711.hostingersite.com\\\/#organization\",\"name\":\"Bladna News.com\",\"url\":\"https:\\\/\\\/mediumseagreen-eel-531711.hostingersite.com\\\/\",\"logo\":{\"@type\":\"ImageObject\",\"inLanguage\":\"fr-FR\",\"@id\":\"https:\\\/\\\/mediumseagreen-eel-531711.hostingersite.com\\\/#\\\/schema\\\/logo\\\/image\\\/\",\"url\":\"https:\\\/\\\/bladnanews.com\\\/wp-content\\\/uploads\\\/2025\\\/12\\\/logo-bladnanews-V2-web-black-red.png\",\"contentUrl\":\"https:\\\/\\\/bladnanews.com\\\/wp-content\\\/uploads\\\/2025\\\/12\\\/logo-bladnanews-V2-web-black-red.png\",\"width\":703,\"height\":287,\"caption\":\"Bladna News.com\"},\"image\":{\"@id\":\"https:\\\/\\\/mediumseagreen-eel-531711.hostingersite.com\\\/#\\\/schema\\\/logo\\\/image\\\/\"},\"email\":\"info@bladnanews.com\",\"legalName\":\"Bladna News\"},{\"@type\":\"Person\",\"@id\":\"https:\\\/\\\/mediumseagreen-eel-531711.hostingersite.com\\\/#\\\/schema\\\/person\\\/268e18a453ab080ebf76df6ef7845083\",\"name\":\"Bladna News Staff\",\"url\":\"https:\\\/\\\/bladnanews.com\\\/fr\\\/author\\\/bladna-news-staff\\\/\"}]}<\/script>\n<!-- \/ Yoast SEO Premium plugin. -->","yoast_head_json":{"title":"L'histoire du panier \u00e0 linge de Mourinho devient la moquerie de Kompany - Bladna News","robots":{"index":"index","follow":"follow","max-snippet":"max-snippet:-1","max-image-preview":"max-image-preview:large","max-video-preview":"max-video-preview:-1"},"canonical":"https:\/\/bladnanews.com\/fr\/lhistoire-du-panier-a-linge-de-mourinho-devient-la-risee-de-kompany\/","og_locale":"fr_FR","og_type":"article","og_title":"Mourinho's laundry basket story becomes Kompany's mockery","og_description":"Jos\u00e9 Mourinho&#8217;s infamous &#8220;laundry basket&#8221; story has taken a new twist, becoming a source of mockery from Vincent Kompany. The [&hellip;]","og_url":"https:\/\/bladnanews.com\/fr\/lhistoire-du-panier-a-linge-de-mourinho-devient-la-risee-de-kompany\/","og_site_name":"Bladna News","article_published_time":"2026-04-27T19:42:12+00:00","og_image":[{"width":1312,"height":736,"url":"https:\/\/bladnanews.com\/wp-content\/uploads\/2025\/12\/freepik__bladna-newscom-moroccan-soccer-homepage-banner-mor__41838.png","type":"image\/png"}],"author":"Bladna News Staff","twitter_card":"summary_large_image","twitter_misc":{"\u00c9crit par":"Bladna News Staff","Dur\u00e9e de lecture estim\u00e9e":"1 minute"},"schema":{"@context":"https:\/\/schema.org","@graph":[{"@type":"Article","@id":"https:\/\/bladnanews.com\/mourinhos-laundry-basket-story-becomes-kompanys-mockery\/#article","isPartOf":{"@id":"https:\/\/bladnanews.com\/mourinhos-laundry-basket-story-becomes-kompanys-mockery\/"},"author":{"name":"Bladna News Staff","@id":"https:\/\/mediumseagreen-eel-531711.hostingersite.com\/#\/schema\/person\/268e18a453ab080ebf76df6ef7845083"},"headline":"Mourinho&#8217;s laundry basket story becomes Kompany&#8217;s mockery","datePublished":"2026-04-27T19:42:12+00:00","mainEntityOfPage":{"@id":"https:\/\/bladnanews.com\/mourinhos-laundry-basket-story-becomes-kompanys-mockery\/"},"wordCount":258,"publisher":{"@id":"https:\/\/mediumseagreen-eel-531711.hostingersite.com\/#organization"},"image":{"@id":"https:\/\/bladnanews.com\/mourinhos-laundry-basket-story-becomes-kompanys-mockery\/#primaryimage"},"thumbnailUrl":"https:\/\/bladnanews.com\/wp-content\/uploads\/2026\/04\/GettyImages-2273410825.jpg-scaled.jpg","articleSection":["International","Latest News"],"inLanguage":"fr-FR","copyrightYear":"2026","copyrightHolder":{"@id":"https:\/\/bladnanews.com\/fr\/#organization"}},{"@type":"WebPage","@id":"https:\/\/bladnanews.com\/mourinhos-laundry-basket-story-becomes-kompanys-mockery\/","url":"https:\/\/bladnanews.com\/mourinhos-laundry-basket-story-becomes-kompanys-mockery\/","name":"L'histoire du panier \u00e0 linge de Mourinho devient la moquerie de Kompany - Bladna News","isPartOf":{"@id":"https:\/\/mediumseagreen-eel-531711.hostingersite.com\/#website"},"primaryImageOfPage":{"@id":"https:\/\/bladnanews.com\/mourinhos-laundry-basket-story-becomes-kompanys-mockery\/#primaryimage"},"image":{"@id":"https:\/\/bladnanews.com\/mourinhos-laundry-basket-story-becomes-kompanys-mockery\/#primaryimage"},"thumbnailUrl":"https:\/\/bladnanews.com\/wp-content\/uploads\/2026\/04\/GettyImages-2273410825.jpg-scaled.jpg","datePublished":"2026-04-27T19:42:12+00:00","breadcrumb":{"@id":"https:\/\/bladnanews.com\/mourinhos-laundry-basket-story-becomes-kompanys-mockery\/#breadcrumb"},"inLanguage":"fr-FR","potentialAction":[{"@type":"ReadAction","target":["https:\/\/bladnanews.com\/mourinhos-laundry-basket-story-becomes-kompanys-mockery\/"]}]},{"@type":"ImageObject","inLanguage":"fr-FR","@id":"https:\/\/bladnanews.com\/mourinhos-laundry-basket-story-becomes-kompanys-mockery\/#primaryimage","url":"https:\/\/bladnanews.com\/wp-content\/uploads\/2026\/04\/GettyImages-2273410825.jpg-scaled.jpg","contentUrl":"https:\/\/bladnanews.com\/wp-content\/uploads\/2026\/04\/GettyImages-2273410825.jpg-scaled.jpg","width":2560,"height":1440,"caption":"Mourinho's laundry basket story becomes Kompany's mockery"},{"@type":"BreadcrumbList","@id":"https:\/\/bladnanews.com\/mourinhos-laundry-basket-story-becomes-kompanys-mockery\/#breadcrumb","itemListElement":[{"@type":"ListItem","position":1,"name":"Home","item":"https:\/\/bladnanews.com\/"},{"@type":"ListItem","position":2,"name":"Mourinho&#8217;s laundry basket story becomes Kompany&#8217;s mockery"}]},{"@type":"WebSite","@id":"https:\/\/mediumseagreen-eel-531711.hostingersite.com\/#website","url":"https:\/\/mediumseagreen-eel-531711.hostingersite.com\/","name":"Bladna News - Maroc","description":"Quand le football marocain rencontre le monde","publisher":{"@id":"https:\/\/mediumseagreen-eel-531711.hostingersite.com\/#organization"},"potentialAction":[{"@type":"SearchAction","target":{"@type":"EntryPoint","urlTemplate":"https:\/\/mediumseagreen-eel-531711.hostingersite.com\/?s={search_term_string}"},"query-input":{"@type":"PropertyValueSpecification","valueRequired":true,"valueName":"search_term_string"}}],"inLanguage":"fr-FR"},{"@type":"Organization","@id":"https:\/\/mediumseagreen-eel-531711.hostingersite.com\/#organization","name":"Bladna News.com","url":"https:\/\/mediumseagreen-eel-531711.hostingersite.com\/","logo":{"@type":"ImageObject","inLanguage":"fr-FR","@id":"https:\/\/mediumseagreen-eel-531711.hostingersite.com\/#\/schema\/logo\/image\/","url":"https:\/\/bladnanews.com\/wp-content\/uploads\/2025\/12\/logo-bladnanews-V2-web-black-red.png","contentUrl":"https:\/\/bladnanews.com\/wp-content\/uploads\/2025\/12\/logo-bladnanews-V2-web-black-red.png","width":703,"height":287,"caption":"Bladna News.com"},"image":{"@id":"https:\/\/mediumseagreen-eel-531711.hostingersite.com\/#\/schema\/logo\/image\/"},"email":"info@bladnanews.com","legalName":"Bladna News"},{"@type":"Person","@id":"https:\/\/mediumseagreen-eel-531711.hostingersite.com\/#\/schema\/person\/268e18a453ab080ebf76df6ef7845083","name":"\u00c9quipe r\u00e9dactionnelle de Bladna News","url":"https:\/\/bladnanews.com\/fr\/author\/bladna-news-staff\/"}]}},"_links":{"self":[{"href":"https:\/\/bladnanews.com\/fr\/wp-json\/wp\/v2\/posts\/11025","targetHints":{"allow":["GET"]}}],"collection":[{"href":"https:\/\/bladnanews.com\/fr\/wp-json\/wp\/v2\/posts"}],"about":[{"href":"https:\/\/bladnanews.com\/fr\/wp-json\/wp\/v2\/types\/post"}],"author":[{"embeddable":true,"href":"https:\/\/bladnanews.com\/fr\/wp-json\/wp\/v2\/users\/3"}],"replies":[{"embeddable":true,"href":"https:\/\/bladnanews.com\/fr\/wp-json\/wp\/v2\/comments?post=11025"}],"version-history":[{"count":0,"href":"https:\/\/bladnanews.com\/fr\/wp-json\/wp\/v2\/posts\/11025\/revisions"}],"wp:featuredmedia":[{"embeddable":true,"href":"https:\/\/bladnanews.com\/fr\/wp-json\/wp\/v2\/media\/11024"}],"wp:attachment":[{"href":"https:\/\/bladnanews.com\/fr\/wp-json\/wp\/v2\/media?parent=11025"}],"wp:term":[{"taxonomy":"category","embeddable":true,"href":"https:\/\/bladnanews.com\/fr\/wp-json\/wp\/v2\/categories?post=11025"},{"taxonomy":"post_tag","embeddable":true,"href":"https:\/\/bladnanews.com\/fr\/wp-json\/wp\/v2\/tags?post=11025"}],"curies":[{"name":"wp","href":"https:\/\/api.w.org\/{rel}","templated":true}]}}