{"id":11027,"date":"2026-04-27T20:15:20","date_gmt":"2026-04-27T20:15:20","guid":{"rendered":"https:\/\/bladnanews.com\/kompany-clarifies-bayern-stance-on-olise-sale-after-salah-link\/"},"modified":"2026-04-27T20:15:20","modified_gmt":"2026-04-27T20:15:20","slug":"kompany-clarifie-la-position-du-bayern-concernant-la-vente-dolise-apres-les-rumeurs-liant-salah","status":"publish","type":"post","link":"https:\/\/bladnanews.com\/fr\/kompany-clarifie-la-position-du-bayern-concernant-la-vente-dolise-apres-les-rumeurs-liant-salah\/","title":{"rendered":"Kompany clarifie la position du Bayern sur la vente d'Olise apr\u00e8s le lien avec Salah"},"content":{"rendered":"<p>Vincent Kompany a tenu \u00e0 clarifier la position du Bayern Munich concernant Michael Olise, suite aux informations liant l\u2019ailier \u00e0 un \u00e9ventuel transfert pour remplacer Mohamed Salah \u00e0 Liverpool.<\/p>\n<p>Le Fran\u00e7ais de 23 ans a r\u00e9alis\u00e9 une saison impressionnante avec le club de Bundesliga, et les sp\u00e9culations se sont intensifi\u00e9es selon lesquelles Liverpool le suivrait comme successeur \u00e0 long terme de Salah, dont le contrat \u00e0 Anford court jusqu\u2019en 2025.<\/p>\n<p>Avant le prochain match du Bayern, Kompany a \u00e9t\u00e9 directement interrog\u00e9 sur la position du club concernant la vente d\u2019Olise. L\u2019entra\u00eeneur belge a clairement indiqu\u00e9 que le joueur n\u2019est pas \u00e0 vendre et que le Bayern n\u2019a aucune intention de s\u2019en s\u00e9parer lors des prochains mercatos.<\/p>\n<p>\u201c Michael est une partie importante de notre effectif \u201d, a d\u00e9clar\u00e9 Kompany. \u201c Il n\u2019est pas question de le vendre. Nous construisons avec lui pour l\u2019avenir, et c\u2019est le seul message que j\u2019ai \u00e0 adresser \u00e0 quiconque pose la question. \u201d<\/p>\n<p>Olise a rejoint le Bayern en provenance de Crystal Palace \u00e0 l\u2019\u00e9t\u00e9 2024 pour un montant estim\u00e9 \u00e0 environ 60 millions d\u2019euros. Depuis, il est devenu un titulaire r\u00e9gulier sous les ordres de Kompany, contribuant par des buts et des passes d\u00e9cisives depuis le c\u00f4t\u00e9 droit.<\/p>\n<p>Le lien avec Liverpool est apparu apr\u00e8s que plusieurs m\u00e9dias ont sugg\u00e9r\u00e9 que le club de Premier League consid\u00e8re Olise comme un choix naturel pour son attaque, surtout si Salah quitte le club \u00e0 la fin de la saison 2025-2026. Cependant, les commentaires de Kompany semblent \u00e9carter tout espoir imm\u00e9diat de transfert.<\/p>\n<p>\u201c Je comprends que les grands clubs soient toujours li\u00e9s \u00e0 nos joueurs \u201d, a ajout\u00e9 Kompany. \u201c Mais nous construisons quelque chose ici. Michael sait ce que nous attendons de lui, et il est heureux. C\u2019est ce qui compte. \u201d<\/p>\n<p>Le Bayern est actuellement en course pour le titre de Bundesliga et participe \u00e9galement \u00e0 la Ligue des champions. Olise a d\u00e9but\u00e9 tous les matchs de championnat sauf deux cette saison, soulignant son importance pour l\u2019\u00e9quipe.<\/p>\n<p>Le mercato hivernal \u00e9tant d\u00e9sormais clos, tout \u00e9ventuel transfert d\u2019Olise devrait attendre l\u2019\u00e9t\u00e9. Mais d\u2019apr\u00e8s les derni\u00e8res d\u00e9clarations de Kompany, le Bayern n\u2019envisage pas d\u2019examiner d\u2019offres.<\/p>","protected":false},"excerpt":{"rendered":"<p>Vincent Kompany has moved to clarify Bayern Munich\u2019s position on Michael Olise, following reports linking the winger with a potential [&hellip;]<\/p>\n","protected":false},"author":3,"featured_media":11026,"comment_status":"","ping_status":"open","sticky":false,"template":"","format":"standard","meta":{"googlesitekit_rrm_CAow_uzEDA:productID":"","site-sidebar-layout":"default","site-content-layout":"","ast-site-content-layout":"default","site-content-style":"default","site-sidebar-style":"default","ast-global-header-display":"","ast-banner-title-visibility":"","ast-main-header-display":"","ast-hfb-above-header-display":"","ast-hfb-below-header-display":"","ast-hfb-mobile-header-display":"","site-post-title":"","ast-breadcrumbs-content":"","ast-featured-img":"","footer-sml-layout":"","ast-disable-related-posts":"","theme-transparent-header-meta":"","adv-header-id-meta":"","stick-header-meta":"","header-above-stick-meta":"","header-main-stick-meta":"","header-below-stick-meta":"","astra-migrate-meta-layouts":"default","ast-page-background-enabled":"default","ast-page-background-meta":{"desktop":{"background-color":"var(--ast-global-color-5)","background-image":"","background-repeat":"repeat","background-position":"center center","background-size":"auto","background-attachment":"scroll","background-type":"","background-media":"","overlay-type":"","overlay-color":"","overlay-opacity":"","overlay-gradient":""},"tablet":{"background-color":"","background-image":"","background-repeat":"repeat","background-position":"center center","background-size":"auto","background-attachment":"scroll","background-type":"","background-media":"","overlay-type":"","overlay-color":"","overlay-opacity":"","overlay-gradient":""},"mobile":{"background-color":"","background-image":"","background-repeat":"repeat","background-position":"center center","background-size":"auto","background-attachment":"scroll","background-type":"","background-media":"","overlay-type":"","overlay-color":"","overlay-opacity":"","overlay-gradient":""}},"ast-content-background-meta":{"desktop":{"background-color":"var(--ast-global-color-4)","background-image":"","background-repeat":"repeat","background-position":"center center","background-size":"auto","background-attachment":"scroll","background-type":"","background-media":"","overlay-type":"","overlay-color":"","overlay-opacity":"","overlay-gradient":""},"tablet":{"background-color":"var(--ast-global-color-4)","background-image":"","background-repeat":"repeat","background-position":"center center","background-size":"auto","background-attachment":"scroll","background-type":"","background-media":"","overlay-type":"","overlay-color":"","overlay-opacity":"","overlay-gradient":""},"mobile":{"background-color":"var(--ast-global-color-4)","background-image":"","background-repeat":"repeat","background-position":"center center","background-size":"auto","background-attachment":"scroll","background-type":"","background-media":"","overlay-type":"","overlay-color":"","overlay-opacity":"","overlay-gradient":""}},"footnotes":""},"categories":[20,1],"tags":[],"class_list":["post-11027","post","type-post","status-publish","format-standard","has-post-thumbnail","hentry","category-international","category-football-latest-news"],"yoast_head":"<!-- This site is optimized with the Yoast SEO Premium plugin v26.6 (Yoast SEO v27.4) - https:\/\/yoast.com\/product\/yoast-seo-premium-wordpress\/ -->\n<title>Kompany clarifies Bayern stance on Olise sale after Salah link - Bladna News<\/title>\n<meta name=\"robots\" content=\"index, follow, max-snippet:-1, max-image-preview:large, max-video-preview:-1\" \/>\n<link rel=\"canonical\" href=\"https:\/\/bladnanews.com\/fr\/kompany-clarifie-la-position-du-bayern-concernant-la-vente-dolise-apres-les-rumeurs-liant-salah\/\" \/>\n<meta property=\"og:locale\" content=\"fr_FR\" \/>\n<meta property=\"og:type\" content=\"article\" \/>\n<meta property=\"og:title\" content=\"Kompany clarifies Bayern stance on Olise sale after Salah link\" \/>\n<meta property=\"og:description\" content=\"Vincent Kompany has moved to clarify Bayern Munich\u2019s position on Michael Olise, following reports linking the winger with a potential [&hellip;]\" \/>\n<meta property=\"og:url\" content=\"https:\/\/bladnanews.com\/fr\/kompany-clarifie-la-position-du-bayern-concernant-la-vente-dolise-apres-les-rumeurs-liant-salah\/\" \/>\n<meta property=\"og:site_name\" content=\"Bladna News\" \/>\n<meta property=\"article:published_time\" content=\"2026-04-27T20:15:20+00:00\" \/>\n<meta property=\"og:image\" content=\"https:\/\/bladnanews.com\/wp-content\/uploads\/2025\/12\/freepik__bladna-newscom-moroccan-soccer-homepage-banner-mor__41838.png\" \/>\n\t<meta property=\"og:image:width\" content=\"1312\" \/>\n\t<meta property=\"og:image:height\" content=\"736\" \/>\n\t<meta property=\"og:image:type\" content=\"image\/png\" \/>\n<meta name=\"author\" content=\"Bladna News Staff\" \/>\n<meta name=\"twitter:card\" content=\"summary_large_image\" \/>\n<meta name=\"twitter:label1\" content=\"\u00c9crit par\" \/>\n\t<meta name=\"twitter:data1\" content=\"Bladna News Staff\" \/>\n\t<meta name=\"twitter:label2\" content=\"Dur\u00e9e de lecture estim\u00e9e\" \/>\n\t<meta name=\"twitter:data2\" content=\"2 minutes\" \/>\n<script type=\"application\/ld+json\" class=\"yoast-schema-graph\">{\"@context\":\"https:\\\/\\\/schema.org\",\"@graph\":[{\"@type\":\"Article\",\"@id\":\"https:\\\/\\\/bladnanews.com\\\/kompany-clarifies-bayern-stance-on-olise-sale-after-salah-link\\\/#article\",\"isPartOf\":{\"@id\":\"https:\\\/\\\/bladnanews.com\\\/kompany-clarifies-bayern-stance-on-olise-sale-after-salah-link\\\/\"},\"author\":{\"name\":\"Bladna News Staff\",\"@id\":\"https:\\\/\\\/mediumseagreen-eel-531711.hostingersite.com\\\/#\\\/schema\\\/person\\\/268e18a453ab080ebf76df6ef7845083\"},\"headline\":\"Kompany clarifies Bayern stance on Olise sale after Salah link\",\"datePublished\":\"2026-04-27T20:15:20+00:00\",\"mainEntityOfPage\":{\"@id\":\"https:\\\/\\\/bladnanews.com\\\/kompany-clarifies-bayern-stance-on-olise-sale-after-salah-link\\\/\"},\"wordCount\":341,\"publisher\":{\"@id\":\"https:\\\/\\\/mediumseagreen-eel-531711.hostingersite.com\\\/#organization\"},\"image\":{\"@id\":\"https:\\\/\\\/bladnanews.com\\\/kompany-clarifies-bayern-stance-on-olise-sale-after-salah-link\\\/#primaryimage\"},\"thumbnailUrl\":\"https:\\\/\\\/bladnanews.com\\\/wp-content\\\/uploads\\\/2026\\\/04\\\/GettyImages-2272911757.jpg-scaled.jpg\",\"articleSection\":[\"International\",\"Latest News\"],\"inLanguage\":\"fr-FR\",\"copyrightYear\":\"2026\",\"copyrightHolder\":{\"@id\":\"https:\\\/\\\/bladnanews.com\\\/fr\\\/#organization\"}},{\"@type\":\"WebPage\",\"@id\":\"https:\\\/\\\/bladnanews.com\\\/kompany-clarifies-bayern-stance-on-olise-sale-after-salah-link\\\/\",\"url\":\"https:\\\/\\\/bladnanews.com\\\/kompany-clarifies-bayern-stance-on-olise-sale-after-salah-link\\\/\",\"name\":\"Kompany clarifies Bayern stance on Olise sale after Salah link - Bladna News\",\"isPartOf\":{\"@id\":\"https:\\\/\\\/mediumseagreen-eel-531711.hostingersite.com\\\/#website\"},\"primaryImageOfPage\":{\"@id\":\"https:\\\/\\\/bladnanews.com\\\/kompany-clarifies-bayern-stance-on-olise-sale-after-salah-link\\\/#primaryimage\"},\"image\":{\"@id\":\"https:\\\/\\\/bladnanews.com\\\/kompany-clarifies-bayern-stance-on-olise-sale-after-salah-link\\\/#primaryimage\"},\"thumbnailUrl\":\"https:\\\/\\\/bladnanews.com\\\/wp-content\\\/uploads\\\/2026\\\/04\\\/GettyImages-2272911757.jpg-scaled.jpg\",\"datePublished\":\"2026-04-27T20:15:20+00:00\",\"breadcrumb\":{\"@id\":\"https:\\\/\\\/bladnanews.com\\\/kompany-clarifies-bayern-stance-on-olise-sale-after-salah-link\\\/#breadcrumb\"},\"inLanguage\":\"fr-FR\",\"potentialAction\":[{\"@type\":\"ReadAction\",\"target\":[\"https:\\\/\\\/bladnanews.com\\\/kompany-clarifies-bayern-stance-on-olise-sale-after-salah-link\\\/\"]}]},{\"@type\":\"ImageObject\",\"inLanguage\":\"fr-FR\",\"@id\":\"https:\\\/\\\/bladnanews.com\\\/kompany-clarifies-bayern-stance-on-olise-sale-after-salah-link\\\/#primaryimage\",\"url\":\"https:\\\/\\\/bladnanews.com\\\/wp-content\\\/uploads\\\/2026\\\/04\\\/GettyImages-2272911757.jpg-scaled.jpg\",\"contentUrl\":\"https:\\\/\\\/bladnanews.com\\\/wp-content\\\/uploads\\\/2026\\\/04\\\/GettyImages-2272911757.jpg-scaled.jpg\",\"width\":2560,\"height\":1440,\"caption\":\"Kompany clarifies Bayern stance on Olise sale after Salah link\"},{\"@type\":\"BreadcrumbList\",\"@id\":\"https:\\\/\\\/bladnanews.com\\\/kompany-clarifies-bayern-stance-on-olise-sale-after-salah-link\\\/#breadcrumb\",\"itemListElement\":[{\"@type\":\"ListItem\",\"position\":1,\"name\":\"Home\",\"item\":\"https:\\\/\\\/bladnanews.com\\\/\"},{\"@type\":\"ListItem\",\"position\":2,\"name\":\"Kompany clarifies Bayern stance on Olise sale after Salah link\"}]},{\"@type\":\"WebSite\",\"@id\":\"https:\\\/\\\/mediumseagreen-eel-531711.hostingersite.com\\\/#website\",\"url\":\"https:\\\/\\\/mediumseagreen-eel-531711.hostingersite.com\\\/\",\"name\":\"Bladna News - Morocco\",\"description\":\"Where Moroccan Football Meets the World\",\"publisher\":{\"@id\":\"https:\\\/\\\/mediumseagreen-eel-531711.hostingersite.com\\\/#organization\"},\"potentialAction\":[{\"@type\":\"SearchAction\",\"target\":{\"@type\":\"EntryPoint\",\"urlTemplate\":\"https:\\\/\\\/mediumseagreen-eel-531711.hostingersite.com\\\/?s={search_term_string}\"},\"query-input\":{\"@type\":\"PropertyValueSpecification\",\"valueRequired\":true,\"valueName\":\"search_term_string\"}}],\"inLanguage\":\"fr-FR\"},{\"@type\":\"Organization\",\"@id\":\"https:\\\/\\\/mediumseagreen-eel-531711.hostingersite.com\\\/#organization\",\"name\":\"Bladna News.com\",\"url\":\"https:\\\/\\\/mediumseagreen-eel-531711.hostingersite.com\\\/\",\"logo\":{\"@type\":\"ImageObject\",\"inLanguage\":\"fr-FR\",\"@id\":\"https:\\\/\\\/mediumseagreen-eel-531711.hostingersite.com\\\/#\\\/schema\\\/logo\\\/image\\\/\",\"url\":\"https:\\\/\\\/bladnanews.com\\\/wp-content\\\/uploads\\\/2025\\\/12\\\/logo-bladnanews-V2-web-black-red.png\",\"contentUrl\":\"https:\\\/\\\/bladnanews.com\\\/wp-content\\\/uploads\\\/2025\\\/12\\\/logo-bladnanews-V2-web-black-red.png\",\"width\":703,\"height\":287,\"caption\":\"Bladna News.com\"},\"image\":{\"@id\":\"https:\\\/\\\/mediumseagreen-eel-531711.hostingersite.com\\\/#\\\/schema\\\/logo\\\/image\\\/\"},\"email\":\"info@bladnanews.com\",\"legalName\":\"Bladna News\"},{\"@type\":\"Person\",\"@id\":\"https:\\\/\\\/mediumseagreen-eel-531711.hostingersite.com\\\/#\\\/schema\\\/person\\\/268e18a453ab080ebf76df6ef7845083\",\"name\":\"Bladna News Staff\",\"url\":\"https:\\\/\\\/bladnanews.com\\\/fr\\\/author\\\/bladna-news-staff\\\/\"}]}<\/script>\n<!-- \/ Yoast SEO Premium plugin. -->","yoast_head_json":{"title":"Kompany clarifie la position du Bayern sur la vente d'Olise apr\u00e8s les rumeurs liant Salah - Bladna News","robots":{"index":"index","follow":"follow","max-snippet":"max-snippet:-1","max-image-preview":"max-image-preview:large","max-video-preview":"max-video-preview:-1"},"canonical":"https:\/\/bladnanews.com\/fr\/kompany-clarifie-la-position-du-bayern-concernant-la-vente-dolise-apres-les-rumeurs-liant-salah\/","og_locale":"fr_FR","og_type":"article","og_title":"Kompany clarifies Bayern stance on Olise sale after Salah link","og_description":"Vincent Kompany has moved to clarify Bayern Munich\u2019s position on Michael Olise, following reports linking the winger with a potential [&hellip;]","og_url":"https:\/\/bladnanews.com\/fr\/kompany-clarifie-la-position-du-bayern-concernant-la-vente-dolise-apres-les-rumeurs-liant-salah\/","og_site_name":"Bladna News","article_published_time":"2026-04-27T20:15:20+00:00","og_image":[{"width":1312,"height":736,"url":"https:\/\/bladnanews.com\/wp-content\/uploads\/2025\/12\/freepik__bladna-newscom-moroccan-soccer-homepage-banner-mor__41838.png","type":"image\/png"}],"author":"Bladna News Staff","twitter_card":"summary_large_image","twitter_misc":{"\u00c9crit par":"Bladna News Staff","Dur\u00e9e de lecture estim\u00e9e":"2 minutes"},"schema":{"@context":"https:\/\/schema.org","@graph":[{"@type":"Article","@id":"https:\/\/bladnanews.com\/kompany-clarifies-bayern-stance-on-olise-sale-after-salah-link\/#article","isPartOf":{"@id":"https:\/\/bladnanews.com\/kompany-clarifies-bayern-stance-on-olise-sale-after-salah-link\/"},"author":{"name":"Bladna News Staff","@id":"https:\/\/mediumseagreen-eel-531711.hostingersite.com\/#\/schema\/person\/268e18a453ab080ebf76df6ef7845083"},"headline":"Kompany clarifies Bayern stance on Olise sale after Salah link","datePublished":"2026-04-27T20:15:20+00:00","mainEntityOfPage":{"@id":"https:\/\/bladnanews.com\/kompany-clarifies-bayern-stance-on-olise-sale-after-salah-link\/"},"wordCount":341,"publisher":{"@id":"https:\/\/mediumseagreen-eel-531711.hostingersite.com\/#organization"},"image":{"@id":"https:\/\/bladnanews.com\/kompany-clarifies-bayern-stance-on-olise-sale-after-salah-link\/#primaryimage"},"thumbnailUrl":"https:\/\/bladnanews.com\/wp-content\/uploads\/2026\/04\/GettyImages-2272911757.jpg-scaled.jpg","articleSection":["International","Latest News"],"inLanguage":"fr-FR","copyrightYear":"2026","copyrightHolder":{"@id":"https:\/\/bladnanews.com\/fr\/#organization"}},{"@type":"WebPage","@id":"https:\/\/bladnanews.com\/kompany-clarifies-bayern-stance-on-olise-sale-after-salah-link\/","url":"https:\/\/bladnanews.com\/kompany-clarifies-bayern-stance-on-olise-sale-after-salah-link\/","name":"Kompany clarifie la position du Bayern sur la vente d'Olise apr\u00e8s les rumeurs liant Salah - Bladna News","isPartOf":{"@id":"https:\/\/mediumseagreen-eel-531711.hostingersite.com\/#website"},"primaryImageOfPage":{"@id":"https:\/\/bladnanews.com\/kompany-clarifies-bayern-stance-on-olise-sale-after-salah-link\/#primaryimage"},"image":{"@id":"https:\/\/bladnanews.com\/kompany-clarifies-bayern-stance-on-olise-sale-after-salah-link\/#primaryimage"},"thumbnailUrl":"https:\/\/bladnanews.com\/wp-content\/uploads\/2026\/04\/GettyImages-2272911757.jpg-scaled.jpg","datePublished":"2026-04-27T20:15:20+00:00","breadcrumb":{"@id":"https:\/\/bladnanews.com\/kompany-clarifies-bayern-stance-on-olise-sale-after-salah-link\/#breadcrumb"},"inLanguage":"fr-FR","potentialAction":[{"@type":"ReadAction","target":["https:\/\/bladnanews.com\/kompany-clarifies-bayern-stance-on-olise-sale-after-salah-link\/"]}]},{"@type":"ImageObject","inLanguage":"fr-FR","@id":"https:\/\/bladnanews.com\/kompany-clarifies-bayern-stance-on-olise-sale-after-salah-link\/#primaryimage","url":"https:\/\/bladnanews.com\/wp-content\/uploads\/2026\/04\/GettyImages-2272911757.jpg-scaled.jpg","contentUrl":"https:\/\/bladnanews.com\/wp-content\/uploads\/2026\/04\/GettyImages-2272911757.jpg-scaled.jpg","width":2560,"height":1440,"caption":"Kompany clarifies Bayern stance on Olise sale after Salah link"},{"@type":"BreadcrumbList","@id":"https:\/\/bladnanews.com\/kompany-clarifies-bayern-stance-on-olise-sale-after-salah-link\/#breadcrumb","itemListElement":[{"@type":"ListItem","position":1,"name":"Home","item":"https:\/\/bladnanews.com\/"},{"@type":"ListItem","position":2,"name":"Kompany clarifies Bayern stance on Olise sale after Salah link"}]},{"@type":"WebSite","@id":"https:\/\/mediumseagreen-eel-531711.hostingersite.com\/#website","url":"https:\/\/mediumseagreen-eel-531711.hostingersite.com\/","name":"Bladna News - Maroc","description":"Quand le football marocain rencontre le monde","publisher":{"@id":"https:\/\/mediumseagreen-eel-531711.hostingersite.com\/#organization"},"potentialAction":[{"@type":"SearchAction","target":{"@type":"EntryPoint","urlTemplate":"https:\/\/mediumseagreen-eel-531711.hostingersite.com\/?s={search_term_string}"},"query-input":{"@type":"PropertyValueSpecification","valueRequired":true,"valueName":"search_term_string"}}],"inLanguage":"fr-FR"},{"@type":"Organization","@id":"https:\/\/mediumseagreen-eel-531711.hostingersite.com\/#organization","name":"Bladna News.com","url":"https:\/\/mediumseagreen-eel-531711.hostingersite.com\/","logo":{"@type":"ImageObject","inLanguage":"fr-FR","@id":"https:\/\/mediumseagreen-eel-531711.hostingersite.com\/#\/schema\/logo\/image\/","url":"https:\/\/bladnanews.com\/wp-content\/uploads\/2025\/12\/logo-bladnanews-V2-web-black-red.png","contentUrl":"https:\/\/bladnanews.com\/wp-content\/uploads\/2025\/12\/logo-bladnanews-V2-web-black-red.png","width":703,"height":287,"caption":"Bladna News.com"},"image":{"@id":"https:\/\/mediumseagreen-eel-531711.hostingersite.com\/#\/schema\/logo\/image\/"},"email":"info@bladnanews.com","legalName":"Bladna News"},{"@type":"Person","@id":"https:\/\/mediumseagreen-eel-531711.hostingersite.com\/#\/schema\/person\/268e18a453ab080ebf76df6ef7845083","name":"\u00c9quipe r\u00e9dactionnelle de Bladna News","url":"https:\/\/bladnanews.com\/fr\/author\/bladna-news-staff\/"}]}},"_links":{"self":[{"href":"https:\/\/bladnanews.com\/fr\/wp-json\/wp\/v2\/posts\/11027","targetHints":{"allow":["GET"]}}],"collection":[{"href":"https:\/\/bladnanews.com\/fr\/wp-json\/wp\/v2\/posts"}],"about":[{"href":"https:\/\/bladnanews.com\/fr\/wp-json\/wp\/v2\/types\/post"}],"author":[{"embeddable":true,"href":"https:\/\/bladnanews.com\/fr\/wp-json\/wp\/v2\/users\/3"}],"replies":[{"embeddable":true,"href":"https:\/\/bladnanews.com\/fr\/wp-json\/wp\/v2\/comments?post=11027"}],"version-history":[{"count":0,"href":"https:\/\/bladnanews.com\/fr\/wp-json\/wp\/v2\/posts\/11027\/revisions"}],"wp:featuredmedia":[{"embeddable":true,"href":"https:\/\/bladnanews.com\/fr\/wp-json\/wp\/v2\/media\/11026"}],"wp:attachment":[{"href":"https:\/\/bladnanews.com\/fr\/wp-json\/wp\/v2\/media?parent=11027"}],"wp:term":[{"taxonomy":"category","embeddable":true,"href":"https:\/\/bladnanews.com\/fr\/wp-json\/wp\/v2\/categories?post=11027"},{"taxonomy":"post_tag","embeddable":true,"href":"https:\/\/bladnanews.com\/fr\/wp-json\/wp\/v2\/tags?post=11027"}],"curies":[{"name":"wp","href":"https:\/\/api.w.org\/{rel}","templated":true}]}}