{"id":11029,"date":"2026-04-27T20:19:00","date_gmt":"2026-04-27T20:19:00","guid":{"rendered":"https:\/\/bladnanews.com\/casemiro-bids-farewell-to-manchester-united-in-ideal-fashion-2\/"},"modified":"2026-04-27T20:19:00","modified_gmt":"2026-04-27T20:19:00","slug":"casemiro-fait-ses-adieux-a-manchester-united-de-maniere-ideale-2","status":"publish","type":"post","link":"https:\/\/bladnanews.com\/fr\/casemiro-fait-ses-adieux-a-manchester-united-de-maniere-ideale-2\/","title":{"rendered":"Casemiro fait ses adieux \u00e0 Manchester United de mani\u00e8re id\u00e9ale"},"content":{"rendered":"<p>Casemiro a mis un terme \u00e0 sa carri\u00e8re \u00e0 Manchester United de la mani\u00e8re la plus appropri\u00e9e qui soit, quittant Old Trafford avec un cadeau d'adieu qui r\u00e9sume son passage au club.<\/p>\n<p>Le milieu de terrain br\u00e9silien, qui a rejoint Manchester United en provenance du Real Madrid \u00e0 l'\u00e9t\u00e9 2022, a disput\u00e9 son dernier match sous le maillot des Red Devils le dimanche 25 mai 2025, \u00e0 l'issue de la saison de Premier League. Et il n'a pas d\u00e9\u00e7u.<\/p>\n<p>Pour sa derni\u00e8re apparition sous le maillot de United, Casemiro a livr\u00e9 une performance d'homme du match, marquant un but et d\u00e9livrant une passe d\u00e9cisive lors d'une victoire 3-1 contre Fulham \u00e0 Old Trafford. Ce succ\u00e8s a permis \u00e0 United de terminer la saison \u00e0 la quatri\u00e8me place, assurant ainsi une qualification pour la Ligue des champions 2025-2026.<\/p>\n<p>\u00c2g\u00e9 de 33 ans, il a ouvert le score \u00e0 la 23e minute, en sautant plus haut que tout le monde pour reprendre un corner de Bruno Fernandes et placer une t\u00eate puissante qui a tromp\u00e9 Bernd Leno. Il s'est ensuite mu\u00e9 en passeur juste avant la mi-temps, glissant une passe parfaitement dos\u00e9e pour Marcus Rashford, qui n'a pas manqu\u00e9 depuis quelques m\u00e8tres.<\/p>\n<p>Fulham a r\u00e9duit l'\u00e9cart par l'interm\u00e9diaire de Rodrigo Muniz \u00e0 la 67e minute, mais United a r\u00e9tabli son avance de deux buts lorsqu'Alejandro Garnacho a enroul\u00e9 une superbe frappe \u00e0 la 81e minute. Le r\u00e9sultat n'a jamais vraiment \u00e9t\u00e9 remis en cause.<\/p>\n<p>Apr\u00e8s le coup de sifflet final, Casemiro a re\u00e7u une haie d'honneur de la part de ses co\u00e9quipiers alors qu'il quittait la pelouse pour la derni\u00e8re fois. Le Br\u00e9silien, visiblement \u00e9mu, a salu\u00e9 les quatre coins du stade tandis que les supporters de United scandaient son nom.<\/p>\n<p>\u201c Ce fut un honneur de porter ce maillot \u201d, a d\u00e9clar\u00e9 Casemiro dans un communiqu\u00e9 publi\u00e9 apr\u00e8s le match. \u201c J'ai tout donn\u00e9 pour ce club, et je pars la t\u00eate haute. Les supporters ont \u00e9t\u00e9 incroyables d\u00e8s le premier jour, et je les porterai toujours dans mon c\u0153ur. \u201d<\/p>\n<p>L'entra\u00eeneur de United, Erik ten Hag, a rendu hommage au milieu de terrain, d\u00e9clarant : \u201c Casemiro est un vrai professionnel et un gagnant. Il a apport\u00e9 tant d'exp\u00e9rience et de qualit\u00e9 \u00e0 cette \u00e9quipe. Il va nous manquer, mais nous lui souhaitons le meilleur pour le prochain chapitre de sa carri\u00e8re. \u201d<\/p>\n<p>Selon des rapports, Casemiro devrait rejoindre le club saoudien d'Al-Nassr pour un contrat de trois ans d'une valeur de 30 millions de livres sterling, avec une annonce officielle attendue dans les 48 prochaines heures. Ce transfert lui permettra de retrouver son ancien co\u00e9quipier du Real Madrid, Cristiano Ronaldo.<\/p>\n<p>Au cours de ses trois saisons \u00e0 United, Casemiro a disput\u00e9 112 matchs, marqu\u00e9 14 buts et remport\u00e9 la Coupe de la Ligue anglaise en 2023. Il quitte le club en tant que favori des supporters, ayant jou\u00e9 un r\u00f4le cl\u00e9 dans le retour de United en Ligue des champions.<\/p>\n<p>Pour un joueur arriv\u00e9 avec la r\u00e9putation d'\u00eatre l'un des meilleurs milieux d\u00e9fensifs de sa g\u00e9n\u00e9ration, les adieux de Casemiro ont \u00e9t\u00e9 tout simplement parfaits. Il a quitt\u00e9 la pelouse en vainqueur, et la foule d'Old Trafford a veill\u00e9 \u00e0 ce qu'il sache exactement ce qu'il repr\u00e9sentait pour eux.<\/p>","protected":false},"excerpt":{"rendered":"<p>Casemiro has brought the curtain down on his Manchester United career in the most fitting way possible, leaving Old Trafford [&hellip;]<\/p>\n","protected":false},"author":3,"featured_media":11028,"comment_status":"","ping_status":"open","sticky":false,"template":"","format":"standard","meta":{"googlesitekit_rrm_CAow_uzEDA:productID":"","site-sidebar-layout":"default","site-content-layout":"","ast-site-content-layout":"default","site-content-style":"default","site-sidebar-style":"default","ast-global-header-display":"","ast-banner-title-visibility":"","ast-main-header-display":"","ast-hfb-above-header-display":"","ast-hfb-below-header-display":"","ast-hfb-mobile-header-display":"","site-post-title":"","ast-breadcrumbs-content":"","ast-featured-img":"","footer-sml-layout":"","ast-disable-related-posts":"","theme-transparent-header-meta":"","adv-header-id-meta":"","stick-header-meta":"","header-above-stick-meta":"","header-main-stick-meta":"","header-below-stick-meta":"","astra-migrate-meta-layouts":"default","ast-page-background-enabled":"default","ast-page-background-meta":{"desktop":{"background-color":"var(--ast-global-color-5)","background-image":"","background-repeat":"repeat","background-position":"center center","background-size":"auto","background-attachment":"scroll","background-type":"","background-media":"","overlay-type":"","overlay-color":"","overlay-opacity":"","overlay-gradient":""},"tablet":{"background-color":"","background-image":"","background-repeat":"repeat","background-position":"center center","background-size":"auto","background-attachment":"scroll","background-type":"","background-media":"","overlay-type":"","overlay-color":"","overlay-opacity":"","overlay-gradient":""},"mobile":{"background-color":"","background-image":"","background-repeat":"repeat","background-position":"center center","background-size":"auto","background-attachment":"scroll","background-type":"","background-media":"","overlay-type":"","overlay-color":"","overlay-opacity":"","overlay-gradient":""}},"ast-content-background-meta":{"desktop":{"background-color":"var(--ast-global-color-4)","background-image":"","background-repeat":"repeat","background-position":"center center","background-size":"auto","background-attachment":"scroll","background-type":"","background-media":"","overlay-type":"","overlay-color":"","overlay-opacity":"","overlay-gradient":""},"tablet":{"background-color":"var(--ast-global-color-4)","background-image":"","background-repeat":"repeat","background-position":"center center","background-size":"auto","background-attachment":"scroll","background-type":"","background-media":"","overlay-type":"","overlay-color":"","overlay-opacity":"","overlay-gradient":""},"mobile":{"background-color":"var(--ast-global-color-4)","background-image":"","background-repeat":"repeat","background-position":"center center","background-size":"auto","background-attachment":"scroll","background-type":"","background-media":"","overlay-type":"","overlay-color":"","overlay-opacity":"","overlay-gradient":""}},"footnotes":""},"categories":[20,1],"tags":[],"class_list":["post-11029","post","type-post","status-publish","format-standard","has-post-thumbnail","hentry","category-international","category-football-latest-news"],"yoast_head":"<!-- This site is optimized with the Yoast SEO Premium plugin v26.6 (Yoast SEO v27.4) - https:\/\/yoast.com\/product\/yoast-seo-premium-wordpress\/ -->\n<title>Casemiro bids farewell to Manchester United in ideal fashion - Bladna News<\/title>\n<meta name=\"robots\" content=\"index, follow, max-snippet:-1, max-image-preview:large, max-video-preview:-1\" \/>\n<link rel=\"canonical\" href=\"https:\/\/bladnanews.com\/fr\/casemiro-fait-ses-adieux-a-manchester-united-de-maniere-ideale-2\/\" \/>\n<meta property=\"og:locale\" content=\"fr_FR\" \/>\n<meta property=\"og:type\" content=\"article\" \/>\n<meta property=\"og:title\" content=\"Casemiro bids farewell to Manchester United in ideal fashion\" \/>\n<meta property=\"og:description\" content=\"Casemiro has brought the curtain down on his Manchester United career in the most fitting way possible, leaving Old Trafford [&hellip;]\" \/>\n<meta property=\"og:url\" content=\"https:\/\/bladnanews.com\/fr\/casemiro-fait-ses-adieux-a-manchester-united-de-maniere-ideale-2\/\" \/>\n<meta property=\"og:site_name\" content=\"Bladna News\" \/>\n<meta property=\"article:published_time\" content=\"2026-04-27T20:19:00+00:00\" \/>\n<meta property=\"og:image\" content=\"https:\/\/bladnanews.com\/wp-content\/uploads\/2025\/12\/freepik__bladna-newscom-moroccan-soccer-homepage-banner-mor__41838.png\" \/>\n\t<meta property=\"og:image:width\" content=\"1312\" \/>\n\t<meta property=\"og:image:height\" content=\"736\" \/>\n\t<meta property=\"og:image:type\" content=\"image\/png\" \/>\n<meta name=\"author\" content=\"Bladna News Staff\" \/>\n<meta name=\"twitter:card\" content=\"summary_large_image\" \/>\n<meta name=\"twitter:label1\" content=\"\u00c9crit par\" \/>\n\t<meta name=\"twitter:data1\" content=\"Bladna News Staff\" \/>\n\t<meta name=\"twitter:label2\" content=\"Dur\u00e9e de lecture estim\u00e9e\" \/>\n\t<meta name=\"twitter:data2\" content=\"2 minutes\" \/>\n<script type=\"application\/ld+json\" class=\"yoast-schema-graph\">{\"@context\":\"https:\\\/\\\/schema.org\",\"@graph\":[{\"@type\":\"Article\",\"@id\":\"https:\\\/\\\/bladnanews.com\\\/casemiro-bids-farewell-to-manchester-united-in-ideal-fashion-2\\\/#article\",\"isPartOf\":{\"@id\":\"https:\\\/\\\/bladnanews.com\\\/casemiro-bids-farewell-to-manchester-united-in-ideal-fashion-2\\\/\"},\"author\":{\"name\":\"Bladna News Staff\",\"@id\":\"https:\\\/\\\/mediumseagreen-eel-531711.hostingersite.com\\\/#\\\/schema\\\/person\\\/268e18a453ab080ebf76df6ef7845083\"},\"headline\":\"Casemiro bids farewell to Manchester United in ideal fashion\",\"datePublished\":\"2026-04-27T20:19:00+00:00\",\"mainEntityOfPage\":{\"@id\":\"https:\\\/\\\/bladnanews.com\\\/casemiro-bids-farewell-to-manchester-united-in-ideal-fashion-2\\\/\"},\"wordCount\":476,\"publisher\":{\"@id\":\"https:\\\/\\\/mediumseagreen-eel-531711.hostingersite.com\\\/#organization\"},\"image\":{\"@id\":\"https:\\\/\\\/bladnanews.com\\\/casemiro-bids-farewell-to-manchester-united-in-ideal-fashion-2\\\/#primaryimage\"},\"thumbnailUrl\":\"https:\\\/\\\/bladnanews.com\\\/wp-content\\\/uploads\\\/2026\\\/04\\\/GettyImages-2273419986-1.jpg-1.jpg\",\"articleSection\":[\"International\",\"Latest News\"],\"inLanguage\":\"fr-FR\",\"copyrightYear\":\"2026\",\"copyrightHolder\":{\"@id\":\"https:\\\/\\\/bladnanews.com\\\/fr\\\/#organization\"}},{\"@type\":\"WebPage\",\"@id\":\"https:\\\/\\\/bladnanews.com\\\/casemiro-bids-farewell-to-manchester-united-in-ideal-fashion-2\\\/\",\"url\":\"https:\\\/\\\/bladnanews.com\\\/casemiro-bids-farewell-to-manchester-united-in-ideal-fashion-2\\\/\",\"name\":\"Casemiro bids farewell to Manchester United in ideal fashion - Bladna News\",\"isPartOf\":{\"@id\":\"https:\\\/\\\/mediumseagreen-eel-531711.hostingersite.com\\\/#website\"},\"primaryImageOfPage\":{\"@id\":\"https:\\\/\\\/bladnanews.com\\\/casemiro-bids-farewell-to-manchester-united-in-ideal-fashion-2\\\/#primaryimage\"},\"image\":{\"@id\":\"https:\\\/\\\/bladnanews.com\\\/casemiro-bids-farewell-to-manchester-united-in-ideal-fashion-2\\\/#primaryimage\"},\"thumbnailUrl\":\"https:\\\/\\\/bladnanews.com\\\/wp-content\\\/uploads\\\/2026\\\/04\\\/GettyImages-2273419986-1.jpg-1.jpg\",\"datePublished\":\"2026-04-27T20:19:00+00:00\",\"breadcrumb\":{\"@id\":\"https:\\\/\\\/bladnanews.com\\\/casemiro-bids-farewell-to-manchester-united-in-ideal-fashion-2\\\/#breadcrumb\"},\"inLanguage\":\"fr-FR\",\"potentialAction\":[{\"@type\":\"ReadAction\",\"target\":[\"https:\\\/\\\/bladnanews.com\\\/casemiro-bids-farewell-to-manchester-united-in-ideal-fashion-2\\\/\"]}]},{\"@type\":\"ImageObject\",\"inLanguage\":\"fr-FR\",\"@id\":\"https:\\\/\\\/bladnanews.com\\\/casemiro-bids-farewell-to-manchester-united-in-ideal-fashion-2\\\/#primaryimage\",\"url\":\"https:\\\/\\\/bladnanews.com\\\/wp-content\\\/uploads\\\/2026\\\/04\\\/GettyImages-2273419986-1.jpg-1.jpg\",\"contentUrl\":\"https:\\\/\\\/bladnanews.com\\\/wp-content\\\/uploads\\\/2026\\\/04\\\/GettyImages-2273419986-1.jpg-1.jpg\",\"width\":1483,\"height\":834,\"caption\":\"Casemiro bids farewell to Manchester United in ideal fashion\"},{\"@type\":\"BreadcrumbList\",\"@id\":\"https:\\\/\\\/bladnanews.com\\\/casemiro-bids-farewell-to-manchester-united-in-ideal-fashion-2\\\/#breadcrumb\",\"itemListElement\":[{\"@type\":\"ListItem\",\"position\":1,\"name\":\"Home\",\"item\":\"https:\\\/\\\/bladnanews.com\\\/\"},{\"@type\":\"ListItem\",\"position\":2,\"name\":\"Casemiro bids farewell to Manchester United in ideal fashion\"}]},{\"@type\":\"WebSite\",\"@id\":\"https:\\\/\\\/mediumseagreen-eel-531711.hostingersite.com\\\/#website\",\"url\":\"https:\\\/\\\/mediumseagreen-eel-531711.hostingersite.com\\\/\",\"name\":\"Bladna News - Morocco\",\"description\":\"Where Moroccan Football Meets the World\",\"publisher\":{\"@id\":\"https:\\\/\\\/mediumseagreen-eel-531711.hostingersite.com\\\/#organization\"},\"potentialAction\":[{\"@type\":\"SearchAction\",\"target\":{\"@type\":\"EntryPoint\",\"urlTemplate\":\"https:\\\/\\\/mediumseagreen-eel-531711.hostingersite.com\\\/?s={search_term_string}\"},\"query-input\":{\"@type\":\"PropertyValueSpecification\",\"valueRequired\":true,\"valueName\":\"search_term_string\"}}],\"inLanguage\":\"fr-FR\"},{\"@type\":\"Organization\",\"@id\":\"https:\\\/\\\/mediumseagreen-eel-531711.hostingersite.com\\\/#organization\",\"name\":\"Bladna News.com\",\"url\":\"https:\\\/\\\/mediumseagreen-eel-531711.hostingersite.com\\\/\",\"logo\":{\"@type\":\"ImageObject\",\"inLanguage\":\"fr-FR\",\"@id\":\"https:\\\/\\\/mediumseagreen-eel-531711.hostingersite.com\\\/#\\\/schema\\\/logo\\\/image\\\/\",\"url\":\"https:\\\/\\\/bladnanews.com\\\/wp-content\\\/uploads\\\/2025\\\/12\\\/logo-bladnanews-V2-web-black-red.png\",\"contentUrl\":\"https:\\\/\\\/bladnanews.com\\\/wp-content\\\/uploads\\\/2025\\\/12\\\/logo-bladnanews-V2-web-black-red.png\",\"width\":703,\"height\":287,\"caption\":\"Bladna News.com\"},\"image\":{\"@id\":\"https:\\\/\\\/mediumseagreen-eel-531711.hostingersite.com\\\/#\\\/schema\\\/logo\\\/image\\\/\"},\"email\":\"info@bladnanews.com\",\"legalName\":\"Bladna News\"},{\"@type\":\"Person\",\"@id\":\"https:\\\/\\\/mediumseagreen-eel-531711.hostingersite.com\\\/#\\\/schema\\\/person\\\/268e18a453ab080ebf76df6ef7845083\",\"name\":\"Bladna News Staff\",\"url\":\"https:\\\/\\\/bladnanews.com\\\/fr\\\/author\\\/bladna-news-staff\\\/\"}]}<\/script>\n<!-- \/ Yoast SEO Premium plugin. -->","yoast_head_json":{"title":"Casemiro fait ses adieux \u00e0 Manchester United de mani\u00e8re id\u00e9ale - Bladna News","robots":{"index":"index","follow":"follow","max-snippet":"max-snippet:-1","max-image-preview":"max-image-preview:large","max-video-preview":"max-video-preview:-1"},"canonical":"https:\/\/bladnanews.com\/fr\/casemiro-fait-ses-adieux-a-manchester-united-de-maniere-ideale-2\/","og_locale":"fr_FR","og_type":"article","og_title":"Casemiro bids farewell to Manchester United in ideal fashion","og_description":"Casemiro has brought the curtain down on his Manchester United career in the most fitting way possible, leaving Old Trafford [&hellip;]","og_url":"https:\/\/bladnanews.com\/fr\/casemiro-fait-ses-adieux-a-manchester-united-de-maniere-ideale-2\/","og_site_name":"Bladna News","article_published_time":"2026-04-27T20:19:00+00:00","og_image":[{"width":1312,"height":736,"url":"https:\/\/bladnanews.com\/wp-content\/uploads\/2025\/12\/freepik__bladna-newscom-moroccan-soccer-homepage-banner-mor__41838.png","type":"image\/png"}],"author":"Bladna News Staff","twitter_card":"summary_large_image","twitter_misc":{"\u00c9crit par":"Bladna News Staff","Dur\u00e9e de lecture estim\u00e9e":"2 minutes"},"schema":{"@context":"https:\/\/schema.org","@graph":[{"@type":"Article","@id":"https:\/\/bladnanews.com\/casemiro-bids-farewell-to-manchester-united-in-ideal-fashion-2\/#article","isPartOf":{"@id":"https:\/\/bladnanews.com\/casemiro-bids-farewell-to-manchester-united-in-ideal-fashion-2\/"},"author":{"name":"Bladna News Staff","@id":"https:\/\/mediumseagreen-eel-531711.hostingersite.com\/#\/schema\/person\/268e18a453ab080ebf76df6ef7845083"},"headline":"Casemiro bids farewell to Manchester United in ideal fashion","datePublished":"2026-04-27T20:19:00+00:00","mainEntityOfPage":{"@id":"https:\/\/bladnanews.com\/casemiro-bids-farewell-to-manchester-united-in-ideal-fashion-2\/"},"wordCount":476,"publisher":{"@id":"https:\/\/mediumseagreen-eel-531711.hostingersite.com\/#organization"},"image":{"@id":"https:\/\/bladnanews.com\/casemiro-bids-farewell-to-manchester-united-in-ideal-fashion-2\/#primaryimage"},"thumbnailUrl":"https:\/\/bladnanews.com\/wp-content\/uploads\/2026\/04\/GettyImages-2273419986-1.jpg-1.jpg","articleSection":["International","Latest News"],"inLanguage":"fr-FR","copyrightYear":"2026","copyrightHolder":{"@id":"https:\/\/bladnanews.com\/fr\/#organization"}},{"@type":"WebPage","@id":"https:\/\/bladnanews.com\/casemiro-bids-farewell-to-manchester-united-in-ideal-fashion-2\/","url":"https:\/\/bladnanews.com\/casemiro-bids-farewell-to-manchester-united-in-ideal-fashion-2\/","name":"Casemiro fait ses adieux \u00e0 Manchester United de mani\u00e8re id\u00e9ale - Bladna News","isPartOf":{"@id":"https:\/\/mediumseagreen-eel-531711.hostingersite.com\/#website"},"primaryImageOfPage":{"@id":"https:\/\/bladnanews.com\/casemiro-bids-farewell-to-manchester-united-in-ideal-fashion-2\/#primaryimage"},"image":{"@id":"https:\/\/bladnanews.com\/casemiro-bids-farewell-to-manchester-united-in-ideal-fashion-2\/#primaryimage"},"thumbnailUrl":"https:\/\/bladnanews.com\/wp-content\/uploads\/2026\/04\/GettyImages-2273419986-1.jpg-1.jpg","datePublished":"2026-04-27T20:19:00+00:00","breadcrumb":{"@id":"https:\/\/bladnanews.com\/casemiro-bids-farewell-to-manchester-united-in-ideal-fashion-2\/#breadcrumb"},"inLanguage":"fr-FR","potentialAction":[{"@type":"ReadAction","target":["https:\/\/bladnanews.com\/casemiro-bids-farewell-to-manchester-united-in-ideal-fashion-2\/"]}]},{"@type":"ImageObject","inLanguage":"fr-FR","@id":"https:\/\/bladnanews.com\/casemiro-bids-farewell-to-manchester-united-in-ideal-fashion-2\/#primaryimage","url":"https:\/\/bladnanews.com\/wp-content\/uploads\/2026\/04\/GettyImages-2273419986-1.jpg-1.jpg","contentUrl":"https:\/\/bladnanews.com\/wp-content\/uploads\/2026\/04\/GettyImages-2273419986-1.jpg-1.jpg","width":1483,"height":834,"caption":"Casemiro bids farewell to Manchester United in ideal fashion"},{"@type":"BreadcrumbList","@id":"https:\/\/bladnanews.com\/casemiro-bids-farewell-to-manchester-united-in-ideal-fashion-2\/#breadcrumb","itemListElement":[{"@type":"ListItem","position":1,"name":"Home","item":"https:\/\/bladnanews.com\/"},{"@type":"ListItem","position":2,"name":"Casemiro bids farewell to Manchester United in ideal fashion"}]},{"@type":"WebSite","@id":"https:\/\/mediumseagreen-eel-531711.hostingersite.com\/#website","url":"https:\/\/mediumseagreen-eel-531711.hostingersite.com\/","name":"Bladna News - Maroc","description":"Quand le football marocain rencontre le monde","publisher":{"@id":"https:\/\/mediumseagreen-eel-531711.hostingersite.com\/#organization"},"potentialAction":[{"@type":"SearchAction","target":{"@type":"EntryPoint","urlTemplate":"https:\/\/mediumseagreen-eel-531711.hostingersite.com\/?s={search_term_string}"},"query-input":{"@type":"PropertyValueSpecification","valueRequired":true,"valueName":"search_term_string"}}],"inLanguage":"fr-FR"},{"@type":"Organization","@id":"https:\/\/mediumseagreen-eel-531711.hostingersite.com\/#organization","name":"Bladna News.com","url":"https:\/\/mediumseagreen-eel-531711.hostingersite.com\/","logo":{"@type":"ImageObject","inLanguage":"fr-FR","@id":"https:\/\/mediumseagreen-eel-531711.hostingersite.com\/#\/schema\/logo\/image\/","url":"https:\/\/bladnanews.com\/wp-content\/uploads\/2025\/12\/logo-bladnanews-V2-web-black-red.png","contentUrl":"https:\/\/bladnanews.com\/wp-content\/uploads\/2025\/12\/logo-bladnanews-V2-web-black-red.png","width":703,"height":287,"caption":"Bladna News.com"},"image":{"@id":"https:\/\/mediumseagreen-eel-531711.hostingersite.com\/#\/schema\/logo\/image\/"},"email":"info@bladnanews.com","legalName":"Bladna News"},{"@type":"Person","@id":"https:\/\/mediumseagreen-eel-531711.hostingersite.com\/#\/schema\/person\/268e18a453ab080ebf76df6ef7845083","name":"\u00c9quipe r\u00e9dactionnelle de Bladna News","url":"https:\/\/bladnanews.com\/fr\/author\/bladna-news-staff\/"}]}},"_links":{"self":[{"href":"https:\/\/bladnanews.com\/fr\/wp-json\/wp\/v2\/posts\/11029","targetHints":{"allow":["GET"]}}],"collection":[{"href":"https:\/\/bladnanews.com\/fr\/wp-json\/wp\/v2\/posts"}],"about":[{"href":"https:\/\/bladnanews.com\/fr\/wp-json\/wp\/v2\/types\/post"}],"author":[{"embeddable":true,"href":"https:\/\/bladnanews.com\/fr\/wp-json\/wp\/v2\/users\/3"}],"replies":[{"embeddable":true,"href":"https:\/\/bladnanews.com\/fr\/wp-json\/wp\/v2\/comments?post=11029"}],"version-history":[{"count":0,"href":"https:\/\/bladnanews.com\/fr\/wp-json\/wp\/v2\/posts\/11029\/revisions"}],"wp:featuredmedia":[{"embeddable":true,"href":"https:\/\/bladnanews.com\/fr\/wp-json\/wp\/v2\/media\/11028"}],"wp:attachment":[{"href":"https:\/\/bladnanews.com\/fr\/wp-json\/wp\/v2\/media?parent=11029"}],"wp:term":[{"taxonomy":"category","embeddable":true,"href":"https:\/\/bladnanews.com\/fr\/wp-json\/wp\/v2\/categories?post=11029"},{"taxonomy":"post_tag","embeddable":true,"href":"https:\/\/bladnanews.com\/fr\/wp-json\/wp\/v2\/tags?post=11029"}],"curies":[{"name":"wp","href":"https:\/\/api.w.org\/{rel}","templated":true}]}}