{"id":11033,"date":"2026-04-28T08:48:35","date_gmt":"2026-04-28T08:48:35","guid":{"rendered":"https:\/\/bladnanews.com\/uefa-threatens-to-ban-italian-clubs-from-european-competitions\/"},"modified":"2026-04-28T08:48:35","modified_gmt":"2026-04-28T08:48:35","slug":"luefa-menace-dexclure-les-clubs-italiens-des-competitions-europeennes","status":"publish","type":"post","link":"https:\/\/bladnanews.com\/fr\/luefa-menace-dexclure-les-clubs-italiens-des-competitions-europeennes\/","title":{"rendered":"L'UEFA menace d'exclure les clubs italiens des comp\u00e9titions europ\u00e9ennes"},"content":{"rendered":"<p>L'UEFA a menac\u00e9 d'exclure les clubs italiens des comp\u00e9titions europ\u00e9ennes si le gouvernement italien adopte une nouvelle loi controvers\u00e9e. Cet avertissement a \u00e9t\u00e9 formul\u00e9 dans une lettre officielle adress\u00e9e \u00e0 la F\u00e9d\u00e9ration italienne de football (FIGC) le mardi 14 mars 2026.<\/p>\n<p>Le diff\u00e9rend porte sur un projet de d\u00e9cret qui accorderait au gouvernement italien un plus grand contr\u00f4le sur la gestion et la propri\u00e9t\u00e9 des clubs de football professionnels. L'UEFA estime que cette loi viole ses r\u00e8gles strictes concernant l'ind\u00e9pendance des clubs et l'ing\u00e9rence politique.<\/p>\n<p>Dans cette lettre, l'UEFA a clairement indiqu\u00e9 que toute intervention gouvernementale dans la gestion des clubs serait consid\u00e9r\u00e9e comme une violation directe de ses statuts. L'instance dirigeante a averti qu'une telle mesure pourrait entra\u00eener la suspension imm\u00e9diate des \u00e9quipes italiennes de la Ligue des champions, de la Ligue Europa et de la Ligue Europa Conf\u00e9rence.<\/p>\n<p>Le gouvernement italien soutient que cette loi est n\u00e9cessaire pour prot\u00e9ger les clubs d'une mauvaise gestion financi\u00e8re et garantir une stabilit\u00e9 \u00e0 long terme. Cependant, l'UEFA y voit une menace pour l'autonomie des institutions footballistiques.<\/p>\n<p>Le pr\u00e9sident de la FIGC, Gabriele Gravina, a confirm\u00e9 la r\u00e9ception de la lettre et a d\u00e9clar\u00e9 qu'il \u0153uvrerait pour trouver une solution. \u201c Nous sommes conscients des pr\u00e9occupations de l'UEFA et nous ferons tout pour \u00e9viter des sanctions \u201d, a d\u00e9clar\u00e9 Gravina. \u201c Le dialogue avec le gouvernement se poursuit. \u201d<\/p>\n<p>Cette menace intervient \u00e0 un moment critique pour le football italien. Plusieurs clubs de Serie A font d\u00e9j\u00e0 l'objet d'un examen financier, et une exclusion des comp\u00e9titions europ\u00e9ennes porterait un coup massif \u00e0 la r\u00e9putation et aux revenus de la ligue.<\/p>\n<p>L'UEFA a donn\u00e9 \u00e0 la FIGC jusqu'au 31 mars 2026 pour r\u00e9pondre officiellement. Si aucun accord n'est trouv\u00e9, l'affaire pourrait \u00eatre renvoy\u00e9e devant les organes disciplinaires de l'UEFA, une d\u00e9cision \u00e9tant attendue avant le d\u00e9but de la saison 2026-2027.<\/p>","protected":false},"excerpt":{"rendered":"<p>Uefa has threatened to ban Italian clubs from European competitions if the Italian government pushes ahead with a controversial new [&hellip;]<\/p>\n","protected":false},"author":3,"featured_media":11032,"comment_status":"","ping_status":"open","sticky":false,"template":"","format":"standard","meta":{"googlesitekit_rrm_CAow_uzEDA:productID":"","site-sidebar-layout":"default","site-content-layout":"","ast-site-content-layout":"default","site-content-style":"default","site-sidebar-style":"default","ast-global-header-display":"","ast-banner-title-visibility":"","ast-main-header-display":"","ast-hfb-above-header-display":"","ast-hfb-below-header-display":"","ast-hfb-mobile-header-display":"","site-post-title":"","ast-breadcrumbs-content":"","ast-featured-img":"","footer-sml-layout":"","ast-disable-related-posts":"","theme-transparent-header-meta":"","adv-header-id-meta":"","stick-header-meta":"","header-above-stick-meta":"","header-main-stick-meta":"","header-below-stick-meta":"","astra-migrate-meta-layouts":"default","ast-page-background-enabled":"default","ast-page-background-meta":{"desktop":{"background-color":"var(--ast-global-color-5)","background-image":"","background-repeat":"repeat","background-position":"center center","background-size":"auto","background-attachment":"scroll","background-type":"","background-media":"","overlay-type":"","overlay-color":"","overlay-opacity":"","overlay-gradient":""},"tablet":{"background-color":"","background-image":"","background-repeat":"repeat","background-position":"center center","background-size":"auto","background-attachment":"scroll","background-type":"","background-media":"","overlay-type":"","overlay-color":"","overlay-opacity":"","overlay-gradient":""},"mobile":{"background-color":"","background-image":"","background-repeat":"repeat","background-position":"center center","background-size":"auto","background-attachment":"scroll","background-type":"","background-media":"","overlay-type":"","overlay-color":"","overlay-opacity":"","overlay-gradient":""}},"ast-content-background-meta":{"desktop":{"background-color":"var(--ast-global-color-4)","background-image":"","background-repeat":"repeat","background-position":"center center","background-size":"auto","background-attachment":"scroll","background-type":"","background-media":"","overlay-type":"","overlay-color":"","overlay-opacity":"","overlay-gradient":""},"tablet":{"background-color":"var(--ast-global-color-4)","background-image":"","background-repeat":"repeat","background-position":"center center","background-size":"auto","background-attachment":"scroll","background-type":"","background-media":"","overlay-type":"","overlay-color":"","overlay-opacity":"","overlay-gradient":""},"mobile":{"background-color":"var(--ast-global-color-4)","background-image":"","background-repeat":"repeat","background-position":"center center","background-size":"auto","background-attachment":"scroll","background-type":"","background-media":"","overlay-type":"","overlay-color":"","overlay-opacity":"","overlay-gradient":""}},"footnotes":""},"categories":[20,1],"tags":[],"class_list":["post-11033","post","type-post","status-publish","format-standard","has-post-thumbnail","hentry","category-international","category-football-latest-news"],"yoast_head":"<!-- This site is optimized with the Yoast SEO Premium plugin v26.6 (Yoast SEO v27.4) - https:\/\/yoast.com\/product\/yoast-seo-premium-wordpress\/ -->\n<title>Uefa threatens to ban Italian clubs from European competitions - Bladna News<\/title>\n<meta name=\"robots\" content=\"index, follow, max-snippet:-1, max-image-preview:large, max-video-preview:-1\" \/>\n<link rel=\"canonical\" href=\"https:\/\/bladnanews.com\/fr\/luefa-menace-dexclure-les-clubs-italiens-des-competitions-europeennes\/\" \/>\n<meta property=\"og:locale\" content=\"fr_FR\" \/>\n<meta property=\"og:type\" content=\"article\" \/>\n<meta property=\"og:title\" content=\"Uefa threatens to ban Italian clubs from European competitions\" \/>\n<meta property=\"og:description\" content=\"Uefa has threatened to ban Italian clubs from European competitions if the Italian government pushes ahead with a controversial new [&hellip;]\" \/>\n<meta property=\"og:url\" content=\"https:\/\/bladnanews.com\/fr\/luefa-menace-dexclure-les-clubs-italiens-des-competitions-europeennes\/\" \/>\n<meta property=\"og:site_name\" content=\"Bladna News\" \/>\n<meta property=\"article:published_time\" content=\"2026-04-28T08:48:35+00:00\" \/>\n<meta property=\"og:image\" content=\"https:\/\/bladnanews.com\/wp-content\/uploads\/2025\/12\/freepik__bladna-newscom-moroccan-soccer-homepage-banner-mor__41838.png\" \/>\n\t<meta property=\"og:image:width\" content=\"1312\" \/>\n\t<meta property=\"og:image:height\" content=\"736\" \/>\n\t<meta property=\"og:image:type\" content=\"image\/png\" \/>\n<meta name=\"author\" content=\"Bladna News Staff\" \/>\n<meta name=\"twitter:card\" content=\"summary_large_image\" \/>\n<meta name=\"twitter:label1\" content=\"\u00c9crit par\" \/>\n\t<meta name=\"twitter:data1\" content=\"Bladna News Staff\" \/>\n\t<meta name=\"twitter:label2\" content=\"Dur\u00e9e de lecture estim\u00e9e\" \/>\n\t<meta name=\"twitter:data2\" content=\"1 minute\" \/>\n<script type=\"application\/ld+json\" class=\"yoast-schema-graph\">{\"@context\":\"https:\\\/\\\/schema.org\",\"@graph\":[{\"@type\":\"Article\",\"@id\":\"https:\\\/\\\/bladnanews.com\\\/uefa-threatens-to-ban-italian-clubs-from-european-competitions\\\/#article\",\"isPartOf\":{\"@id\":\"https:\\\/\\\/bladnanews.com\\\/uefa-threatens-to-ban-italian-clubs-from-european-competitions\\\/\"},\"author\":{\"name\":\"Bladna News Staff\",\"@id\":\"https:\\\/\\\/mediumseagreen-eel-531711.hostingersite.com\\\/#\\\/schema\\\/person\\\/268e18a453ab080ebf76df6ef7845083\"},\"headline\":\"Uefa threatens to ban Italian clubs from European competitions\",\"datePublished\":\"2026-04-28T08:48:35+00:00\",\"mainEntityOfPage\":{\"@id\":\"https:\\\/\\\/bladnanews.com\\\/uefa-threatens-to-ban-italian-clubs-from-european-competitions\\\/\"},\"wordCount\":284,\"publisher\":{\"@id\":\"https:\\\/\\\/mediumseagreen-eel-531711.hostingersite.com\\\/#organization\"},\"image\":{\"@id\":\"https:\\\/\\\/bladnanews.com\\\/uefa-threatens-to-ban-italian-clubs-from-european-competitions\\\/#primaryimage\"},\"thumbnailUrl\":\"https:\\\/\\\/bladnanews.com\\\/wp-content\\\/uploads\\\/2026\\\/04\\\/GettyImages-2273264154.jpg.jpg\",\"articleSection\":[\"International\",\"Latest News\"],\"inLanguage\":\"fr-FR\",\"copyrightYear\":\"2026\",\"copyrightHolder\":{\"@id\":\"https:\\\/\\\/bladnanews.com\\\/fr\\\/#organization\"}},{\"@type\":\"WebPage\",\"@id\":\"https:\\\/\\\/bladnanews.com\\\/uefa-threatens-to-ban-italian-clubs-from-european-competitions\\\/\",\"url\":\"https:\\\/\\\/bladnanews.com\\\/uefa-threatens-to-ban-italian-clubs-from-european-competitions\\\/\",\"name\":\"Uefa threatens to ban Italian clubs from European competitions - Bladna News\",\"isPartOf\":{\"@id\":\"https:\\\/\\\/mediumseagreen-eel-531711.hostingersite.com\\\/#website\"},\"primaryImageOfPage\":{\"@id\":\"https:\\\/\\\/bladnanews.com\\\/uefa-threatens-to-ban-italian-clubs-from-european-competitions\\\/#primaryimage\"},\"image\":{\"@id\":\"https:\\\/\\\/bladnanews.com\\\/uefa-threatens-to-ban-italian-clubs-from-european-competitions\\\/#primaryimage\"},\"thumbnailUrl\":\"https:\\\/\\\/bladnanews.com\\\/wp-content\\\/uploads\\\/2026\\\/04\\\/GettyImages-2273264154.jpg.jpg\",\"datePublished\":\"2026-04-28T08:48:35+00:00\",\"breadcrumb\":{\"@id\":\"https:\\\/\\\/bladnanews.com\\\/uefa-threatens-to-ban-italian-clubs-from-european-competitions\\\/#breadcrumb\"},\"inLanguage\":\"fr-FR\",\"potentialAction\":[{\"@type\":\"ReadAction\",\"target\":[\"https:\\\/\\\/bladnanews.com\\\/uefa-threatens-to-ban-italian-clubs-from-european-competitions\\\/\"]}]},{\"@type\":\"ImageObject\",\"inLanguage\":\"fr-FR\",\"@id\":\"https:\\\/\\\/bladnanews.com\\\/uefa-threatens-to-ban-italian-clubs-from-european-competitions\\\/#primaryimage\",\"url\":\"https:\\\/\\\/bladnanews.com\\\/wp-content\\\/uploads\\\/2026\\\/04\\\/GettyImages-2273264154.jpg.jpg\",\"contentUrl\":\"https:\\\/\\\/bladnanews.com\\\/wp-content\\\/uploads\\\/2026\\\/04\\\/GettyImages-2273264154.jpg.jpg\",\"width\":2382,\"height\":1340,\"caption\":\"Uefa threatens to ban Italian clubs from European competitions\"},{\"@type\":\"BreadcrumbList\",\"@id\":\"https:\\\/\\\/bladnanews.com\\\/uefa-threatens-to-ban-italian-clubs-from-european-competitions\\\/#breadcrumb\",\"itemListElement\":[{\"@type\":\"ListItem\",\"position\":1,\"name\":\"Home\",\"item\":\"https:\\\/\\\/bladnanews.com\\\/\"},{\"@type\":\"ListItem\",\"position\":2,\"name\":\"Uefa threatens to ban Italian clubs from European competitions\"}]},{\"@type\":\"WebSite\",\"@id\":\"https:\\\/\\\/mediumseagreen-eel-531711.hostingersite.com\\\/#website\",\"url\":\"https:\\\/\\\/mediumseagreen-eel-531711.hostingersite.com\\\/\",\"name\":\"Bladna News - Morocco\",\"description\":\"Where Moroccan Football Meets the World\",\"publisher\":{\"@id\":\"https:\\\/\\\/mediumseagreen-eel-531711.hostingersite.com\\\/#organization\"},\"potentialAction\":[{\"@type\":\"SearchAction\",\"target\":{\"@type\":\"EntryPoint\",\"urlTemplate\":\"https:\\\/\\\/mediumseagreen-eel-531711.hostingersite.com\\\/?s={search_term_string}\"},\"query-input\":{\"@type\":\"PropertyValueSpecification\",\"valueRequired\":true,\"valueName\":\"search_term_string\"}}],\"inLanguage\":\"fr-FR\"},{\"@type\":\"Organization\",\"@id\":\"https:\\\/\\\/mediumseagreen-eel-531711.hostingersite.com\\\/#organization\",\"name\":\"Bladna News.com\",\"url\":\"https:\\\/\\\/mediumseagreen-eel-531711.hostingersite.com\\\/\",\"logo\":{\"@type\":\"ImageObject\",\"inLanguage\":\"fr-FR\",\"@id\":\"https:\\\/\\\/mediumseagreen-eel-531711.hostingersite.com\\\/#\\\/schema\\\/logo\\\/image\\\/\",\"url\":\"https:\\\/\\\/bladnanews.com\\\/wp-content\\\/uploads\\\/2025\\\/12\\\/logo-bladnanews-V2-web-black-red.png\",\"contentUrl\":\"https:\\\/\\\/bladnanews.com\\\/wp-content\\\/uploads\\\/2025\\\/12\\\/logo-bladnanews-V2-web-black-red.png\",\"width\":703,\"height\":287,\"caption\":\"Bladna News.com\"},\"image\":{\"@id\":\"https:\\\/\\\/mediumseagreen-eel-531711.hostingersite.com\\\/#\\\/schema\\\/logo\\\/image\\\/\"},\"email\":\"info@bladnanews.com\",\"legalName\":\"Bladna News\"},{\"@type\":\"Person\",\"@id\":\"https:\\\/\\\/mediumseagreen-eel-531711.hostingersite.com\\\/#\\\/schema\\\/person\\\/268e18a453ab080ebf76df6ef7845083\",\"name\":\"Bladna News Staff\",\"url\":\"https:\\\/\\\/bladnanews.com\\\/fr\\\/author\\\/bladna-news-staff\\\/\"}]}<\/script>\n<!-- \/ Yoast SEO Premium plugin. -->","yoast_head_json":{"title":"L'UEFA menace d'exclure les clubs italiens des comp\u00e9titions europ\u00e9ennes - Bladna News","robots":{"index":"index","follow":"follow","max-snippet":"max-snippet:-1","max-image-preview":"max-image-preview:large","max-video-preview":"max-video-preview:-1"},"canonical":"https:\/\/bladnanews.com\/fr\/luefa-menace-dexclure-les-clubs-italiens-des-competitions-europeennes\/","og_locale":"fr_FR","og_type":"article","og_title":"Uefa threatens to ban Italian clubs from European competitions","og_description":"Uefa has threatened to ban Italian clubs from European competitions if the Italian government pushes ahead with a controversial new [&hellip;]","og_url":"https:\/\/bladnanews.com\/fr\/luefa-menace-dexclure-les-clubs-italiens-des-competitions-europeennes\/","og_site_name":"Bladna News","article_published_time":"2026-04-28T08:48:35+00:00","og_image":[{"width":1312,"height":736,"url":"https:\/\/bladnanews.com\/wp-content\/uploads\/2025\/12\/freepik__bladna-newscom-moroccan-soccer-homepage-banner-mor__41838.png","type":"image\/png"}],"author":"Bladna News Staff","twitter_card":"summary_large_image","twitter_misc":{"\u00c9crit par":"Bladna News Staff","Dur\u00e9e de lecture estim\u00e9e":"1 minute"},"schema":{"@context":"https:\/\/schema.org","@graph":[{"@type":"Article","@id":"https:\/\/bladnanews.com\/uefa-threatens-to-ban-italian-clubs-from-european-competitions\/#article","isPartOf":{"@id":"https:\/\/bladnanews.com\/uefa-threatens-to-ban-italian-clubs-from-european-competitions\/"},"author":{"name":"Bladna News Staff","@id":"https:\/\/mediumseagreen-eel-531711.hostingersite.com\/#\/schema\/person\/268e18a453ab080ebf76df6ef7845083"},"headline":"Uefa threatens to ban Italian clubs from European competitions","datePublished":"2026-04-28T08:48:35+00:00","mainEntityOfPage":{"@id":"https:\/\/bladnanews.com\/uefa-threatens-to-ban-italian-clubs-from-european-competitions\/"},"wordCount":284,"publisher":{"@id":"https:\/\/mediumseagreen-eel-531711.hostingersite.com\/#organization"},"image":{"@id":"https:\/\/bladnanews.com\/uefa-threatens-to-ban-italian-clubs-from-european-competitions\/#primaryimage"},"thumbnailUrl":"https:\/\/bladnanews.com\/wp-content\/uploads\/2026\/04\/GettyImages-2273264154.jpg.jpg","articleSection":["International","Latest News"],"inLanguage":"fr-FR","copyrightYear":"2026","copyrightHolder":{"@id":"https:\/\/bladnanews.com\/fr\/#organization"}},{"@type":"WebPage","@id":"https:\/\/bladnanews.com\/uefa-threatens-to-ban-italian-clubs-from-european-competitions\/","url":"https:\/\/bladnanews.com\/uefa-threatens-to-ban-italian-clubs-from-european-competitions\/","name":"L'UEFA menace d'exclure les clubs italiens des comp\u00e9titions europ\u00e9ennes - Bladna News","isPartOf":{"@id":"https:\/\/mediumseagreen-eel-531711.hostingersite.com\/#website"},"primaryImageOfPage":{"@id":"https:\/\/bladnanews.com\/uefa-threatens-to-ban-italian-clubs-from-european-competitions\/#primaryimage"},"image":{"@id":"https:\/\/bladnanews.com\/uefa-threatens-to-ban-italian-clubs-from-european-competitions\/#primaryimage"},"thumbnailUrl":"https:\/\/bladnanews.com\/wp-content\/uploads\/2026\/04\/GettyImages-2273264154.jpg.jpg","datePublished":"2026-04-28T08:48:35+00:00","breadcrumb":{"@id":"https:\/\/bladnanews.com\/uefa-threatens-to-ban-italian-clubs-from-european-competitions\/#breadcrumb"},"inLanguage":"fr-FR","potentialAction":[{"@type":"ReadAction","target":["https:\/\/bladnanews.com\/uefa-threatens-to-ban-italian-clubs-from-european-competitions\/"]}]},{"@type":"ImageObject","inLanguage":"fr-FR","@id":"https:\/\/bladnanews.com\/uefa-threatens-to-ban-italian-clubs-from-european-competitions\/#primaryimage","url":"https:\/\/bladnanews.com\/wp-content\/uploads\/2026\/04\/GettyImages-2273264154.jpg.jpg","contentUrl":"https:\/\/bladnanews.com\/wp-content\/uploads\/2026\/04\/GettyImages-2273264154.jpg.jpg","width":2382,"height":1340,"caption":"Uefa threatens to ban Italian clubs from European competitions"},{"@type":"BreadcrumbList","@id":"https:\/\/bladnanews.com\/uefa-threatens-to-ban-italian-clubs-from-european-competitions\/#breadcrumb","itemListElement":[{"@type":"ListItem","position":1,"name":"Home","item":"https:\/\/bladnanews.com\/"},{"@type":"ListItem","position":2,"name":"Uefa threatens to ban Italian clubs from European competitions"}]},{"@type":"WebSite","@id":"https:\/\/mediumseagreen-eel-531711.hostingersite.com\/#website","url":"https:\/\/mediumseagreen-eel-531711.hostingersite.com\/","name":"Bladna News - Maroc","description":"Quand le football marocain rencontre le monde","publisher":{"@id":"https:\/\/mediumseagreen-eel-531711.hostingersite.com\/#organization"},"potentialAction":[{"@type":"SearchAction","target":{"@type":"EntryPoint","urlTemplate":"https:\/\/mediumseagreen-eel-531711.hostingersite.com\/?s={search_term_string}"},"query-input":{"@type":"PropertyValueSpecification","valueRequired":true,"valueName":"search_term_string"}}],"inLanguage":"fr-FR"},{"@type":"Organization","@id":"https:\/\/mediumseagreen-eel-531711.hostingersite.com\/#organization","name":"Bladna News.com","url":"https:\/\/mediumseagreen-eel-531711.hostingersite.com\/","logo":{"@type":"ImageObject","inLanguage":"fr-FR","@id":"https:\/\/mediumseagreen-eel-531711.hostingersite.com\/#\/schema\/logo\/image\/","url":"https:\/\/bladnanews.com\/wp-content\/uploads\/2025\/12\/logo-bladnanews-V2-web-black-red.png","contentUrl":"https:\/\/bladnanews.com\/wp-content\/uploads\/2025\/12\/logo-bladnanews-V2-web-black-red.png","width":703,"height":287,"caption":"Bladna News.com"},"image":{"@id":"https:\/\/mediumseagreen-eel-531711.hostingersite.com\/#\/schema\/logo\/image\/"},"email":"info@bladnanews.com","legalName":"Bladna News"},{"@type":"Person","@id":"https:\/\/mediumseagreen-eel-531711.hostingersite.com\/#\/schema\/person\/268e18a453ab080ebf76df6ef7845083","name":"\u00c9quipe r\u00e9dactionnelle de Bladna News","url":"https:\/\/bladnanews.com\/fr\/author\/bladna-news-staff\/"}]}},"_links":{"self":[{"href":"https:\/\/bladnanews.com\/fr\/wp-json\/wp\/v2\/posts\/11033","targetHints":{"allow":["GET"]}}],"collection":[{"href":"https:\/\/bladnanews.com\/fr\/wp-json\/wp\/v2\/posts"}],"about":[{"href":"https:\/\/bladnanews.com\/fr\/wp-json\/wp\/v2\/types\/post"}],"author":[{"embeddable":true,"href":"https:\/\/bladnanews.com\/fr\/wp-json\/wp\/v2\/users\/3"}],"replies":[{"embeddable":true,"href":"https:\/\/bladnanews.com\/fr\/wp-json\/wp\/v2\/comments?post=11033"}],"version-history":[{"count":0,"href":"https:\/\/bladnanews.com\/fr\/wp-json\/wp\/v2\/posts\/11033\/revisions"}],"wp:featuredmedia":[{"embeddable":true,"href":"https:\/\/bladnanews.com\/fr\/wp-json\/wp\/v2\/media\/11032"}],"wp:attachment":[{"href":"https:\/\/bladnanews.com\/fr\/wp-json\/wp\/v2\/media?parent=11033"}],"wp:term":[{"taxonomy":"category","embeddable":true,"href":"https:\/\/bladnanews.com\/fr\/wp-json\/wp\/v2\/categories?post=11033"},{"taxonomy":"post_tag","embeddable":true,"href":"https:\/\/bladnanews.com\/fr\/wp-json\/wp\/v2\/tags?post=11033"}],"curies":[{"name":"wp","href":"https:\/\/api.w.org\/{rel}","templated":true}]}}