{"id":11047,"date":"2026-04-28T15:13:39","date_gmt":"2026-04-28T15:13:39","guid":{"rendered":"https:\/\/bladnanews.com\/atletico-madrid-captain-dreams-of-major-prize-unsure-if-last-chance\/"},"modified":"2026-04-28T15:13:39","modified_gmt":"2026-04-28T15:13:39","slug":"le-capitaine-de-latletico-madrid-reve-dun-grand-prix-incertain-sil-sagit-de-sa-derniere-chance","status":"publish","type":"post","link":"https:\/\/bladnanews.com\/fr\/le-capitaine-de-latletico-madrid-reve-dun-grand-prix-incertain-sil-sagit-de-sa-derniere-chance\/","title":{"rendered":"Le capitaine de l'Atl\u00e9tico Madrid r\u00eave d'un grand titre, sans savoir s'il s'agit de sa derni\u00e8re chance"},"content":{"rendered":"<p>Le capitaine de l'Atl\u00e9tico Madrid, Koke, a admis ne pas savoir si cette saison repr\u00e9sente sa derni\u00e8re opportunit\u00e9 de remporter le plus grand troph\u00e9e du football de clubs, alors qu'il r\u00eave de soulever la Ligue des champions.<\/p>\n<p>Le milieu de terrain de 33 ans, fid\u00e8le \u00e0 un seul club, ayant pass\u00e9 toute sa carri\u00e8re au Metropolitano, s'est exprim\u00e9 ouvertement sur ses ambitions et l'incertitude entourant le nombre de chances qui lui restent dans la plus grande comp\u00e9tition europ\u00e9enne.<\/p>\n<p>\u201c Je ne sais pas si c'\u00e9tait la derni\u00e8re \u201d, a d\u00e9clar\u00e9 Koke en \u00e9voquant la campagne actuelle de l'Atl\u00e9tico en Ligue des champions. Le v\u00e9t\u00e9ran meneur de jeu a clairement indiqu\u00e9 que son d\u00e9sir de remporter le tournoi reste aussi fort que jamais.<\/p>\n<p>L'Atl\u00e9tico Madrid a atteint la finale de la Ligue des champions \u00e0 trois reprises dans son histoire, en 1974, 2014 et 2016, mais ne l'a jamais remport\u00e9e. Lors des deux derni\u00e8res occasions, ils ont \u00e9t\u00e9 battus par leurs rivaux locaux, le Real Madrid.<\/p>\n<p>Koke a particip\u00e9 \u00e0 ces deux finales sous Diego Simeone, \u00e0 Lisbonne et \u00e0 Milan, et la douleur de ces d\u00e9faites persiste encore. Aujourd'hui, en tant que l'un des joueurs les plus exp\u00e9riment\u00e9s de l'effectif, il est d\u00e9termin\u00e9 \u00e0 franchir un cap suppl\u00e9mentaire.<\/p>\n<p>\u201c Gagner la Ligue des champions est le r\u00eave \u201d, a affirm\u00e9 Koke. \u201c Nous travaillons chaque jour pour rivaliser au plus haut niveau et tout donner pour ce club. Le r\u00eave est toujours vivant. \u201d<\/p>\n<p>L'Atl\u00e9tico Madrid est actuellement engag\u00e9 sur plusieurs fronts cette saison, et le leadership de Koke reste crucial pour les plans de Simeone. La situation contractuelle du capitaine a \u00e9galement fait l'objet de discussions, bien que son attention reste fermement tourn\u00e9e vers le terrain.<\/p>\n<p>Alors que les phases \u00e0 \u00e9limination directe approchent, Koke sait que chaque match pourrait \u00eatre d\u00e9cisif. \u201c Nous devons avancer pas \u00e0 pas \u201d, a-t-il ajout\u00e9. \u201c Mais l'ambition est l\u00e0. Nous voulons nous battre pour le grand prix. \u201d<\/p>","protected":false},"excerpt":{"rendered":"<p>Atletico Madrid captain Koke has admitted he does not know if this season represents his final opportunity to win the [&hellip;]<\/p>\n","protected":false},"author":3,"featured_media":11046,"comment_status":"","ping_status":"open","sticky":false,"template":"","format":"standard","meta":{"googlesitekit_rrm_CAow_uzEDA:productID":"","site-sidebar-layout":"default","site-content-layout":"","ast-site-content-layout":"default","site-content-style":"default","site-sidebar-style":"default","ast-global-header-display":"","ast-banner-title-visibility":"","ast-main-header-display":"","ast-hfb-above-header-display":"","ast-hfb-below-header-display":"","ast-hfb-mobile-header-display":"","site-post-title":"","ast-breadcrumbs-content":"","ast-featured-img":"","footer-sml-layout":"","ast-disable-related-posts":"","theme-transparent-header-meta":"","adv-header-id-meta":"","stick-header-meta":"","header-above-stick-meta":"","header-main-stick-meta":"","header-below-stick-meta":"","astra-migrate-meta-layouts":"default","ast-page-background-enabled":"default","ast-page-background-meta":{"desktop":{"background-color":"var(--ast-global-color-5)","background-image":"","background-repeat":"repeat","background-position":"center center","background-size":"auto","background-attachment":"scroll","background-type":"","background-media":"","overlay-type":"","overlay-color":"","overlay-opacity":"","overlay-gradient":""},"tablet":{"background-color":"","background-image":"","background-repeat":"repeat","background-position":"center center","background-size":"auto","background-attachment":"scroll","background-type":"","background-media":"","overlay-type":"","overlay-color":"","overlay-opacity":"","overlay-gradient":""},"mobile":{"background-color":"","background-image":"","background-repeat":"repeat","background-position":"center center","background-size":"auto","background-attachment":"scroll","background-type":"","background-media":"","overlay-type":"","overlay-color":"","overlay-opacity":"","overlay-gradient":""}},"ast-content-background-meta":{"desktop":{"background-color":"var(--ast-global-color-4)","background-image":"","background-repeat":"repeat","background-position":"center center","background-size":"auto","background-attachment":"scroll","background-type":"","background-media":"","overlay-type":"","overlay-color":"","overlay-opacity":"","overlay-gradient":""},"tablet":{"background-color":"var(--ast-global-color-4)","background-image":"","background-repeat":"repeat","background-position":"center center","background-size":"auto","background-attachment":"scroll","background-type":"","background-media":"","overlay-type":"","overlay-color":"","overlay-opacity":"","overlay-gradient":""},"mobile":{"background-color":"var(--ast-global-color-4)","background-image":"","background-repeat":"repeat","background-position":"center center","background-size":"auto","background-attachment":"scroll","background-type":"","background-media":"","overlay-type":"","overlay-color":"","overlay-opacity":"","overlay-gradient":""}},"footnotes":""},"categories":[20,1],"tags":[],"class_list":["post-11047","post","type-post","status-publish","format-standard","has-post-thumbnail","hentry","category-international","category-football-latest-news"],"yoast_head":"<!-- This site is optimized with the Yoast SEO Premium plugin v26.6 (Yoast SEO v27.4) - https:\/\/yoast.com\/product\/yoast-seo-premium-wordpress\/ -->\n<title>Atletico Madrid captain dreams of major prize, unsure if last chance - Bladna News<\/title>\n<meta name=\"robots\" content=\"index, follow, max-snippet:-1, max-image-preview:large, max-video-preview:-1\" \/>\n<link rel=\"canonical\" href=\"https:\/\/bladnanews.com\/fr\/le-capitaine-de-latletico-madrid-reve-dun-grand-prix-incertain-sil-sagit-de-sa-derniere-chance\/\" \/>\n<meta property=\"og:locale\" content=\"fr_FR\" \/>\n<meta property=\"og:type\" content=\"article\" \/>\n<meta property=\"og:title\" content=\"Atletico Madrid captain dreams of major prize, unsure if last chance\" \/>\n<meta property=\"og:description\" content=\"Atletico Madrid captain Koke has admitted he does not know if this season represents his final opportunity to win the [&hellip;]\" \/>\n<meta property=\"og:url\" content=\"https:\/\/bladnanews.com\/fr\/le-capitaine-de-latletico-madrid-reve-dun-grand-prix-incertain-sil-sagit-de-sa-derniere-chance\/\" \/>\n<meta property=\"og:site_name\" content=\"Bladna News\" \/>\n<meta property=\"article:published_time\" content=\"2026-04-28T15:13:39+00:00\" \/>\n<meta property=\"og:image\" content=\"https:\/\/bladnanews.com\/wp-content\/uploads\/2025\/12\/freepik__bladna-newscom-moroccan-soccer-homepage-banner-mor__41838.png\" \/>\n\t<meta property=\"og:image:width\" content=\"1312\" \/>\n\t<meta property=\"og:image:height\" content=\"736\" \/>\n\t<meta property=\"og:image:type\" content=\"image\/png\" \/>\n<meta name=\"author\" content=\"Bladna News Staff\" \/>\n<meta name=\"twitter:card\" content=\"summary_large_image\" \/>\n<meta name=\"twitter:label1\" content=\"\u00c9crit par\" \/>\n\t<meta name=\"twitter:data1\" content=\"Bladna News Staff\" \/>\n\t<meta name=\"twitter:label2\" content=\"Dur\u00e9e de lecture estim\u00e9e\" \/>\n\t<meta name=\"twitter:data2\" content=\"1 minute\" \/>\n<script type=\"application\/ld+json\" class=\"yoast-schema-graph\">{\"@context\":\"https:\\\/\\\/schema.org\",\"@graph\":[{\"@type\":\"Article\",\"@id\":\"https:\\\/\\\/bladnanews.com\\\/atletico-madrid-captain-dreams-of-major-prize-unsure-if-last-chance\\\/#article\",\"isPartOf\":{\"@id\":\"https:\\\/\\\/bladnanews.com\\\/atletico-madrid-captain-dreams-of-major-prize-unsure-if-last-chance\\\/\"},\"author\":{\"name\":\"Bladna News Staff\",\"@id\":\"https:\\\/\\\/mediumseagreen-eel-531711.hostingersite.com\\\/#\\\/schema\\\/person\\\/268e18a453ab080ebf76df6ef7845083\"},\"headline\":\"Atletico Madrid captain dreams of major prize, unsure if last chance\",\"datePublished\":\"2026-04-28T15:13:39+00:00\",\"mainEntityOfPage\":{\"@id\":\"https:\\\/\\\/bladnanews.com\\\/atletico-madrid-captain-dreams-of-major-prize-unsure-if-last-chance\\\/\"},\"wordCount\":304,\"publisher\":{\"@id\":\"https:\\\/\\\/mediumseagreen-eel-531711.hostingersite.com\\\/#organization\"},\"image\":{\"@id\":\"https:\\\/\\\/bladnanews.com\\\/atletico-madrid-captain-dreams-of-major-prize-unsure-if-last-chance\\\/#primaryimage\"},\"thumbnailUrl\":\"https:\\\/\\\/bladnanews.com\\\/wp-content\\\/uploads\\\/2026\\\/04\\\/GettyImages-2272995985.jpg-scaled.jpg\",\"articleSection\":[\"International\",\"Latest News\"],\"inLanguage\":\"fr-FR\",\"copyrightYear\":\"2026\",\"copyrightHolder\":{\"@id\":\"https:\\\/\\\/bladnanews.com\\\/fr\\\/#organization\"}},{\"@type\":\"WebPage\",\"@id\":\"https:\\\/\\\/bladnanews.com\\\/atletico-madrid-captain-dreams-of-major-prize-unsure-if-last-chance\\\/\",\"url\":\"https:\\\/\\\/bladnanews.com\\\/atletico-madrid-captain-dreams-of-major-prize-unsure-if-last-chance\\\/\",\"name\":\"Atletico Madrid captain dreams of major prize, unsure if last chance - Bladna News\",\"isPartOf\":{\"@id\":\"https:\\\/\\\/mediumseagreen-eel-531711.hostingersite.com\\\/#website\"},\"primaryImageOfPage\":{\"@id\":\"https:\\\/\\\/bladnanews.com\\\/atletico-madrid-captain-dreams-of-major-prize-unsure-if-last-chance\\\/#primaryimage\"},\"image\":{\"@id\":\"https:\\\/\\\/bladnanews.com\\\/atletico-madrid-captain-dreams-of-major-prize-unsure-if-last-chance\\\/#primaryimage\"},\"thumbnailUrl\":\"https:\\\/\\\/bladnanews.com\\\/wp-content\\\/uploads\\\/2026\\\/04\\\/GettyImages-2272995985.jpg-scaled.jpg\",\"datePublished\":\"2026-04-28T15:13:39+00:00\",\"breadcrumb\":{\"@id\":\"https:\\\/\\\/bladnanews.com\\\/atletico-madrid-captain-dreams-of-major-prize-unsure-if-last-chance\\\/#breadcrumb\"},\"inLanguage\":\"fr-FR\",\"potentialAction\":[{\"@type\":\"ReadAction\",\"target\":[\"https:\\\/\\\/bladnanews.com\\\/atletico-madrid-captain-dreams-of-major-prize-unsure-if-last-chance\\\/\"]}]},{\"@type\":\"ImageObject\",\"inLanguage\":\"fr-FR\",\"@id\":\"https:\\\/\\\/bladnanews.com\\\/atletico-madrid-captain-dreams-of-major-prize-unsure-if-last-chance\\\/#primaryimage\",\"url\":\"https:\\\/\\\/bladnanews.com\\\/wp-content\\\/uploads\\\/2026\\\/04\\\/GettyImages-2272995985.jpg-scaled.jpg\",\"contentUrl\":\"https:\\\/\\\/bladnanews.com\\\/wp-content\\\/uploads\\\/2026\\\/04\\\/GettyImages-2272995985.jpg-scaled.jpg\",\"width\":2560,\"height\":1440,\"caption\":\"Atletico Madrid captain dreams of major prize, unsure if last chance\"},{\"@type\":\"BreadcrumbList\",\"@id\":\"https:\\\/\\\/bladnanews.com\\\/atletico-madrid-captain-dreams-of-major-prize-unsure-if-last-chance\\\/#breadcrumb\",\"itemListElement\":[{\"@type\":\"ListItem\",\"position\":1,\"name\":\"Home\",\"item\":\"https:\\\/\\\/bladnanews.com\\\/\"},{\"@type\":\"ListItem\",\"position\":2,\"name\":\"Atletico Madrid captain dreams of major prize, unsure if last chance\"}]},{\"@type\":\"WebSite\",\"@id\":\"https:\\\/\\\/mediumseagreen-eel-531711.hostingersite.com\\\/#website\",\"url\":\"https:\\\/\\\/mediumseagreen-eel-531711.hostingersite.com\\\/\",\"name\":\"Bladna News - Morocco\",\"description\":\"Where Moroccan Football Meets the World\",\"publisher\":{\"@id\":\"https:\\\/\\\/mediumseagreen-eel-531711.hostingersite.com\\\/#organization\"},\"potentialAction\":[{\"@type\":\"SearchAction\",\"target\":{\"@type\":\"EntryPoint\",\"urlTemplate\":\"https:\\\/\\\/mediumseagreen-eel-531711.hostingersite.com\\\/?s={search_term_string}\"},\"query-input\":{\"@type\":\"PropertyValueSpecification\",\"valueRequired\":true,\"valueName\":\"search_term_string\"}}],\"inLanguage\":\"fr-FR\"},{\"@type\":\"Organization\",\"@id\":\"https:\\\/\\\/mediumseagreen-eel-531711.hostingersite.com\\\/#organization\",\"name\":\"Bladna News.com\",\"url\":\"https:\\\/\\\/mediumseagreen-eel-531711.hostingersite.com\\\/\",\"logo\":{\"@type\":\"ImageObject\",\"inLanguage\":\"fr-FR\",\"@id\":\"https:\\\/\\\/mediumseagreen-eel-531711.hostingersite.com\\\/#\\\/schema\\\/logo\\\/image\\\/\",\"url\":\"https:\\\/\\\/bladnanews.com\\\/wp-content\\\/uploads\\\/2025\\\/12\\\/logo-bladnanews-V2-web-black-red.png\",\"contentUrl\":\"https:\\\/\\\/bladnanews.com\\\/wp-content\\\/uploads\\\/2025\\\/12\\\/logo-bladnanews-V2-web-black-red.png\",\"width\":703,\"height\":287,\"caption\":\"Bladna News.com\"},\"image\":{\"@id\":\"https:\\\/\\\/mediumseagreen-eel-531711.hostingersite.com\\\/#\\\/schema\\\/logo\\\/image\\\/\"},\"email\":\"info@bladnanews.com\",\"legalName\":\"Bladna News\"},{\"@type\":\"Person\",\"@id\":\"https:\\\/\\\/mediumseagreen-eel-531711.hostingersite.com\\\/#\\\/schema\\\/person\\\/268e18a453ab080ebf76df6ef7845083\",\"name\":\"Bladna News Staff\",\"url\":\"https:\\\/\\\/bladnanews.com\\\/fr\\\/author\\\/bladna-news-staff\\\/\"}]}<\/script>\n<!-- \/ Yoast SEO Premium plugin. -->","yoast_head_json":{"title":"Le capitaine de l'Atl\u00e9tico Madrid r\u00eave d'un grand prix, incertain si c'est sa derni\u00e8re chance - Bladna News","robots":{"index":"index","follow":"follow","max-snippet":"max-snippet:-1","max-image-preview":"max-image-preview:large","max-video-preview":"max-video-preview:-1"},"canonical":"https:\/\/bladnanews.com\/fr\/le-capitaine-de-latletico-madrid-reve-dun-grand-prix-incertain-sil-sagit-de-sa-derniere-chance\/","og_locale":"fr_FR","og_type":"article","og_title":"Atletico Madrid captain dreams of major prize, unsure if last chance","og_description":"Atletico Madrid captain Koke has admitted he does not know if this season represents his final opportunity to win the [&hellip;]","og_url":"https:\/\/bladnanews.com\/fr\/le-capitaine-de-latletico-madrid-reve-dun-grand-prix-incertain-sil-sagit-de-sa-derniere-chance\/","og_site_name":"Bladna News","article_published_time":"2026-04-28T15:13:39+00:00","og_image":[{"width":1312,"height":736,"url":"https:\/\/bladnanews.com\/wp-content\/uploads\/2025\/12\/freepik__bladna-newscom-moroccan-soccer-homepage-banner-mor__41838.png","type":"image\/png"}],"author":"Bladna News Staff","twitter_card":"summary_large_image","twitter_misc":{"\u00c9crit par":"Bladna News Staff","Dur\u00e9e de lecture estim\u00e9e":"1 minute"},"schema":{"@context":"https:\/\/schema.org","@graph":[{"@type":"Article","@id":"https:\/\/bladnanews.com\/atletico-madrid-captain-dreams-of-major-prize-unsure-if-last-chance\/#article","isPartOf":{"@id":"https:\/\/bladnanews.com\/atletico-madrid-captain-dreams-of-major-prize-unsure-if-last-chance\/"},"author":{"name":"Bladna News Staff","@id":"https:\/\/mediumseagreen-eel-531711.hostingersite.com\/#\/schema\/person\/268e18a453ab080ebf76df6ef7845083"},"headline":"Atletico Madrid captain dreams of major prize, unsure if last chance","datePublished":"2026-04-28T15:13:39+00:00","mainEntityOfPage":{"@id":"https:\/\/bladnanews.com\/atletico-madrid-captain-dreams-of-major-prize-unsure-if-last-chance\/"},"wordCount":304,"publisher":{"@id":"https:\/\/mediumseagreen-eel-531711.hostingersite.com\/#organization"},"image":{"@id":"https:\/\/bladnanews.com\/atletico-madrid-captain-dreams-of-major-prize-unsure-if-last-chance\/#primaryimage"},"thumbnailUrl":"https:\/\/bladnanews.com\/wp-content\/uploads\/2026\/04\/GettyImages-2272995985.jpg-scaled.jpg","articleSection":["International","Latest News"],"inLanguage":"fr-FR","copyrightYear":"2026","copyrightHolder":{"@id":"https:\/\/bladnanews.com\/fr\/#organization"}},{"@type":"WebPage","@id":"https:\/\/bladnanews.com\/atletico-madrid-captain-dreams-of-major-prize-unsure-if-last-chance\/","url":"https:\/\/bladnanews.com\/atletico-madrid-captain-dreams-of-major-prize-unsure-if-last-chance\/","name":"Le capitaine de l'Atl\u00e9tico Madrid r\u00eave d'un grand prix, incertain si c'est sa derni\u00e8re chance - Bladna News","isPartOf":{"@id":"https:\/\/mediumseagreen-eel-531711.hostingersite.com\/#website"},"primaryImageOfPage":{"@id":"https:\/\/bladnanews.com\/atletico-madrid-captain-dreams-of-major-prize-unsure-if-last-chance\/#primaryimage"},"image":{"@id":"https:\/\/bladnanews.com\/atletico-madrid-captain-dreams-of-major-prize-unsure-if-last-chance\/#primaryimage"},"thumbnailUrl":"https:\/\/bladnanews.com\/wp-content\/uploads\/2026\/04\/GettyImages-2272995985.jpg-scaled.jpg","datePublished":"2026-04-28T15:13:39+00:00","breadcrumb":{"@id":"https:\/\/bladnanews.com\/atletico-madrid-captain-dreams-of-major-prize-unsure-if-last-chance\/#breadcrumb"},"inLanguage":"fr-FR","potentialAction":[{"@type":"ReadAction","target":["https:\/\/bladnanews.com\/atletico-madrid-captain-dreams-of-major-prize-unsure-if-last-chance\/"]}]},{"@type":"ImageObject","inLanguage":"fr-FR","@id":"https:\/\/bladnanews.com\/atletico-madrid-captain-dreams-of-major-prize-unsure-if-last-chance\/#primaryimage","url":"https:\/\/bladnanews.com\/wp-content\/uploads\/2026\/04\/GettyImages-2272995985.jpg-scaled.jpg","contentUrl":"https:\/\/bladnanews.com\/wp-content\/uploads\/2026\/04\/GettyImages-2272995985.jpg-scaled.jpg","width":2560,"height":1440,"caption":"Atletico Madrid captain dreams of major prize, unsure if last chance"},{"@type":"BreadcrumbList","@id":"https:\/\/bladnanews.com\/atletico-madrid-captain-dreams-of-major-prize-unsure-if-last-chance\/#breadcrumb","itemListElement":[{"@type":"ListItem","position":1,"name":"Home","item":"https:\/\/bladnanews.com\/"},{"@type":"ListItem","position":2,"name":"Atletico Madrid captain dreams of major prize, unsure if last chance"}]},{"@type":"WebSite","@id":"https:\/\/mediumseagreen-eel-531711.hostingersite.com\/#website","url":"https:\/\/mediumseagreen-eel-531711.hostingersite.com\/","name":"Bladna News - Maroc","description":"Quand le football marocain rencontre le monde","publisher":{"@id":"https:\/\/mediumseagreen-eel-531711.hostingersite.com\/#organization"},"potentialAction":[{"@type":"SearchAction","target":{"@type":"EntryPoint","urlTemplate":"https:\/\/mediumseagreen-eel-531711.hostingersite.com\/?s={search_term_string}"},"query-input":{"@type":"PropertyValueSpecification","valueRequired":true,"valueName":"search_term_string"}}],"inLanguage":"fr-FR"},{"@type":"Organization","@id":"https:\/\/mediumseagreen-eel-531711.hostingersite.com\/#organization","name":"Bladna News.com","url":"https:\/\/mediumseagreen-eel-531711.hostingersite.com\/","logo":{"@type":"ImageObject","inLanguage":"fr-FR","@id":"https:\/\/mediumseagreen-eel-531711.hostingersite.com\/#\/schema\/logo\/image\/","url":"https:\/\/bladnanews.com\/wp-content\/uploads\/2025\/12\/logo-bladnanews-V2-web-black-red.png","contentUrl":"https:\/\/bladnanews.com\/wp-content\/uploads\/2025\/12\/logo-bladnanews-V2-web-black-red.png","width":703,"height":287,"caption":"Bladna News.com"},"image":{"@id":"https:\/\/mediumseagreen-eel-531711.hostingersite.com\/#\/schema\/logo\/image\/"},"email":"info@bladnanews.com","legalName":"Bladna News"},{"@type":"Person","@id":"https:\/\/mediumseagreen-eel-531711.hostingersite.com\/#\/schema\/person\/268e18a453ab080ebf76df6ef7845083","name":"\u00c9quipe r\u00e9dactionnelle de Bladna News","url":"https:\/\/bladnanews.com\/fr\/author\/bladna-news-staff\/"}]}},"_links":{"self":[{"href":"https:\/\/bladnanews.com\/fr\/wp-json\/wp\/v2\/posts\/11047","targetHints":{"allow":["GET"]}}],"collection":[{"href":"https:\/\/bladnanews.com\/fr\/wp-json\/wp\/v2\/posts"}],"about":[{"href":"https:\/\/bladnanews.com\/fr\/wp-json\/wp\/v2\/types\/post"}],"author":[{"embeddable":true,"href":"https:\/\/bladnanews.com\/fr\/wp-json\/wp\/v2\/users\/3"}],"replies":[{"embeddable":true,"href":"https:\/\/bladnanews.com\/fr\/wp-json\/wp\/v2\/comments?post=11047"}],"version-history":[{"count":0,"href":"https:\/\/bladnanews.com\/fr\/wp-json\/wp\/v2\/posts\/11047\/revisions"}],"wp:featuredmedia":[{"embeddable":true,"href":"https:\/\/bladnanews.com\/fr\/wp-json\/wp\/v2\/media\/11046"}],"wp:attachment":[{"href":"https:\/\/bladnanews.com\/fr\/wp-json\/wp\/v2\/media?parent=11047"}],"wp:term":[{"taxonomy":"category","embeddable":true,"href":"https:\/\/bladnanews.com\/fr\/wp-json\/wp\/v2\/categories?post=11047"},{"taxonomy":"post_tag","embeddable":true,"href":"https:\/\/bladnanews.com\/fr\/wp-json\/wp\/v2\/tags?post=11047"}],"curies":[{"name":"wp","href":"https:\/\/api.w.org\/{rel}","templated":true}]}}