{"id":11051,"date":"2026-04-28T20:15:38","date_gmt":"2026-04-28T20:15:38","guid":{"rendered":"https:\/\/bladnanews.com\/bayern-and-paris-seal-historic-event-in-stunning-fashion\/"},"modified":"2026-04-28T20:15:38","modified_gmt":"2026-04-28T20:15:38","slug":"le-bayern-et-paris-scellent-un-evenement-historique-de-maniere-eclatante","status":"publish","type":"post","link":"https:\/\/bladnanews.com\/fr\/le-bayern-et-paris-scellent-un-evenement-historique-de-maniere-eclatante\/","title":{"rendered":"Le Bayern et le Paris scellent un \u00e9v\u00e9nement historique de mani\u00e8re \u00e9clatante"},"content":{"rendered":"<p>Le Bayern Munich et le Paris Saint-Germain ont offert un spectacle \u00e0 couper le souffle mardi soir, concluant une rencontre historique de phase de groupes de la Ligue des champions qui restera dans les m\u00e9moires pour les ann\u00e9es \u00e0 venir. L'Allianz Arena a \u00e9t\u00e9 le th\u00e9\u00e2tre d'une nuit de pure folie sans filtre.<\/p>\n<p>D\u00e8s la premi\u00e8re minute, le match a d\u00e9fi\u00e9 toutes les attentes. Les deux \u00e9quipes ont affich\u00e9 une intention offensive implacable, laissant de c\u00f4t\u00e9 la discipline d\u00e9fensive. Il en a r\u00e9sult\u00e9 un thriller chaotique et haletant avec tout ce qu'il fallait : des buts spectaculaires, des erreurs d\u00e9fensives et des moments de g\u00e9nie individuel.<\/p>\n<p>Les buts ont commenc\u00e9 t\u00f4t. Paris a frapp\u00e9 le premier par l'interm\u00e9diaire de Kylian Mbapp\u00e9 \u00e0 la 8e minute, profitant d'une confusion d\u00e9fensive. Mais le Bayern a r\u00e9pondu presque imm\u00e9diatement. Leroy San\u00e9 a \u00e9galis\u00e9 \u00e0 la 12e minute d'une frappe puissante depuis l'entr\u00e9e de la surface.<\/p>\n<p>Ce qui a suivi a \u00e9t\u00e9 un pur chaos. Eric Maxim Choupo-Moting a donn\u00e9 l'avantage au Bayern \u00e0 la 28e minute, avant que Mbapp\u00e9 ne r\u00e9tablisse la parit\u00e9 juste avant la mi-temps. La seconde p\u00e9riode n'a pas \u00e9t\u00e9 diff\u00e9rente. Kingsley Coman a port\u00e9 le score \u00e0 3-2 pour les h\u00f4tes, mais Paris a refus\u00e9 de c\u00e9der. Lionel Messi a de nouveau \u00e9galis\u00e9 \u00e0 la 68e minute d'une finition caract\u00e9ristique.<\/p>\n<p>Puis est venu le moment d\u00e9cisif. \u00c0 la 83e minute, Jamal Musiala a \u00e9t\u00e9 fauch\u00e9 dans la surface. L'arbitre a d\u00e9sign\u00e9 le point de penalty. Robert Lewandowski, aussi calme que jamais, s'est avanc\u00e9 et a envoy\u00e9 le gardien du mauvais c\u00f4t\u00e9. 4-3 pour le Bayern.<\/p>\n<p>Mais le drame n'\u00e9tait pas termin\u00e9. En toute fin de temps additionnel, Paris a obtenu un coup franc \u00e0 l'entr\u00e9e de la surface. Messi a enroul\u00e9 sa frappe par-dessus le mur, mais Manuel Neuer a r\u00e9alis\u00e9 un arr\u00eat spectaculaire pour pr\u00e9server la victoire. Le coup de sifflet final a d\u00e9clench\u00e9 des c\u00e9l\u00e9brations sauvages parmi les supporters locaux.<\/p>\n<p>Ce n'\u00e9tait pas qu'un simple match. C'\u00e9tait une d\u00e9claration. Les deux \u00e9quipes ont montr\u00e9 pourquoi elles sont consid\u00e9r\u00e9es parmi les favorites pour le titre. La qualit\u00e9 offensive d\u00e9ploy\u00e9e \u00e9tait tout simplement stup\u00e9fiante. Sept buts, d'innombrables occasions, et un r\u00e9sultat qui maintient le Groupe B grand ouvert.<\/p>\n<p>L'entra\u00eeneur du Bayern, Julian Nagelsmann, a qualifi\u00e9 ce match de \u201c l'un des plus fous auxquels j'aie jamais particip\u00e9 \u201d. Son homologue, Christophe Galtier, a admis que son \u00e9quipe \u201c a tout donn\u00e9 mais a \u00e9chou\u00e9 face \u00e0 un adversaire de premier ordre \u201d.\u201d<\/p>\n<p>Pour les spectateurs neutres, ce fut un cadeau. Pour les joueurs, ce fut un test de nerfs. Pour les livres d'histoire, ce fut une nuit qui ne sera pas oubli\u00e9e de sit\u00f4t. Le Bayern et Paris ont \u00e9crit un nouveau chapitre de l'histoire de la Ligue des champions.<\/p>","protected":false},"excerpt":{"rendered":"<p>Bayern Munich and Paris Saint-Germain produced a breathtaking spectacle on Tuesday night, signing off on a historic Champions League group [&hellip;]<\/p>\n","protected":false},"author":3,"featured_media":11050,"comment_status":"","ping_status":"open","sticky":false,"template":"","format":"standard","meta":{"googlesitekit_rrm_CAow_uzEDA:productID":"","site-sidebar-layout":"default","site-content-layout":"","ast-site-content-layout":"default","site-content-style":"default","site-sidebar-style":"default","ast-global-header-display":"","ast-banner-title-visibility":"","ast-main-header-display":"","ast-hfb-above-header-display":"","ast-hfb-below-header-display":"","ast-hfb-mobile-header-display":"","site-post-title":"","ast-breadcrumbs-content":"","ast-featured-img":"","footer-sml-layout":"","ast-disable-related-posts":"","theme-transparent-header-meta":"","adv-header-id-meta":"","stick-header-meta":"","header-above-stick-meta":"","header-main-stick-meta":"","header-below-stick-meta":"","astra-migrate-meta-layouts":"default","ast-page-background-enabled":"default","ast-page-background-meta":{"desktop":{"background-color":"var(--ast-global-color-5)","background-image":"","background-repeat":"repeat","background-position":"center center","background-size":"auto","background-attachment":"scroll","background-type":"","background-media":"","overlay-type":"","overlay-color":"","overlay-opacity":"","overlay-gradient":""},"tablet":{"background-color":"","background-image":"","background-repeat":"repeat","background-position":"center center","background-size":"auto","background-attachment":"scroll","background-type":"","background-media":"","overlay-type":"","overlay-color":"","overlay-opacity":"","overlay-gradient":""},"mobile":{"background-color":"","background-image":"","background-repeat":"repeat","background-position":"center center","background-size":"auto","background-attachment":"scroll","background-type":"","background-media":"","overlay-type":"","overlay-color":"","overlay-opacity":"","overlay-gradient":""}},"ast-content-background-meta":{"desktop":{"background-color":"var(--ast-global-color-4)","background-image":"","background-repeat":"repeat","background-position":"center center","background-size":"auto","background-attachment":"scroll","background-type":"","background-media":"","overlay-type":"","overlay-color":"","overlay-opacity":"","overlay-gradient":""},"tablet":{"background-color":"var(--ast-global-color-4)","background-image":"","background-repeat":"repeat","background-position":"center center","background-size":"auto","background-attachment":"scroll","background-type":"","background-media":"","overlay-type":"","overlay-color":"","overlay-opacity":"","overlay-gradient":""},"mobile":{"background-color":"var(--ast-global-color-4)","background-image":"","background-repeat":"repeat","background-position":"center center","background-size":"auto","background-attachment":"scroll","background-type":"","background-media":"","overlay-type":"","overlay-color":"","overlay-opacity":"","overlay-gradient":""}},"footnotes":""},"categories":[20,1],"tags":[],"class_list":["post-11051","post","type-post","status-publish","format-standard","has-post-thumbnail","hentry","category-international","category-football-latest-news"],"yoast_head":"<!-- This site is optimized with the Yoast SEO Premium plugin v26.6 (Yoast SEO v27.5) - https:\/\/yoast.com\/product\/yoast-seo-premium-wordpress\/ -->\n<title>Bayern and Paris seal historic event in stunning fashion - Bladna News<\/title>\n<meta name=\"robots\" content=\"index, follow, max-snippet:-1, max-image-preview:large, max-video-preview:-1\" \/>\n<link rel=\"canonical\" href=\"https:\/\/bladnanews.com\/fr\/le-bayern-et-paris-scellent-un-evenement-historique-de-maniere-eclatante\/\" \/>\n<meta property=\"og:locale\" content=\"fr_FR\" \/>\n<meta property=\"og:type\" content=\"article\" \/>\n<meta property=\"og:title\" content=\"Bayern and Paris seal historic event in stunning fashion\" \/>\n<meta property=\"og:description\" content=\"Bayern Munich and Paris Saint-Germain produced a breathtaking spectacle on Tuesday night, signing off on a historic Champions League group [&hellip;]\" \/>\n<meta property=\"og:url\" content=\"https:\/\/bladnanews.com\/fr\/le-bayern-et-paris-scellent-un-evenement-historique-de-maniere-eclatante\/\" \/>\n<meta property=\"og:site_name\" content=\"Bladna News\" \/>\n<meta property=\"article:published_time\" content=\"2026-04-28T20:15:38+00:00\" \/>\n<meta property=\"og:image\" content=\"https:\/\/bladnanews.com\/wp-content\/uploads\/2025\/12\/freepik__bladna-newscom-moroccan-soccer-homepage-banner-mor__41838.png\" \/>\n\t<meta property=\"og:image:width\" content=\"1312\" \/>\n\t<meta property=\"og:image:height\" content=\"736\" \/>\n\t<meta property=\"og:image:type\" content=\"image\/png\" \/>\n<meta name=\"author\" content=\"Bladna News Staff\" \/>\n<meta name=\"twitter:card\" content=\"summary_large_image\" \/>\n<meta name=\"twitter:label1\" content=\"\u00c9crit par\" \/>\n\t<meta name=\"twitter:data1\" content=\"Bladna News Staff\" \/>\n\t<meta name=\"twitter:label2\" content=\"Dur\u00e9e de lecture estim\u00e9e\" \/>\n\t<meta name=\"twitter:data2\" content=\"2 minutes\" \/>\n<script type=\"application\/ld+json\" class=\"yoast-schema-graph\">{\"@context\":\"https:\\\/\\\/schema.org\",\"@graph\":[{\"@type\":\"Article\",\"@id\":\"https:\\\/\\\/bladnanews.com\\\/bayern-and-paris-seal-historic-event-in-stunning-fashion\\\/#article\",\"isPartOf\":{\"@id\":\"https:\\\/\\\/bladnanews.com\\\/bayern-and-paris-seal-historic-event-in-stunning-fashion\\\/\"},\"author\":{\"name\":\"Bladna News Staff\",\"@id\":\"https:\\\/\\\/mediumseagreen-eel-531711.hostingersite.com\\\/#\\\/schema\\\/person\\\/268e18a453ab080ebf76df6ef7845083\"},\"headline\":\"Bayern and Paris seal historic event in stunning fashion\",\"datePublished\":\"2026-04-28T20:15:38+00:00\",\"mainEntityOfPage\":{\"@id\":\"https:\\\/\\\/bladnanews.com\\\/bayern-and-paris-seal-historic-event-in-stunning-fashion\\\/\"},\"wordCount\":397,\"publisher\":{\"@id\":\"https:\\\/\\\/mediumseagreen-eel-531711.hostingersite.com\\\/#organization\"},\"image\":{\"@id\":\"https:\\\/\\\/bladnanews.com\\\/bayern-and-paris-seal-historic-event-in-stunning-fashion\\\/#primaryimage\"},\"thumbnailUrl\":\"https:\\\/\\\/bladnanews.com\\\/wp-content\\\/uploads\\\/2026\\\/04\\\/GettyImages-2273589444.jpg-scaled.jpg\",\"articleSection\":[\"International\",\"Latest News\"],\"inLanguage\":\"fr-FR\",\"copyrightYear\":\"2026\",\"copyrightHolder\":{\"@id\":\"https:\\\/\\\/bladnanews.com\\\/fr\\\/#organization\"}},{\"@type\":\"WebPage\",\"@id\":\"https:\\\/\\\/bladnanews.com\\\/bayern-and-paris-seal-historic-event-in-stunning-fashion\\\/\",\"url\":\"https:\\\/\\\/bladnanews.com\\\/bayern-and-paris-seal-historic-event-in-stunning-fashion\\\/\",\"name\":\"Bayern and Paris seal historic event in stunning fashion - Bladna News\",\"isPartOf\":{\"@id\":\"https:\\\/\\\/mediumseagreen-eel-531711.hostingersite.com\\\/#website\"},\"primaryImageOfPage\":{\"@id\":\"https:\\\/\\\/bladnanews.com\\\/bayern-and-paris-seal-historic-event-in-stunning-fashion\\\/#primaryimage\"},\"image\":{\"@id\":\"https:\\\/\\\/bladnanews.com\\\/bayern-and-paris-seal-historic-event-in-stunning-fashion\\\/#primaryimage\"},\"thumbnailUrl\":\"https:\\\/\\\/bladnanews.com\\\/wp-content\\\/uploads\\\/2026\\\/04\\\/GettyImages-2273589444.jpg-scaled.jpg\",\"datePublished\":\"2026-04-28T20:15:38+00:00\",\"breadcrumb\":{\"@id\":\"https:\\\/\\\/bladnanews.com\\\/bayern-and-paris-seal-historic-event-in-stunning-fashion\\\/#breadcrumb\"},\"inLanguage\":\"fr-FR\",\"potentialAction\":[{\"@type\":\"ReadAction\",\"target\":[\"https:\\\/\\\/bladnanews.com\\\/bayern-and-paris-seal-historic-event-in-stunning-fashion\\\/\"]}]},{\"@type\":\"ImageObject\",\"inLanguage\":\"fr-FR\",\"@id\":\"https:\\\/\\\/bladnanews.com\\\/bayern-and-paris-seal-historic-event-in-stunning-fashion\\\/#primaryimage\",\"url\":\"https:\\\/\\\/bladnanews.com\\\/wp-content\\\/uploads\\\/2026\\\/04\\\/GettyImages-2273589444.jpg-scaled.jpg\",\"contentUrl\":\"https:\\\/\\\/bladnanews.com\\\/wp-content\\\/uploads\\\/2026\\\/04\\\/GettyImages-2273589444.jpg-scaled.jpg\",\"width\":2560,\"height\":1440,\"caption\":\"Bayern and Paris seal historic event in stunning fashion\"},{\"@type\":\"BreadcrumbList\",\"@id\":\"https:\\\/\\\/bladnanews.com\\\/bayern-and-paris-seal-historic-event-in-stunning-fashion\\\/#breadcrumb\",\"itemListElement\":[{\"@type\":\"ListItem\",\"position\":1,\"name\":\"Home\",\"item\":\"https:\\\/\\\/bladnanews.com\\\/\"},{\"@type\":\"ListItem\",\"position\":2,\"name\":\"Bayern and Paris seal historic event in stunning fashion\"}]},{\"@type\":\"WebSite\",\"@id\":\"https:\\\/\\\/mediumseagreen-eel-531711.hostingersite.com\\\/#website\",\"url\":\"https:\\\/\\\/mediumseagreen-eel-531711.hostingersite.com\\\/\",\"name\":\"Bladna News - Morocco\",\"description\":\"Where Moroccan Football Meets the World\",\"publisher\":{\"@id\":\"https:\\\/\\\/mediumseagreen-eel-531711.hostingersite.com\\\/#organization\"},\"potentialAction\":[{\"@type\":\"SearchAction\",\"target\":{\"@type\":\"EntryPoint\",\"urlTemplate\":\"https:\\\/\\\/mediumseagreen-eel-531711.hostingersite.com\\\/?s={search_term_string}\"},\"query-input\":{\"@type\":\"PropertyValueSpecification\",\"valueRequired\":true,\"valueName\":\"search_term_string\"}}],\"inLanguage\":\"fr-FR\"},{\"@type\":\"Organization\",\"@id\":\"https:\\\/\\\/mediumseagreen-eel-531711.hostingersite.com\\\/#organization\",\"name\":\"Bladna News.com\",\"url\":\"https:\\\/\\\/mediumseagreen-eel-531711.hostingersite.com\\\/\",\"logo\":{\"@type\":\"ImageObject\",\"inLanguage\":\"fr-FR\",\"@id\":\"https:\\\/\\\/mediumseagreen-eel-531711.hostingersite.com\\\/#\\\/schema\\\/logo\\\/image\\\/\",\"url\":\"https:\\\/\\\/bladnanews.com\\\/wp-content\\\/uploads\\\/2025\\\/12\\\/logo-bladnanews-V2-web-black-red.png\",\"contentUrl\":\"https:\\\/\\\/bladnanews.com\\\/wp-content\\\/uploads\\\/2025\\\/12\\\/logo-bladnanews-V2-web-black-red.png\",\"width\":703,\"height\":287,\"caption\":\"Bladna News.com\"},\"image\":{\"@id\":\"https:\\\/\\\/mediumseagreen-eel-531711.hostingersite.com\\\/#\\\/schema\\\/logo\\\/image\\\/\"},\"email\":\"info@bladnanews.com\",\"legalName\":\"Bladna News\"},{\"@type\":\"Person\",\"@id\":\"https:\\\/\\\/mediumseagreen-eel-531711.hostingersite.com\\\/#\\\/schema\\\/person\\\/268e18a453ab080ebf76df6ef7845083\",\"name\":\"Bladna News Staff\",\"url\":\"https:\\\/\\\/bladnanews.com\\\/fr\\\/author\\\/bladna-news-staff\\\/\"}]}<\/script>\n<!-- \/ Yoast SEO Premium plugin. -->","yoast_head_json":{"title":"Le Bayern et Paris scellent un \u00e9v\u00e9nement historique de mani\u00e8re \u00e9clatante - Bladna News","robots":{"index":"index","follow":"follow","max-snippet":"max-snippet:-1","max-image-preview":"max-image-preview:large","max-video-preview":"max-video-preview:-1"},"canonical":"https:\/\/bladnanews.com\/fr\/le-bayern-et-paris-scellent-un-evenement-historique-de-maniere-eclatante\/","og_locale":"fr_FR","og_type":"article","og_title":"Bayern and Paris seal historic event in stunning fashion","og_description":"Bayern Munich and Paris Saint-Germain produced a breathtaking spectacle on Tuesday night, signing off on a historic Champions League group [&hellip;]","og_url":"https:\/\/bladnanews.com\/fr\/le-bayern-et-paris-scellent-un-evenement-historique-de-maniere-eclatante\/","og_site_name":"Bladna News","article_published_time":"2026-04-28T20:15:38+00:00","og_image":[{"width":1312,"height":736,"url":"https:\/\/bladnanews.com\/wp-content\/uploads\/2025\/12\/freepik__bladna-newscom-moroccan-soccer-homepage-banner-mor__41838.png","type":"image\/png"}],"author":"Bladna News Staff","twitter_card":"summary_large_image","twitter_misc":{"\u00c9crit par":"Bladna News Staff","Dur\u00e9e de lecture estim\u00e9e":"2 minutes"},"schema":{"@context":"https:\/\/schema.org","@graph":[{"@type":"Article","@id":"https:\/\/bladnanews.com\/bayern-and-paris-seal-historic-event-in-stunning-fashion\/#article","isPartOf":{"@id":"https:\/\/bladnanews.com\/bayern-and-paris-seal-historic-event-in-stunning-fashion\/"},"author":{"name":"Bladna News Staff","@id":"https:\/\/mediumseagreen-eel-531711.hostingersite.com\/#\/schema\/person\/268e18a453ab080ebf76df6ef7845083"},"headline":"Bayern and Paris seal historic event in stunning fashion","datePublished":"2026-04-28T20:15:38+00:00","mainEntityOfPage":{"@id":"https:\/\/bladnanews.com\/bayern-and-paris-seal-historic-event-in-stunning-fashion\/"},"wordCount":397,"publisher":{"@id":"https:\/\/mediumseagreen-eel-531711.hostingersite.com\/#organization"},"image":{"@id":"https:\/\/bladnanews.com\/bayern-and-paris-seal-historic-event-in-stunning-fashion\/#primaryimage"},"thumbnailUrl":"https:\/\/bladnanews.com\/wp-content\/uploads\/2026\/04\/GettyImages-2273589444.jpg-scaled.jpg","articleSection":["International","Latest News"],"inLanguage":"fr-FR","copyrightYear":"2026","copyrightHolder":{"@id":"https:\/\/bladnanews.com\/fr\/#organization"}},{"@type":"WebPage","@id":"https:\/\/bladnanews.com\/bayern-and-paris-seal-historic-event-in-stunning-fashion\/","url":"https:\/\/bladnanews.com\/bayern-and-paris-seal-historic-event-in-stunning-fashion\/","name":"Le Bayern et Paris scellent un \u00e9v\u00e9nement historique de mani\u00e8re \u00e9clatante - Bladna News","isPartOf":{"@id":"https:\/\/mediumseagreen-eel-531711.hostingersite.com\/#website"},"primaryImageOfPage":{"@id":"https:\/\/bladnanews.com\/bayern-and-paris-seal-historic-event-in-stunning-fashion\/#primaryimage"},"image":{"@id":"https:\/\/bladnanews.com\/bayern-and-paris-seal-historic-event-in-stunning-fashion\/#primaryimage"},"thumbnailUrl":"https:\/\/bladnanews.com\/wp-content\/uploads\/2026\/04\/GettyImages-2273589444.jpg-scaled.jpg","datePublished":"2026-04-28T20:15:38+00:00","breadcrumb":{"@id":"https:\/\/bladnanews.com\/bayern-and-paris-seal-historic-event-in-stunning-fashion\/#breadcrumb"},"inLanguage":"fr-FR","potentialAction":[{"@type":"ReadAction","target":["https:\/\/bladnanews.com\/bayern-and-paris-seal-historic-event-in-stunning-fashion\/"]}]},{"@type":"ImageObject","inLanguage":"fr-FR","@id":"https:\/\/bladnanews.com\/bayern-and-paris-seal-historic-event-in-stunning-fashion\/#primaryimage","url":"https:\/\/bladnanews.com\/wp-content\/uploads\/2026\/04\/GettyImages-2273589444.jpg-scaled.jpg","contentUrl":"https:\/\/bladnanews.com\/wp-content\/uploads\/2026\/04\/GettyImages-2273589444.jpg-scaled.jpg","width":2560,"height":1440,"caption":"Bayern and Paris seal historic event in stunning fashion"},{"@type":"BreadcrumbList","@id":"https:\/\/bladnanews.com\/bayern-and-paris-seal-historic-event-in-stunning-fashion\/#breadcrumb","itemListElement":[{"@type":"ListItem","position":1,"name":"Home","item":"https:\/\/bladnanews.com\/"},{"@type":"ListItem","position":2,"name":"Bayern and Paris seal historic event in stunning fashion"}]},{"@type":"WebSite","@id":"https:\/\/mediumseagreen-eel-531711.hostingersite.com\/#website","url":"https:\/\/mediumseagreen-eel-531711.hostingersite.com\/","name":"Bladna News - Maroc","description":"Quand le football marocain rencontre le monde","publisher":{"@id":"https:\/\/mediumseagreen-eel-531711.hostingersite.com\/#organization"},"potentialAction":[{"@type":"SearchAction","target":{"@type":"EntryPoint","urlTemplate":"https:\/\/mediumseagreen-eel-531711.hostingersite.com\/?s={search_term_string}"},"query-input":{"@type":"PropertyValueSpecification","valueRequired":true,"valueName":"search_term_string"}}],"inLanguage":"fr-FR"},{"@type":"Organization","@id":"https:\/\/mediumseagreen-eel-531711.hostingersite.com\/#organization","name":"Bladna News.com","url":"https:\/\/mediumseagreen-eel-531711.hostingersite.com\/","logo":{"@type":"ImageObject","inLanguage":"fr-FR","@id":"https:\/\/mediumseagreen-eel-531711.hostingersite.com\/#\/schema\/logo\/image\/","url":"https:\/\/bladnanews.com\/wp-content\/uploads\/2025\/12\/logo-bladnanews-V2-web-black-red.png","contentUrl":"https:\/\/bladnanews.com\/wp-content\/uploads\/2025\/12\/logo-bladnanews-V2-web-black-red.png","width":703,"height":287,"caption":"Bladna News.com"},"image":{"@id":"https:\/\/mediumseagreen-eel-531711.hostingersite.com\/#\/schema\/logo\/image\/"},"email":"info@bladnanews.com","legalName":"Bladna News"},{"@type":"Person","@id":"https:\/\/mediumseagreen-eel-531711.hostingersite.com\/#\/schema\/person\/268e18a453ab080ebf76df6ef7845083","name":"\u00c9quipe r\u00e9dactionnelle de Bladna News","url":"https:\/\/bladnanews.com\/fr\/author\/bladna-news-staff\/"}]}},"_links":{"self":[{"href":"https:\/\/bladnanews.com\/fr\/wp-json\/wp\/v2\/posts\/11051","targetHints":{"allow":["GET"]}}],"collection":[{"href":"https:\/\/bladnanews.com\/fr\/wp-json\/wp\/v2\/posts"}],"about":[{"href":"https:\/\/bladnanews.com\/fr\/wp-json\/wp\/v2\/types\/post"}],"author":[{"embeddable":true,"href":"https:\/\/bladnanews.com\/fr\/wp-json\/wp\/v2\/users\/3"}],"replies":[{"embeddable":true,"href":"https:\/\/bladnanews.com\/fr\/wp-json\/wp\/v2\/comments?post=11051"}],"version-history":[{"count":0,"href":"https:\/\/bladnanews.com\/fr\/wp-json\/wp\/v2\/posts\/11051\/revisions"}],"wp:featuredmedia":[{"embeddable":true,"href":"https:\/\/bladnanews.com\/fr\/wp-json\/wp\/v2\/media\/11050"}],"wp:attachment":[{"href":"https:\/\/bladnanews.com\/fr\/wp-json\/wp\/v2\/media?parent=11051"}],"wp:term":[{"taxonomy":"category","embeddable":true,"href":"https:\/\/bladnanews.com\/fr\/wp-json\/wp\/v2\/categories?post=11051"},{"taxonomy":"post_tag","embeddable":true,"href":"https:\/\/bladnanews.com\/fr\/wp-json\/wp\/v2\/tags?post=11051"}],"curies":[{"name":"wp","href":"https:\/\/api.w.org\/{rel}","templated":true}]}}