{"id":11057,"date":"2026-04-28T20:33:18","date_gmt":"2026-04-28T20:33:18","guid":{"rendered":"https:\/\/bladnanews.com\/video-explains-why-referee-gave-paris-penalty-against-davies\/"},"modified":"2026-04-28T20:33:18","modified_gmt":"2026-04-28T20:33:18","slug":"la-video-explique-pourquoi-larbitre-a-accorde-un-penalty-a-paris-contre-davies","status":"publish","type":"post","link":"https:\/\/bladnanews.com\/fr\/la-video-explique-pourquoi-larbitre-a-accorde-un-penalty-a-paris-contre-davies\/","title":{"rendered":"La vid\u00e9o explique pourquoi l'arbitre a accord\u00e9 un penalty \u00e0 Paris contre Davies."},"content":{"rendered":"<p>La vid\u00e9o explique pourquoi l'arbitre a accord\u00e9 un penalty \u00e0 Paris contre Davies.<\/p>\n<p>Une d\u00e9cision controvers\u00e9e de penalty lors du match entre le Paris Saint-Germain et ses adversaires a \u00e9t\u00e9 clarifi\u00e9e par les lois du jeu. L'incident impliquait Alphonso Davies du Bayern Munich et un tacle dans la surface de r\u00e9paration.<\/p>\n<p>L'action s'est d\u00e9roul\u00e9e en premi\u00e8re p\u00e9riode de ce choc de la Ligue des champions. Davies a tent\u00e9 de d\u00e9gager le ballon mais a touch\u00e9 un attaquant parisien. L'arbitre a imm\u00e9diatement d\u00e9sign\u00e9 le point de penalty, suscitant un d\u00e9bat parmi les joueurs et les supporters.<\/p>\n<p>Beaucoup se sont demand\u00e9 si le contact \u00e9tait suffisant pour un penalty. Cependant, la loi est claire sur ce type de tacle. Selon les r\u00e8gles officielles, si un d\u00e9fenseur entre en contact avec l'attaquant avant de toucher le ballon, il s'agit d'une faute. La d\u00e9cision de l'arbitre \u00e9tait correcte au vu des images.<\/p>\n<p>Les ralentis vid\u00e9o ont montr\u00e9 que Davies n'a pas touch\u00e9 le ballon. Son pied a accroch\u00e9 le joueur parisien, le faisant chuter. L'arbitre avait une vue d\u00e9gag\u00e9e et n'a pas h\u00e9sit\u00e9. L'arbitrage vid\u00e9o (VAR) a v\u00e9rifi\u00e9 la d\u00e9cision et l'a confirm\u00e9e.<\/p>\n<p>Le penalty a \u00e9t\u00e9 transform\u00e9, donnant l'avantage au Paris Saint-Germain. L'incident est devenu un sujet cl\u00e9 de discussion apr\u00e8s le match. Des experts et d'anciens arbitres ont examin\u00e9 les images et ont approuv\u00e9 la d\u00e9cision.<\/p>\n<p>Cette d\u00e9cision souligne l'importance des lois du jeu. M\u00eame un contact l\u00e9ger peut entra\u00eener un penalty si l'attaquant se voit priv\u00e9 d'une occasion de but nette. L'arbitre a appliqu\u00e9 les r\u00e8gles exactement comme elles sont \u00e9crites.<\/p>\n<p>Pour Davies et le Bayern, ce fut une le\u00e7on s\u00e9v\u00e8re. Pour le Paris Saint-Germain, ce fut un penalty justifi\u00e9 qui a chang\u00e9 le cours du match. Les preuves vid\u00e9o ne laissent aucune place au doute.<\/p>","protected":false},"excerpt":{"rendered":"<p>Video explains why referee gave Paris penalty against Davies A controversial penalty decision in the match between Paris Saint-Germain and [&hellip;]<\/p>\n","protected":false},"author":3,"featured_media":11056,"comment_status":"","ping_status":"open","sticky":false,"template":"","format":"standard","meta":{"googlesitekit_rrm_CAow_uzEDA:productID":"","site-sidebar-layout":"default","site-content-layout":"","ast-site-content-layout":"default","site-content-style":"default","site-sidebar-style":"default","ast-global-header-display":"","ast-banner-title-visibility":"","ast-main-header-display":"","ast-hfb-above-header-display":"","ast-hfb-below-header-display":"","ast-hfb-mobile-header-display":"","site-post-title":"","ast-breadcrumbs-content":"","ast-featured-img":"","footer-sml-layout":"","ast-disable-related-posts":"","theme-transparent-header-meta":"","adv-header-id-meta":"","stick-header-meta":"","header-above-stick-meta":"","header-main-stick-meta":"","header-below-stick-meta":"","astra-migrate-meta-layouts":"default","ast-page-background-enabled":"default","ast-page-background-meta":{"desktop":{"background-color":"var(--ast-global-color-5)","background-image":"","background-repeat":"repeat","background-position":"center center","background-size":"auto","background-attachment":"scroll","background-type":"","background-media":"","overlay-type":"","overlay-color":"","overlay-opacity":"","overlay-gradient":""},"tablet":{"background-color":"","background-image":"","background-repeat":"repeat","background-position":"center center","background-size":"auto","background-attachment":"scroll","background-type":"","background-media":"","overlay-type":"","overlay-color":"","overlay-opacity":"","overlay-gradient":""},"mobile":{"background-color":"","background-image":"","background-repeat":"repeat","background-position":"center center","background-size":"auto","background-attachment":"scroll","background-type":"","background-media":"","overlay-type":"","overlay-color":"","overlay-opacity":"","overlay-gradient":""}},"ast-content-background-meta":{"desktop":{"background-color":"var(--ast-global-color-4)","background-image":"","background-repeat":"repeat","background-position":"center center","background-size":"auto","background-attachment":"scroll","background-type":"","background-media":"","overlay-type":"","overlay-color":"","overlay-opacity":"","overlay-gradient":""},"tablet":{"background-color":"var(--ast-global-color-4)","background-image":"","background-repeat":"repeat","background-position":"center center","background-size":"auto","background-attachment":"scroll","background-type":"","background-media":"","overlay-type":"","overlay-color":"","overlay-opacity":"","overlay-gradient":""},"mobile":{"background-color":"var(--ast-global-color-4)","background-image":"","background-repeat":"repeat","background-position":"center center","background-size":"auto","background-attachment":"scroll","background-type":"","background-media":"","overlay-type":"","overlay-color":"","overlay-opacity":"","overlay-gradient":""}},"footnotes":""},"categories":[20,1],"tags":[],"class_list":["post-11057","post","type-post","status-publish","format-standard","has-post-thumbnail","hentry","category-international","category-football-latest-news"],"yoast_head":"<!-- This site is optimized with the Yoast SEO Premium plugin v26.6 (Yoast SEO v27.5) - https:\/\/yoast.com\/product\/yoast-seo-premium-wordpress\/ -->\n<title>Video explains why referee gave Paris penalty against Davies - Bladna News<\/title>\n<meta name=\"robots\" content=\"index, follow, max-snippet:-1, max-image-preview:large, max-video-preview:-1\" \/>\n<link rel=\"canonical\" href=\"https:\/\/bladnanews.com\/fr\/la-video-explique-pourquoi-larbitre-a-accorde-un-penalty-a-paris-contre-davies\/\" \/>\n<meta property=\"og:locale\" content=\"fr_FR\" \/>\n<meta property=\"og:type\" content=\"article\" \/>\n<meta property=\"og:title\" content=\"Video explains why referee gave Paris penalty against Davies\" \/>\n<meta property=\"og:description\" content=\"Video explains why referee gave Paris penalty against Davies A controversial penalty decision in the match between Paris Saint-Germain and [&hellip;]\" \/>\n<meta property=\"og:url\" content=\"https:\/\/bladnanews.com\/fr\/la-video-explique-pourquoi-larbitre-a-accorde-un-penalty-a-paris-contre-davies\/\" \/>\n<meta property=\"og:site_name\" content=\"Bladna News\" \/>\n<meta property=\"article:published_time\" content=\"2026-04-28T20:33:18+00:00\" \/>\n<meta property=\"og:image\" content=\"https:\/\/bladnanews.com\/wp-content\/uploads\/2025\/12\/freepik__bladna-newscom-moroccan-soccer-homepage-banner-mor__41838.png\" \/>\n\t<meta property=\"og:image:width\" content=\"1312\" \/>\n\t<meta property=\"og:image:height\" content=\"736\" \/>\n\t<meta property=\"og:image:type\" content=\"image\/png\" \/>\n<meta name=\"author\" content=\"Bladna News Staff\" \/>\n<meta name=\"twitter:card\" content=\"summary_large_image\" \/>\n<meta name=\"twitter:label1\" content=\"\u00c9crit par\" \/>\n\t<meta name=\"twitter:data1\" content=\"Bladna News Staff\" \/>\n\t<meta name=\"twitter:label2\" content=\"Dur\u00e9e de lecture estim\u00e9e\" \/>\n\t<meta name=\"twitter:data2\" content=\"1 minute\" \/>\n<script type=\"application\/ld+json\" class=\"yoast-schema-graph\">{\"@context\":\"https:\\\/\\\/schema.org\",\"@graph\":[{\"@type\":\"Article\",\"@id\":\"https:\\\/\\\/bladnanews.com\\\/video-explains-why-referee-gave-paris-penalty-against-davies\\\/#article\",\"isPartOf\":{\"@id\":\"https:\\\/\\\/bladnanews.com\\\/video-explains-why-referee-gave-paris-penalty-against-davies\\\/\"},\"author\":{\"name\":\"Bladna News Staff\",\"@id\":\"https:\\\/\\\/mediumseagreen-eel-531711.hostingersite.com\\\/#\\\/schema\\\/person\\\/268e18a453ab080ebf76df6ef7845083\"},\"headline\":\"Video explains why referee gave Paris penalty against Davies\",\"datePublished\":\"2026-04-28T20:33:18+00:00\",\"mainEntityOfPage\":{\"@id\":\"https:\\\/\\\/bladnanews.com\\\/video-explains-why-referee-gave-paris-penalty-against-davies\\\/\"},\"wordCount\":273,\"publisher\":{\"@id\":\"https:\\\/\\\/mediumseagreen-eel-531711.hostingersite.com\\\/#organization\"},\"image\":{\"@id\":\"https:\\\/\\\/bladnanews.com\\\/video-explains-why-referee-gave-paris-penalty-against-davies\\\/#primaryimage\"},\"thumbnailUrl\":\"https:\\\/\\\/bladnanews.com\\\/wp-content\\\/uploads\\\/2026\\\/04\\\/GettyImages-2273042049.jpg-scaled.jpg\",\"articleSection\":[\"International\",\"Latest News\"],\"inLanguage\":\"fr-FR\",\"copyrightYear\":\"2026\",\"copyrightHolder\":{\"@id\":\"https:\\\/\\\/bladnanews.com\\\/fr\\\/#organization\"}},{\"@type\":\"WebPage\",\"@id\":\"https:\\\/\\\/bladnanews.com\\\/video-explains-why-referee-gave-paris-penalty-against-davies\\\/\",\"url\":\"https:\\\/\\\/bladnanews.com\\\/video-explains-why-referee-gave-paris-penalty-against-davies\\\/\",\"name\":\"Video explains why referee gave Paris penalty against Davies - Bladna News\",\"isPartOf\":{\"@id\":\"https:\\\/\\\/mediumseagreen-eel-531711.hostingersite.com\\\/#website\"},\"primaryImageOfPage\":{\"@id\":\"https:\\\/\\\/bladnanews.com\\\/video-explains-why-referee-gave-paris-penalty-against-davies\\\/#primaryimage\"},\"image\":{\"@id\":\"https:\\\/\\\/bladnanews.com\\\/video-explains-why-referee-gave-paris-penalty-against-davies\\\/#primaryimage\"},\"thumbnailUrl\":\"https:\\\/\\\/bladnanews.com\\\/wp-content\\\/uploads\\\/2026\\\/04\\\/GettyImages-2273042049.jpg-scaled.jpg\",\"datePublished\":\"2026-04-28T20:33:18+00:00\",\"breadcrumb\":{\"@id\":\"https:\\\/\\\/bladnanews.com\\\/video-explains-why-referee-gave-paris-penalty-against-davies\\\/#breadcrumb\"},\"inLanguage\":\"fr-FR\",\"potentialAction\":[{\"@type\":\"ReadAction\",\"target\":[\"https:\\\/\\\/bladnanews.com\\\/video-explains-why-referee-gave-paris-penalty-against-davies\\\/\"]}]},{\"@type\":\"ImageObject\",\"inLanguage\":\"fr-FR\",\"@id\":\"https:\\\/\\\/bladnanews.com\\\/video-explains-why-referee-gave-paris-penalty-against-davies\\\/#primaryimage\",\"url\":\"https:\\\/\\\/bladnanews.com\\\/wp-content\\\/uploads\\\/2026\\\/04\\\/GettyImages-2273042049.jpg-scaled.jpg\",\"contentUrl\":\"https:\\\/\\\/bladnanews.com\\\/wp-content\\\/uploads\\\/2026\\\/04\\\/GettyImages-2273042049.jpg-scaled.jpg\",\"width\":2560,\"height\":1440,\"caption\":\"Video explains why referee gave Paris penalty against Davies\"},{\"@type\":\"BreadcrumbList\",\"@id\":\"https:\\\/\\\/bladnanews.com\\\/video-explains-why-referee-gave-paris-penalty-against-davies\\\/#breadcrumb\",\"itemListElement\":[{\"@type\":\"ListItem\",\"position\":1,\"name\":\"Home\",\"item\":\"https:\\\/\\\/bladnanews.com\\\/\"},{\"@type\":\"ListItem\",\"position\":2,\"name\":\"Video explains why referee gave Paris penalty against Davies\"}]},{\"@type\":\"WebSite\",\"@id\":\"https:\\\/\\\/mediumseagreen-eel-531711.hostingersite.com\\\/#website\",\"url\":\"https:\\\/\\\/mediumseagreen-eel-531711.hostingersite.com\\\/\",\"name\":\"Bladna News - Morocco\",\"description\":\"Where Moroccan Football Meets the World\",\"publisher\":{\"@id\":\"https:\\\/\\\/mediumseagreen-eel-531711.hostingersite.com\\\/#organization\"},\"potentialAction\":[{\"@type\":\"SearchAction\",\"target\":{\"@type\":\"EntryPoint\",\"urlTemplate\":\"https:\\\/\\\/mediumseagreen-eel-531711.hostingersite.com\\\/?s={search_term_string}\"},\"query-input\":{\"@type\":\"PropertyValueSpecification\",\"valueRequired\":true,\"valueName\":\"search_term_string\"}}],\"inLanguage\":\"fr-FR\"},{\"@type\":\"Organization\",\"@id\":\"https:\\\/\\\/mediumseagreen-eel-531711.hostingersite.com\\\/#organization\",\"name\":\"Bladna News.com\",\"url\":\"https:\\\/\\\/mediumseagreen-eel-531711.hostingersite.com\\\/\",\"logo\":{\"@type\":\"ImageObject\",\"inLanguage\":\"fr-FR\",\"@id\":\"https:\\\/\\\/mediumseagreen-eel-531711.hostingersite.com\\\/#\\\/schema\\\/logo\\\/image\\\/\",\"url\":\"https:\\\/\\\/bladnanews.com\\\/wp-content\\\/uploads\\\/2025\\\/12\\\/logo-bladnanews-V2-web-black-red.png\",\"contentUrl\":\"https:\\\/\\\/bladnanews.com\\\/wp-content\\\/uploads\\\/2025\\\/12\\\/logo-bladnanews-V2-web-black-red.png\",\"width\":703,\"height\":287,\"caption\":\"Bladna News.com\"},\"image\":{\"@id\":\"https:\\\/\\\/mediumseagreen-eel-531711.hostingersite.com\\\/#\\\/schema\\\/logo\\\/image\\\/\"},\"email\":\"info@bladnanews.com\",\"legalName\":\"Bladna News\"},{\"@type\":\"Person\",\"@id\":\"https:\\\/\\\/mediumseagreen-eel-531711.hostingersite.com\\\/#\\\/schema\\\/person\\\/268e18a453ab080ebf76df6ef7845083\",\"name\":\"Bladna News Staff\",\"url\":\"https:\\\/\\\/bladnanews.com\\\/fr\\\/author\\\/bladna-news-staff\\\/\"}]}<\/script>\n<!-- \/ Yoast SEO Premium plugin. -->","yoast_head_json":{"title":"La vid\u00e9o explique pourquoi l'arbitre a accord\u00e9 un penalty \u00e0 Paris contre Davies - Bladna News","robots":{"index":"index","follow":"follow","max-snippet":"max-snippet:-1","max-image-preview":"max-image-preview:large","max-video-preview":"max-video-preview:-1"},"canonical":"https:\/\/bladnanews.com\/fr\/la-video-explique-pourquoi-larbitre-a-accorde-un-penalty-a-paris-contre-davies\/","og_locale":"fr_FR","og_type":"article","og_title":"Video explains why referee gave Paris penalty against Davies","og_description":"Video explains why referee gave Paris penalty against Davies A controversial penalty decision in the match between Paris Saint-Germain and [&hellip;]","og_url":"https:\/\/bladnanews.com\/fr\/la-video-explique-pourquoi-larbitre-a-accorde-un-penalty-a-paris-contre-davies\/","og_site_name":"Bladna News","article_published_time":"2026-04-28T20:33:18+00:00","og_image":[{"width":1312,"height":736,"url":"https:\/\/bladnanews.com\/wp-content\/uploads\/2025\/12\/freepik__bladna-newscom-moroccan-soccer-homepage-banner-mor__41838.png","type":"image\/png"}],"author":"Bladna News Staff","twitter_card":"summary_large_image","twitter_misc":{"\u00c9crit par":"Bladna News Staff","Dur\u00e9e de lecture estim\u00e9e":"1 minute"},"schema":{"@context":"https:\/\/schema.org","@graph":[{"@type":"Article","@id":"https:\/\/bladnanews.com\/video-explains-why-referee-gave-paris-penalty-against-davies\/#article","isPartOf":{"@id":"https:\/\/bladnanews.com\/video-explains-why-referee-gave-paris-penalty-against-davies\/"},"author":{"name":"Bladna News Staff","@id":"https:\/\/mediumseagreen-eel-531711.hostingersite.com\/#\/schema\/person\/268e18a453ab080ebf76df6ef7845083"},"headline":"Video explains why referee gave Paris penalty against Davies","datePublished":"2026-04-28T20:33:18+00:00","mainEntityOfPage":{"@id":"https:\/\/bladnanews.com\/video-explains-why-referee-gave-paris-penalty-against-davies\/"},"wordCount":273,"publisher":{"@id":"https:\/\/mediumseagreen-eel-531711.hostingersite.com\/#organization"},"image":{"@id":"https:\/\/bladnanews.com\/video-explains-why-referee-gave-paris-penalty-against-davies\/#primaryimage"},"thumbnailUrl":"https:\/\/bladnanews.com\/wp-content\/uploads\/2026\/04\/GettyImages-2273042049.jpg-scaled.jpg","articleSection":["International","Latest News"],"inLanguage":"fr-FR","copyrightYear":"2026","copyrightHolder":{"@id":"https:\/\/bladnanews.com\/fr\/#organization"}},{"@type":"WebPage","@id":"https:\/\/bladnanews.com\/video-explains-why-referee-gave-paris-penalty-against-davies\/","url":"https:\/\/bladnanews.com\/video-explains-why-referee-gave-paris-penalty-against-davies\/","name":"La vid\u00e9o explique pourquoi l'arbitre a accord\u00e9 un penalty \u00e0 Paris contre Davies - Bladna News","isPartOf":{"@id":"https:\/\/mediumseagreen-eel-531711.hostingersite.com\/#website"},"primaryImageOfPage":{"@id":"https:\/\/bladnanews.com\/video-explains-why-referee-gave-paris-penalty-against-davies\/#primaryimage"},"image":{"@id":"https:\/\/bladnanews.com\/video-explains-why-referee-gave-paris-penalty-against-davies\/#primaryimage"},"thumbnailUrl":"https:\/\/bladnanews.com\/wp-content\/uploads\/2026\/04\/GettyImages-2273042049.jpg-scaled.jpg","datePublished":"2026-04-28T20:33:18+00:00","breadcrumb":{"@id":"https:\/\/bladnanews.com\/video-explains-why-referee-gave-paris-penalty-against-davies\/#breadcrumb"},"inLanguage":"fr-FR","potentialAction":[{"@type":"ReadAction","target":["https:\/\/bladnanews.com\/video-explains-why-referee-gave-paris-penalty-against-davies\/"]}]},{"@type":"ImageObject","inLanguage":"fr-FR","@id":"https:\/\/bladnanews.com\/video-explains-why-referee-gave-paris-penalty-against-davies\/#primaryimage","url":"https:\/\/bladnanews.com\/wp-content\/uploads\/2026\/04\/GettyImages-2273042049.jpg-scaled.jpg","contentUrl":"https:\/\/bladnanews.com\/wp-content\/uploads\/2026\/04\/GettyImages-2273042049.jpg-scaled.jpg","width":2560,"height":1440,"caption":"Video explains why referee gave Paris penalty against Davies"},{"@type":"BreadcrumbList","@id":"https:\/\/bladnanews.com\/video-explains-why-referee-gave-paris-penalty-against-davies\/#breadcrumb","itemListElement":[{"@type":"ListItem","position":1,"name":"Home","item":"https:\/\/bladnanews.com\/"},{"@type":"ListItem","position":2,"name":"Video explains why referee gave Paris penalty against Davies"}]},{"@type":"WebSite","@id":"https:\/\/mediumseagreen-eel-531711.hostingersite.com\/#website","url":"https:\/\/mediumseagreen-eel-531711.hostingersite.com\/","name":"Bladna News - Maroc","description":"Quand le football marocain rencontre le monde","publisher":{"@id":"https:\/\/mediumseagreen-eel-531711.hostingersite.com\/#organization"},"potentialAction":[{"@type":"SearchAction","target":{"@type":"EntryPoint","urlTemplate":"https:\/\/mediumseagreen-eel-531711.hostingersite.com\/?s={search_term_string}"},"query-input":{"@type":"PropertyValueSpecification","valueRequired":true,"valueName":"search_term_string"}}],"inLanguage":"fr-FR"},{"@type":"Organization","@id":"https:\/\/mediumseagreen-eel-531711.hostingersite.com\/#organization","name":"Bladna News.com","url":"https:\/\/mediumseagreen-eel-531711.hostingersite.com\/","logo":{"@type":"ImageObject","inLanguage":"fr-FR","@id":"https:\/\/mediumseagreen-eel-531711.hostingersite.com\/#\/schema\/logo\/image\/","url":"https:\/\/bladnanews.com\/wp-content\/uploads\/2025\/12\/logo-bladnanews-V2-web-black-red.png","contentUrl":"https:\/\/bladnanews.com\/wp-content\/uploads\/2025\/12\/logo-bladnanews-V2-web-black-red.png","width":703,"height":287,"caption":"Bladna News.com"},"image":{"@id":"https:\/\/mediumseagreen-eel-531711.hostingersite.com\/#\/schema\/logo\/image\/"},"email":"info@bladnanews.com","legalName":"Bladna News"},{"@type":"Person","@id":"https:\/\/mediumseagreen-eel-531711.hostingersite.com\/#\/schema\/person\/268e18a453ab080ebf76df6ef7845083","name":"\u00c9quipe r\u00e9dactionnelle de Bladna News","url":"https:\/\/bladnanews.com\/fr\/author\/bladna-news-staff\/"}]}},"_links":{"self":[{"href":"https:\/\/bladnanews.com\/fr\/wp-json\/wp\/v2\/posts\/11057","targetHints":{"allow":["GET"]}}],"collection":[{"href":"https:\/\/bladnanews.com\/fr\/wp-json\/wp\/v2\/posts"}],"about":[{"href":"https:\/\/bladnanews.com\/fr\/wp-json\/wp\/v2\/types\/post"}],"author":[{"embeddable":true,"href":"https:\/\/bladnanews.com\/fr\/wp-json\/wp\/v2\/users\/3"}],"replies":[{"embeddable":true,"href":"https:\/\/bladnanews.com\/fr\/wp-json\/wp\/v2\/comments?post=11057"}],"version-history":[{"count":0,"href":"https:\/\/bladnanews.com\/fr\/wp-json\/wp\/v2\/posts\/11057\/revisions"}],"wp:featuredmedia":[{"embeddable":true,"href":"https:\/\/bladnanews.com\/fr\/wp-json\/wp\/v2\/media\/11056"}],"wp:attachment":[{"href":"https:\/\/bladnanews.com\/fr\/wp-json\/wp\/v2\/media?parent=11057"}],"wp:term":[{"taxonomy":"category","embeddable":true,"href":"https:\/\/bladnanews.com\/fr\/wp-json\/wp\/v2\/categories?post=11057"},{"taxonomy":"post_tag","embeddable":true,"href":"https:\/\/bladnanews.com\/fr\/wp-json\/wp\/v2\/tags?post=11057"}],"curies":[{"name":"wp","href":"https:\/\/api.w.org\/{rel}","templated":true}]}}