{"id":11059,"date":"2026-04-28T20:34:34","date_gmt":"2026-04-28T20:34:34","guid":{"rendered":"https:\/\/bladnanews.com\/dembele-follows-di-marias-footsteps-in-champions-league\/"},"modified":"2026-04-28T20:34:34","modified_gmt":"2026-04-28T20:34:34","slug":"dembele-suit-les-traces-de-di-maria-en-ligue-des-champions","status":"publish","type":"post","link":"https:\/\/bladnanews.com\/fr\/dembele-suit-les-traces-de-di-maria-en-ligue-des-champions\/","title":{"rendered":"Demb\u00e9l\u00e9 suit les traces de Di Mar\u00eda en Ligue des champions"},"content":{"rendered":"<p>Ousmane Demb\u00e9l\u00e9 marche sur les traces d\u2019\u00c1ngel Di Mar\u00eda en Ligue des champions de l\u2019UEFA cette saison. L\u2019ailier du Paris Saint-Germain a atteint un cap remarquable que seul l\u2019Argentin avait auparavant r\u00e9alis\u00e9 dans l\u2019histoire de la comp\u00e9tition.<\/p>\n<p>Selon les statistiques officielles de l\u2019UEFA, Demb\u00e9l\u00e9 a d\u00e9sormais marqu\u00e9 lors de six apparitions cons\u00e9cutives en Ligue des champions. Le dernier joueur \u00e0 avoir accompli cet exploit \u00e9tait Di Mar\u00eda, qui l\u2019a r\u00e9alis\u00e9 lors de la saison 2018-2019 sous les couleurs du Paris Saint-Germain.<\/p>\n<p>L\u2019international fran\u00e7ais a ouvert le score lors de la victoire 3-0 du PSG contre Brest au match aller des barrages de la phase \u00e0 \u00e9limination directe de la Ligue des champions, mardi soir. Ce but a prolong\u00e9 sa s\u00e9rie de r\u00e9alisations \u00e0 six matchs cons\u00e9cutifs dans le tournoi.<\/p>\n<p>La s\u00e9rie de Demb\u00e9l\u00e9 a d\u00e9but\u00e9 lors de la cinqui\u00e8me journ\u00e9e de la phase de ligue contre le Bayern Munich en novembre 2024. Il a ensuite trouv\u00e9 le chemin des filets contre Salzbourg, Manchester City, Stuttgart et Brest en phase de ligue, avant d\u2019ajouter un autre but contre Brest au match aller des barrages.<\/p>\n<p>\u00c2g\u00e9 de 27 ans, il est dans une forme d\u00e9vastatrice pour l\u2019\u00e9quipe de Luis Enrique. Sa s\u00e9rie de six matchs avec buts inclut des r\u00e9alisations contre certains des plus grands clubs europ\u00e9ens, soulignant son importance dans la menace offensive du PSG.<\/p>\n<p>Di Mar\u00eda avait \u00e9tabli la r\u00e9f\u00e9rence lors de la campagne 2018-2019 en marquant lors de six matchs cons\u00e9cutifs de Ligue des champions pour le PSG. Cette s\u00e9rie comprenait des buts contre l\u2019\u00c9toile Rouge de Belgrade, Naples, Liverpool et Manchester United.<\/p>\n<p>Demb\u00e9l\u00e9 a d\u00e9sormais l\u2019occasion de d\u00e9passer le record de Di Mar\u00eda s\u2019il marque lors du prochain match de Ligue des champions du PSG. Le match retour contre Brest est pr\u00e9vu le 19 f\u00e9vrier 2025 au Parc des Princes.<\/p>\n<p>L\u2019entra\u00eeneur du PSG, Luis Enrique, a salu\u00e9 la r\u00e9gularit\u00e9 de Demb\u00e9l\u00e9 apr\u00e8s le match. \u201c Ousmane montre son v\u00e9ritable niveau \u201d, a d\u00e9clar\u00e9 l\u2019entra\u00eeneur espagnol. \u201c Il est d\u00e9cisif dans chaque match, et c\u2019est ce que nous attendons d\u2019un joueur de sa qualit\u00e9. \u201d<\/p>\n<p>Le club parisien esp\u00e8re que Demb\u00e9l\u00e9 maintiendra sa forme de buteur alors qu\u2019il cherche \u00e0 progresser davantage dans la comp\u00e9tition. Le PSG est le grand favori pour \u00e9liminer Brest et atteindre les huiti\u00e8mes de finale.<\/p>","protected":false},"excerpt":{"rendered":"<p>Ousmane Demb\u00e9l\u00e9 is walking in \u00c1ngel Di Mar\u00eda\u2019s footsteps in the UEFA Champions League this season. The Paris Saint-Germain winger [&hellip;]<\/p>\n","protected":false},"author":3,"featured_media":11058,"comment_status":"","ping_status":"open","sticky":false,"template":"","format":"standard","meta":{"googlesitekit_rrm_CAow_uzEDA:productID":"","site-sidebar-layout":"default","site-content-layout":"","ast-site-content-layout":"default","site-content-style":"default","site-sidebar-style":"default","ast-global-header-display":"","ast-banner-title-visibility":"","ast-main-header-display":"","ast-hfb-above-header-display":"","ast-hfb-below-header-display":"","ast-hfb-mobile-header-display":"","site-post-title":"","ast-breadcrumbs-content":"","ast-featured-img":"","footer-sml-layout":"","ast-disable-related-posts":"","theme-transparent-header-meta":"","adv-header-id-meta":"","stick-header-meta":"","header-above-stick-meta":"","header-main-stick-meta":"","header-below-stick-meta":"","astra-migrate-meta-layouts":"default","ast-page-background-enabled":"default","ast-page-background-meta":{"desktop":{"background-color":"var(--ast-global-color-5)","background-image":"","background-repeat":"repeat","background-position":"center center","background-size":"auto","background-attachment":"scroll","background-type":"","background-media":"","overlay-type":"","overlay-color":"","overlay-opacity":"","overlay-gradient":""},"tablet":{"background-color":"","background-image":"","background-repeat":"repeat","background-position":"center center","background-size":"auto","background-attachment":"scroll","background-type":"","background-media":"","overlay-type":"","overlay-color":"","overlay-opacity":"","overlay-gradient":""},"mobile":{"background-color":"","background-image":"","background-repeat":"repeat","background-position":"center center","background-size":"auto","background-attachment":"scroll","background-type":"","background-media":"","overlay-type":"","overlay-color":"","overlay-opacity":"","overlay-gradient":""}},"ast-content-background-meta":{"desktop":{"background-color":"var(--ast-global-color-4)","background-image":"","background-repeat":"repeat","background-position":"center center","background-size":"auto","background-attachment":"scroll","background-type":"","background-media":"","overlay-type":"","overlay-color":"","overlay-opacity":"","overlay-gradient":""},"tablet":{"background-color":"var(--ast-global-color-4)","background-image":"","background-repeat":"repeat","background-position":"center center","background-size":"auto","background-attachment":"scroll","background-type":"","background-media":"","overlay-type":"","overlay-color":"","overlay-opacity":"","overlay-gradient":""},"mobile":{"background-color":"var(--ast-global-color-4)","background-image":"","background-repeat":"repeat","background-position":"center center","background-size":"auto","background-attachment":"scroll","background-type":"","background-media":"","overlay-type":"","overlay-color":"","overlay-opacity":"","overlay-gradient":""}},"footnotes":""},"categories":[20,1],"tags":[],"class_list":["post-11059","post","type-post","status-publish","format-standard","has-post-thumbnail","hentry","category-international","category-football-latest-news"],"yoast_head":"<!-- This site is optimized with the Yoast SEO Premium plugin v26.6 (Yoast SEO v27.5) - https:\/\/yoast.com\/product\/yoast-seo-premium-wordpress\/ -->\n<title>Demb\u00e9l\u00e9 follows Di Mar\u00eda\u2019s footsteps in Champions League - Bladna News<\/title>\n<meta name=\"robots\" content=\"index, follow, max-snippet:-1, max-image-preview:large, max-video-preview:-1\" \/>\n<link rel=\"canonical\" href=\"https:\/\/bladnanews.com\/fr\/dembele-suit-les-traces-de-di-maria-en-ligue-des-champions\/\" \/>\n<meta property=\"og:locale\" content=\"fr_FR\" \/>\n<meta property=\"og:type\" content=\"article\" \/>\n<meta property=\"og:title\" content=\"Demb\u00e9l\u00e9 follows Di Mar\u00eda\u2019s footsteps in Champions League\" \/>\n<meta property=\"og:description\" content=\"Ousmane Demb\u00e9l\u00e9 is walking in \u00c1ngel Di Mar\u00eda\u2019s footsteps in the UEFA Champions League this season. The Paris Saint-Germain winger [&hellip;]\" \/>\n<meta property=\"og:url\" content=\"https:\/\/bladnanews.com\/fr\/dembele-suit-les-traces-de-di-maria-en-ligue-des-champions\/\" \/>\n<meta property=\"og:site_name\" content=\"Bladna News\" \/>\n<meta property=\"article:published_time\" content=\"2026-04-28T20:34:34+00:00\" \/>\n<meta property=\"og:image\" content=\"https:\/\/bladnanews.com\/wp-content\/uploads\/2025\/12\/freepik__bladna-newscom-moroccan-soccer-homepage-banner-mor__41838.png\" \/>\n\t<meta property=\"og:image:width\" content=\"1312\" \/>\n\t<meta property=\"og:image:height\" content=\"736\" \/>\n\t<meta property=\"og:image:type\" content=\"image\/png\" \/>\n<meta name=\"author\" content=\"Bladna News Staff\" \/>\n<meta name=\"twitter:card\" content=\"summary_large_image\" \/>\n<meta name=\"twitter:label1\" content=\"\u00c9crit par\" \/>\n\t<meta name=\"twitter:data1\" content=\"Bladna News Staff\" \/>\n\t<meta name=\"twitter:label2\" content=\"Dur\u00e9e de lecture estim\u00e9e\" \/>\n\t<meta name=\"twitter:data2\" content=\"2 minutes\" \/>\n<script type=\"application\/ld+json\" class=\"yoast-schema-graph\">{\"@context\":\"https:\\\/\\\/schema.org\",\"@graph\":[{\"@type\":\"Article\",\"@id\":\"https:\\\/\\\/bladnanews.com\\\/dembele-follows-di-marias-footsteps-in-champions-league\\\/#article\",\"isPartOf\":{\"@id\":\"https:\\\/\\\/bladnanews.com\\\/dembele-follows-di-marias-footsteps-in-champions-league\\\/\"},\"author\":{\"name\":\"Bladna News Staff\",\"@id\":\"https:\\\/\\\/mediumseagreen-eel-531711.hostingersite.com\\\/#\\\/schema\\\/person\\\/268e18a453ab080ebf76df6ef7845083\"},\"headline\":\"Demb\u00e9l\u00e9 follows Di Mar\u00eda\u2019s footsteps in Champions League\",\"datePublished\":\"2026-04-28T20:34:34+00:00\",\"mainEntityOfPage\":{\"@id\":\"https:\\\/\\\/bladnanews.com\\\/dembele-follows-di-marias-footsteps-in-champions-league\\\/\"},\"wordCount\":354,\"publisher\":{\"@id\":\"https:\\\/\\\/mediumseagreen-eel-531711.hostingersite.com\\\/#organization\"},\"image\":{\"@id\":\"https:\\\/\\\/bladnanews.com\\\/dembele-follows-di-marias-footsteps-in-champions-league\\\/#primaryimage\"},\"thumbnailUrl\":\"https:\\\/\\\/bladnanews.com\\\/wp-content\\\/uploads\\\/2026\\\/04\\\/GettyImages-2273058573.jpg-scaled.jpg\",\"articleSection\":[\"International\",\"Latest News\"],\"inLanguage\":\"fr-FR\",\"copyrightYear\":\"2026\",\"copyrightHolder\":{\"@id\":\"https:\\\/\\\/bladnanews.com\\\/fr\\\/#organization\"}},{\"@type\":\"WebPage\",\"@id\":\"https:\\\/\\\/bladnanews.com\\\/dembele-follows-di-marias-footsteps-in-champions-league\\\/\",\"url\":\"https:\\\/\\\/bladnanews.com\\\/dembele-follows-di-marias-footsteps-in-champions-league\\\/\",\"name\":\"Demb\u00e9l\u00e9 follows Di Mar\u00eda\u2019s footsteps in Champions League - Bladna News\",\"isPartOf\":{\"@id\":\"https:\\\/\\\/mediumseagreen-eel-531711.hostingersite.com\\\/#website\"},\"primaryImageOfPage\":{\"@id\":\"https:\\\/\\\/bladnanews.com\\\/dembele-follows-di-marias-footsteps-in-champions-league\\\/#primaryimage\"},\"image\":{\"@id\":\"https:\\\/\\\/bladnanews.com\\\/dembele-follows-di-marias-footsteps-in-champions-league\\\/#primaryimage\"},\"thumbnailUrl\":\"https:\\\/\\\/bladnanews.com\\\/wp-content\\\/uploads\\\/2026\\\/04\\\/GettyImages-2273058573.jpg-scaled.jpg\",\"datePublished\":\"2026-04-28T20:34:34+00:00\",\"breadcrumb\":{\"@id\":\"https:\\\/\\\/bladnanews.com\\\/dembele-follows-di-marias-footsteps-in-champions-league\\\/#breadcrumb\"},\"inLanguage\":\"fr-FR\",\"potentialAction\":[{\"@type\":\"ReadAction\",\"target\":[\"https:\\\/\\\/bladnanews.com\\\/dembele-follows-di-marias-footsteps-in-champions-league\\\/\"]}]},{\"@type\":\"ImageObject\",\"inLanguage\":\"fr-FR\",\"@id\":\"https:\\\/\\\/bladnanews.com\\\/dembele-follows-di-marias-footsteps-in-champions-league\\\/#primaryimage\",\"url\":\"https:\\\/\\\/bladnanews.com\\\/wp-content\\\/uploads\\\/2026\\\/04\\\/GettyImages-2273058573.jpg-scaled.jpg\",\"contentUrl\":\"https:\\\/\\\/bladnanews.com\\\/wp-content\\\/uploads\\\/2026\\\/04\\\/GettyImages-2273058573.jpg-scaled.jpg\",\"width\":2560,\"height\":1440,\"caption\":\"Demb\u00e9l\u00e9 follows Di Mar\u00eda\u2019s footsteps in Champions League\"},{\"@type\":\"BreadcrumbList\",\"@id\":\"https:\\\/\\\/bladnanews.com\\\/dembele-follows-di-marias-footsteps-in-champions-league\\\/#breadcrumb\",\"itemListElement\":[{\"@type\":\"ListItem\",\"position\":1,\"name\":\"Home\",\"item\":\"https:\\\/\\\/bladnanews.com\\\/\"},{\"@type\":\"ListItem\",\"position\":2,\"name\":\"Demb\u00e9l\u00e9 follows Di Mar\u00eda\u2019s footsteps in Champions League\"}]},{\"@type\":\"WebSite\",\"@id\":\"https:\\\/\\\/mediumseagreen-eel-531711.hostingersite.com\\\/#website\",\"url\":\"https:\\\/\\\/mediumseagreen-eel-531711.hostingersite.com\\\/\",\"name\":\"Bladna News - Morocco\",\"description\":\"Where Moroccan Football Meets the World\",\"publisher\":{\"@id\":\"https:\\\/\\\/mediumseagreen-eel-531711.hostingersite.com\\\/#organization\"},\"potentialAction\":[{\"@type\":\"SearchAction\",\"target\":{\"@type\":\"EntryPoint\",\"urlTemplate\":\"https:\\\/\\\/mediumseagreen-eel-531711.hostingersite.com\\\/?s={search_term_string}\"},\"query-input\":{\"@type\":\"PropertyValueSpecification\",\"valueRequired\":true,\"valueName\":\"search_term_string\"}}],\"inLanguage\":\"fr-FR\"},{\"@type\":\"Organization\",\"@id\":\"https:\\\/\\\/mediumseagreen-eel-531711.hostingersite.com\\\/#organization\",\"name\":\"Bladna News.com\",\"url\":\"https:\\\/\\\/mediumseagreen-eel-531711.hostingersite.com\\\/\",\"logo\":{\"@type\":\"ImageObject\",\"inLanguage\":\"fr-FR\",\"@id\":\"https:\\\/\\\/mediumseagreen-eel-531711.hostingersite.com\\\/#\\\/schema\\\/logo\\\/image\\\/\",\"url\":\"https:\\\/\\\/bladnanews.com\\\/wp-content\\\/uploads\\\/2025\\\/12\\\/logo-bladnanews-V2-web-black-red.png\",\"contentUrl\":\"https:\\\/\\\/bladnanews.com\\\/wp-content\\\/uploads\\\/2025\\\/12\\\/logo-bladnanews-V2-web-black-red.png\",\"width\":703,\"height\":287,\"caption\":\"Bladna News.com\"},\"image\":{\"@id\":\"https:\\\/\\\/mediumseagreen-eel-531711.hostingersite.com\\\/#\\\/schema\\\/logo\\\/image\\\/\"},\"email\":\"info@bladnanews.com\",\"legalName\":\"Bladna News\"},{\"@type\":\"Person\",\"@id\":\"https:\\\/\\\/mediumseagreen-eel-531711.hostingersite.com\\\/#\\\/schema\\\/person\\\/268e18a453ab080ebf76df6ef7845083\",\"name\":\"Bladna News Staff\",\"url\":\"https:\\\/\\\/bladnanews.com\\\/fr\\\/author\\\/bladna-news-staff\\\/\"}]}<\/script>\n<!-- \/ Yoast SEO Premium plugin. -->","yoast_head_json":{"title":"Demb\u00e9l\u00e9 suit les traces de Di Mar\u00eda en Ligue des champions - Bladna News","robots":{"index":"index","follow":"follow","max-snippet":"max-snippet:-1","max-image-preview":"max-image-preview:large","max-video-preview":"max-video-preview:-1"},"canonical":"https:\/\/bladnanews.com\/fr\/dembele-suit-les-traces-de-di-maria-en-ligue-des-champions\/","og_locale":"fr_FR","og_type":"article","og_title":"Demb\u00e9l\u00e9 follows Di Mar\u00eda\u2019s footsteps in Champions League","og_description":"Ousmane Demb\u00e9l\u00e9 is walking in \u00c1ngel Di Mar\u00eda\u2019s footsteps in the UEFA Champions League this season. The Paris Saint-Germain winger [&hellip;]","og_url":"https:\/\/bladnanews.com\/fr\/dembele-suit-les-traces-de-di-maria-en-ligue-des-champions\/","og_site_name":"Bladna News","article_published_time":"2026-04-28T20:34:34+00:00","og_image":[{"width":1312,"height":736,"url":"https:\/\/bladnanews.com\/wp-content\/uploads\/2025\/12\/freepik__bladna-newscom-moroccan-soccer-homepage-banner-mor__41838.png","type":"image\/png"}],"author":"Bladna News Staff","twitter_card":"summary_large_image","twitter_misc":{"\u00c9crit par":"Bladna News Staff","Dur\u00e9e de lecture estim\u00e9e":"2 minutes"},"schema":{"@context":"https:\/\/schema.org","@graph":[{"@type":"Article","@id":"https:\/\/bladnanews.com\/dembele-follows-di-marias-footsteps-in-champions-league\/#article","isPartOf":{"@id":"https:\/\/bladnanews.com\/dembele-follows-di-marias-footsteps-in-champions-league\/"},"author":{"name":"Bladna News Staff","@id":"https:\/\/mediumseagreen-eel-531711.hostingersite.com\/#\/schema\/person\/268e18a453ab080ebf76df6ef7845083"},"headline":"Demb\u00e9l\u00e9 follows Di Mar\u00eda\u2019s footsteps in Champions League","datePublished":"2026-04-28T20:34:34+00:00","mainEntityOfPage":{"@id":"https:\/\/bladnanews.com\/dembele-follows-di-marias-footsteps-in-champions-league\/"},"wordCount":354,"publisher":{"@id":"https:\/\/mediumseagreen-eel-531711.hostingersite.com\/#organization"},"image":{"@id":"https:\/\/bladnanews.com\/dembele-follows-di-marias-footsteps-in-champions-league\/#primaryimage"},"thumbnailUrl":"https:\/\/bladnanews.com\/wp-content\/uploads\/2026\/04\/GettyImages-2273058573.jpg-scaled.jpg","articleSection":["International","Latest News"],"inLanguage":"fr-FR","copyrightYear":"2026","copyrightHolder":{"@id":"https:\/\/bladnanews.com\/fr\/#organization"}},{"@type":"WebPage","@id":"https:\/\/bladnanews.com\/dembele-follows-di-marias-footsteps-in-champions-league\/","url":"https:\/\/bladnanews.com\/dembele-follows-di-marias-footsteps-in-champions-league\/","name":"Demb\u00e9l\u00e9 suit les traces de Di Mar\u00eda en Ligue des champions - Bladna News","isPartOf":{"@id":"https:\/\/mediumseagreen-eel-531711.hostingersite.com\/#website"},"primaryImageOfPage":{"@id":"https:\/\/bladnanews.com\/dembele-follows-di-marias-footsteps-in-champions-league\/#primaryimage"},"image":{"@id":"https:\/\/bladnanews.com\/dembele-follows-di-marias-footsteps-in-champions-league\/#primaryimage"},"thumbnailUrl":"https:\/\/bladnanews.com\/wp-content\/uploads\/2026\/04\/GettyImages-2273058573.jpg-scaled.jpg","datePublished":"2026-04-28T20:34:34+00:00","breadcrumb":{"@id":"https:\/\/bladnanews.com\/dembele-follows-di-marias-footsteps-in-champions-league\/#breadcrumb"},"inLanguage":"fr-FR","potentialAction":[{"@type":"ReadAction","target":["https:\/\/bladnanews.com\/dembele-follows-di-marias-footsteps-in-champions-league\/"]}]},{"@type":"ImageObject","inLanguage":"fr-FR","@id":"https:\/\/bladnanews.com\/dembele-follows-di-marias-footsteps-in-champions-league\/#primaryimage","url":"https:\/\/bladnanews.com\/wp-content\/uploads\/2026\/04\/GettyImages-2273058573.jpg-scaled.jpg","contentUrl":"https:\/\/bladnanews.com\/wp-content\/uploads\/2026\/04\/GettyImages-2273058573.jpg-scaled.jpg","width":2560,"height":1440,"caption":"Demb\u00e9l\u00e9 follows Di Mar\u00eda\u2019s footsteps in Champions League"},{"@type":"BreadcrumbList","@id":"https:\/\/bladnanews.com\/dembele-follows-di-marias-footsteps-in-champions-league\/#breadcrumb","itemListElement":[{"@type":"ListItem","position":1,"name":"Home","item":"https:\/\/bladnanews.com\/"},{"@type":"ListItem","position":2,"name":"Demb\u00e9l\u00e9 follows Di Mar\u00eda\u2019s footsteps in Champions League"}]},{"@type":"WebSite","@id":"https:\/\/mediumseagreen-eel-531711.hostingersite.com\/#website","url":"https:\/\/mediumseagreen-eel-531711.hostingersite.com\/","name":"Bladna News - Maroc","description":"Quand le football marocain rencontre le monde","publisher":{"@id":"https:\/\/mediumseagreen-eel-531711.hostingersite.com\/#organization"},"potentialAction":[{"@type":"SearchAction","target":{"@type":"EntryPoint","urlTemplate":"https:\/\/mediumseagreen-eel-531711.hostingersite.com\/?s={search_term_string}"},"query-input":{"@type":"PropertyValueSpecification","valueRequired":true,"valueName":"search_term_string"}}],"inLanguage":"fr-FR"},{"@type":"Organization","@id":"https:\/\/mediumseagreen-eel-531711.hostingersite.com\/#organization","name":"Bladna News.com","url":"https:\/\/mediumseagreen-eel-531711.hostingersite.com\/","logo":{"@type":"ImageObject","inLanguage":"fr-FR","@id":"https:\/\/mediumseagreen-eel-531711.hostingersite.com\/#\/schema\/logo\/image\/","url":"https:\/\/bladnanews.com\/wp-content\/uploads\/2025\/12\/logo-bladnanews-V2-web-black-red.png","contentUrl":"https:\/\/bladnanews.com\/wp-content\/uploads\/2025\/12\/logo-bladnanews-V2-web-black-red.png","width":703,"height":287,"caption":"Bladna News.com"},"image":{"@id":"https:\/\/mediumseagreen-eel-531711.hostingersite.com\/#\/schema\/logo\/image\/"},"email":"info@bladnanews.com","legalName":"Bladna News"},{"@type":"Person","@id":"https:\/\/mediumseagreen-eel-531711.hostingersite.com\/#\/schema\/person\/268e18a453ab080ebf76df6ef7845083","name":"\u00c9quipe r\u00e9dactionnelle de Bladna News","url":"https:\/\/bladnanews.com\/fr\/author\/bladna-news-staff\/"}]}},"_links":{"self":[{"href":"https:\/\/bladnanews.com\/fr\/wp-json\/wp\/v2\/posts\/11059","targetHints":{"allow":["GET"]}}],"collection":[{"href":"https:\/\/bladnanews.com\/fr\/wp-json\/wp\/v2\/posts"}],"about":[{"href":"https:\/\/bladnanews.com\/fr\/wp-json\/wp\/v2\/types\/post"}],"author":[{"embeddable":true,"href":"https:\/\/bladnanews.com\/fr\/wp-json\/wp\/v2\/users\/3"}],"replies":[{"embeddable":true,"href":"https:\/\/bladnanews.com\/fr\/wp-json\/wp\/v2\/comments?post=11059"}],"version-history":[{"count":0,"href":"https:\/\/bladnanews.com\/fr\/wp-json\/wp\/v2\/posts\/11059\/revisions"}],"wp:featuredmedia":[{"embeddable":true,"href":"https:\/\/bladnanews.com\/fr\/wp-json\/wp\/v2\/media\/11058"}],"wp:attachment":[{"href":"https:\/\/bladnanews.com\/fr\/wp-json\/wp\/v2\/media?parent=11059"}],"wp:term":[{"taxonomy":"category","embeddable":true,"href":"https:\/\/bladnanews.com\/fr\/wp-json\/wp\/v2\/categories?post=11059"},{"taxonomy":"post_tag","embeddable":true,"href":"https:\/\/bladnanews.com\/fr\/wp-json\/wp\/v2\/tags?post=11059"}],"curies":[{"name":"wp","href":"https:\/\/api.w.org\/{rel}","templated":true}]}}