{"id":11065,"date":"2026-04-28T21:09:06","date_gmt":"2026-04-28T21:09:06","guid":{"rendered":"https:\/\/bladnanews.com\/paris-stuns-bayern-with-a-wild-display-at-the-parc-des-princes\/"},"modified":"2026-04-28T21:09:06","modified_gmt":"2026-04-28T21:09:06","slug":"paris-stupefie-le-bayern-avec-une-demonstration-spectaculaire-au-parc-des-princes","status":"publish","type":"post","link":"https:\/\/bladnanews.com\/fr\/paris-stupefie-le-bayern-avec-une-demonstration-spectaculaire-au-parc-des-princes\/","title":{"rendered":"Paris stup\u00e9fie le Bayern avec une d\u00e9monstration \u00e9clatante au Parc des Princes"},"content":{"rendered":"<p>Paris a livr\u00e9 une performance \u00e9poustouflante au Parc des Princes, laissant le Bayern Munich stup\u00e9fait lors d\u2019un choc de Ligue des Champions qui restera dans les m\u00e9moires pendant des ann\u00e9es. Le club fran\u00e7ais a fait preuve d\u2019une d\u00e9monstration de pure folie, submergeant le g\u00e9ant allemand d\u00e8s le coup d\u2019envoi.<\/p>\n<p>Le match, disput\u00e9 en 2026, a vu Paris prendre le contr\u00f4le d\u00e8s le d\u00e9but. \u00c0 la 15e minute, ils avaient d\u00e9j\u00e0 ouvert la d\u00e9fense du Bayern \u00e0 deux reprises. Le premier but est venu d\u2019une contre-attaque rapide, le rythme de l\u2019\u00e9quipe locale s\u2019av\u00e9rant trop \u00e9lev\u00e9 pour la d\u00e9fense visiteuse. Le second a suivi quelques minutes plus tard, une finition clinique depuis l\u2019int\u00e9rieur de la surface qui n\u2019a laiss\u00e9 aucune chance au gardien du Bayern.<\/p>\n<p>Le Bayern a eu du mal \u00e0 r\u00e9agir. Leur s\u00e9r\u00e9nit\u00e9 habituelle s\u2019est \u00e9vapor\u00e9e sous la pression incessante de Paris. Le milieu de terrain a \u00e9t\u00e9 submerg\u00e9, et les occasions se sont faites rares. \u00c0 la mi-temps, le score refl\u00e9tait d\u00e9j\u00e0 la domination de l\u2019\u00e9quipe locale.<\/p>\n<p>La seconde p\u00e9riode n\u2019a apport\u00e9 aucun r\u00e9pit au champion allemand. Paris a continu\u00e9 \u00e0 faire pression, ajoutant un troisi\u00e8me but \u00e0 la 55e minute. Le but est venu d\u2019un coup de pied arr\u00eat\u00e9, un corner bien travaill\u00e9 repris de la t\u00eate au premier poteau. La frustration du Bayern a grandi, et ils n\u2019ont pas r\u00e9ussi \u00e0 cr\u00e9er d\u2019occasions franches.<\/p>\n<p>Le coup de sifflet final a confirm\u00e9 une victoire \u00e9clatante pour Paris. Le r\u00e9sultat envoie un message clair au reste de l\u2019Europe : cette \u00e9quipe de Paris est une force avec laquelle il faut compter. Pour le Bayern, ce fut une soir\u00e9e \u00e0 oublier, une rare occasion o\u00f9 ils ont \u00e9t\u00e9 domin\u00e9s dans tous les compartiments du jeu.<\/p>\n<p>Les d\u00e9clarations officielles apr\u00e8s le match ont salu\u00e9 l\u2019intensit\u00e9 et la discipline de la performance parisienne. La victoire a \u00e9t\u00e9 d\u00e9crite comme une d\u00e9claration d\u2019intention, l\u2019\u00e9quipe ayant d\u00e9sormais fermement le contr\u00f4le de son destin dans le groupe. Les sc\u00e8nes au Parc des Princes \u00e9taient \u00e9lectriques, une nuit de pure folie footballistique qui a laiss\u00e9 tout le monde en admiration.<\/p>","protected":false},"excerpt":{"rendered":"<p>Paris produced a breathtaking performance at the Parc des Princes, leaving Bayern Munich stunned in a Champions League clash that [&hellip;]<\/p>\n","protected":false},"author":3,"featured_media":11064,"comment_status":"","ping_status":"open","sticky":false,"template":"","format":"standard","meta":{"googlesitekit_rrm_CAow_uzEDA:productID":"","site-sidebar-layout":"default","site-content-layout":"","ast-site-content-layout":"default","site-content-style":"default","site-sidebar-style":"default","ast-global-header-display":"","ast-banner-title-visibility":"","ast-main-header-display":"","ast-hfb-above-header-display":"","ast-hfb-below-header-display":"","ast-hfb-mobile-header-display":"","site-post-title":"","ast-breadcrumbs-content":"","ast-featured-img":"","footer-sml-layout":"","ast-disable-related-posts":"","theme-transparent-header-meta":"","adv-header-id-meta":"","stick-header-meta":"","header-above-stick-meta":"","header-main-stick-meta":"","header-below-stick-meta":"","astra-migrate-meta-layouts":"default","ast-page-background-enabled":"default","ast-page-background-meta":{"desktop":{"background-color":"var(--ast-global-color-5)","background-image":"","background-repeat":"repeat","background-position":"center center","background-size":"auto","background-attachment":"scroll","background-type":"","background-media":"","overlay-type":"","overlay-color":"","overlay-opacity":"","overlay-gradient":""},"tablet":{"background-color":"","background-image":"","background-repeat":"repeat","background-position":"center center","background-size":"auto","background-attachment":"scroll","background-type":"","background-media":"","overlay-type":"","overlay-color":"","overlay-opacity":"","overlay-gradient":""},"mobile":{"background-color":"","background-image":"","background-repeat":"repeat","background-position":"center center","background-size":"auto","background-attachment":"scroll","background-type":"","background-media":"","overlay-type":"","overlay-color":"","overlay-opacity":"","overlay-gradient":""}},"ast-content-background-meta":{"desktop":{"background-color":"var(--ast-global-color-4)","background-image":"","background-repeat":"repeat","background-position":"center center","background-size":"auto","background-attachment":"scroll","background-type":"","background-media":"","overlay-type":"","overlay-color":"","overlay-opacity":"","overlay-gradient":""},"tablet":{"background-color":"var(--ast-global-color-4)","background-image":"","background-repeat":"repeat","background-position":"center center","background-size":"auto","background-attachment":"scroll","background-type":"","background-media":"","overlay-type":"","overlay-color":"","overlay-opacity":"","overlay-gradient":""},"mobile":{"background-color":"var(--ast-global-color-4)","background-image":"","background-repeat":"repeat","background-position":"center center","background-size":"auto","background-attachment":"scroll","background-type":"","background-media":"","overlay-type":"","overlay-color":"","overlay-opacity":"","overlay-gradient":""}},"footnotes":""},"categories":[20,1],"tags":[],"class_list":["post-11065","post","type-post","status-publish","format-standard","has-post-thumbnail","hentry","category-international","category-football-latest-news"],"yoast_head":"<!-- This site is optimized with the Yoast SEO Premium plugin v26.6 (Yoast SEO v27.5) - https:\/\/yoast.com\/product\/yoast-seo-premium-wordpress\/ -->\n<title>Paris stuns Bayern with a wild display at the Parc des Princes - Bladna News<\/title>\n<meta name=\"robots\" content=\"index, follow, max-snippet:-1, max-image-preview:large, max-video-preview:-1\" \/>\n<link rel=\"canonical\" href=\"https:\/\/bladnanews.com\/fr\/paris-stupefie-le-bayern-avec-une-demonstration-spectaculaire-au-parc-des-princes\/\" \/>\n<meta property=\"og:locale\" content=\"fr_FR\" \/>\n<meta property=\"og:type\" content=\"article\" \/>\n<meta property=\"og:title\" content=\"Paris stuns Bayern with a wild display at the Parc des Princes\" \/>\n<meta property=\"og:description\" content=\"Paris produced a breathtaking performance at the Parc des Princes, leaving Bayern Munich stunned in a Champions League clash that [&hellip;]\" \/>\n<meta property=\"og:url\" content=\"https:\/\/bladnanews.com\/fr\/paris-stupefie-le-bayern-avec-une-demonstration-spectaculaire-au-parc-des-princes\/\" \/>\n<meta property=\"og:site_name\" content=\"Bladna News\" \/>\n<meta property=\"article:published_time\" content=\"2026-04-28T21:09:06+00:00\" \/>\n<meta property=\"og:image\" content=\"https:\/\/bladnanews.com\/wp-content\/uploads\/2025\/12\/freepik__bladna-newscom-moroccan-soccer-homepage-banner-mor__41838.png\" \/>\n\t<meta property=\"og:image:width\" content=\"1312\" \/>\n\t<meta property=\"og:image:height\" content=\"736\" \/>\n\t<meta property=\"og:image:type\" content=\"image\/png\" \/>\n<meta name=\"author\" content=\"Bladna News Staff\" \/>\n<meta name=\"twitter:card\" content=\"summary_large_image\" \/>\n<meta name=\"twitter:label1\" content=\"\u00c9crit par\" \/>\n\t<meta name=\"twitter:data1\" content=\"Bladna News Staff\" \/>\n\t<meta name=\"twitter:label2\" content=\"Dur\u00e9e de lecture estim\u00e9e\" \/>\n\t<meta name=\"twitter:data2\" content=\"1 minute\" \/>\n<script type=\"application\/ld+json\" class=\"yoast-schema-graph\">{\"@context\":\"https:\\\/\\\/schema.org\",\"@graph\":[{\"@type\":\"Article\",\"@id\":\"https:\\\/\\\/bladnanews.com\\\/paris-stuns-bayern-with-a-wild-display-at-the-parc-des-princes\\\/#article\",\"isPartOf\":{\"@id\":\"https:\\\/\\\/bladnanews.com\\\/paris-stuns-bayern-with-a-wild-display-at-the-parc-des-princes\\\/\"},\"author\":{\"name\":\"Bladna News Staff\",\"@id\":\"https:\\\/\\\/mediumseagreen-eel-531711.hostingersite.com\\\/#\\\/schema\\\/person\\\/268e18a453ab080ebf76df6ef7845083\"},\"headline\":\"Paris stuns Bayern with a wild display at the Parc des Princes\",\"datePublished\":\"2026-04-28T21:09:06+00:00\",\"mainEntityOfPage\":{\"@id\":\"https:\\\/\\\/bladnanews.com\\\/paris-stuns-bayern-with-a-wild-display-at-the-parc-des-princes\\\/\"},\"wordCount\":306,\"publisher\":{\"@id\":\"https:\\\/\\\/mediumseagreen-eel-531711.hostingersite.com\\\/#organization\"},\"image\":{\"@id\":\"https:\\\/\\\/bladnanews.com\\\/paris-stuns-bayern-with-a-wild-display-at-the-parc-des-princes\\\/#primaryimage\"},\"thumbnailUrl\":\"https:\\\/\\\/bladnanews.com\\\/wp-content\\\/uploads\\\/2026\\\/04\\\/GettyImages-2273066222.jpg-scaled.jpg\",\"articleSection\":[\"International\",\"Latest News\"],\"inLanguage\":\"fr-FR\",\"copyrightYear\":\"2026\",\"copyrightHolder\":{\"@id\":\"https:\\\/\\\/bladnanews.com\\\/fr\\\/#organization\"}},{\"@type\":\"WebPage\",\"@id\":\"https:\\\/\\\/bladnanews.com\\\/paris-stuns-bayern-with-a-wild-display-at-the-parc-des-princes\\\/\",\"url\":\"https:\\\/\\\/bladnanews.com\\\/paris-stuns-bayern-with-a-wild-display-at-the-parc-des-princes\\\/\",\"name\":\"Paris stuns Bayern with a wild display at the Parc des Princes - Bladna News\",\"isPartOf\":{\"@id\":\"https:\\\/\\\/mediumseagreen-eel-531711.hostingersite.com\\\/#website\"},\"primaryImageOfPage\":{\"@id\":\"https:\\\/\\\/bladnanews.com\\\/paris-stuns-bayern-with-a-wild-display-at-the-parc-des-princes\\\/#primaryimage\"},\"image\":{\"@id\":\"https:\\\/\\\/bladnanews.com\\\/paris-stuns-bayern-with-a-wild-display-at-the-parc-des-princes\\\/#primaryimage\"},\"thumbnailUrl\":\"https:\\\/\\\/bladnanews.com\\\/wp-content\\\/uploads\\\/2026\\\/04\\\/GettyImages-2273066222.jpg-scaled.jpg\",\"datePublished\":\"2026-04-28T21:09:06+00:00\",\"breadcrumb\":{\"@id\":\"https:\\\/\\\/bladnanews.com\\\/paris-stuns-bayern-with-a-wild-display-at-the-parc-des-princes\\\/#breadcrumb\"},\"inLanguage\":\"fr-FR\",\"potentialAction\":[{\"@type\":\"ReadAction\",\"target\":[\"https:\\\/\\\/bladnanews.com\\\/paris-stuns-bayern-with-a-wild-display-at-the-parc-des-princes\\\/\"]}]},{\"@type\":\"ImageObject\",\"inLanguage\":\"fr-FR\",\"@id\":\"https:\\\/\\\/bladnanews.com\\\/paris-stuns-bayern-with-a-wild-display-at-the-parc-des-princes\\\/#primaryimage\",\"url\":\"https:\\\/\\\/bladnanews.com\\\/wp-content\\\/uploads\\\/2026\\\/04\\\/GettyImages-2273066222.jpg-scaled.jpg\",\"contentUrl\":\"https:\\\/\\\/bladnanews.com\\\/wp-content\\\/uploads\\\/2026\\\/04\\\/GettyImages-2273066222.jpg-scaled.jpg\",\"width\":2560,\"height\":1440,\"caption\":\"Paris stuns Bayern with a wild display at the Parc des Princes\"},{\"@type\":\"BreadcrumbList\",\"@id\":\"https:\\\/\\\/bladnanews.com\\\/paris-stuns-bayern-with-a-wild-display-at-the-parc-des-princes\\\/#breadcrumb\",\"itemListElement\":[{\"@type\":\"ListItem\",\"position\":1,\"name\":\"Home\",\"item\":\"https:\\\/\\\/bladnanews.com\\\/\"},{\"@type\":\"ListItem\",\"position\":2,\"name\":\"Paris stuns Bayern with a wild display at the Parc des Princes\"}]},{\"@type\":\"WebSite\",\"@id\":\"https:\\\/\\\/mediumseagreen-eel-531711.hostingersite.com\\\/#website\",\"url\":\"https:\\\/\\\/mediumseagreen-eel-531711.hostingersite.com\\\/\",\"name\":\"Bladna News - Morocco\",\"description\":\"Where Moroccan Football Meets the World\",\"publisher\":{\"@id\":\"https:\\\/\\\/mediumseagreen-eel-531711.hostingersite.com\\\/#organization\"},\"potentialAction\":[{\"@type\":\"SearchAction\",\"target\":{\"@type\":\"EntryPoint\",\"urlTemplate\":\"https:\\\/\\\/mediumseagreen-eel-531711.hostingersite.com\\\/?s={search_term_string}\"},\"query-input\":{\"@type\":\"PropertyValueSpecification\",\"valueRequired\":true,\"valueName\":\"search_term_string\"}}],\"inLanguage\":\"fr-FR\"},{\"@type\":\"Organization\",\"@id\":\"https:\\\/\\\/mediumseagreen-eel-531711.hostingersite.com\\\/#organization\",\"name\":\"Bladna News.com\",\"url\":\"https:\\\/\\\/mediumseagreen-eel-531711.hostingersite.com\\\/\",\"logo\":{\"@type\":\"ImageObject\",\"inLanguage\":\"fr-FR\",\"@id\":\"https:\\\/\\\/mediumseagreen-eel-531711.hostingersite.com\\\/#\\\/schema\\\/logo\\\/image\\\/\",\"url\":\"https:\\\/\\\/bladnanews.com\\\/wp-content\\\/uploads\\\/2025\\\/12\\\/logo-bladnanews-V2-web-black-red.png\",\"contentUrl\":\"https:\\\/\\\/bladnanews.com\\\/wp-content\\\/uploads\\\/2025\\\/12\\\/logo-bladnanews-V2-web-black-red.png\",\"width\":703,\"height\":287,\"caption\":\"Bladna News.com\"},\"image\":{\"@id\":\"https:\\\/\\\/mediumseagreen-eel-531711.hostingersite.com\\\/#\\\/schema\\\/logo\\\/image\\\/\"},\"email\":\"info@bladnanews.com\",\"legalName\":\"Bladna News\"},{\"@type\":\"Person\",\"@id\":\"https:\\\/\\\/mediumseagreen-eel-531711.hostingersite.com\\\/#\\\/schema\\\/person\\\/268e18a453ab080ebf76df6ef7845083\",\"name\":\"Bladna News Staff\",\"url\":\"https:\\\/\\\/bladnanews.com\\\/fr\\\/author\\\/bladna-news-staff\\\/\"}]}<\/script>\n<!-- \/ Yoast SEO Premium plugin. -->","yoast_head_json":{"title":"Paris \u00e9blouit le Bayern avec une d\u00e9monstration spectaculaire au Parc des Princes - Bladna News","robots":{"index":"index","follow":"follow","max-snippet":"max-snippet:-1","max-image-preview":"max-image-preview:large","max-video-preview":"max-video-preview:-1"},"canonical":"https:\/\/bladnanews.com\/fr\/paris-stupefie-le-bayern-avec-une-demonstration-spectaculaire-au-parc-des-princes\/","og_locale":"fr_FR","og_type":"article","og_title":"Paris stuns Bayern with a wild display at the Parc des Princes","og_description":"Paris produced a breathtaking performance at the Parc des Princes, leaving Bayern Munich stunned in a Champions League clash that [&hellip;]","og_url":"https:\/\/bladnanews.com\/fr\/paris-stupefie-le-bayern-avec-une-demonstration-spectaculaire-au-parc-des-princes\/","og_site_name":"Bladna News","article_published_time":"2026-04-28T21:09:06+00:00","og_image":[{"width":1312,"height":736,"url":"https:\/\/bladnanews.com\/wp-content\/uploads\/2025\/12\/freepik__bladna-newscom-moroccan-soccer-homepage-banner-mor__41838.png","type":"image\/png"}],"author":"Bladna News Staff","twitter_card":"summary_large_image","twitter_misc":{"\u00c9crit par":"Bladna News Staff","Dur\u00e9e de lecture estim\u00e9e":"1 minute"},"schema":{"@context":"https:\/\/schema.org","@graph":[{"@type":"Article","@id":"https:\/\/bladnanews.com\/paris-stuns-bayern-with-a-wild-display-at-the-parc-des-princes\/#article","isPartOf":{"@id":"https:\/\/bladnanews.com\/paris-stuns-bayern-with-a-wild-display-at-the-parc-des-princes\/"},"author":{"name":"Bladna News Staff","@id":"https:\/\/mediumseagreen-eel-531711.hostingersite.com\/#\/schema\/person\/268e18a453ab080ebf76df6ef7845083"},"headline":"Paris stuns Bayern with a wild display at the Parc des Princes","datePublished":"2026-04-28T21:09:06+00:00","mainEntityOfPage":{"@id":"https:\/\/bladnanews.com\/paris-stuns-bayern-with-a-wild-display-at-the-parc-des-princes\/"},"wordCount":306,"publisher":{"@id":"https:\/\/mediumseagreen-eel-531711.hostingersite.com\/#organization"},"image":{"@id":"https:\/\/bladnanews.com\/paris-stuns-bayern-with-a-wild-display-at-the-parc-des-princes\/#primaryimage"},"thumbnailUrl":"https:\/\/bladnanews.com\/wp-content\/uploads\/2026\/04\/GettyImages-2273066222.jpg-scaled.jpg","articleSection":["International","Latest News"],"inLanguage":"fr-FR","copyrightYear":"2026","copyrightHolder":{"@id":"https:\/\/bladnanews.com\/fr\/#organization"}},{"@type":"WebPage","@id":"https:\/\/bladnanews.com\/paris-stuns-bayern-with-a-wild-display-at-the-parc-des-princes\/","url":"https:\/\/bladnanews.com\/paris-stuns-bayern-with-a-wild-display-at-the-parc-des-princes\/","name":"Paris \u00e9blouit le Bayern avec une d\u00e9monstration spectaculaire au Parc des Princes - Bladna News","isPartOf":{"@id":"https:\/\/mediumseagreen-eel-531711.hostingersite.com\/#website"},"primaryImageOfPage":{"@id":"https:\/\/bladnanews.com\/paris-stuns-bayern-with-a-wild-display-at-the-parc-des-princes\/#primaryimage"},"image":{"@id":"https:\/\/bladnanews.com\/paris-stuns-bayern-with-a-wild-display-at-the-parc-des-princes\/#primaryimage"},"thumbnailUrl":"https:\/\/bladnanews.com\/wp-content\/uploads\/2026\/04\/GettyImages-2273066222.jpg-scaled.jpg","datePublished":"2026-04-28T21:09:06+00:00","breadcrumb":{"@id":"https:\/\/bladnanews.com\/paris-stuns-bayern-with-a-wild-display-at-the-parc-des-princes\/#breadcrumb"},"inLanguage":"fr-FR","potentialAction":[{"@type":"ReadAction","target":["https:\/\/bladnanews.com\/paris-stuns-bayern-with-a-wild-display-at-the-parc-des-princes\/"]}]},{"@type":"ImageObject","inLanguage":"fr-FR","@id":"https:\/\/bladnanews.com\/paris-stuns-bayern-with-a-wild-display-at-the-parc-des-princes\/#primaryimage","url":"https:\/\/bladnanews.com\/wp-content\/uploads\/2026\/04\/GettyImages-2273066222.jpg-scaled.jpg","contentUrl":"https:\/\/bladnanews.com\/wp-content\/uploads\/2026\/04\/GettyImages-2273066222.jpg-scaled.jpg","width":2560,"height":1440,"caption":"Paris stuns Bayern with a wild display at the Parc des Princes"},{"@type":"BreadcrumbList","@id":"https:\/\/bladnanews.com\/paris-stuns-bayern-with-a-wild-display-at-the-parc-des-princes\/#breadcrumb","itemListElement":[{"@type":"ListItem","position":1,"name":"Home","item":"https:\/\/bladnanews.com\/"},{"@type":"ListItem","position":2,"name":"Paris stuns Bayern with a wild display at the Parc des Princes"}]},{"@type":"WebSite","@id":"https:\/\/mediumseagreen-eel-531711.hostingersite.com\/#website","url":"https:\/\/mediumseagreen-eel-531711.hostingersite.com\/","name":"Bladna News - Maroc","description":"Quand le football marocain rencontre le monde","publisher":{"@id":"https:\/\/mediumseagreen-eel-531711.hostingersite.com\/#organization"},"potentialAction":[{"@type":"SearchAction","target":{"@type":"EntryPoint","urlTemplate":"https:\/\/mediumseagreen-eel-531711.hostingersite.com\/?s={search_term_string}"},"query-input":{"@type":"PropertyValueSpecification","valueRequired":true,"valueName":"search_term_string"}}],"inLanguage":"fr-FR"},{"@type":"Organization","@id":"https:\/\/mediumseagreen-eel-531711.hostingersite.com\/#organization","name":"Bladna News.com","url":"https:\/\/mediumseagreen-eel-531711.hostingersite.com\/","logo":{"@type":"ImageObject","inLanguage":"fr-FR","@id":"https:\/\/mediumseagreen-eel-531711.hostingersite.com\/#\/schema\/logo\/image\/","url":"https:\/\/bladnanews.com\/wp-content\/uploads\/2025\/12\/logo-bladnanews-V2-web-black-red.png","contentUrl":"https:\/\/bladnanews.com\/wp-content\/uploads\/2025\/12\/logo-bladnanews-V2-web-black-red.png","width":703,"height":287,"caption":"Bladna News.com"},"image":{"@id":"https:\/\/mediumseagreen-eel-531711.hostingersite.com\/#\/schema\/logo\/image\/"},"email":"info@bladnanews.com","legalName":"Bladna News"},{"@type":"Person","@id":"https:\/\/mediumseagreen-eel-531711.hostingersite.com\/#\/schema\/person\/268e18a453ab080ebf76df6ef7845083","name":"\u00c9quipe r\u00e9dactionnelle de Bladna News","url":"https:\/\/bladnanews.com\/fr\/author\/bladna-news-staff\/"}]}},"_links":{"self":[{"href":"https:\/\/bladnanews.com\/fr\/wp-json\/wp\/v2\/posts\/11065","targetHints":{"allow":["GET"]}}],"collection":[{"href":"https:\/\/bladnanews.com\/fr\/wp-json\/wp\/v2\/posts"}],"about":[{"href":"https:\/\/bladnanews.com\/fr\/wp-json\/wp\/v2\/types\/post"}],"author":[{"embeddable":true,"href":"https:\/\/bladnanews.com\/fr\/wp-json\/wp\/v2\/users\/3"}],"replies":[{"embeddable":true,"href":"https:\/\/bladnanews.com\/fr\/wp-json\/wp\/v2\/comments?post=11065"}],"version-history":[{"count":0,"href":"https:\/\/bladnanews.com\/fr\/wp-json\/wp\/v2\/posts\/11065\/revisions"}],"wp:featuredmedia":[{"embeddable":true,"href":"https:\/\/bladnanews.com\/fr\/wp-json\/wp\/v2\/media\/11064"}],"wp:attachment":[{"href":"https:\/\/bladnanews.com\/fr\/wp-json\/wp\/v2\/media?parent=11065"}],"wp:term":[{"taxonomy":"category","embeddable":true,"href":"https:\/\/bladnanews.com\/fr\/wp-json\/wp\/v2\/categories?post=11065"},{"taxonomy":"post_tag","embeddable":true,"href":"https:\/\/bladnanews.com\/fr\/wp-json\/wp\/v2\/tags?post=11065"}],"curies":[{"name":"wp","href":"https:\/\/api.w.org\/{rel}","templated":true}]}}