{"id":11073,"date":"2026-04-29T06:30:14","date_gmt":"2026-04-29T06:30:14","guid":{"rendered":"https:\/\/bladnanews.com\/fifa-ends-doubts-over-2027-africa-cup-of-nations\/"},"modified":"2026-04-29T06:30:14","modified_gmt":"2026-04-29T06:30:14","slug":"la-fifa-dissipe-les-doutes-concernant-la-coupe-dafrique-des-nations-2027","status":"publish","type":"post","link":"https:\/\/bladnanews.com\/fr\/la-fifa-dissipe-les-doutes-concernant-la-coupe-dafrique-des-nations-2027\/","title":{"rendered":"La FIFA met fin aux doutes concernant la Coupe d'Afrique des Nations 2027"},"content":{"rendered":"<p>La FIFA a officiellement mis un terme \u00e0 toutes les sp\u00e9culations entourant la Coupe d'Afrique des Nations 2027, confirmant que le tournoi se d\u00e9roulera comme pr\u00e9vu. L'instance dirigeante mondiale a publi\u00e9 un communiqu\u00e9 qui dissipe toute incertitude quant au statut de la comp\u00e9tition, mettant ainsi fin aux rumeurs qui circulaient ces derni\u00e8res semaines.<\/p>\n<p>Cette annonce intervient apr\u00e8s des mois de doutes concernant l'organisation et le calendrier de l'\u00e9dition 2027. L'intervention de la FIFA a \u00e9t\u00e9 jug\u00e9e n\u00e9cessaire pour stabiliser la situation et apporter de la clart\u00e9 \u00e0 toutes les parties prenantes, y compris les nations participantes, les diffuseurs et les supporters.<\/p>\n<p>Selon le communiqu\u00e9, la Coupe d'Afrique des Nations 2027 se d\u00e9roulera dans sa fen\u00eatre initialement pr\u00e9vue. Aucun changement n'a \u00e9t\u00e9 apport\u00e9 ni aux dates ni au pays h\u00f4te, le tournoi devant avoir lieu en 2027, comme pr\u00e9c\u00e9demment confirm\u00e9 par la Conf\u00e9d\u00e9ration Africaine de Football (CAF).<\/p>\n<p>Cette d\u00e9cision a \u00e9t\u00e9 prise \u00e0 la suite de discussions de haut niveau entre les responsables de la FIFA et de la CAF. Les deux organisations ont soulign\u00e9 leur engagement \u00e0 assurer le bon d\u00e9roulement de la principale comp\u00e9tition de football en Afrique. Le communiqu\u00e9 a \u00e9galement mis en avant l'importance de pr\u00e9server l'int\u00e9grit\u00e9 du calendrier international des matchs.<\/p>\n<p>Cette confirmation met fin \u00e0 des semaines de sp\u00e9culations qui avaient jet\u00e9 une ombre sur le tournoi. Plusieurs rapports avaient sugg\u00e9r\u00e9 des retards potentiels, voire une annulation de l'\u00e9dition 2027, mais le message clair de la FIFA a d\u00e9sormais dissip\u00e9 tout doute. L'instance dirigeante a soulign\u00e9 que la Coupe d'Afrique des Nations reste une priorit\u00e9 et que toutes les mesures n\u00e9cessaires seront prises pour garantir son succ\u00e8s.<\/p>\n<p>L'incertitude \u00e9tant d\u00e9sormais lev\u00e9e, l'attention se tourne vers le processus de qualification et les pr\u00e9paratifs du pays h\u00f4te. Les \u00e9quipes du continent peuvent d\u00e9sormais planifier leur calendrier en toute confiance, sachant que la Coupe d'Afrique des Nations 2027 est solidement inscrite au calendrier footballistique.<\/p>","protected":false},"excerpt":{"rendered":"<p>FIFA has officially put an end to all speculation surrounding the 2027 Africa Cup of Nations, confirming the tournament will [&hellip;]<\/p>\n","protected":false},"author":3,"featured_media":11072,"comment_status":"","ping_status":"open","sticky":false,"template":"","format":"standard","meta":{"googlesitekit_rrm_CAow_uzEDA:productID":"","site-sidebar-layout":"default","site-content-layout":"","ast-site-content-layout":"default","site-content-style":"default","site-sidebar-style":"default","ast-global-header-display":"","ast-banner-title-visibility":"","ast-main-header-display":"","ast-hfb-above-header-display":"","ast-hfb-below-header-display":"","ast-hfb-mobile-header-display":"","site-post-title":"","ast-breadcrumbs-content":"","ast-featured-img":"","footer-sml-layout":"","ast-disable-related-posts":"","theme-transparent-header-meta":"","adv-header-id-meta":"","stick-header-meta":"","header-above-stick-meta":"","header-main-stick-meta":"","header-below-stick-meta":"","astra-migrate-meta-layouts":"default","ast-page-background-enabled":"default","ast-page-background-meta":{"desktop":{"background-color":"var(--ast-global-color-5)","background-image":"","background-repeat":"repeat","background-position":"center center","background-size":"auto","background-attachment":"scroll","background-type":"","background-media":"","overlay-type":"","overlay-color":"","overlay-opacity":"","overlay-gradient":""},"tablet":{"background-color":"","background-image":"","background-repeat":"repeat","background-position":"center center","background-size":"auto","background-attachment":"scroll","background-type":"","background-media":"","overlay-type":"","overlay-color":"","overlay-opacity":"","overlay-gradient":""},"mobile":{"background-color":"","background-image":"","background-repeat":"repeat","background-position":"center center","background-size":"auto","background-attachment":"scroll","background-type":"","background-media":"","overlay-type":"","overlay-color":"","overlay-opacity":"","overlay-gradient":""}},"ast-content-background-meta":{"desktop":{"background-color":"var(--ast-global-color-4)","background-image":"","background-repeat":"repeat","background-position":"center center","background-size":"auto","background-attachment":"scroll","background-type":"","background-media":"","overlay-type":"","overlay-color":"","overlay-opacity":"","overlay-gradient":""},"tablet":{"background-color":"var(--ast-global-color-4)","background-image":"","background-repeat":"repeat","background-position":"center center","background-size":"auto","background-attachment":"scroll","background-type":"","background-media":"","overlay-type":"","overlay-color":"","overlay-opacity":"","overlay-gradient":""},"mobile":{"background-color":"var(--ast-global-color-4)","background-image":"","background-repeat":"repeat","background-position":"center center","background-size":"auto","background-attachment":"scroll","background-type":"","background-media":"","overlay-type":"","overlay-color":"","overlay-opacity":"","overlay-gradient":""}},"footnotes":""},"categories":[20,1],"tags":[],"class_list":["post-11073","post","type-post","status-publish","format-standard","has-post-thumbnail","hentry","category-international","category-football-latest-news"],"yoast_head":"<!-- This site is optimized with the Yoast SEO Premium plugin v26.6 (Yoast SEO v27.5) - https:\/\/yoast.com\/product\/yoast-seo-premium-wordpress\/ -->\n<title>Fifa ends doubts over 2027 Africa Cup of Nations - Bladna News<\/title>\n<meta name=\"robots\" content=\"index, follow, max-snippet:-1, max-image-preview:large, max-video-preview:-1\" \/>\n<link rel=\"canonical\" href=\"https:\/\/bladnanews.com\/fr\/la-fifa-dissipe-les-doutes-concernant-la-coupe-dafrique-des-nations-2027\/\" \/>\n<meta property=\"og:locale\" content=\"fr_FR\" \/>\n<meta property=\"og:type\" content=\"article\" \/>\n<meta property=\"og:title\" content=\"Fifa ends doubts over 2027 Africa Cup of Nations\" \/>\n<meta property=\"og:description\" content=\"FIFA has officially put an end to all speculation surrounding the 2027 Africa Cup of Nations, confirming the tournament will [&hellip;]\" \/>\n<meta property=\"og:url\" content=\"https:\/\/bladnanews.com\/fr\/la-fifa-dissipe-les-doutes-concernant-la-coupe-dafrique-des-nations-2027\/\" \/>\n<meta property=\"og:site_name\" content=\"Bladna News\" \/>\n<meta property=\"article:published_time\" content=\"2026-04-29T06:30:14+00:00\" \/>\n<meta property=\"og:image\" content=\"https:\/\/bladnanews.com\/wp-content\/uploads\/2025\/12\/freepik__bladna-newscom-moroccan-soccer-homepage-banner-mor__41838.png\" \/>\n\t<meta property=\"og:image:width\" content=\"1312\" \/>\n\t<meta property=\"og:image:height\" content=\"736\" \/>\n\t<meta property=\"og:image:type\" content=\"image\/png\" \/>\n<meta name=\"author\" content=\"Bladna News Staff\" \/>\n<meta name=\"twitter:card\" content=\"summary_large_image\" \/>\n<meta name=\"twitter:label1\" content=\"\u00c9crit par\" \/>\n\t<meta name=\"twitter:data1\" content=\"Bladna News Staff\" \/>\n\t<meta name=\"twitter:label2\" content=\"Dur\u00e9e de lecture estim\u00e9e\" \/>\n\t<meta name=\"twitter:data2\" content=\"1 minute\" \/>\n<script type=\"application\/ld+json\" class=\"yoast-schema-graph\">{\"@context\":\"https:\\\/\\\/schema.org\",\"@graph\":[{\"@type\":\"Article\",\"@id\":\"https:\\\/\\\/bladnanews.com\\\/fifa-ends-doubts-over-2027-africa-cup-of-nations\\\/#article\",\"isPartOf\":{\"@id\":\"https:\\\/\\\/bladnanews.com\\\/fifa-ends-doubts-over-2027-africa-cup-of-nations\\\/\"},\"author\":{\"name\":\"Bladna News Staff\",\"@id\":\"https:\\\/\\\/mediumseagreen-eel-531711.hostingersite.com\\\/#\\\/schema\\\/person\\\/268e18a453ab080ebf76df6ef7845083\"},\"headline\":\"Fifa ends doubts over 2027 Africa Cup of Nations\",\"datePublished\":\"2026-04-29T06:30:14+00:00\",\"mainEntityOfPage\":{\"@id\":\"https:\\\/\\\/bladnanews.com\\\/fifa-ends-doubts-over-2027-africa-cup-of-nations\\\/\"},\"wordCount\":290,\"publisher\":{\"@id\":\"https:\\\/\\\/mediumseagreen-eel-531711.hostingersite.com\\\/#organization\"},\"image\":{\"@id\":\"https:\\\/\\\/bladnanews.com\\\/fifa-ends-doubts-over-2027-africa-cup-of-nations\\\/#primaryimage\"},\"thumbnailUrl\":\"https:\\\/\\\/bladnanews.com\\\/wp-content\\\/uploads\\\/2026\\\/04\\\/GettyImages-2246902731.jpg-scaled.jpg\",\"articleSection\":[\"International\",\"Latest News\"],\"inLanguage\":\"fr-FR\",\"copyrightYear\":\"2026\",\"copyrightHolder\":{\"@id\":\"https:\\\/\\\/bladnanews.com\\\/fr\\\/#organization\"}},{\"@type\":\"WebPage\",\"@id\":\"https:\\\/\\\/bladnanews.com\\\/fifa-ends-doubts-over-2027-africa-cup-of-nations\\\/\",\"url\":\"https:\\\/\\\/bladnanews.com\\\/fifa-ends-doubts-over-2027-africa-cup-of-nations\\\/\",\"name\":\"Fifa ends doubts over 2027 Africa Cup of Nations - Bladna News\",\"isPartOf\":{\"@id\":\"https:\\\/\\\/mediumseagreen-eel-531711.hostingersite.com\\\/#website\"},\"primaryImageOfPage\":{\"@id\":\"https:\\\/\\\/bladnanews.com\\\/fifa-ends-doubts-over-2027-africa-cup-of-nations\\\/#primaryimage\"},\"image\":{\"@id\":\"https:\\\/\\\/bladnanews.com\\\/fifa-ends-doubts-over-2027-africa-cup-of-nations\\\/#primaryimage\"},\"thumbnailUrl\":\"https:\\\/\\\/bladnanews.com\\\/wp-content\\\/uploads\\\/2026\\\/04\\\/GettyImages-2246902731.jpg-scaled.jpg\",\"datePublished\":\"2026-04-29T06:30:14+00:00\",\"breadcrumb\":{\"@id\":\"https:\\\/\\\/bladnanews.com\\\/fifa-ends-doubts-over-2027-africa-cup-of-nations\\\/#breadcrumb\"},\"inLanguage\":\"fr-FR\",\"potentialAction\":[{\"@type\":\"ReadAction\",\"target\":[\"https:\\\/\\\/bladnanews.com\\\/fifa-ends-doubts-over-2027-africa-cup-of-nations\\\/\"]}]},{\"@type\":\"ImageObject\",\"inLanguage\":\"fr-FR\",\"@id\":\"https:\\\/\\\/bladnanews.com\\\/fifa-ends-doubts-over-2027-africa-cup-of-nations\\\/#primaryimage\",\"url\":\"https:\\\/\\\/bladnanews.com\\\/wp-content\\\/uploads\\\/2026\\\/04\\\/GettyImages-2246902731.jpg-scaled.jpg\",\"contentUrl\":\"https:\\\/\\\/bladnanews.com\\\/wp-content\\\/uploads\\\/2026\\\/04\\\/GettyImages-2246902731.jpg-scaled.jpg\",\"width\":2560,\"height\":1440,\"caption\":\"Fifa ends doubts over 2027 Africa Cup of Nations\"},{\"@type\":\"BreadcrumbList\",\"@id\":\"https:\\\/\\\/bladnanews.com\\\/fifa-ends-doubts-over-2027-africa-cup-of-nations\\\/#breadcrumb\",\"itemListElement\":[{\"@type\":\"ListItem\",\"position\":1,\"name\":\"Home\",\"item\":\"https:\\\/\\\/bladnanews.com\\\/\"},{\"@type\":\"ListItem\",\"position\":2,\"name\":\"Fifa ends doubts over 2027 Africa Cup of Nations\"}]},{\"@type\":\"WebSite\",\"@id\":\"https:\\\/\\\/mediumseagreen-eel-531711.hostingersite.com\\\/#website\",\"url\":\"https:\\\/\\\/mediumseagreen-eel-531711.hostingersite.com\\\/\",\"name\":\"Bladna News - Morocco\",\"description\":\"Where Moroccan Football Meets the World\",\"publisher\":{\"@id\":\"https:\\\/\\\/mediumseagreen-eel-531711.hostingersite.com\\\/#organization\"},\"potentialAction\":[{\"@type\":\"SearchAction\",\"target\":{\"@type\":\"EntryPoint\",\"urlTemplate\":\"https:\\\/\\\/mediumseagreen-eel-531711.hostingersite.com\\\/?s={search_term_string}\"},\"query-input\":{\"@type\":\"PropertyValueSpecification\",\"valueRequired\":true,\"valueName\":\"search_term_string\"}}],\"inLanguage\":\"fr-FR\"},{\"@type\":\"Organization\",\"@id\":\"https:\\\/\\\/mediumseagreen-eel-531711.hostingersite.com\\\/#organization\",\"name\":\"Bladna News.com\",\"url\":\"https:\\\/\\\/mediumseagreen-eel-531711.hostingersite.com\\\/\",\"logo\":{\"@type\":\"ImageObject\",\"inLanguage\":\"fr-FR\",\"@id\":\"https:\\\/\\\/mediumseagreen-eel-531711.hostingersite.com\\\/#\\\/schema\\\/logo\\\/image\\\/\",\"url\":\"https:\\\/\\\/bladnanews.com\\\/wp-content\\\/uploads\\\/2025\\\/12\\\/logo-bladnanews-V2-web-black-red.png\",\"contentUrl\":\"https:\\\/\\\/bladnanews.com\\\/wp-content\\\/uploads\\\/2025\\\/12\\\/logo-bladnanews-V2-web-black-red.png\",\"width\":703,\"height\":287,\"caption\":\"Bladna News.com\"},\"image\":{\"@id\":\"https:\\\/\\\/mediumseagreen-eel-531711.hostingersite.com\\\/#\\\/schema\\\/logo\\\/image\\\/\"},\"email\":\"info@bladnanews.com\",\"legalName\":\"Bladna News\"},{\"@type\":\"Person\",\"@id\":\"https:\\\/\\\/mediumseagreen-eel-531711.hostingersite.com\\\/#\\\/schema\\\/person\\\/268e18a453ab080ebf76df6ef7845083\",\"name\":\"Bladna News Staff\",\"url\":\"https:\\\/\\\/bladnanews.com\\\/fr\\\/author\\\/bladna-news-staff\\\/\"}]}<\/script>\n<!-- \/ Yoast SEO Premium plugin. -->","yoast_head_json":{"title":"La FIFA met fin aux doutes concernant la Coupe d'Afrique des Nations 2027 - Bladna News","robots":{"index":"index","follow":"follow","max-snippet":"max-snippet:-1","max-image-preview":"max-image-preview:large","max-video-preview":"max-video-preview:-1"},"canonical":"https:\/\/bladnanews.com\/fr\/la-fifa-dissipe-les-doutes-concernant-la-coupe-dafrique-des-nations-2027\/","og_locale":"fr_FR","og_type":"article","og_title":"Fifa ends doubts over 2027 Africa Cup of Nations","og_description":"FIFA has officially put an end to all speculation surrounding the 2027 Africa Cup of Nations, confirming the tournament will [&hellip;]","og_url":"https:\/\/bladnanews.com\/fr\/la-fifa-dissipe-les-doutes-concernant-la-coupe-dafrique-des-nations-2027\/","og_site_name":"Bladna News","article_published_time":"2026-04-29T06:30:14+00:00","og_image":[{"width":1312,"height":736,"url":"https:\/\/bladnanews.com\/wp-content\/uploads\/2025\/12\/freepik__bladna-newscom-moroccan-soccer-homepage-banner-mor__41838.png","type":"image\/png"}],"author":"Bladna News Staff","twitter_card":"summary_large_image","twitter_misc":{"\u00c9crit par":"Bladna News Staff","Dur\u00e9e de lecture estim\u00e9e":"1 minute"},"schema":{"@context":"https:\/\/schema.org","@graph":[{"@type":"Article","@id":"https:\/\/bladnanews.com\/fifa-ends-doubts-over-2027-africa-cup-of-nations\/#article","isPartOf":{"@id":"https:\/\/bladnanews.com\/fifa-ends-doubts-over-2027-africa-cup-of-nations\/"},"author":{"name":"Bladna News Staff","@id":"https:\/\/mediumseagreen-eel-531711.hostingersite.com\/#\/schema\/person\/268e18a453ab080ebf76df6ef7845083"},"headline":"Fifa ends doubts over 2027 Africa Cup of Nations","datePublished":"2026-04-29T06:30:14+00:00","mainEntityOfPage":{"@id":"https:\/\/bladnanews.com\/fifa-ends-doubts-over-2027-africa-cup-of-nations\/"},"wordCount":290,"publisher":{"@id":"https:\/\/mediumseagreen-eel-531711.hostingersite.com\/#organization"},"image":{"@id":"https:\/\/bladnanews.com\/fifa-ends-doubts-over-2027-africa-cup-of-nations\/#primaryimage"},"thumbnailUrl":"https:\/\/bladnanews.com\/wp-content\/uploads\/2026\/04\/GettyImages-2246902731.jpg-scaled.jpg","articleSection":["International","Latest News"],"inLanguage":"fr-FR","copyrightYear":"2026","copyrightHolder":{"@id":"https:\/\/bladnanews.com\/fr\/#organization"}},{"@type":"WebPage","@id":"https:\/\/bladnanews.com\/fifa-ends-doubts-over-2027-africa-cup-of-nations\/","url":"https:\/\/bladnanews.com\/fifa-ends-doubts-over-2027-africa-cup-of-nations\/","name":"La FIFA met fin aux doutes concernant la Coupe d'Afrique des Nations 2027 - Bladna News","isPartOf":{"@id":"https:\/\/mediumseagreen-eel-531711.hostingersite.com\/#website"},"primaryImageOfPage":{"@id":"https:\/\/bladnanews.com\/fifa-ends-doubts-over-2027-africa-cup-of-nations\/#primaryimage"},"image":{"@id":"https:\/\/bladnanews.com\/fifa-ends-doubts-over-2027-africa-cup-of-nations\/#primaryimage"},"thumbnailUrl":"https:\/\/bladnanews.com\/wp-content\/uploads\/2026\/04\/GettyImages-2246902731.jpg-scaled.jpg","datePublished":"2026-04-29T06:30:14+00:00","breadcrumb":{"@id":"https:\/\/bladnanews.com\/fifa-ends-doubts-over-2027-africa-cup-of-nations\/#breadcrumb"},"inLanguage":"fr-FR","potentialAction":[{"@type":"ReadAction","target":["https:\/\/bladnanews.com\/fifa-ends-doubts-over-2027-africa-cup-of-nations\/"]}]},{"@type":"ImageObject","inLanguage":"fr-FR","@id":"https:\/\/bladnanews.com\/fifa-ends-doubts-over-2027-africa-cup-of-nations\/#primaryimage","url":"https:\/\/bladnanews.com\/wp-content\/uploads\/2026\/04\/GettyImages-2246902731.jpg-scaled.jpg","contentUrl":"https:\/\/bladnanews.com\/wp-content\/uploads\/2026\/04\/GettyImages-2246902731.jpg-scaled.jpg","width":2560,"height":1440,"caption":"Fifa ends doubts over 2027 Africa Cup of Nations"},{"@type":"BreadcrumbList","@id":"https:\/\/bladnanews.com\/fifa-ends-doubts-over-2027-africa-cup-of-nations\/#breadcrumb","itemListElement":[{"@type":"ListItem","position":1,"name":"Home","item":"https:\/\/bladnanews.com\/"},{"@type":"ListItem","position":2,"name":"Fifa ends doubts over 2027 Africa Cup of Nations"}]},{"@type":"WebSite","@id":"https:\/\/mediumseagreen-eel-531711.hostingersite.com\/#website","url":"https:\/\/mediumseagreen-eel-531711.hostingersite.com\/","name":"Bladna News - Maroc","description":"Quand le football marocain rencontre le monde","publisher":{"@id":"https:\/\/mediumseagreen-eel-531711.hostingersite.com\/#organization"},"potentialAction":[{"@type":"SearchAction","target":{"@type":"EntryPoint","urlTemplate":"https:\/\/mediumseagreen-eel-531711.hostingersite.com\/?s={search_term_string}"},"query-input":{"@type":"PropertyValueSpecification","valueRequired":true,"valueName":"search_term_string"}}],"inLanguage":"fr-FR"},{"@type":"Organization","@id":"https:\/\/mediumseagreen-eel-531711.hostingersite.com\/#organization","name":"Bladna News.com","url":"https:\/\/mediumseagreen-eel-531711.hostingersite.com\/","logo":{"@type":"ImageObject","inLanguage":"fr-FR","@id":"https:\/\/mediumseagreen-eel-531711.hostingersite.com\/#\/schema\/logo\/image\/","url":"https:\/\/bladnanews.com\/wp-content\/uploads\/2025\/12\/logo-bladnanews-V2-web-black-red.png","contentUrl":"https:\/\/bladnanews.com\/wp-content\/uploads\/2025\/12\/logo-bladnanews-V2-web-black-red.png","width":703,"height":287,"caption":"Bladna News.com"},"image":{"@id":"https:\/\/mediumseagreen-eel-531711.hostingersite.com\/#\/schema\/logo\/image\/"},"email":"info@bladnanews.com","legalName":"Bladna News"},{"@type":"Person","@id":"https:\/\/mediumseagreen-eel-531711.hostingersite.com\/#\/schema\/person\/268e18a453ab080ebf76df6ef7845083","name":"\u00c9quipe r\u00e9dactionnelle de Bladna News","url":"https:\/\/bladnanews.com\/fr\/author\/bladna-news-staff\/"}]}},"_links":{"self":[{"href":"https:\/\/bladnanews.com\/fr\/wp-json\/wp\/v2\/posts\/11073","targetHints":{"allow":["GET"]}}],"collection":[{"href":"https:\/\/bladnanews.com\/fr\/wp-json\/wp\/v2\/posts"}],"about":[{"href":"https:\/\/bladnanews.com\/fr\/wp-json\/wp\/v2\/types\/post"}],"author":[{"embeddable":true,"href":"https:\/\/bladnanews.com\/fr\/wp-json\/wp\/v2\/users\/3"}],"replies":[{"embeddable":true,"href":"https:\/\/bladnanews.com\/fr\/wp-json\/wp\/v2\/comments?post=11073"}],"version-history":[{"count":0,"href":"https:\/\/bladnanews.com\/fr\/wp-json\/wp\/v2\/posts\/11073\/revisions"}],"wp:featuredmedia":[{"embeddable":true,"href":"https:\/\/bladnanews.com\/fr\/wp-json\/wp\/v2\/media\/11072"}],"wp:attachment":[{"href":"https:\/\/bladnanews.com\/fr\/wp-json\/wp\/v2\/media?parent=11073"}],"wp:term":[{"taxonomy":"category","embeddable":true,"href":"https:\/\/bladnanews.com\/fr\/wp-json\/wp\/v2\/categories?post=11073"},{"taxonomy":"post_tag","embeddable":true,"href":"https:\/\/bladnanews.com\/fr\/wp-json\/wp\/v2\/tags?post=11073"}],"curies":[{"name":"wp","href":"https:\/\/api.w.org\/{rel}","templated":true}]}}