{"id":11075,"date":"2026-04-29T06:45:49","date_gmt":"2026-04-29T06:45:49","guid":{"rendered":"https:\/\/bladnanews.com\/hakimi-played-full-bayern-match-injured-fears-over-decisive-clash\/"},"modified":"2026-04-29T06:45:49","modified_gmt":"2026-04-29T06:45:49","slug":"hakimi-a-dispute-lintegralite-du-match-contre-le-bayern-malgre-une-blessure-suscitant-des-inquietudes-avant-un-choc-decisif","status":"publish","type":"post","link":"https:\/\/bladnanews.com\/fr\/hakimi-a-dispute-lintegralite-du-match-contre-le-bayern-malgre-une-blessure-suscitant-des-inquietudes-avant-un-choc-decisif\/","title":{"rendered":"Hakimi a disput\u00e9 l'int\u00e9gralit\u00e9 du match contre le Bayern bless\u00e9, inqui\u00e9tudes pour le choc d\u00e9cisif"},"content":{"rendered":"<p>Hakimi a disput\u00e9 l'int\u00e9gralit\u00e9 du match contre le Bayern bless\u00e9, inqui\u00e9tudes pour le choc d\u00e9cisif<\/p>\n<p>Achraf Hakimi a disput\u00e9 l\u2019int\u00e9gralit\u00e9 des 90 minutes contre le Bayern Munich en jouant avec une blessure, ce qui suscite de s\u00e9rieuses inqui\u00e9tudes quant \u00e0 sa disponibilit\u00e9 pour le prochain match d\u00e9cisif.<\/p>\n<p>L\u2019international marocain, figure cl\u00e9 du Paris Saint-Germain, a jou\u00e9 malgr\u00e9 la douleur lors du choc de la Ligue des champions. Le staff m\u00e9dical a depuis \u00e9valu\u00e9 son \u00e9tat, et les premiers signes ne sont pas encourageants.<\/p>\n<p>Des sources proches du club ont confirm\u00e9 que Hakimi a ressenti une g\u00eane d\u00e8s le d\u00e9but de la seconde p\u00e9riode, mais a insist\u00e9 pour rester sur le terrain. Il a termin\u00e9 le match, mais les examens effectu\u00e9s apr\u00e8s le coup de sifflet final ont r\u00e9v\u00e9l\u00e9 un probl\u00e8me musculaire.<\/p>\n<p>Il existe d\u00e9sormais une r\u00e9elle crainte au sein du club qu\u2019il puisse manquer le rendez-vous crucial. L\u2019\u00e9quipe m\u00e9dicale du club suit de pr\u00e8s sa r\u00e9cup\u00e9ration, mais le calendrier est serr\u00e9.<\/p>\n<p>Le PSG s\u2019appr\u00eate \u00e0 affronter un match d\u00e9cisif qui pourrait d\u00e9finir sa saison. Perdre Hakimi pour cette rencontre serait un coup dur, compte tenu de son influence dans les phases d\u00e9fensive et offensive.<\/p>\n<p>Aucune d\u00e9cision officielle n\u2019a encore \u00e9t\u00e9 prise concernant sa participation. Le staff technique attend des \u00e9valuations suppl\u00e9mentaires avant de statuer sur sa pr\u00e9sence ou son absence.<\/p>\n<p>La d\u00e9termination de Hakimi \u00e0 jouer malgr\u00e9 la douleur a \u00e9t\u00e9 not\u00e9e, mais le risque d\u2019aggravation de la blessure reste une pr\u00e9occupation s\u00e9rieuse. La d\u00e9cision finale d\u00e9pendra de sa r\u00e9ponse au traitement dans les jours \u00e0 venir.<\/p>","protected":false},"excerpt":{"rendered":"<p>Hakimi played full Bayern match injured, fears over decisive clash Achraf Hakimi completed the full 90 minutes against Bayern Munich [&hellip;]<\/p>\n","protected":false},"author":3,"featured_media":11074,"comment_status":"","ping_status":"open","sticky":false,"template":"","format":"standard","meta":{"googlesitekit_rrm_CAow_uzEDA:productID":"","site-sidebar-layout":"default","site-content-layout":"","ast-site-content-layout":"default","site-content-style":"default","site-sidebar-style":"default","ast-global-header-display":"","ast-banner-title-visibility":"","ast-main-header-display":"","ast-hfb-above-header-display":"","ast-hfb-below-header-display":"","ast-hfb-mobile-header-display":"","site-post-title":"","ast-breadcrumbs-content":"","ast-featured-img":"","footer-sml-layout":"","ast-disable-related-posts":"","theme-transparent-header-meta":"","adv-header-id-meta":"","stick-header-meta":"","header-above-stick-meta":"","header-main-stick-meta":"","header-below-stick-meta":"","astra-migrate-meta-layouts":"default","ast-page-background-enabled":"default","ast-page-background-meta":{"desktop":{"background-color":"var(--ast-global-color-5)","background-image":"","background-repeat":"repeat","background-position":"center center","background-size":"auto","background-attachment":"scroll","background-type":"","background-media":"","overlay-type":"","overlay-color":"","overlay-opacity":"","overlay-gradient":""},"tablet":{"background-color":"","background-image":"","background-repeat":"repeat","background-position":"center center","background-size":"auto","background-attachment":"scroll","background-type":"","background-media":"","overlay-type":"","overlay-color":"","overlay-opacity":"","overlay-gradient":""},"mobile":{"background-color":"","background-image":"","background-repeat":"repeat","background-position":"center center","background-size":"auto","background-attachment":"scroll","background-type":"","background-media":"","overlay-type":"","overlay-color":"","overlay-opacity":"","overlay-gradient":""}},"ast-content-background-meta":{"desktop":{"background-color":"var(--ast-global-color-4)","background-image":"","background-repeat":"repeat","background-position":"center center","background-size":"auto","background-attachment":"scroll","background-type":"","background-media":"","overlay-type":"","overlay-color":"","overlay-opacity":"","overlay-gradient":""},"tablet":{"background-color":"var(--ast-global-color-4)","background-image":"","background-repeat":"repeat","background-position":"center center","background-size":"auto","background-attachment":"scroll","background-type":"","background-media":"","overlay-type":"","overlay-color":"","overlay-opacity":"","overlay-gradient":""},"mobile":{"background-color":"var(--ast-global-color-4)","background-image":"","background-repeat":"repeat","background-position":"center center","background-size":"auto","background-attachment":"scroll","background-type":"","background-media":"","overlay-type":"","overlay-color":"","overlay-opacity":"","overlay-gradient":""}},"footnotes":""},"categories":[20,1],"tags":[],"class_list":["post-11075","post","type-post","status-publish","format-standard","has-post-thumbnail","hentry","category-international","category-football-latest-news"],"yoast_head":"<!-- This site is optimized with the Yoast SEO Premium plugin v26.6 (Yoast SEO v27.5) - https:\/\/yoast.com\/product\/yoast-seo-premium-wordpress\/ -->\n<title>Hakimi played full Bayern match injured, fears over decisive clash - Bladna News<\/title>\n<meta name=\"robots\" content=\"index, follow, max-snippet:-1, max-image-preview:large, max-video-preview:-1\" \/>\n<link rel=\"canonical\" href=\"https:\/\/bladnanews.com\/fr\/hakimi-a-dispute-lintegralite-du-match-contre-le-bayern-malgre-une-blessure-suscitant-des-inquietudes-avant-un-choc-decisif\/\" \/>\n<meta property=\"og:locale\" content=\"fr_FR\" \/>\n<meta property=\"og:type\" content=\"article\" \/>\n<meta property=\"og:title\" content=\"Hakimi played full Bayern match injured, fears over decisive clash\" \/>\n<meta property=\"og:description\" content=\"Hakimi played full Bayern match injured, fears over decisive clash Achraf Hakimi completed the full 90 minutes against Bayern Munich [&hellip;]\" \/>\n<meta property=\"og:url\" content=\"https:\/\/bladnanews.com\/fr\/hakimi-a-dispute-lintegralite-du-match-contre-le-bayern-malgre-une-blessure-suscitant-des-inquietudes-avant-un-choc-decisif\/\" \/>\n<meta property=\"og:site_name\" content=\"Bladna News\" \/>\n<meta property=\"article:published_time\" content=\"2026-04-29T06:45:49+00:00\" \/>\n<meta property=\"og:image\" content=\"https:\/\/bladnanews.com\/wp-content\/uploads\/2025\/12\/freepik__bladna-newscom-moroccan-soccer-homepage-banner-mor__41838.png\" \/>\n\t<meta property=\"og:image:width\" content=\"1312\" \/>\n\t<meta property=\"og:image:height\" content=\"736\" \/>\n\t<meta property=\"og:image:type\" content=\"image\/png\" \/>\n<meta name=\"author\" content=\"Bladna News Staff\" \/>\n<meta name=\"twitter:card\" content=\"summary_large_image\" \/>\n<meta name=\"twitter:label1\" content=\"\u00c9crit par\" \/>\n\t<meta name=\"twitter:data1\" content=\"Bladna News Staff\" \/>\n\t<meta name=\"twitter:label2\" content=\"Dur\u00e9e de lecture estim\u00e9e\" \/>\n\t<meta name=\"twitter:data2\" content=\"1 minute\" \/>\n<script type=\"application\/ld+json\" class=\"yoast-schema-graph\">{\"@context\":\"https:\\\/\\\/schema.org\",\"@graph\":[{\"@type\":\"Article\",\"@id\":\"https:\\\/\\\/bladnanews.com\\\/hakimi-played-full-bayern-match-injured-fears-over-decisive-clash\\\/#article\",\"isPartOf\":{\"@id\":\"https:\\\/\\\/bladnanews.com\\\/hakimi-played-full-bayern-match-injured-fears-over-decisive-clash\\\/\"},\"author\":{\"name\":\"Bladna News Staff\",\"@id\":\"https:\\\/\\\/mediumseagreen-eel-531711.hostingersite.com\\\/#\\\/schema\\\/person\\\/268e18a453ab080ebf76df6ef7845083\"},\"headline\":\"Hakimi played full Bayern match injured, fears over decisive clash\",\"datePublished\":\"2026-04-29T06:45:49+00:00\",\"mainEntityOfPage\":{\"@id\":\"https:\\\/\\\/bladnanews.com\\\/hakimi-played-full-bayern-match-injured-fears-over-decisive-clash\\\/\"},\"wordCount\":236,\"publisher\":{\"@id\":\"https:\\\/\\\/mediumseagreen-eel-531711.hostingersite.com\\\/#organization\"},\"image\":{\"@id\":\"https:\\\/\\\/bladnanews.com\\\/hakimi-played-full-bayern-match-injured-fears-over-decisive-clash\\\/#primaryimage\"},\"thumbnailUrl\":\"https:\\\/\\\/bladnanews.com\\\/wp-content\\\/uploads\\\/2026\\\/04\\\/GettyImages-2273051137.jpg-scaled.jpg\",\"articleSection\":[\"International\",\"Latest News\"],\"inLanguage\":\"fr-FR\",\"copyrightYear\":\"2026\",\"copyrightHolder\":{\"@id\":\"https:\\\/\\\/bladnanews.com\\\/fr\\\/#organization\"}},{\"@type\":\"WebPage\",\"@id\":\"https:\\\/\\\/bladnanews.com\\\/hakimi-played-full-bayern-match-injured-fears-over-decisive-clash\\\/\",\"url\":\"https:\\\/\\\/bladnanews.com\\\/hakimi-played-full-bayern-match-injured-fears-over-decisive-clash\\\/\",\"name\":\"Hakimi played full Bayern match injured, fears over decisive clash - Bladna News\",\"isPartOf\":{\"@id\":\"https:\\\/\\\/mediumseagreen-eel-531711.hostingersite.com\\\/#website\"},\"primaryImageOfPage\":{\"@id\":\"https:\\\/\\\/bladnanews.com\\\/hakimi-played-full-bayern-match-injured-fears-over-decisive-clash\\\/#primaryimage\"},\"image\":{\"@id\":\"https:\\\/\\\/bladnanews.com\\\/hakimi-played-full-bayern-match-injured-fears-over-decisive-clash\\\/#primaryimage\"},\"thumbnailUrl\":\"https:\\\/\\\/bladnanews.com\\\/wp-content\\\/uploads\\\/2026\\\/04\\\/GettyImages-2273051137.jpg-scaled.jpg\",\"datePublished\":\"2026-04-29T06:45:49+00:00\",\"breadcrumb\":{\"@id\":\"https:\\\/\\\/bladnanews.com\\\/hakimi-played-full-bayern-match-injured-fears-over-decisive-clash\\\/#breadcrumb\"},\"inLanguage\":\"fr-FR\",\"potentialAction\":[{\"@type\":\"ReadAction\",\"target\":[\"https:\\\/\\\/bladnanews.com\\\/hakimi-played-full-bayern-match-injured-fears-over-decisive-clash\\\/\"]}]},{\"@type\":\"ImageObject\",\"inLanguage\":\"fr-FR\",\"@id\":\"https:\\\/\\\/bladnanews.com\\\/hakimi-played-full-bayern-match-injured-fears-over-decisive-clash\\\/#primaryimage\",\"url\":\"https:\\\/\\\/bladnanews.com\\\/wp-content\\\/uploads\\\/2026\\\/04\\\/GettyImages-2273051137.jpg-scaled.jpg\",\"contentUrl\":\"https:\\\/\\\/bladnanews.com\\\/wp-content\\\/uploads\\\/2026\\\/04\\\/GettyImages-2273051137.jpg-scaled.jpg\",\"width\":2560,\"height\":1440,\"caption\":\"Hakimi played full Bayern match injured, fears over decisive clash\"},{\"@type\":\"BreadcrumbList\",\"@id\":\"https:\\\/\\\/bladnanews.com\\\/hakimi-played-full-bayern-match-injured-fears-over-decisive-clash\\\/#breadcrumb\",\"itemListElement\":[{\"@type\":\"ListItem\",\"position\":1,\"name\":\"Home\",\"item\":\"https:\\\/\\\/bladnanews.com\\\/\"},{\"@type\":\"ListItem\",\"position\":2,\"name\":\"Hakimi played full Bayern match injured, fears over decisive clash\"}]},{\"@type\":\"WebSite\",\"@id\":\"https:\\\/\\\/mediumseagreen-eel-531711.hostingersite.com\\\/#website\",\"url\":\"https:\\\/\\\/mediumseagreen-eel-531711.hostingersite.com\\\/\",\"name\":\"Bladna News - Morocco\",\"description\":\"Where Moroccan Football Meets the World\",\"publisher\":{\"@id\":\"https:\\\/\\\/mediumseagreen-eel-531711.hostingersite.com\\\/#organization\"},\"potentialAction\":[{\"@type\":\"SearchAction\",\"target\":{\"@type\":\"EntryPoint\",\"urlTemplate\":\"https:\\\/\\\/mediumseagreen-eel-531711.hostingersite.com\\\/?s={search_term_string}\"},\"query-input\":{\"@type\":\"PropertyValueSpecification\",\"valueRequired\":true,\"valueName\":\"search_term_string\"}}],\"inLanguage\":\"fr-FR\"},{\"@type\":\"Organization\",\"@id\":\"https:\\\/\\\/mediumseagreen-eel-531711.hostingersite.com\\\/#organization\",\"name\":\"Bladna News.com\",\"url\":\"https:\\\/\\\/mediumseagreen-eel-531711.hostingersite.com\\\/\",\"logo\":{\"@type\":\"ImageObject\",\"inLanguage\":\"fr-FR\",\"@id\":\"https:\\\/\\\/mediumseagreen-eel-531711.hostingersite.com\\\/#\\\/schema\\\/logo\\\/image\\\/\",\"url\":\"https:\\\/\\\/bladnanews.com\\\/wp-content\\\/uploads\\\/2025\\\/12\\\/logo-bladnanews-V2-web-black-red.png\",\"contentUrl\":\"https:\\\/\\\/bladnanews.com\\\/wp-content\\\/uploads\\\/2025\\\/12\\\/logo-bladnanews-V2-web-black-red.png\",\"width\":703,\"height\":287,\"caption\":\"Bladna News.com\"},\"image\":{\"@id\":\"https:\\\/\\\/mediumseagreen-eel-531711.hostingersite.com\\\/#\\\/schema\\\/logo\\\/image\\\/\"},\"email\":\"info@bladnanews.com\",\"legalName\":\"Bladna News\"},{\"@type\":\"Person\",\"@id\":\"https:\\\/\\\/mediumseagreen-eel-531711.hostingersite.com\\\/#\\\/schema\\\/person\\\/268e18a453ab080ebf76df6ef7845083\",\"name\":\"Bladna News Staff\",\"url\":\"https:\\\/\\\/bladnanews.com\\\/fr\\\/author\\\/bladna-news-staff\\\/\"}]}<\/script>\n<!-- \/ Yoast SEO Premium plugin. -->","yoast_head_json":{"title":"Hakimi a jou\u00e9 l'int\u00e9gralit\u00e9 du match contre le Bayern malgr\u00e9 une blessure, inqui\u00e9tudes pour le choc d\u00e9cisif - Bladna News","robots":{"index":"index","follow":"follow","max-snippet":"max-snippet:-1","max-image-preview":"max-image-preview:large","max-video-preview":"max-video-preview:-1"},"canonical":"https:\/\/bladnanews.com\/fr\/hakimi-a-dispute-lintegralite-du-match-contre-le-bayern-malgre-une-blessure-suscitant-des-inquietudes-avant-un-choc-decisif\/","og_locale":"fr_FR","og_type":"article","og_title":"Hakimi played full Bayern match injured, fears over decisive clash","og_description":"Hakimi played full Bayern match injured, fears over decisive clash Achraf Hakimi completed the full 90 minutes against Bayern Munich [&hellip;]","og_url":"https:\/\/bladnanews.com\/fr\/hakimi-a-dispute-lintegralite-du-match-contre-le-bayern-malgre-une-blessure-suscitant-des-inquietudes-avant-un-choc-decisif\/","og_site_name":"Bladna News","article_published_time":"2026-04-29T06:45:49+00:00","og_image":[{"width":1312,"height":736,"url":"https:\/\/bladnanews.com\/wp-content\/uploads\/2025\/12\/freepik__bladna-newscom-moroccan-soccer-homepage-banner-mor__41838.png","type":"image\/png"}],"author":"Bladna News Staff","twitter_card":"summary_large_image","twitter_misc":{"\u00c9crit par":"Bladna News Staff","Dur\u00e9e de lecture estim\u00e9e":"1 minute"},"schema":{"@context":"https:\/\/schema.org","@graph":[{"@type":"Article","@id":"https:\/\/bladnanews.com\/hakimi-played-full-bayern-match-injured-fears-over-decisive-clash\/#article","isPartOf":{"@id":"https:\/\/bladnanews.com\/hakimi-played-full-bayern-match-injured-fears-over-decisive-clash\/"},"author":{"name":"Bladna News Staff","@id":"https:\/\/mediumseagreen-eel-531711.hostingersite.com\/#\/schema\/person\/268e18a453ab080ebf76df6ef7845083"},"headline":"Hakimi played full Bayern match injured, fears over decisive clash","datePublished":"2026-04-29T06:45:49+00:00","mainEntityOfPage":{"@id":"https:\/\/bladnanews.com\/hakimi-played-full-bayern-match-injured-fears-over-decisive-clash\/"},"wordCount":236,"publisher":{"@id":"https:\/\/mediumseagreen-eel-531711.hostingersite.com\/#organization"},"image":{"@id":"https:\/\/bladnanews.com\/hakimi-played-full-bayern-match-injured-fears-over-decisive-clash\/#primaryimage"},"thumbnailUrl":"https:\/\/bladnanews.com\/wp-content\/uploads\/2026\/04\/GettyImages-2273051137.jpg-scaled.jpg","articleSection":["International","Latest News"],"inLanguage":"fr-FR","copyrightYear":"2026","copyrightHolder":{"@id":"https:\/\/bladnanews.com\/fr\/#organization"}},{"@type":"WebPage","@id":"https:\/\/bladnanews.com\/hakimi-played-full-bayern-match-injured-fears-over-decisive-clash\/","url":"https:\/\/bladnanews.com\/hakimi-played-full-bayern-match-injured-fears-over-decisive-clash\/","name":"Hakimi a jou\u00e9 l'int\u00e9gralit\u00e9 du match contre le Bayern malgr\u00e9 une blessure, inqui\u00e9tudes pour le choc d\u00e9cisif - Bladna News","isPartOf":{"@id":"https:\/\/mediumseagreen-eel-531711.hostingersite.com\/#website"},"primaryImageOfPage":{"@id":"https:\/\/bladnanews.com\/hakimi-played-full-bayern-match-injured-fears-over-decisive-clash\/#primaryimage"},"image":{"@id":"https:\/\/bladnanews.com\/hakimi-played-full-bayern-match-injured-fears-over-decisive-clash\/#primaryimage"},"thumbnailUrl":"https:\/\/bladnanews.com\/wp-content\/uploads\/2026\/04\/GettyImages-2273051137.jpg-scaled.jpg","datePublished":"2026-04-29T06:45:49+00:00","breadcrumb":{"@id":"https:\/\/bladnanews.com\/hakimi-played-full-bayern-match-injured-fears-over-decisive-clash\/#breadcrumb"},"inLanguage":"fr-FR","potentialAction":[{"@type":"ReadAction","target":["https:\/\/bladnanews.com\/hakimi-played-full-bayern-match-injured-fears-over-decisive-clash\/"]}]},{"@type":"ImageObject","inLanguage":"fr-FR","@id":"https:\/\/bladnanews.com\/hakimi-played-full-bayern-match-injured-fears-over-decisive-clash\/#primaryimage","url":"https:\/\/bladnanews.com\/wp-content\/uploads\/2026\/04\/GettyImages-2273051137.jpg-scaled.jpg","contentUrl":"https:\/\/bladnanews.com\/wp-content\/uploads\/2026\/04\/GettyImages-2273051137.jpg-scaled.jpg","width":2560,"height":1440,"caption":"Hakimi played full Bayern match injured, fears over decisive clash"},{"@type":"BreadcrumbList","@id":"https:\/\/bladnanews.com\/hakimi-played-full-bayern-match-injured-fears-over-decisive-clash\/#breadcrumb","itemListElement":[{"@type":"ListItem","position":1,"name":"Home","item":"https:\/\/bladnanews.com\/"},{"@type":"ListItem","position":2,"name":"Hakimi played full Bayern match injured, fears over decisive clash"}]},{"@type":"WebSite","@id":"https:\/\/mediumseagreen-eel-531711.hostingersite.com\/#website","url":"https:\/\/mediumseagreen-eel-531711.hostingersite.com\/","name":"Bladna News - Maroc","description":"Quand le football marocain rencontre le monde","publisher":{"@id":"https:\/\/mediumseagreen-eel-531711.hostingersite.com\/#organization"},"potentialAction":[{"@type":"SearchAction","target":{"@type":"EntryPoint","urlTemplate":"https:\/\/mediumseagreen-eel-531711.hostingersite.com\/?s={search_term_string}"},"query-input":{"@type":"PropertyValueSpecification","valueRequired":true,"valueName":"search_term_string"}}],"inLanguage":"fr-FR"},{"@type":"Organization","@id":"https:\/\/mediumseagreen-eel-531711.hostingersite.com\/#organization","name":"Bladna News.com","url":"https:\/\/mediumseagreen-eel-531711.hostingersite.com\/","logo":{"@type":"ImageObject","inLanguage":"fr-FR","@id":"https:\/\/mediumseagreen-eel-531711.hostingersite.com\/#\/schema\/logo\/image\/","url":"https:\/\/bladnanews.com\/wp-content\/uploads\/2025\/12\/logo-bladnanews-V2-web-black-red.png","contentUrl":"https:\/\/bladnanews.com\/wp-content\/uploads\/2025\/12\/logo-bladnanews-V2-web-black-red.png","width":703,"height":287,"caption":"Bladna News.com"},"image":{"@id":"https:\/\/mediumseagreen-eel-531711.hostingersite.com\/#\/schema\/logo\/image\/"},"email":"info@bladnanews.com","legalName":"Bladna News"},{"@type":"Person","@id":"https:\/\/mediumseagreen-eel-531711.hostingersite.com\/#\/schema\/person\/268e18a453ab080ebf76df6ef7845083","name":"\u00c9quipe r\u00e9dactionnelle de Bladna News","url":"https:\/\/bladnanews.com\/fr\/author\/bladna-news-staff\/"}]}},"_links":{"self":[{"href":"https:\/\/bladnanews.com\/fr\/wp-json\/wp\/v2\/posts\/11075","targetHints":{"allow":["GET"]}}],"collection":[{"href":"https:\/\/bladnanews.com\/fr\/wp-json\/wp\/v2\/posts"}],"about":[{"href":"https:\/\/bladnanews.com\/fr\/wp-json\/wp\/v2\/types\/post"}],"author":[{"embeddable":true,"href":"https:\/\/bladnanews.com\/fr\/wp-json\/wp\/v2\/users\/3"}],"replies":[{"embeddable":true,"href":"https:\/\/bladnanews.com\/fr\/wp-json\/wp\/v2\/comments?post=11075"}],"version-history":[{"count":0,"href":"https:\/\/bladnanews.com\/fr\/wp-json\/wp\/v2\/posts\/11075\/revisions"}],"wp:featuredmedia":[{"embeddable":true,"href":"https:\/\/bladnanews.com\/fr\/wp-json\/wp\/v2\/media\/11074"}],"wp:attachment":[{"href":"https:\/\/bladnanews.com\/fr\/wp-json\/wp\/v2\/media?parent=11075"}],"wp:term":[{"taxonomy":"category","embeddable":true,"href":"https:\/\/bladnanews.com\/fr\/wp-json\/wp\/v2\/categories?post=11075"},{"taxonomy":"post_tag","embeddable":true,"href":"https:\/\/bladnanews.com\/fr\/wp-json\/wp\/v2\/tags?post=11075"}],"curies":[{"name":"wp","href":"https:\/\/api.w.org\/{rel}","templated":true}]}}