{"id":11079,"date":"2026-04-29T07:08:18","date_gmt":"2026-04-29T07:08:18","guid":{"rendered":"https:\/\/bladnanews.com\/kompany-and-enrique-share-awkward-moment-after-tense-match\/"},"modified":"2026-04-29T07:08:18","modified_gmt":"2026-04-29T07:08:18","slug":"kompany-et-enrique-partagent-un-moment-genant-apres-un-match-tendu","status":"publish","type":"post","link":"https:\/\/bladnanews.com\/fr\/kompany-et-enrique-partagent-un-moment-genant-apres-un-match-tendu\/","title":{"rendered":"Kompany et Enrique partagent un moment g\u00eanant apr\u00e8s un match tendu"},"content":{"rendered":"<p>Vincent Kompany et Luis Enrique ont partag\u00e9 un moment \u00e9trange apr\u00e8s le coup de sifflet final au Parc des Princes, l\u2019entra\u00eeneur du Bayern Munich admettant ne pas avoir \u00e9t\u00e9 satisfait de ce qui s\u2019est pass\u00e9.<\/p>\n<p>Les deux entra\u00eeneurs se sont rencontr\u00e9s sur la pelouse \u00e0 l\u2019issue d\u2019un choc tendu de Ligue des champions, le mardi 26 novembre 2025. Le match s\u2019est sold\u00e9 par une victoire 1-0 du Paris Saint-Germain, un r\u00e9sultat qui met le Bayern sous pression en phase de groupes.<\/p>\n<p>Alors que les cam\u00e9ras tournaient, Kompany s\u2019est dirig\u00e9 vers Enrique et lui a apparemment adress\u00e9 quelques mots directement. L\u2019entra\u00eeneur du PSG a r\u00e9pondu par un haussement d\u2019\u00e9paules et une br\u00e8ve poign\u00e9e de main avant de se d\u00e9tourner. L\u2019\u00e9change n\u2019a dur\u00e9 que quelques secondes, mais il a attir\u00e9 l\u2019attention des supporters comme des observateurs.<\/p>\n<p>S\u2019exprimant apr\u00e8s le match, Kompany n\u2019a pas cach\u00e9 sa frustration. \u201c Je n\u2019ai pas aim\u00e9 ce qui s\u2019est pass\u00e9 \u201d, a-t-il d\u00e9clar\u00e9. \u201c Il y a eu un moment en seconde p\u00e9riode o\u00f9 j\u2019ai senti que quelque chose n\u2019allait pas. Je le lui ai dit. Cela fait partie du football. Nous passons \u00e0 autre chose. \u201d<\/p>\n<p>Enrique, de son c\u00f4t\u00e9, a minimis\u00e9 l\u2019incident. \u201c J\u2019ai du respect pour Vincent. C\u2019est un jeune entra\u00eeneur avec un grand avenir. Le match \u00e9tait intense. Ces choses arrivent sur le terrain. Il n\u2019y a aucun probl\u00e8me entre nous \u201d, a d\u00e9clar\u00e9 l\u2019entra\u00eeneur espagnol.<\/p>\n<p>Le match lui-m\u00eame a \u00e9t\u00e9 d\u00e9cid\u00e9 par un seul but. Ousmane Demb\u00e9l\u00e9 a trouv\u00e9 le filet \u00e0 la 68e minute apr\u00e8s une contre-attaque rapide. Le Bayern a pouss\u00e9 pour \u00e9galiser mais n\u2019a pas r\u00e9ussi \u00e0 percer une d\u00e9fense disciplin\u00e9e du PSG.<\/p>\n<p>L\u2019\u00e9quipe de Kompany occupe d\u00e9sormais la troisi\u00e8me place de son groupe avec sept points en cinq matchs. Le PSG est mont\u00e9 \u00e0 dix points et \u00e0 la premi\u00e8re place. La derni\u00e8re journ\u00e9e de la phase de groupes est fix\u00e9e au 11 d\u00e9cembre 2025, le Bayern ayant besoin d\u2019une victoire pour garantir sa qualification.<\/p>\n<p>La br\u00e8ve confrontation entre les deux bancs a ajout\u00e9 du piment \u00e0 ce qui \u00e9tait d\u00e9j\u00e0 une soir\u00e9e europ\u00e9enne \u00e0 enjeux \u00e9lev\u00e9s \u00e0 Paris.<\/p>","protected":false},"excerpt":{"rendered":"<p>Vincent Kompany and Luis Enrique shared a strange moment after the final whistle at the Parc des Princes, with the [&hellip;]<\/p>\n","protected":false},"author":3,"featured_media":11078,"comment_status":"","ping_status":"open","sticky":false,"template":"","format":"standard","meta":{"googlesitekit_rrm_CAow_uzEDA:productID":"","site-sidebar-layout":"default","site-content-layout":"","ast-site-content-layout":"default","site-content-style":"default","site-sidebar-style":"default","ast-global-header-display":"","ast-banner-title-visibility":"","ast-main-header-display":"","ast-hfb-above-header-display":"","ast-hfb-below-header-display":"","ast-hfb-mobile-header-display":"","site-post-title":"","ast-breadcrumbs-content":"","ast-featured-img":"","footer-sml-layout":"","ast-disable-related-posts":"","theme-transparent-header-meta":"","adv-header-id-meta":"","stick-header-meta":"","header-above-stick-meta":"","header-main-stick-meta":"","header-below-stick-meta":"","astra-migrate-meta-layouts":"default","ast-page-background-enabled":"default","ast-page-background-meta":{"desktop":{"background-color":"var(--ast-global-color-5)","background-image":"","background-repeat":"repeat","background-position":"center center","background-size":"auto","background-attachment":"scroll","background-type":"","background-media":"","overlay-type":"","overlay-color":"","overlay-opacity":"","overlay-gradient":""},"tablet":{"background-color":"","background-image":"","background-repeat":"repeat","background-position":"center center","background-size":"auto","background-attachment":"scroll","background-type":"","background-media":"","overlay-type":"","overlay-color":"","overlay-opacity":"","overlay-gradient":""},"mobile":{"background-color":"","background-image":"","background-repeat":"repeat","background-position":"center center","background-size":"auto","background-attachment":"scroll","background-type":"","background-media":"","overlay-type":"","overlay-color":"","overlay-opacity":"","overlay-gradient":""}},"ast-content-background-meta":{"desktop":{"background-color":"var(--ast-global-color-4)","background-image":"","background-repeat":"repeat","background-position":"center center","background-size":"auto","background-attachment":"scroll","background-type":"","background-media":"","overlay-type":"","overlay-color":"","overlay-opacity":"","overlay-gradient":""},"tablet":{"background-color":"var(--ast-global-color-4)","background-image":"","background-repeat":"repeat","background-position":"center center","background-size":"auto","background-attachment":"scroll","background-type":"","background-media":"","overlay-type":"","overlay-color":"","overlay-opacity":"","overlay-gradient":""},"mobile":{"background-color":"var(--ast-global-color-4)","background-image":"","background-repeat":"repeat","background-position":"center center","background-size":"auto","background-attachment":"scroll","background-type":"","background-media":"","overlay-type":"","overlay-color":"","overlay-opacity":"","overlay-gradient":""}},"footnotes":""},"categories":[20,1],"tags":[],"class_list":["post-11079","post","type-post","status-publish","format-standard","has-post-thumbnail","hentry","category-international","category-football-latest-news"],"yoast_head":"<!-- This site is optimized with the Yoast SEO Premium plugin v26.6 (Yoast SEO v27.5) - https:\/\/yoast.com\/product\/yoast-seo-premium-wordpress\/ -->\n<title>Kompany and Enrique share awkward moment after tense match - Bladna News<\/title>\n<meta name=\"robots\" content=\"index, follow, max-snippet:-1, max-image-preview:large, max-video-preview:-1\" \/>\n<link rel=\"canonical\" href=\"https:\/\/bladnanews.com\/fr\/kompany-et-enrique-partagent-un-moment-genant-apres-un-match-tendu\/\" \/>\n<meta property=\"og:locale\" content=\"fr_FR\" \/>\n<meta property=\"og:type\" content=\"article\" \/>\n<meta property=\"og:title\" content=\"Kompany and Enrique share awkward moment after tense match\" \/>\n<meta property=\"og:description\" content=\"Vincent Kompany and Luis Enrique shared a strange moment after the final whistle at the Parc des Princes, with the [&hellip;]\" \/>\n<meta property=\"og:url\" content=\"https:\/\/bladnanews.com\/fr\/kompany-et-enrique-partagent-un-moment-genant-apres-un-match-tendu\/\" \/>\n<meta property=\"og:site_name\" content=\"Bladna News\" \/>\n<meta property=\"article:published_time\" content=\"2026-04-29T07:08:18+00:00\" \/>\n<meta property=\"og:image\" content=\"https:\/\/bladnanews.com\/wp-content\/uploads\/2025\/12\/freepik__bladna-newscom-moroccan-soccer-homepage-banner-mor__41838.png\" \/>\n\t<meta property=\"og:image:width\" content=\"1312\" \/>\n\t<meta property=\"og:image:height\" content=\"736\" \/>\n\t<meta property=\"og:image:type\" content=\"image\/png\" \/>\n<meta name=\"author\" content=\"Bladna News Staff\" \/>\n<meta name=\"twitter:card\" content=\"summary_large_image\" \/>\n<meta name=\"twitter:label1\" content=\"\u00c9crit par\" \/>\n\t<meta name=\"twitter:data1\" content=\"Bladna News Staff\" \/>\n\t<meta name=\"twitter:label2\" content=\"Dur\u00e9e de lecture estim\u00e9e\" \/>\n\t<meta name=\"twitter:data2\" content=\"1 minute\" \/>\n<script type=\"application\/ld+json\" class=\"yoast-schema-graph\">{\"@context\":\"https:\\\/\\\/schema.org\",\"@graph\":[{\"@type\":\"Article\",\"@id\":\"https:\\\/\\\/bladnanews.com\\\/kompany-and-enrique-share-awkward-moment-after-tense-match\\\/#article\",\"isPartOf\":{\"@id\":\"https:\\\/\\\/bladnanews.com\\\/kompany-and-enrique-share-awkward-moment-after-tense-match\\\/\"},\"author\":{\"name\":\"Bladna News Staff\",\"@id\":\"https:\\\/\\\/mediumseagreen-eel-531711.hostingersite.com\\\/#\\\/schema\\\/person\\\/268e18a453ab080ebf76df6ef7845083\"},\"headline\":\"Kompany and Enrique share awkward moment after tense match\",\"datePublished\":\"2026-04-29T07:08:18+00:00\",\"mainEntityOfPage\":{\"@id\":\"https:\\\/\\\/bladnanews.com\\\/kompany-and-enrique-share-awkward-moment-after-tense-match\\\/\"},\"wordCount\":305,\"publisher\":{\"@id\":\"https:\\\/\\\/mediumseagreen-eel-531711.hostingersite.com\\\/#organization\"},\"image\":{\"@id\":\"https:\\\/\\\/bladnanews.com\\\/kompany-and-enrique-share-awkward-moment-after-tense-match\\\/#primaryimage\"},\"thumbnailUrl\":\"https:\\\/\\\/bladnanews.com\\\/wp-content\\\/uploads\\\/2026\\\/04\\\/GettyImages-2245050120.jpg-scaled.jpg\",\"articleSection\":[\"International\",\"Latest News\"],\"inLanguage\":\"fr-FR\",\"copyrightYear\":\"2026\",\"copyrightHolder\":{\"@id\":\"https:\\\/\\\/bladnanews.com\\\/fr\\\/#organization\"}},{\"@type\":\"WebPage\",\"@id\":\"https:\\\/\\\/bladnanews.com\\\/kompany-and-enrique-share-awkward-moment-after-tense-match\\\/\",\"url\":\"https:\\\/\\\/bladnanews.com\\\/kompany-and-enrique-share-awkward-moment-after-tense-match\\\/\",\"name\":\"Kompany and Enrique share awkward moment after tense match - Bladna News\",\"isPartOf\":{\"@id\":\"https:\\\/\\\/mediumseagreen-eel-531711.hostingersite.com\\\/#website\"},\"primaryImageOfPage\":{\"@id\":\"https:\\\/\\\/bladnanews.com\\\/kompany-and-enrique-share-awkward-moment-after-tense-match\\\/#primaryimage\"},\"image\":{\"@id\":\"https:\\\/\\\/bladnanews.com\\\/kompany-and-enrique-share-awkward-moment-after-tense-match\\\/#primaryimage\"},\"thumbnailUrl\":\"https:\\\/\\\/bladnanews.com\\\/wp-content\\\/uploads\\\/2026\\\/04\\\/GettyImages-2245050120.jpg-scaled.jpg\",\"datePublished\":\"2026-04-29T07:08:18+00:00\",\"breadcrumb\":{\"@id\":\"https:\\\/\\\/bladnanews.com\\\/kompany-and-enrique-share-awkward-moment-after-tense-match\\\/#breadcrumb\"},\"inLanguage\":\"fr-FR\",\"potentialAction\":[{\"@type\":\"ReadAction\",\"target\":[\"https:\\\/\\\/bladnanews.com\\\/kompany-and-enrique-share-awkward-moment-after-tense-match\\\/\"]}]},{\"@type\":\"ImageObject\",\"inLanguage\":\"fr-FR\",\"@id\":\"https:\\\/\\\/bladnanews.com\\\/kompany-and-enrique-share-awkward-moment-after-tense-match\\\/#primaryimage\",\"url\":\"https:\\\/\\\/bladnanews.com\\\/wp-content\\\/uploads\\\/2026\\\/04\\\/GettyImages-2245050120.jpg-scaled.jpg\",\"contentUrl\":\"https:\\\/\\\/bladnanews.com\\\/wp-content\\\/uploads\\\/2026\\\/04\\\/GettyImages-2245050120.jpg-scaled.jpg\",\"width\":2560,\"height\":1440,\"caption\":\"Kompany and Enrique share awkward moment after tense match\"},{\"@type\":\"BreadcrumbList\",\"@id\":\"https:\\\/\\\/bladnanews.com\\\/kompany-and-enrique-share-awkward-moment-after-tense-match\\\/#breadcrumb\",\"itemListElement\":[{\"@type\":\"ListItem\",\"position\":1,\"name\":\"Home\",\"item\":\"https:\\\/\\\/bladnanews.com\\\/\"},{\"@type\":\"ListItem\",\"position\":2,\"name\":\"Kompany and Enrique share awkward moment after tense match\"}]},{\"@type\":\"WebSite\",\"@id\":\"https:\\\/\\\/mediumseagreen-eel-531711.hostingersite.com\\\/#website\",\"url\":\"https:\\\/\\\/mediumseagreen-eel-531711.hostingersite.com\\\/\",\"name\":\"Bladna News - Morocco\",\"description\":\"Where Moroccan Football Meets the World\",\"publisher\":{\"@id\":\"https:\\\/\\\/mediumseagreen-eel-531711.hostingersite.com\\\/#organization\"},\"potentialAction\":[{\"@type\":\"SearchAction\",\"target\":{\"@type\":\"EntryPoint\",\"urlTemplate\":\"https:\\\/\\\/mediumseagreen-eel-531711.hostingersite.com\\\/?s={search_term_string}\"},\"query-input\":{\"@type\":\"PropertyValueSpecification\",\"valueRequired\":true,\"valueName\":\"search_term_string\"}}],\"inLanguage\":\"fr-FR\"},{\"@type\":\"Organization\",\"@id\":\"https:\\\/\\\/mediumseagreen-eel-531711.hostingersite.com\\\/#organization\",\"name\":\"Bladna News.com\",\"url\":\"https:\\\/\\\/mediumseagreen-eel-531711.hostingersite.com\\\/\",\"logo\":{\"@type\":\"ImageObject\",\"inLanguage\":\"fr-FR\",\"@id\":\"https:\\\/\\\/mediumseagreen-eel-531711.hostingersite.com\\\/#\\\/schema\\\/logo\\\/image\\\/\",\"url\":\"https:\\\/\\\/bladnanews.com\\\/wp-content\\\/uploads\\\/2025\\\/12\\\/logo-bladnanews-V2-web-black-red.png\",\"contentUrl\":\"https:\\\/\\\/bladnanews.com\\\/wp-content\\\/uploads\\\/2025\\\/12\\\/logo-bladnanews-V2-web-black-red.png\",\"width\":703,\"height\":287,\"caption\":\"Bladna News.com\"},\"image\":{\"@id\":\"https:\\\/\\\/mediumseagreen-eel-531711.hostingersite.com\\\/#\\\/schema\\\/logo\\\/image\\\/\"},\"email\":\"info@bladnanews.com\",\"legalName\":\"Bladna News\"},{\"@type\":\"Person\",\"@id\":\"https:\\\/\\\/mediumseagreen-eel-531711.hostingersite.com\\\/#\\\/schema\\\/person\\\/268e18a453ab080ebf76df6ef7845083\",\"name\":\"Bladna News Staff\",\"url\":\"https:\\\/\\\/bladnanews.com\\\/fr\\\/author\\\/bladna-news-staff\\\/\"}]}<\/script>\n<!-- \/ Yoast SEO Premium plugin. -->","yoast_head_json":{"title":"Kompany et Enrique partagent un moment g\u00eanant apr\u00e8s un match tendu - Bladna News","robots":{"index":"index","follow":"follow","max-snippet":"max-snippet:-1","max-image-preview":"max-image-preview:large","max-video-preview":"max-video-preview:-1"},"canonical":"https:\/\/bladnanews.com\/fr\/kompany-et-enrique-partagent-un-moment-genant-apres-un-match-tendu\/","og_locale":"fr_FR","og_type":"article","og_title":"Kompany and Enrique share awkward moment after tense match","og_description":"Vincent Kompany and Luis Enrique shared a strange moment after the final whistle at the Parc des Princes, with the [&hellip;]","og_url":"https:\/\/bladnanews.com\/fr\/kompany-et-enrique-partagent-un-moment-genant-apres-un-match-tendu\/","og_site_name":"Bladna News","article_published_time":"2026-04-29T07:08:18+00:00","og_image":[{"width":1312,"height":736,"url":"https:\/\/bladnanews.com\/wp-content\/uploads\/2025\/12\/freepik__bladna-newscom-moroccan-soccer-homepage-banner-mor__41838.png","type":"image\/png"}],"author":"Bladna News Staff","twitter_card":"summary_large_image","twitter_misc":{"\u00c9crit par":"Bladna News Staff","Dur\u00e9e de lecture estim\u00e9e":"1 minute"},"schema":{"@context":"https:\/\/schema.org","@graph":[{"@type":"Article","@id":"https:\/\/bladnanews.com\/kompany-and-enrique-share-awkward-moment-after-tense-match\/#article","isPartOf":{"@id":"https:\/\/bladnanews.com\/kompany-and-enrique-share-awkward-moment-after-tense-match\/"},"author":{"name":"Bladna News Staff","@id":"https:\/\/mediumseagreen-eel-531711.hostingersite.com\/#\/schema\/person\/268e18a453ab080ebf76df6ef7845083"},"headline":"Kompany and Enrique share awkward moment after tense match","datePublished":"2026-04-29T07:08:18+00:00","mainEntityOfPage":{"@id":"https:\/\/bladnanews.com\/kompany-and-enrique-share-awkward-moment-after-tense-match\/"},"wordCount":305,"publisher":{"@id":"https:\/\/mediumseagreen-eel-531711.hostingersite.com\/#organization"},"image":{"@id":"https:\/\/bladnanews.com\/kompany-and-enrique-share-awkward-moment-after-tense-match\/#primaryimage"},"thumbnailUrl":"https:\/\/bladnanews.com\/wp-content\/uploads\/2026\/04\/GettyImages-2245050120.jpg-scaled.jpg","articleSection":["International","Latest News"],"inLanguage":"fr-FR","copyrightYear":"2026","copyrightHolder":{"@id":"https:\/\/bladnanews.com\/fr\/#organization"}},{"@type":"WebPage","@id":"https:\/\/bladnanews.com\/kompany-and-enrique-share-awkward-moment-after-tense-match\/","url":"https:\/\/bladnanews.com\/kompany-and-enrique-share-awkward-moment-after-tense-match\/","name":"Kompany et Enrique partagent un moment g\u00eanant apr\u00e8s un match tendu - Bladna News","isPartOf":{"@id":"https:\/\/mediumseagreen-eel-531711.hostingersite.com\/#website"},"primaryImageOfPage":{"@id":"https:\/\/bladnanews.com\/kompany-and-enrique-share-awkward-moment-after-tense-match\/#primaryimage"},"image":{"@id":"https:\/\/bladnanews.com\/kompany-and-enrique-share-awkward-moment-after-tense-match\/#primaryimage"},"thumbnailUrl":"https:\/\/bladnanews.com\/wp-content\/uploads\/2026\/04\/GettyImages-2245050120.jpg-scaled.jpg","datePublished":"2026-04-29T07:08:18+00:00","breadcrumb":{"@id":"https:\/\/bladnanews.com\/kompany-and-enrique-share-awkward-moment-after-tense-match\/#breadcrumb"},"inLanguage":"fr-FR","potentialAction":[{"@type":"ReadAction","target":["https:\/\/bladnanews.com\/kompany-and-enrique-share-awkward-moment-after-tense-match\/"]}]},{"@type":"ImageObject","inLanguage":"fr-FR","@id":"https:\/\/bladnanews.com\/kompany-and-enrique-share-awkward-moment-after-tense-match\/#primaryimage","url":"https:\/\/bladnanews.com\/wp-content\/uploads\/2026\/04\/GettyImages-2245050120.jpg-scaled.jpg","contentUrl":"https:\/\/bladnanews.com\/wp-content\/uploads\/2026\/04\/GettyImages-2245050120.jpg-scaled.jpg","width":2560,"height":1440,"caption":"Kompany and Enrique share awkward moment after tense match"},{"@type":"BreadcrumbList","@id":"https:\/\/bladnanews.com\/kompany-and-enrique-share-awkward-moment-after-tense-match\/#breadcrumb","itemListElement":[{"@type":"ListItem","position":1,"name":"Home","item":"https:\/\/bladnanews.com\/"},{"@type":"ListItem","position":2,"name":"Kompany and Enrique share awkward moment after tense match"}]},{"@type":"WebSite","@id":"https:\/\/mediumseagreen-eel-531711.hostingersite.com\/#website","url":"https:\/\/mediumseagreen-eel-531711.hostingersite.com\/","name":"Bladna News - Maroc","description":"Quand le football marocain rencontre le monde","publisher":{"@id":"https:\/\/mediumseagreen-eel-531711.hostingersite.com\/#organization"},"potentialAction":[{"@type":"SearchAction","target":{"@type":"EntryPoint","urlTemplate":"https:\/\/mediumseagreen-eel-531711.hostingersite.com\/?s={search_term_string}"},"query-input":{"@type":"PropertyValueSpecification","valueRequired":true,"valueName":"search_term_string"}}],"inLanguage":"fr-FR"},{"@type":"Organization","@id":"https:\/\/mediumseagreen-eel-531711.hostingersite.com\/#organization","name":"Bladna News.com","url":"https:\/\/mediumseagreen-eel-531711.hostingersite.com\/","logo":{"@type":"ImageObject","inLanguage":"fr-FR","@id":"https:\/\/mediumseagreen-eel-531711.hostingersite.com\/#\/schema\/logo\/image\/","url":"https:\/\/bladnanews.com\/wp-content\/uploads\/2025\/12\/logo-bladnanews-V2-web-black-red.png","contentUrl":"https:\/\/bladnanews.com\/wp-content\/uploads\/2025\/12\/logo-bladnanews-V2-web-black-red.png","width":703,"height":287,"caption":"Bladna News.com"},"image":{"@id":"https:\/\/mediumseagreen-eel-531711.hostingersite.com\/#\/schema\/logo\/image\/"},"email":"info@bladnanews.com","legalName":"Bladna News"},{"@type":"Person","@id":"https:\/\/mediumseagreen-eel-531711.hostingersite.com\/#\/schema\/person\/268e18a453ab080ebf76df6ef7845083","name":"\u00c9quipe r\u00e9dactionnelle de Bladna News","url":"https:\/\/bladnanews.com\/fr\/author\/bladna-news-staff\/"}]}},"_links":{"self":[{"href":"https:\/\/bladnanews.com\/fr\/wp-json\/wp\/v2\/posts\/11079","targetHints":{"allow":["GET"]}}],"collection":[{"href":"https:\/\/bladnanews.com\/fr\/wp-json\/wp\/v2\/posts"}],"about":[{"href":"https:\/\/bladnanews.com\/fr\/wp-json\/wp\/v2\/types\/post"}],"author":[{"embeddable":true,"href":"https:\/\/bladnanews.com\/fr\/wp-json\/wp\/v2\/users\/3"}],"replies":[{"embeddable":true,"href":"https:\/\/bladnanews.com\/fr\/wp-json\/wp\/v2\/comments?post=11079"}],"version-history":[{"count":0,"href":"https:\/\/bladnanews.com\/fr\/wp-json\/wp\/v2\/posts\/11079\/revisions"}],"wp:featuredmedia":[{"embeddable":true,"href":"https:\/\/bladnanews.com\/fr\/wp-json\/wp\/v2\/media\/11078"}],"wp:attachment":[{"href":"https:\/\/bladnanews.com\/fr\/wp-json\/wp\/v2\/media?parent=11079"}],"wp:term":[{"taxonomy":"category","embeddable":true,"href":"https:\/\/bladnanews.com\/fr\/wp-json\/wp\/v2\/categories?post=11079"},{"taxonomy":"post_tag","embeddable":true,"href":"https:\/\/bladnanews.com\/fr\/wp-json\/wp\/v2\/tags?post=11079"}],"curies":[{"name":"wp","href":"https:\/\/api.w.org\/{rel}","templated":true}]}}