{"id":11081,"date":"2026-04-29T14:36:02","date_gmt":"2026-04-29T14:36:02","guid":{"rendered":"https:\/\/bladnanews.com\/psg-gets-bad-news-on-hakimi-but-good-news-on-mendes-and-kvaratskhelia\/"},"modified":"2026-04-29T14:36:02","modified_gmt":"2026-04-29T14:36:02","slug":"le-psg-recoit-une-mauvaise-nouvelle-concernant-hakimi-mais-une-bonne-nouvelle-pour-mendes-et-kvaratskhelia","status":"publish","type":"post","link":"https:\/\/bladnanews.com\/fr\/le-psg-recoit-une-mauvaise-nouvelle-concernant-hakimi-mais-une-bonne-nouvelle-pour-mendes-et-kvaratskhelia\/","title":{"rendered":"Le PSG re\u00e7oit une mauvaise nouvelle concernant Hakimi, mais une bonne nouvelle pour Mendes et Kvaratskhelia."},"content":{"rendered":"<p>Le Paris Saint-Germain a re\u00e7u des nouvelles contrast\u00e9es sur le plan des blessures, avec une mise \u00e0 jour n\u00e9gative concernant Achraf Hakimi, mais des \u00e9volutions positives pour Nuno Mendes et Khvicha Kvaratskhelia.<\/p>\n<p>Le club a confirm\u00e9 qu'Hakimi va devoir observer une p\u00e9riode d'indisponibilit\u00e9 apr\u00e8s avoir souffert d'un probl\u00e8me musculaire. L'international marocain a subi des examens m\u00e9dicaux qui ont r\u00e9v\u00e9l\u00e9 l'\u00e9tendue du probl\u00e8me, le rendant indisponible pour les prochains matchs. Aucune date de retour pr\u00e9cise n'a \u00e9t\u00e9 communiqu\u00e9e, mais des sources indiquent qu'il manquera plusieurs rencontres.<\/p>\n<p>En revanche, les nouvelles sont bien plus encourageantes pour Nuno Mendes. Le lat\u00e9ral gauche portugais s'est compl\u00e8tement remis de son r\u00e9cent contretemps et a repris l'entra\u00eenement collectif. Mendes est d\u00e9sormais disponible pour une s\u00e9lection et pourrait figurer lors du prochain match, offrant ainsi un atout majeur \u00e0 l'entra\u00eeneur Luis Enrique sur le flanc gauche.<\/p>\n<p>Une nouvelle encourageante concerne \u00e9galement Khvicha Kvaratskhelia. L'ailier g\u00e9orgien, qui a rejoint le PSG lors du mercato de janvier 2026, s'int\u00e8gre bien dans l'effectif. Des sources au sein du club confirment qu'il s'adapte rapidement au syst\u00e8me de jeu de l'\u00e9quipe et qu'il devrait postuler \u00e0 un r\u00f4le de titulaire plus t\u00f4t que pr\u00e9vu initialement.<\/p>\n<p>Cette mise \u00e0 jour sur Kvaratskhelia soulage les supporters du PSG, qui \u00e9taient impatients de voir l'ancienne star du Napoli faire ses preuves. Sa cr\u00e9ativit\u00e9 et sa capacit\u00e9 de dribble sont consid\u00e9r\u00e9es comme des atouts cl\u00e9s pour la seconde moiti\u00e9 de la saison 2025-2026.<\/p>\n<p>Avec l'absence d'Hakimi, le poste de lat\u00e9ral droit devient une source d'inqui\u00e9tude. Cependant, les retours de Mendes et l'adaptation rapide de Kvaratskhelia offrent \u00e0 l'effectif de la profondeur et de la qualit\u00e9 dans d'autres secteurs. Le PSG devra d\u00e9sormais g\u00e9rer son effectif avec prudence alors qu'il fait face \u00e0 un calendrier charg\u00e9.<\/p>","protected":false},"excerpt":{"rendered":"<p>Paris Saint-Germain has received mixed news on the injury front, with a negative update on Achraf Hakimi but positive developments [&hellip;]<\/p>\n","protected":false},"author":3,"featured_media":11080,"comment_status":"","ping_status":"open","sticky":false,"template":"","format":"standard","meta":{"googlesitekit_rrm_CAow_uzEDA:productID":"","site-sidebar-layout":"default","site-content-layout":"","ast-site-content-layout":"default","site-content-style":"default","site-sidebar-style":"default","ast-global-header-display":"","ast-banner-title-visibility":"","ast-main-header-display":"","ast-hfb-above-header-display":"","ast-hfb-below-header-display":"","ast-hfb-mobile-header-display":"","site-post-title":"","ast-breadcrumbs-content":"","ast-featured-img":"","footer-sml-layout":"","ast-disable-related-posts":"","theme-transparent-header-meta":"","adv-header-id-meta":"","stick-header-meta":"","header-above-stick-meta":"","header-main-stick-meta":"","header-below-stick-meta":"","astra-migrate-meta-layouts":"default","ast-page-background-enabled":"default","ast-page-background-meta":{"desktop":{"background-color":"var(--ast-global-color-5)","background-image":"","background-repeat":"repeat","background-position":"center center","background-size":"auto","background-attachment":"scroll","background-type":"","background-media":"","overlay-type":"","overlay-color":"","overlay-opacity":"","overlay-gradient":""},"tablet":{"background-color":"","background-image":"","background-repeat":"repeat","background-position":"center center","background-size":"auto","background-attachment":"scroll","background-type":"","background-media":"","overlay-type":"","overlay-color":"","overlay-opacity":"","overlay-gradient":""},"mobile":{"background-color":"","background-image":"","background-repeat":"repeat","background-position":"center center","background-size":"auto","background-attachment":"scroll","background-type":"","background-media":"","overlay-type":"","overlay-color":"","overlay-opacity":"","overlay-gradient":""}},"ast-content-background-meta":{"desktop":{"background-color":"var(--ast-global-color-4)","background-image":"","background-repeat":"repeat","background-position":"center center","background-size":"auto","background-attachment":"scroll","background-type":"","background-media":"","overlay-type":"","overlay-color":"","overlay-opacity":"","overlay-gradient":""},"tablet":{"background-color":"var(--ast-global-color-4)","background-image":"","background-repeat":"repeat","background-position":"center center","background-size":"auto","background-attachment":"scroll","background-type":"","background-media":"","overlay-type":"","overlay-color":"","overlay-opacity":"","overlay-gradient":""},"mobile":{"background-color":"var(--ast-global-color-4)","background-image":"","background-repeat":"repeat","background-position":"center center","background-size":"auto","background-attachment":"scroll","background-type":"","background-media":"","overlay-type":"","overlay-color":"","overlay-opacity":"","overlay-gradient":""}},"footnotes":""},"categories":[20,1],"tags":[],"class_list":["post-11081","post","type-post","status-publish","format-standard","has-post-thumbnail","hentry","category-international","category-football-latest-news"],"yoast_head":"<!-- This site is optimized with the Yoast SEO Premium plugin v26.6 (Yoast SEO v27.5) - https:\/\/yoast.com\/product\/yoast-seo-premium-wordpress\/ -->\n<title>Psg gets bad news on Hakimi but good news on Mendes and Kvaratskhelia - Bladna News<\/title>\n<meta name=\"robots\" content=\"index, follow, max-snippet:-1, max-image-preview:large, max-video-preview:-1\" \/>\n<link rel=\"canonical\" href=\"https:\/\/bladnanews.com\/fr\/le-psg-recoit-une-mauvaise-nouvelle-concernant-hakimi-mais-une-bonne-nouvelle-pour-mendes-et-kvaratskhelia\/\" \/>\n<meta property=\"og:locale\" content=\"fr_FR\" \/>\n<meta property=\"og:type\" content=\"article\" \/>\n<meta property=\"og:title\" content=\"Psg gets bad news on Hakimi but good news on Mendes and Kvaratskhelia\" \/>\n<meta property=\"og:description\" content=\"Paris Saint-Germain has received mixed news on the injury front, with a negative update on Achraf Hakimi but positive developments [&hellip;]\" \/>\n<meta property=\"og:url\" content=\"https:\/\/bladnanews.com\/fr\/le-psg-recoit-une-mauvaise-nouvelle-concernant-hakimi-mais-une-bonne-nouvelle-pour-mendes-et-kvaratskhelia\/\" \/>\n<meta property=\"og:site_name\" content=\"Bladna News\" \/>\n<meta property=\"article:published_time\" content=\"2026-04-29T14:36:02+00:00\" \/>\n<meta property=\"og:image\" content=\"https:\/\/bladnanews.com\/wp-content\/uploads\/2025\/12\/freepik__bladna-newscom-moroccan-soccer-homepage-banner-mor__41838.png\" \/>\n\t<meta property=\"og:image:width\" content=\"1312\" \/>\n\t<meta property=\"og:image:height\" content=\"736\" \/>\n\t<meta property=\"og:image:type\" content=\"image\/png\" \/>\n<meta name=\"author\" content=\"Bladna News Staff\" \/>\n<meta name=\"twitter:card\" content=\"summary_large_image\" \/>\n<meta name=\"twitter:label1\" content=\"\u00c9crit par\" \/>\n\t<meta name=\"twitter:data1\" content=\"Bladna News Staff\" \/>\n\t<meta name=\"twitter:label2\" content=\"Dur\u00e9e de lecture estim\u00e9e\" \/>\n\t<meta name=\"twitter:data2\" content=\"1 minute\" \/>\n<script type=\"application\/ld+json\" class=\"yoast-schema-graph\">{\"@context\":\"https:\\\/\\\/schema.org\",\"@graph\":[{\"@type\":\"Article\",\"@id\":\"https:\\\/\\\/bladnanews.com\\\/psg-gets-bad-news-on-hakimi-but-good-news-on-mendes-and-kvaratskhelia\\\/#article\",\"isPartOf\":{\"@id\":\"https:\\\/\\\/bladnanews.com\\\/psg-gets-bad-news-on-hakimi-but-good-news-on-mendes-and-kvaratskhelia\\\/\"},\"author\":{\"name\":\"Bladna News Staff\",\"@id\":\"https:\\\/\\\/mediumseagreen-eel-531711.hostingersite.com\\\/#\\\/schema\\\/person\\\/268e18a453ab080ebf76df6ef7845083\"},\"headline\":\"Psg gets bad news on Hakimi but good news on Mendes and Kvaratskhelia\",\"datePublished\":\"2026-04-29T14:36:02+00:00\",\"mainEntityOfPage\":{\"@id\":\"https:\\\/\\\/bladnanews.com\\\/psg-gets-bad-news-on-hakimi-but-good-news-on-mendes-and-kvaratskhelia\\\/\"},\"wordCount\":284,\"publisher\":{\"@id\":\"https:\\\/\\\/mediumseagreen-eel-531711.hostingersite.com\\\/#organization\"},\"image\":{\"@id\":\"https:\\\/\\\/bladnanews.com\\\/psg-gets-bad-news-on-hakimi-but-good-news-on-mendes-and-kvaratskhelia\\\/#primaryimage\"},\"thumbnailUrl\":\"https:\\\/\\\/bladnanews.com\\\/wp-content\\\/uploads\\\/2026\\\/04\\\/GettyImages-2273041981.jpg-scaled.jpg\",\"articleSection\":[\"International\",\"Latest News\"],\"inLanguage\":\"fr-FR\",\"copyrightYear\":\"2026\",\"copyrightHolder\":{\"@id\":\"https:\\\/\\\/bladnanews.com\\\/fr\\\/#organization\"}},{\"@type\":\"WebPage\",\"@id\":\"https:\\\/\\\/bladnanews.com\\\/psg-gets-bad-news-on-hakimi-but-good-news-on-mendes-and-kvaratskhelia\\\/\",\"url\":\"https:\\\/\\\/bladnanews.com\\\/psg-gets-bad-news-on-hakimi-but-good-news-on-mendes-and-kvaratskhelia\\\/\",\"name\":\"Psg gets bad news on Hakimi but good news on Mendes and Kvaratskhelia - Bladna News\",\"isPartOf\":{\"@id\":\"https:\\\/\\\/mediumseagreen-eel-531711.hostingersite.com\\\/#website\"},\"primaryImageOfPage\":{\"@id\":\"https:\\\/\\\/bladnanews.com\\\/psg-gets-bad-news-on-hakimi-but-good-news-on-mendes-and-kvaratskhelia\\\/#primaryimage\"},\"image\":{\"@id\":\"https:\\\/\\\/bladnanews.com\\\/psg-gets-bad-news-on-hakimi-but-good-news-on-mendes-and-kvaratskhelia\\\/#primaryimage\"},\"thumbnailUrl\":\"https:\\\/\\\/bladnanews.com\\\/wp-content\\\/uploads\\\/2026\\\/04\\\/GettyImages-2273041981.jpg-scaled.jpg\",\"datePublished\":\"2026-04-29T14:36:02+00:00\",\"breadcrumb\":{\"@id\":\"https:\\\/\\\/bladnanews.com\\\/psg-gets-bad-news-on-hakimi-but-good-news-on-mendes-and-kvaratskhelia\\\/#breadcrumb\"},\"inLanguage\":\"fr-FR\",\"potentialAction\":[{\"@type\":\"ReadAction\",\"target\":[\"https:\\\/\\\/bladnanews.com\\\/psg-gets-bad-news-on-hakimi-but-good-news-on-mendes-and-kvaratskhelia\\\/\"]}]},{\"@type\":\"ImageObject\",\"inLanguage\":\"fr-FR\",\"@id\":\"https:\\\/\\\/bladnanews.com\\\/psg-gets-bad-news-on-hakimi-but-good-news-on-mendes-and-kvaratskhelia\\\/#primaryimage\",\"url\":\"https:\\\/\\\/bladnanews.com\\\/wp-content\\\/uploads\\\/2026\\\/04\\\/GettyImages-2273041981.jpg-scaled.jpg\",\"contentUrl\":\"https:\\\/\\\/bladnanews.com\\\/wp-content\\\/uploads\\\/2026\\\/04\\\/GettyImages-2273041981.jpg-scaled.jpg\",\"width\":2560,\"height\":1440,\"caption\":\"Psg gets bad news on Hakimi but good news on Mendes and Kvaratskhelia\"},{\"@type\":\"BreadcrumbList\",\"@id\":\"https:\\\/\\\/bladnanews.com\\\/psg-gets-bad-news-on-hakimi-but-good-news-on-mendes-and-kvaratskhelia\\\/#breadcrumb\",\"itemListElement\":[{\"@type\":\"ListItem\",\"position\":1,\"name\":\"Home\",\"item\":\"https:\\\/\\\/bladnanews.com\\\/\"},{\"@type\":\"ListItem\",\"position\":2,\"name\":\"Psg gets bad news on Hakimi but good news on Mendes and Kvaratskhelia\"}]},{\"@type\":\"WebSite\",\"@id\":\"https:\\\/\\\/mediumseagreen-eel-531711.hostingersite.com\\\/#website\",\"url\":\"https:\\\/\\\/mediumseagreen-eel-531711.hostingersite.com\\\/\",\"name\":\"Bladna News - Morocco\",\"description\":\"Where Moroccan Football Meets the World\",\"publisher\":{\"@id\":\"https:\\\/\\\/mediumseagreen-eel-531711.hostingersite.com\\\/#organization\"},\"potentialAction\":[{\"@type\":\"SearchAction\",\"target\":{\"@type\":\"EntryPoint\",\"urlTemplate\":\"https:\\\/\\\/mediumseagreen-eel-531711.hostingersite.com\\\/?s={search_term_string}\"},\"query-input\":{\"@type\":\"PropertyValueSpecification\",\"valueRequired\":true,\"valueName\":\"search_term_string\"}}],\"inLanguage\":\"fr-FR\"},{\"@type\":\"Organization\",\"@id\":\"https:\\\/\\\/mediumseagreen-eel-531711.hostingersite.com\\\/#organization\",\"name\":\"Bladna News.com\",\"url\":\"https:\\\/\\\/mediumseagreen-eel-531711.hostingersite.com\\\/\",\"logo\":{\"@type\":\"ImageObject\",\"inLanguage\":\"fr-FR\",\"@id\":\"https:\\\/\\\/mediumseagreen-eel-531711.hostingersite.com\\\/#\\\/schema\\\/logo\\\/image\\\/\",\"url\":\"https:\\\/\\\/bladnanews.com\\\/wp-content\\\/uploads\\\/2025\\\/12\\\/logo-bladnanews-V2-web-black-red.png\",\"contentUrl\":\"https:\\\/\\\/bladnanews.com\\\/wp-content\\\/uploads\\\/2025\\\/12\\\/logo-bladnanews-V2-web-black-red.png\",\"width\":703,\"height\":287,\"caption\":\"Bladna News.com\"},\"image\":{\"@id\":\"https:\\\/\\\/mediumseagreen-eel-531711.hostingersite.com\\\/#\\\/schema\\\/logo\\\/image\\\/\"},\"email\":\"info@bladnanews.com\",\"legalName\":\"Bladna News\"},{\"@type\":\"Person\",\"@id\":\"https:\\\/\\\/mediumseagreen-eel-531711.hostingersite.com\\\/#\\\/schema\\\/person\\\/268e18a453ab080ebf76df6ef7845083\",\"name\":\"Bladna News Staff\",\"url\":\"https:\\\/\\\/bladnanews.com\\\/fr\\\/author\\\/bladna-news-staff\\\/\"}]}<\/script>\n<!-- \/ Yoast SEO Premium plugin. -->","yoast_head_json":{"title":"Le PSG re\u00e7oit une mauvaise nouvelle concernant Hakimi, mais une bonne nouvelle pour Mendes et Kvaratskhelia - Bladna News","robots":{"index":"index","follow":"follow","max-snippet":"max-snippet:-1","max-image-preview":"max-image-preview:large","max-video-preview":"max-video-preview:-1"},"canonical":"https:\/\/bladnanews.com\/fr\/le-psg-recoit-une-mauvaise-nouvelle-concernant-hakimi-mais-une-bonne-nouvelle-pour-mendes-et-kvaratskhelia\/","og_locale":"fr_FR","og_type":"article","og_title":"Psg gets bad news on Hakimi but good news on Mendes and Kvaratskhelia","og_description":"Paris Saint-Germain has received mixed news on the injury front, with a negative update on Achraf Hakimi but positive developments [&hellip;]","og_url":"https:\/\/bladnanews.com\/fr\/le-psg-recoit-une-mauvaise-nouvelle-concernant-hakimi-mais-une-bonne-nouvelle-pour-mendes-et-kvaratskhelia\/","og_site_name":"Bladna News","article_published_time":"2026-04-29T14:36:02+00:00","og_image":[{"width":1312,"height":736,"url":"https:\/\/bladnanews.com\/wp-content\/uploads\/2025\/12\/freepik__bladna-newscom-moroccan-soccer-homepage-banner-mor__41838.png","type":"image\/png"}],"author":"Bladna News Staff","twitter_card":"summary_large_image","twitter_misc":{"\u00c9crit par":"Bladna News Staff","Dur\u00e9e de lecture estim\u00e9e":"1 minute"},"schema":{"@context":"https:\/\/schema.org","@graph":[{"@type":"Article","@id":"https:\/\/bladnanews.com\/psg-gets-bad-news-on-hakimi-but-good-news-on-mendes-and-kvaratskhelia\/#article","isPartOf":{"@id":"https:\/\/bladnanews.com\/psg-gets-bad-news-on-hakimi-but-good-news-on-mendes-and-kvaratskhelia\/"},"author":{"name":"Bladna News Staff","@id":"https:\/\/mediumseagreen-eel-531711.hostingersite.com\/#\/schema\/person\/268e18a453ab080ebf76df6ef7845083"},"headline":"Psg gets bad news on Hakimi but good news on Mendes and Kvaratskhelia","datePublished":"2026-04-29T14:36:02+00:00","mainEntityOfPage":{"@id":"https:\/\/bladnanews.com\/psg-gets-bad-news-on-hakimi-but-good-news-on-mendes-and-kvaratskhelia\/"},"wordCount":284,"publisher":{"@id":"https:\/\/mediumseagreen-eel-531711.hostingersite.com\/#organization"},"image":{"@id":"https:\/\/bladnanews.com\/psg-gets-bad-news-on-hakimi-but-good-news-on-mendes-and-kvaratskhelia\/#primaryimage"},"thumbnailUrl":"https:\/\/bladnanews.com\/wp-content\/uploads\/2026\/04\/GettyImages-2273041981.jpg-scaled.jpg","articleSection":["International","Latest News"],"inLanguage":"fr-FR","copyrightYear":"2026","copyrightHolder":{"@id":"https:\/\/bladnanews.com\/fr\/#organization"}},{"@type":"WebPage","@id":"https:\/\/bladnanews.com\/psg-gets-bad-news-on-hakimi-but-good-news-on-mendes-and-kvaratskhelia\/","url":"https:\/\/bladnanews.com\/psg-gets-bad-news-on-hakimi-but-good-news-on-mendes-and-kvaratskhelia\/","name":"Le PSG re\u00e7oit une mauvaise nouvelle concernant Hakimi, mais une bonne nouvelle pour Mendes et Kvaratskhelia - Bladna News","isPartOf":{"@id":"https:\/\/mediumseagreen-eel-531711.hostingersite.com\/#website"},"primaryImageOfPage":{"@id":"https:\/\/bladnanews.com\/psg-gets-bad-news-on-hakimi-but-good-news-on-mendes-and-kvaratskhelia\/#primaryimage"},"image":{"@id":"https:\/\/bladnanews.com\/psg-gets-bad-news-on-hakimi-but-good-news-on-mendes-and-kvaratskhelia\/#primaryimage"},"thumbnailUrl":"https:\/\/bladnanews.com\/wp-content\/uploads\/2026\/04\/GettyImages-2273041981.jpg-scaled.jpg","datePublished":"2026-04-29T14:36:02+00:00","breadcrumb":{"@id":"https:\/\/bladnanews.com\/psg-gets-bad-news-on-hakimi-but-good-news-on-mendes-and-kvaratskhelia\/#breadcrumb"},"inLanguage":"fr-FR","potentialAction":[{"@type":"ReadAction","target":["https:\/\/bladnanews.com\/psg-gets-bad-news-on-hakimi-but-good-news-on-mendes-and-kvaratskhelia\/"]}]},{"@type":"ImageObject","inLanguage":"fr-FR","@id":"https:\/\/bladnanews.com\/psg-gets-bad-news-on-hakimi-but-good-news-on-mendes-and-kvaratskhelia\/#primaryimage","url":"https:\/\/bladnanews.com\/wp-content\/uploads\/2026\/04\/GettyImages-2273041981.jpg-scaled.jpg","contentUrl":"https:\/\/bladnanews.com\/wp-content\/uploads\/2026\/04\/GettyImages-2273041981.jpg-scaled.jpg","width":2560,"height":1440,"caption":"Psg gets bad news on Hakimi but good news on Mendes and Kvaratskhelia"},{"@type":"BreadcrumbList","@id":"https:\/\/bladnanews.com\/psg-gets-bad-news-on-hakimi-but-good-news-on-mendes-and-kvaratskhelia\/#breadcrumb","itemListElement":[{"@type":"ListItem","position":1,"name":"Home","item":"https:\/\/bladnanews.com\/"},{"@type":"ListItem","position":2,"name":"Psg gets bad news on Hakimi but good news on Mendes and Kvaratskhelia"}]},{"@type":"WebSite","@id":"https:\/\/mediumseagreen-eel-531711.hostingersite.com\/#website","url":"https:\/\/mediumseagreen-eel-531711.hostingersite.com\/","name":"Bladna News - Maroc","description":"Quand le football marocain rencontre le monde","publisher":{"@id":"https:\/\/mediumseagreen-eel-531711.hostingersite.com\/#organization"},"potentialAction":[{"@type":"SearchAction","target":{"@type":"EntryPoint","urlTemplate":"https:\/\/mediumseagreen-eel-531711.hostingersite.com\/?s={search_term_string}"},"query-input":{"@type":"PropertyValueSpecification","valueRequired":true,"valueName":"search_term_string"}}],"inLanguage":"fr-FR"},{"@type":"Organization","@id":"https:\/\/mediumseagreen-eel-531711.hostingersite.com\/#organization","name":"Bladna News.com","url":"https:\/\/mediumseagreen-eel-531711.hostingersite.com\/","logo":{"@type":"ImageObject","inLanguage":"fr-FR","@id":"https:\/\/mediumseagreen-eel-531711.hostingersite.com\/#\/schema\/logo\/image\/","url":"https:\/\/bladnanews.com\/wp-content\/uploads\/2025\/12\/logo-bladnanews-V2-web-black-red.png","contentUrl":"https:\/\/bladnanews.com\/wp-content\/uploads\/2025\/12\/logo-bladnanews-V2-web-black-red.png","width":703,"height":287,"caption":"Bladna News.com"},"image":{"@id":"https:\/\/mediumseagreen-eel-531711.hostingersite.com\/#\/schema\/logo\/image\/"},"email":"info@bladnanews.com","legalName":"Bladna News"},{"@type":"Person","@id":"https:\/\/mediumseagreen-eel-531711.hostingersite.com\/#\/schema\/person\/268e18a453ab080ebf76df6ef7845083","name":"\u00c9quipe r\u00e9dactionnelle de Bladna News","url":"https:\/\/bladnanews.com\/fr\/author\/bladna-news-staff\/"}]}},"_links":{"self":[{"href":"https:\/\/bladnanews.com\/fr\/wp-json\/wp\/v2\/posts\/11081","targetHints":{"allow":["GET"]}}],"collection":[{"href":"https:\/\/bladnanews.com\/fr\/wp-json\/wp\/v2\/posts"}],"about":[{"href":"https:\/\/bladnanews.com\/fr\/wp-json\/wp\/v2\/types\/post"}],"author":[{"embeddable":true,"href":"https:\/\/bladnanews.com\/fr\/wp-json\/wp\/v2\/users\/3"}],"replies":[{"embeddable":true,"href":"https:\/\/bladnanews.com\/fr\/wp-json\/wp\/v2\/comments?post=11081"}],"version-history":[{"count":0,"href":"https:\/\/bladnanews.com\/fr\/wp-json\/wp\/v2\/posts\/11081\/revisions"}],"wp:featuredmedia":[{"embeddable":true,"href":"https:\/\/bladnanews.com\/fr\/wp-json\/wp\/v2\/media\/11080"}],"wp:attachment":[{"href":"https:\/\/bladnanews.com\/fr\/wp-json\/wp\/v2\/media?parent=11081"}],"wp:term":[{"taxonomy":"category","embeddable":true,"href":"https:\/\/bladnanews.com\/fr\/wp-json\/wp\/v2\/categories?post=11081"},{"taxonomy":"post_tag","embeddable":true,"href":"https:\/\/bladnanews.com\/fr\/wp-json\/wp\/v2\/tags?post=11081"}],"curies":[{"name":"wp","href":"https:\/\/api.w.org\/{rel}","templated":true}]}}