{"id":11083,"date":"2026-04-29T14:42:54","date_gmt":"2026-04-29T14:42:54","guid":{"rendered":"https:\/\/bladnanews.com\/klopp-admits-he-will-miss-salah-after-liverpool-exit\/"},"modified":"2026-04-29T14:42:54","modified_gmt":"2026-04-29T14:42:54","slug":"klopp-admet-quil-manquera-salah-apres-son-depart-de-liverpool","status":"publish","type":"post","link":"https:\/\/bladnanews.com\/fr\/klopp-admet-quil-manquera-salah-apres-son-depart-de-liverpool\/","title":{"rendered":"Klopp admet qu'il regrettera Salah apr\u00e8s son d\u00e9part de Liverpool"},"content":{"rendered":"<p>J\u00fcrgen Klopp a admis que Mohamed Salah lui manquerait \u201c \u00e9norm\u00e9ment \u201d apr\u00e8s le d\u00e9part de la star \u00e9gyptienne de Liverpool. L\u2019ancien entra\u00eeneur des Reds s\u2019est exprim\u00e9 ouvertement sur l\u2019impact de la perte de l\u2019un des plus grands joueurs de l\u2019histoire du club.<\/p>\n<p>Lors d\u2019une r\u00e9cente interview, Klopp est revenu sur le passage de Salah \u00e0 Anfield et sur ce que son d\u00e9part signifie pour le club. \u201c Il va beaucoup me manquer \u201d, a d\u00e9clar\u00e9 Klopp. \u201c Ce qu\u2019il a fait pour ce club est incroyable. C\u2019est un joueur de classe mondiale et une personne encore meilleure. \u201d<\/p>\n<p>Salah a quitt\u00e9 Liverpool \u00e0 l\u2019\u00e9t\u00e9 2025 apr\u00e8s huit saisons riches en troph\u00e9es. Pendant son passage au club, il a inscrit plus de 200 buts et a contribu\u00e9 \u00e0 faire remporter \u00e0 Liverpool la Premier League, la Ligue des champions, la FA Cup et la Coupe de la Ligue, entre autres distinctions.<\/p>\n<p>Klopp, qui a quitt\u00e9 son poste d\u2019entra\u00eeneur de Liverpool \u00e0 la fin de la saison 2023-2024, a salu\u00e9 le professionnalisme et la r\u00e9gularit\u00e9 de Salah. \u201c Jour apr\u00e8s jour, il a tout donn\u00e9. Ses chiffres parlent d\u2019eux-m\u00eames, mais c\u2019est son \u00e9tat d\u2019esprit qui le distinguait \u201d, a ajout\u00e9 Klopp.<\/p>\n<p>L\u2019entra\u00eeneur allemand a \u00e9galement r\u00e9v\u00e9l\u00e9 avoir parl\u00e9 \u00e0 Salah depuis son d\u00e9part. \u201c Nous parlons encore. Il sait \u00e0 quel point je le respecte. Les supporters de Liverpool n\u2019oublieront jamais ce qu\u2019il a fait pour ce club \u201d, a d\u00e9clar\u00e9 Klopp.<\/p>\n<p>Salah \u00e9volue actuellement en Saudi Pro League, \u00e0 Al-Ittihad, o\u00f9 il a rejoint en 2025. L\u2019attaquant de 33 ans continue de performer \u00e0 un haut niveau, marquant r\u00e9guli\u00e8rement au Moyen-Orient.<\/p>\n<p>Les d\u00e9clarations de Klopp interviennent alors que Liverpool continue de s\u2019adapter \u00e0 la vie sans son ancien entra\u00eeneur ni son attaquant vedette. Le club se reconstruit actuellement sous une nouvelle direction, en mettant l\u2019accent sur les jeunes talents.<\/p>\n<p>\u201c Le club avancera, c\u2019est ce que Liverpool fait \u201d, a d\u00e9clar\u00e9 Klopp. \u201c Mais des joueurs comme Mo, on n\u2019en croise pas souvent. Il est sp\u00e9cial, et je serai toujours reconnaissant d\u2019avoir eu la chance de l\u2019entra\u00eener. \u201d<\/p>","protected":false},"excerpt":{"rendered":"<p>Jurgen Klopp has admitted he will miss Mohamed Salah &#8220;a lot&#8221; following the Egyptian star&#8217;s departure from Liverpool. The former [&hellip;]<\/p>\n","protected":false},"author":3,"featured_media":11082,"comment_status":"","ping_status":"open","sticky":false,"template":"","format":"standard","meta":{"googlesitekit_rrm_CAow_uzEDA:productID":"","site-sidebar-layout":"default","site-content-layout":"","ast-site-content-layout":"default","site-content-style":"default","site-sidebar-style":"default","ast-global-header-display":"","ast-banner-title-visibility":"","ast-main-header-display":"","ast-hfb-above-header-display":"","ast-hfb-below-header-display":"","ast-hfb-mobile-header-display":"","site-post-title":"","ast-breadcrumbs-content":"","ast-featured-img":"","footer-sml-layout":"","ast-disable-related-posts":"","theme-transparent-header-meta":"","adv-header-id-meta":"","stick-header-meta":"","header-above-stick-meta":"","header-main-stick-meta":"","header-below-stick-meta":"","astra-migrate-meta-layouts":"default","ast-page-background-enabled":"default","ast-page-background-meta":{"desktop":{"background-color":"var(--ast-global-color-5)","background-image":"","background-repeat":"repeat","background-position":"center center","background-size":"auto","background-attachment":"scroll","background-type":"","background-media":"","overlay-type":"","overlay-color":"","overlay-opacity":"","overlay-gradient":""},"tablet":{"background-color":"","background-image":"","background-repeat":"repeat","background-position":"center center","background-size":"auto","background-attachment":"scroll","background-type":"","background-media":"","overlay-type":"","overlay-color":"","overlay-opacity":"","overlay-gradient":""},"mobile":{"background-color":"","background-image":"","background-repeat":"repeat","background-position":"center center","background-size":"auto","background-attachment":"scroll","background-type":"","background-media":"","overlay-type":"","overlay-color":"","overlay-opacity":"","overlay-gradient":""}},"ast-content-background-meta":{"desktop":{"background-color":"var(--ast-global-color-4)","background-image":"","background-repeat":"repeat","background-position":"center center","background-size":"auto","background-attachment":"scroll","background-type":"","background-media":"","overlay-type":"","overlay-color":"","overlay-opacity":"","overlay-gradient":""},"tablet":{"background-color":"var(--ast-global-color-4)","background-image":"","background-repeat":"repeat","background-position":"center center","background-size":"auto","background-attachment":"scroll","background-type":"","background-media":"","overlay-type":"","overlay-color":"","overlay-opacity":"","overlay-gradient":""},"mobile":{"background-color":"var(--ast-global-color-4)","background-image":"","background-repeat":"repeat","background-position":"center center","background-size":"auto","background-attachment":"scroll","background-type":"","background-media":"","overlay-type":"","overlay-color":"","overlay-opacity":"","overlay-gradient":""}},"footnotes":""},"categories":[20,1],"tags":[],"class_list":["post-11083","post","type-post","status-publish","format-standard","has-post-thumbnail","hentry","category-international","category-football-latest-news"],"yoast_head":"<!-- This site is optimized with the Yoast SEO Premium plugin v26.6 (Yoast SEO v27.5) - https:\/\/yoast.com\/product\/yoast-seo-premium-wordpress\/ -->\n<title>Klopp admits he will miss Salah after Liverpool exit - Bladna News<\/title>\n<meta name=\"robots\" content=\"index, follow, max-snippet:-1, max-image-preview:large, max-video-preview:-1\" \/>\n<link rel=\"canonical\" href=\"https:\/\/bladnanews.com\/fr\/klopp-admet-quil-manquera-salah-apres-son-depart-de-liverpool\/\" \/>\n<meta property=\"og:locale\" content=\"fr_FR\" \/>\n<meta property=\"og:type\" content=\"article\" \/>\n<meta property=\"og:title\" content=\"Klopp admits he will miss Salah after Liverpool exit\" \/>\n<meta property=\"og:description\" content=\"Jurgen Klopp has admitted he will miss Mohamed Salah &#8220;a lot&#8221; following the Egyptian star&#8217;s departure from Liverpool. The former [&hellip;]\" \/>\n<meta property=\"og:url\" content=\"https:\/\/bladnanews.com\/fr\/klopp-admet-quil-manquera-salah-apres-son-depart-de-liverpool\/\" \/>\n<meta property=\"og:site_name\" content=\"Bladna News\" \/>\n<meta property=\"article:published_time\" content=\"2026-04-29T14:42:54+00:00\" \/>\n<meta property=\"og:image\" content=\"https:\/\/bladnanews.com\/wp-content\/uploads\/2025\/12\/freepik__bladna-newscom-moroccan-soccer-homepage-banner-mor__41838.png\" \/>\n\t<meta property=\"og:image:width\" content=\"1312\" \/>\n\t<meta property=\"og:image:height\" content=\"736\" \/>\n\t<meta property=\"og:image:type\" content=\"image\/png\" \/>\n<meta name=\"author\" content=\"Bladna News Staff\" \/>\n<meta name=\"twitter:card\" content=\"summary_large_image\" \/>\n<meta name=\"twitter:label1\" content=\"\u00c9crit par\" \/>\n\t<meta name=\"twitter:data1\" content=\"Bladna News Staff\" \/>\n\t<meta name=\"twitter:label2\" content=\"Dur\u00e9e de lecture estim\u00e9e\" \/>\n\t<meta name=\"twitter:data2\" content=\"2 minutes\" \/>\n<script type=\"application\/ld+json\" class=\"yoast-schema-graph\">{\"@context\":\"https:\\\/\\\/schema.org\",\"@graph\":[{\"@type\":\"Article\",\"@id\":\"https:\\\/\\\/bladnanews.com\\\/klopp-admits-he-will-miss-salah-after-liverpool-exit\\\/#article\",\"isPartOf\":{\"@id\":\"https:\\\/\\\/bladnanews.com\\\/klopp-admits-he-will-miss-salah-after-liverpool-exit\\\/\"},\"author\":{\"name\":\"Bladna News Staff\",\"@id\":\"https:\\\/\\\/mediumseagreen-eel-531711.hostingersite.com\\\/#\\\/schema\\\/person\\\/268e18a453ab080ebf76df6ef7845083\"},\"headline\":\"Klopp admits he will miss Salah after Liverpool exit\",\"datePublished\":\"2026-04-29T14:42:54+00:00\",\"mainEntityOfPage\":{\"@id\":\"https:\\\/\\\/bladnanews.com\\\/klopp-admits-he-will-miss-salah-after-liverpool-exit\\\/\"},\"wordCount\":315,\"publisher\":{\"@id\":\"https:\\\/\\\/mediumseagreen-eel-531711.hostingersite.com\\\/#organization\"},\"image\":{\"@id\":\"https:\\\/\\\/bladnanews.com\\\/klopp-admits-he-will-miss-salah-after-liverpool-exit\\\/#primaryimage\"},\"thumbnailUrl\":\"https:\\\/\\\/bladnanews.com\\\/wp-content\\\/uploads\\\/2026\\\/04\\\/GettyImages-2257955731.jpg-scaled.jpg\",\"articleSection\":[\"International\",\"Latest News\"],\"inLanguage\":\"fr-FR\",\"copyrightYear\":\"2026\",\"copyrightHolder\":{\"@id\":\"https:\\\/\\\/bladnanews.com\\\/fr\\\/#organization\"}},{\"@type\":\"WebPage\",\"@id\":\"https:\\\/\\\/bladnanews.com\\\/klopp-admits-he-will-miss-salah-after-liverpool-exit\\\/\",\"url\":\"https:\\\/\\\/bladnanews.com\\\/klopp-admits-he-will-miss-salah-after-liverpool-exit\\\/\",\"name\":\"Klopp admits he will miss Salah after Liverpool exit - Bladna News\",\"isPartOf\":{\"@id\":\"https:\\\/\\\/mediumseagreen-eel-531711.hostingersite.com\\\/#website\"},\"primaryImageOfPage\":{\"@id\":\"https:\\\/\\\/bladnanews.com\\\/klopp-admits-he-will-miss-salah-after-liverpool-exit\\\/#primaryimage\"},\"image\":{\"@id\":\"https:\\\/\\\/bladnanews.com\\\/klopp-admits-he-will-miss-salah-after-liverpool-exit\\\/#primaryimage\"},\"thumbnailUrl\":\"https:\\\/\\\/bladnanews.com\\\/wp-content\\\/uploads\\\/2026\\\/04\\\/GettyImages-2257955731.jpg-scaled.jpg\",\"datePublished\":\"2026-04-29T14:42:54+00:00\",\"breadcrumb\":{\"@id\":\"https:\\\/\\\/bladnanews.com\\\/klopp-admits-he-will-miss-salah-after-liverpool-exit\\\/#breadcrumb\"},\"inLanguage\":\"fr-FR\",\"potentialAction\":[{\"@type\":\"ReadAction\",\"target\":[\"https:\\\/\\\/bladnanews.com\\\/klopp-admits-he-will-miss-salah-after-liverpool-exit\\\/\"]}]},{\"@type\":\"ImageObject\",\"inLanguage\":\"fr-FR\",\"@id\":\"https:\\\/\\\/bladnanews.com\\\/klopp-admits-he-will-miss-salah-after-liverpool-exit\\\/#primaryimage\",\"url\":\"https:\\\/\\\/bladnanews.com\\\/wp-content\\\/uploads\\\/2026\\\/04\\\/GettyImages-2257955731.jpg-scaled.jpg\",\"contentUrl\":\"https:\\\/\\\/bladnanews.com\\\/wp-content\\\/uploads\\\/2026\\\/04\\\/GettyImages-2257955731.jpg-scaled.jpg\",\"width\":2560,\"height\":1440,\"caption\":\"Klopp admits he will miss Salah after Liverpool exit\"},{\"@type\":\"BreadcrumbList\",\"@id\":\"https:\\\/\\\/bladnanews.com\\\/klopp-admits-he-will-miss-salah-after-liverpool-exit\\\/#breadcrumb\",\"itemListElement\":[{\"@type\":\"ListItem\",\"position\":1,\"name\":\"Home\",\"item\":\"https:\\\/\\\/bladnanews.com\\\/\"},{\"@type\":\"ListItem\",\"position\":2,\"name\":\"Klopp admits he will miss Salah after Liverpool exit\"}]},{\"@type\":\"WebSite\",\"@id\":\"https:\\\/\\\/mediumseagreen-eel-531711.hostingersite.com\\\/#website\",\"url\":\"https:\\\/\\\/mediumseagreen-eel-531711.hostingersite.com\\\/\",\"name\":\"Bladna News - Morocco\",\"description\":\"Where Moroccan Football Meets the World\",\"publisher\":{\"@id\":\"https:\\\/\\\/mediumseagreen-eel-531711.hostingersite.com\\\/#organization\"},\"potentialAction\":[{\"@type\":\"SearchAction\",\"target\":{\"@type\":\"EntryPoint\",\"urlTemplate\":\"https:\\\/\\\/mediumseagreen-eel-531711.hostingersite.com\\\/?s={search_term_string}\"},\"query-input\":{\"@type\":\"PropertyValueSpecification\",\"valueRequired\":true,\"valueName\":\"search_term_string\"}}],\"inLanguage\":\"fr-FR\"},{\"@type\":\"Organization\",\"@id\":\"https:\\\/\\\/mediumseagreen-eel-531711.hostingersite.com\\\/#organization\",\"name\":\"Bladna News.com\",\"url\":\"https:\\\/\\\/mediumseagreen-eel-531711.hostingersite.com\\\/\",\"logo\":{\"@type\":\"ImageObject\",\"inLanguage\":\"fr-FR\",\"@id\":\"https:\\\/\\\/mediumseagreen-eel-531711.hostingersite.com\\\/#\\\/schema\\\/logo\\\/image\\\/\",\"url\":\"https:\\\/\\\/bladnanews.com\\\/wp-content\\\/uploads\\\/2025\\\/12\\\/logo-bladnanews-V2-web-black-red.png\",\"contentUrl\":\"https:\\\/\\\/bladnanews.com\\\/wp-content\\\/uploads\\\/2025\\\/12\\\/logo-bladnanews-V2-web-black-red.png\",\"width\":703,\"height\":287,\"caption\":\"Bladna News.com\"},\"image\":{\"@id\":\"https:\\\/\\\/mediumseagreen-eel-531711.hostingersite.com\\\/#\\\/schema\\\/logo\\\/image\\\/\"},\"email\":\"info@bladnanews.com\",\"legalName\":\"Bladna News\"},{\"@type\":\"Person\",\"@id\":\"https:\\\/\\\/mediumseagreen-eel-531711.hostingersite.com\\\/#\\\/schema\\\/person\\\/268e18a453ab080ebf76df6ef7845083\",\"name\":\"Bladna News Staff\",\"url\":\"https:\\\/\\\/bladnanews.com\\\/fr\\\/author\\\/bladna-news-staff\\\/\"}]}<\/script>\n<!-- \/ Yoast SEO Premium plugin. -->","yoast_head_json":{"title":"Klopp admet qu'il manquera Salah apr\u00e8s son d\u00e9part de Liverpool - Bladna News","robots":{"index":"index","follow":"follow","max-snippet":"max-snippet:-1","max-image-preview":"max-image-preview:large","max-video-preview":"max-video-preview:-1"},"canonical":"https:\/\/bladnanews.com\/fr\/klopp-admet-quil-manquera-salah-apres-son-depart-de-liverpool\/","og_locale":"fr_FR","og_type":"article","og_title":"Klopp admits he will miss Salah after Liverpool exit","og_description":"Jurgen Klopp has admitted he will miss Mohamed Salah &#8220;a lot&#8221; following the Egyptian star&#8217;s departure from Liverpool. The former [&hellip;]","og_url":"https:\/\/bladnanews.com\/fr\/klopp-admet-quil-manquera-salah-apres-son-depart-de-liverpool\/","og_site_name":"Bladna News","article_published_time":"2026-04-29T14:42:54+00:00","og_image":[{"width":1312,"height":736,"url":"https:\/\/bladnanews.com\/wp-content\/uploads\/2025\/12\/freepik__bladna-newscom-moroccan-soccer-homepage-banner-mor__41838.png","type":"image\/png"}],"author":"Bladna News Staff","twitter_card":"summary_large_image","twitter_misc":{"\u00c9crit par":"Bladna News Staff","Dur\u00e9e de lecture estim\u00e9e":"2 minutes"},"schema":{"@context":"https:\/\/schema.org","@graph":[{"@type":"Article","@id":"https:\/\/bladnanews.com\/klopp-admits-he-will-miss-salah-after-liverpool-exit\/#article","isPartOf":{"@id":"https:\/\/bladnanews.com\/klopp-admits-he-will-miss-salah-after-liverpool-exit\/"},"author":{"name":"Bladna News Staff","@id":"https:\/\/mediumseagreen-eel-531711.hostingersite.com\/#\/schema\/person\/268e18a453ab080ebf76df6ef7845083"},"headline":"Klopp admits he will miss Salah after Liverpool exit","datePublished":"2026-04-29T14:42:54+00:00","mainEntityOfPage":{"@id":"https:\/\/bladnanews.com\/klopp-admits-he-will-miss-salah-after-liverpool-exit\/"},"wordCount":315,"publisher":{"@id":"https:\/\/mediumseagreen-eel-531711.hostingersite.com\/#organization"},"image":{"@id":"https:\/\/bladnanews.com\/klopp-admits-he-will-miss-salah-after-liverpool-exit\/#primaryimage"},"thumbnailUrl":"https:\/\/bladnanews.com\/wp-content\/uploads\/2026\/04\/GettyImages-2257955731.jpg-scaled.jpg","articleSection":["International","Latest News"],"inLanguage":"fr-FR","copyrightYear":"2026","copyrightHolder":{"@id":"https:\/\/bladnanews.com\/fr\/#organization"}},{"@type":"WebPage","@id":"https:\/\/bladnanews.com\/klopp-admits-he-will-miss-salah-after-liverpool-exit\/","url":"https:\/\/bladnanews.com\/klopp-admits-he-will-miss-salah-after-liverpool-exit\/","name":"Klopp admet qu'il manquera Salah apr\u00e8s son d\u00e9part de Liverpool - Bladna News","isPartOf":{"@id":"https:\/\/mediumseagreen-eel-531711.hostingersite.com\/#website"},"primaryImageOfPage":{"@id":"https:\/\/bladnanews.com\/klopp-admits-he-will-miss-salah-after-liverpool-exit\/#primaryimage"},"image":{"@id":"https:\/\/bladnanews.com\/klopp-admits-he-will-miss-salah-after-liverpool-exit\/#primaryimage"},"thumbnailUrl":"https:\/\/bladnanews.com\/wp-content\/uploads\/2026\/04\/GettyImages-2257955731.jpg-scaled.jpg","datePublished":"2026-04-29T14:42:54+00:00","breadcrumb":{"@id":"https:\/\/bladnanews.com\/klopp-admits-he-will-miss-salah-after-liverpool-exit\/#breadcrumb"},"inLanguage":"fr-FR","potentialAction":[{"@type":"ReadAction","target":["https:\/\/bladnanews.com\/klopp-admits-he-will-miss-salah-after-liverpool-exit\/"]}]},{"@type":"ImageObject","inLanguage":"fr-FR","@id":"https:\/\/bladnanews.com\/klopp-admits-he-will-miss-salah-after-liverpool-exit\/#primaryimage","url":"https:\/\/bladnanews.com\/wp-content\/uploads\/2026\/04\/GettyImages-2257955731.jpg-scaled.jpg","contentUrl":"https:\/\/bladnanews.com\/wp-content\/uploads\/2026\/04\/GettyImages-2257955731.jpg-scaled.jpg","width":2560,"height":1440,"caption":"Klopp admits he will miss Salah after Liverpool exit"},{"@type":"BreadcrumbList","@id":"https:\/\/bladnanews.com\/klopp-admits-he-will-miss-salah-after-liverpool-exit\/#breadcrumb","itemListElement":[{"@type":"ListItem","position":1,"name":"Home","item":"https:\/\/bladnanews.com\/"},{"@type":"ListItem","position":2,"name":"Klopp admits he will miss Salah after Liverpool exit"}]},{"@type":"WebSite","@id":"https:\/\/mediumseagreen-eel-531711.hostingersite.com\/#website","url":"https:\/\/mediumseagreen-eel-531711.hostingersite.com\/","name":"Bladna News - Maroc","description":"Quand le football marocain rencontre le monde","publisher":{"@id":"https:\/\/mediumseagreen-eel-531711.hostingersite.com\/#organization"},"potentialAction":[{"@type":"SearchAction","target":{"@type":"EntryPoint","urlTemplate":"https:\/\/mediumseagreen-eel-531711.hostingersite.com\/?s={search_term_string}"},"query-input":{"@type":"PropertyValueSpecification","valueRequired":true,"valueName":"search_term_string"}}],"inLanguage":"fr-FR"},{"@type":"Organization","@id":"https:\/\/mediumseagreen-eel-531711.hostingersite.com\/#organization","name":"Bladna News.com","url":"https:\/\/mediumseagreen-eel-531711.hostingersite.com\/","logo":{"@type":"ImageObject","inLanguage":"fr-FR","@id":"https:\/\/mediumseagreen-eel-531711.hostingersite.com\/#\/schema\/logo\/image\/","url":"https:\/\/bladnanews.com\/wp-content\/uploads\/2025\/12\/logo-bladnanews-V2-web-black-red.png","contentUrl":"https:\/\/bladnanews.com\/wp-content\/uploads\/2025\/12\/logo-bladnanews-V2-web-black-red.png","width":703,"height":287,"caption":"Bladna News.com"},"image":{"@id":"https:\/\/mediumseagreen-eel-531711.hostingersite.com\/#\/schema\/logo\/image\/"},"email":"info@bladnanews.com","legalName":"Bladna News"},{"@type":"Person","@id":"https:\/\/mediumseagreen-eel-531711.hostingersite.com\/#\/schema\/person\/268e18a453ab080ebf76df6ef7845083","name":"\u00c9quipe r\u00e9dactionnelle de Bladna News","url":"https:\/\/bladnanews.com\/fr\/author\/bladna-news-staff\/"}]}},"_links":{"self":[{"href":"https:\/\/bladnanews.com\/fr\/wp-json\/wp\/v2\/posts\/11083","targetHints":{"allow":["GET"]}}],"collection":[{"href":"https:\/\/bladnanews.com\/fr\/wp-json\/wp\/v2\/posts"}],"about":[{"href":"https:\/\/bladnanews.com\/fr\/wp-json\/wp\/v2\/types\/post"}],"author":[{"embeddable":true,"href":"https:\/\/bladnanews.com\/fr\/wp-json\/wp\/v2\/users\/3"}],"replies":[{"embeddable":true,"href":"https:\/\/bladnanews.com\/fr\/wp-json\/wp\/v2\/comments?post=11083"}],"version-history":[{"count":0,"href":"https:\/\/bladnanews.com\/fr\/wp-json\/wp\/v2\/posts\/11083\/revisions"}],"wp:featuredmedia":[{"embeddable":true,"href":"https:\/\/bladnanews.com\/fr\/wp-json\/wp\/v2\/media\/11082"}],"wp:attachment":[{"href":"https:\/\/bladnanews.com\/fr\/wp-json\/wp\/v2\/media?parent=11083"}],"wp:term":[{"taxonomy":"category","embeddable":true,"href":"https:\/\/bladnanews.com\/fr\/wp-json\/wp\/v2\/categories?post=11083"},{"taxonomy":"post_tag","embeddable":true,"href":"https:\/\/bladnanews.com\/fr\/wp-json\/wp\/v2\/tags?post=11083"}],"curies":[{"name":"wp","href":"https:\/\/api.w.org\/{rel}","templated":true}]}}