{"id":11085,"date":"2026-04-29T14:50:38","date_gmt":"2026-04-29T14:50:38","guid":{"rendered":"https:\/\/bladnanews.com\/barcelona-to-announce-laporta-project-renewal-after-league-title\/"},"modified":"2026-04-29T14:50:38","modified_gmt":"2026-04-29T14:50:38","slug":"barcelone-annoncera-le-renouvellement-du-projet-laporta-apres-le-titre-de-championnat","status":"publish","type":"post","link":"https:\/\/bladnanews.com\/fr\/barcelone-annoncera-le-renouvellement-du-projet-laporta-apres-le-titre-de-championnat\/","title":{"rendered":"Barcelone annoncera le renouvellement du projet Laporta apr\u00e8s le titre de championnat"},"content":{"rendered":"<p>Le pr\u00e9sident du FC Barcelone, Joan Laporta, a d\u00e9cid\u00e9 de garantir l'avenir de son projet au sein du club, l'annonce officielle devant \u00eatre faite une fois que le titre de La Liga sera math\u00e9matiquement acquis.<\/p>\n<p>Selon des sources proches du conseil d'administration du club, Laporta pousse pour finaliser des prolongations de contrat cl\u00e9s et des renforcements structurels qui d\u00e9finiront l'orientation sportive \u00e0 long terme du Bar\u00e7a. Le plan, d\u00e9sign\u00e9 en interne sous le nom de \u201c le projet \u201d, repose sur la conqu\u00eate par l'\u00e9quipe du championnat de La Liga 2025-2026.<\/p>\n<p>Cette d\u00e9cision intervient alors que la confiance grandit au sein de la hi\u00e9rarchie du Camp Nou quant \u00e0 la capacit\u00e9 de l'\u00e9quipe de Xavi Hernandez \u00e0 remporter le titre de champion. Une fois le titre math\u00e9matiquement confirm\u00e9, le club agira rapidement pour annoncer une s\u00e9rie de mesures visant \u00e0 prot\u00e9ger le noyau dur de l'effectif actuel et de l'encadrement technique.<\/p>\n<p>Ces mesures incluraient de nouveaux contrats pour plusieurs joueurs de l'\u00e9quipe premi\u00e8re dont les engagements actuels courent jusqu'en 2026, ainsi qu'une prolongation officielle pour l'entra\u00eeneur Xavi. Laporta consid\u00e8re le titre de champion comme la validation ultime du projet qu'il a lanc\u00e9 \u00e0 son retour \u00e0 la pr\u00e9sidence.<\/p>\n<p>Le communiqu\u00e9 officiel devrait \u00eatre publi\u00e9 dans les 48 heures suivant le sacre du Bar\u00e7a. Le club souhaite utiliser l'\u00e9lan de ce titre pour envoyer un message fort de stabilit\u00e9 et d'ambition tant \u00e0 ses supporters qu'aux potentielles cibles de recrutement.<\/p>\n<p>Les sources insistent sur le fait qu'aucune annonce officielle ne sera faite avant que le championnat ne soit d\u00e9cid\u00e9. Laporta est d\u00e9termin\u00e9 \u00e0 \u00e9viter toute distraction durant la phase finale, pr\u00e9f\u00e9rant laisser le jeu parler avant de d\u00e9voiler sa vision \u00e0 long terme pour le club.<\/p>","protected":false},"excerpt":{"rendered":"<p>Barcelona president Joan Laporta has decided to secure the future of his project at the club, with the official announcement [&hellip;]<\/p>\n","protected":false},"author":3,"featured_media":11084,"comment_status":"","ping_status":"open","sticky":false,"template":"","format":"standard","meta":{"googlesitekit_rrm_CAow_uzEDA:productID":"","site-sidebar-layout":"default","site-content-layout":"","ast-site-content-layout":"default","site-content-style":"default","site-sidebar-style":"default","ast-global-header-display":"","ast-banner-title-visibility":"","ast-main-header-display":"","ast-hfb-above-header-display":"","ast-hfb-below-header-display":"","ast-hfb-mobile-header-display":"","site-post-title":"","ast-breadcrumbs-content":"","ast-featured-img":"","footer-sml-layout":"","ast-disable-related-posts":"","theme-transparent-header-meta":"","adv-header-id-meta":"","stick-header-meta":"","header-above-stick-meta":"","header-main-stick-meta":"","header-below-stick-meta":"","astra-migrate-meta-layouts":"default","ast-page-background-enabled":"default","ast-page-background-meta":{"desktop":{"background-color":"var(--ast-global-color-5)","background-image":"","background-repeat":"repeat","background-position":"center center","background-size":"auto","background-attachment":"scroll","background-type":"","background-media":"","overlay-type":"","overlay-color":"","overlay-opacity":"","overlay-gradient":""},"tablet":{"background-color":"","background-image":"","background-repeat":"repeat","background-position":"center center","background-size":"auto","background-attachment":"scroll","background-type":"","background-media":"","overlay-type":"","overlay-color":"","overlay-opacity":"","overlay-gradient":""},"mobile":{"background-color":"","background-image":"","background-repeat":"repeat","background-position":"center center","background-size":"auto","background-attachment":"scroll","background-type":"","background-media":"","overlay-type":"","overlay-color":"","overlay-opacity":"","overlay-gradient":""}},"ast-content-background-meta":{"desktop":{"background-color":"var(--ast-global-color-4)","background-image":"","background-repeat":"repeat","background-position":"center center","background-size":"auto","background-attachment":"scroll","background-type":"","background-media":"","overlay-type":"","overlay-color":"","overlay-opacity":"","overlay-gradient":""},"tablet":{"background-color":"var(--ast-global-color-4)","background-image":"","background-repeat":"repeat","background-position":"center center","background-size":"auto","background-attachment":"scroll","background-type":"","background-media":"","overlay-type":"","overlay-color":"","overlay-opacity":"","overlay-gradient":""},"mobile":{"background-color":"var(--ast-global-color-4)","background-image":"","background-repeat":"repeat","background-position":"center center","background-size":"auto","background-attachment":"scroll","background-type":"","background-media":"","overlay-type":"","overlay-color":"","overlay-opacity":"","overlay-gradient":""}},"footnotes":""},"categories":[20,1],"tags":[],"class_list":["post-11085","post","type-post","status-publish","format-standard","has-post-thumbnail","hentry","category-international","category-football-latest-news"],"yoast_head":"<!-- This site is optimized with the Yoast SEO Premium plugin v26.6 (Yoast SEO v27.5) - https:\/\/yoast.com\/product\/yoast-seo-premium-wordpress\/ -->\n<title>Barcelona to announce Laporta project renewal after league title - Bladna News<\/title>\n<meta name=\"robots\" content=\"index, follow, max-snippet:-1, max-image-preview:large, max-video-preview:-1\" \/>\n<link rel=\"canonical\" href=\"https:\/\/bladnanews.com\/fr\/barcelone-annoncera-le-renouvellement-du-projet-laporta-apres-le-titre-de-championnat\/\" \/>\n<meta property=\"og:locale\" content=\"fr_FR\" \/>\n<meta property=\"og:type\" content=\"article\" \/>\n<meta property=\"og:title\" content=\"Barcelona to announce Laporta project renewal after league title\" \/>\n<meta property=\"og:description\" content=\"Barcelona president Joan Laporta has decided to secure the future of his project at the club, with the official announcement [&hellip;]\" \/>\n<meta property=\"og:url\" content=\"https:\/\/bladnanews.com\/fr\/barcelone-annoncera-le-renouvellement-du-projet-laporta-apres-le-titre-de-championnat\/\" \/>\n<meta property=\"og:site_name\" content=\"Bladna News\" \/>\n<meta property=\"article:published_time\" content=\"2026-04-29T14:50:38+00:00\" \/>\n<meta property=\"og:image\" content=\"https:\/\/bladnanews.com\/wp-content\/uploads\/2025\/12\/freepik__bladna-newscom-moroccan-soccer-homepage-banner-mor__41838.png\" \/>\n\t<meta property=\"og:image:width\" content=\"1312\" \/>\n\t<meta property=\"og:image:height\" content=\"736\" \/>\n\t<meta property=\"og:image:type\" content=\"image\/png\" \/>\n<meta name=\"author\" content=\"Bladna News Staff\" \/>\n<meta name=\"twitter:card\" content=\"summary_large_image\" \/>\n<meta name=\"twitter:label1\" content=\"\u00c9crit par\" \/>\n\t<meta name=\"twitter:data1\" content=\"Bladna News Staff\" \/>\n\t<meta name=\"twitter:label2\" content=\"Dur\u00e9e de lecture estim\u00e9e\" \/>\n\t<meta name=\"twitter:data2\" content=\"1 minute\" \/>\n<script type=\"application\/ld+json\" class=\"yoast-schema-graph\">{\"@context\":\"https:\\\/\\\/schema.org\",\"@graph\":[{\"@type\":\"Article\",\"@id\":\"https:\\\/\\\/bladnanews.com\\\/barcelona-to-announce-laporta-project-renewal-after-league-title\\\/#article\",\"isPartOf\":{\"@id\":\"https:\\\/\\\/bladnanews.com\\\/barcelona-to-announce-laporta-project-renewal-after-league-title\\\/\"},\"author\":{\"name\":\"Bladna News Staff\",\"@id\":\"https:\\\/\\\/mediumseagreen-eel-531711.hostingersite.com\\\/#\\\/schema\\\/person\\\/268e18a453ab080ebf76df6ef7845083\"},\"headline\":\"Barcelona to announce Laporta project renewal after league title\",\"datePublished\":\"2026-04-29T14:50:38+00:00\",\"mainEntityOfPage\":{\"@id\":\"https:\\\/\\\/bladnanews.com\\\/barcelona-to-announce-laporta-project-renewal-after-league-title\\\/\"},\"wordCount\":266,\"publisher\":{\"@id\":\"https:\\\/\\\/mediumseagreen-eel-531711.hostingersite.com\\\/#organization\"},\"image\":{\"@id\":\"https:\\\/\\\/bladnanews.com\\\/barcelona-to-announce-laporta-project-renewal-after-league-title\\\/#primaryimage\"},\"thumbnailUrl\":\"https:\\\/\\\/bladnanews.com\\\/wp-content\\\/uploads\\\/2026\\\/04\\\/GettyImages-2266296467.jpg-scaled.jpg\",\"articleSection\":[\"International\",\"Latest News\"],\"inLanguage\":\"fr-FR\",\"copyrightYear\":\"2026\",\"copyrightHolder\":{\"@id\":\"https:\\\/\\\/bladnanews.com\\\/fr\\\/#organization\"}},{\"@type\":\"WebPage\",\"@id\":\"https:\\\/\\\/bladnanews.com\\\/barcelona-to-announce-laporta-project-renewal-after-league-title\\\/\",\"url\":\"https:\\\/\\\/bladnanews.com\\\/barcelona-to-announce-laporta-project-renewal-after-league-title\\\/\",\"name\":\"Barcelona to announce Laporta project renewal after league title - Bladna News\",\"isPartOf\":{\"@id\":\"https:\\\/\\\/mediumseagreen-eel-531711.hostingersite.com\\\/#website\"},\"primaryImageOfPage\":{\"@id\":\"https:\\\/\\\/bladnanews.com\\\/barcelona-to-announce-laporta-project-renewal-after-league-title\\\/#primaryimage\"},\"image\":{\"@id\":\"https:\\\/\\\/bladnanews.com\\\/barcelona-to-announce-laporta-project-renewal-after-league-title\\\/#primaryimage\"},\"thumbnailUrl\":\"https:\\\/\\\/bladnanews.com\\\/wp-content\\\/uploads\\\/2026\\\/04\\\/GettyImages-2266296467.jpg-scaled.jpg\",\"datePublished\":\"2026-04-29T14:50:38+00:00\",\"breadcrumb\":{\"@id\":\"https:\\\/\\\/bladnanews.com\\\/barcelona-to-announce-laporta-project-renewal-after-league-title\\\/#breadcrumb\"},\"inLanguage\":\"fr-FR\",\"potentialAction\":[{\"@type\":\"ReadAction\",\"target\":[\"https:\\\/\\\/bladnanews.com\\\/barcelona-to-announce-laporta-project-renewal-after-league-title\\\/\"]}]},{\"@type\":\"ImageObject\",\"inLanguage\":\"fr-FR\",\"@id\":\"https:\\\/\\\/bladnanews.com\\\/barcelona-to-announce-laporta-project-renewal-after-league-title\\\/#primaryimage\",\"url\":\"https:\\\/\\\/bladnanews.com\\\/wp-content\\\/uploads\\\/2026\\\/04\\\/GettyImages-2266296467.jpg-scaled.jpg\",\"contentUrl\":\"https:\\\/\\\/bladnanews.com\\\/wp-content\\\/uploads\\\/2026\\\/04\\\/GettyImages-2266296467.jpg-scaled.jpg\",\"width\":2560,\"height\":1440,\"caption\":\"Barcelona to announce Laporta project renewal after league title\"},{\"@type\":\"BreadcrumbList\",\"@id\":\"https:\\\/\\\/bladnanews.com\\\/barcelona-to-announce-laporta-project-renewal-after-league-title\\\/#breadcrumb\",\"itemListElement\":[{\"@type\":\"ListItem\",\"position\":1,\"name\":\"Home\",\"item\":\"https:\\\/\\\/bladnanews.com\\\/\"},{\"@type\":\"ListItem\",\"position\":2,\"name\":\"Barcelona to announce Laporta project renewal after league title\"}]},{\"@type\":\"WebSite\",\"@id\":\"https:\\\/\\\/mediumseagreen-eel-531711.hostingersite.com\\\/#website\",\"url\":\"https:\\\/\\\/mediumseagreen-eel-531711.hostingersite.com\\\/\",\"name\":\"Bladna News - Morocco\",\"description\":\"Where Moroccan Football Meets the World\",\"publisher\":{\"@id\":\"https:\\\/\\\/mediumseagreen-eel-531711.hostingersite.com\\\/#organization\"},\"potentialAction\":[{\"@type\":\"SearchAction\",\"target\":{\"@type\":\"EntryPoint\",\"urlTemplate\":\"https:\\\/\\\/mediumseagreen-eel-531711.hostingersite.com\\\/?s={search_term_string}\"},\"query-input\":{\"@type\":\"PropertyValueSpecification\",\"valueRequired\":true,\"valueName\":\"search_term_string\"}}],\"inLanguage\":\"fr-FR\"},{\"@type\":\"Organization\",\"@id\":\"https:\\\/\\\/mediumseagreen-eel-531711.hostingersite.com\\\/#organization\",\"name\":\"Bladna News.com\",\"url\":\"https:\\\/\\\/mediumseagreen-eel-531711.hostingersite.com\\\/\",\"logo\":{\"@type\":\"ImageObject\",\"inLanguage\":\"fr-FR\",\"@id\":\"https:\\\/\\\/mediumseagreen-eel-531711.hostingersite.com\\\/#\\\/schema\\\/logo\\\/image\\\/\",\"url\":\"https:\\\/\\\/bladnanews.com\\\/wp-content\\\/uploads\\\/2025\\\/12\\\/logo-bladnanews-V2-web-black-red.png\",\"contentUrl\":\"https:\\\/\\\/bladnanews.com\\\/wp-content\\\/uploads\\\/2025\\\/12\\\/logo-bladnanews-V2-web-black-red.png\",\"width\":703,\"height\":287,\"caption\":\"Bladna News.com\"},\"image\":{\"@id\":\"https:\\\/\\\/mediumseagreen-eel-531711.hostingersite.com\\\/#\\\/schema\\\/logo\\\/image\\\/\"},\"email\":\"info@bladnanews.com\",\"legalName\":\"Bladna News\"},{\"@type\":\"Person\",\"@id\":\"https:\\\/\\\/mediumseagreen-eel-531711.hostingersite.com\\\/#\\\/schema\\\/person\\\/268e18a453ab080ebf76df6ef7845083\",\"name\":\"Bladna News Staff\",\"url\":\"https:\\\/\\\/bladnanews.com\\\/fr\\\/author\\\/bladna-news-staff\\\/\"}]}<\/script>\n<!-- \/ Yoast SEO Premium plugin. -->","yoast_head_json":{"title":"Barcelone annoncera le renouvellement du projet Laporta apr\u00e8s le titre de champion - Bladna News","robots":{"index":"index","follow":"follow","max-snippet":"max-snippet:-1","max-image-preview":"max-image-preview:large","max-video-preview":"max-video-preview:-1"},"canonical":"https:\/\/bladnanews.com\/fr\/barcelone-annoncera-le-renouvellement-du-projet-laporta-apres-le-titre-de-championnat\/","og_locale":"fr_FR","og_type":"article","og_title":"Barcelona to announce Laporta project renewal after league title","og_description":"Barcelona president Joan Laporta has decided to secure the future of his project at the club, with the official announcement [&hellip;]","og_url":"https:\/\/bladnanews.com\/fr\/barcelone-annoncera-le-renouvellement-du-projet-laporta-apres-le-titre-de-championnat\/","og_site_name":"Bladna News","article_published_time":"2026-04-29T14:50:38+00:00","og_image":[{"width":1312,"height":736,"url":"https:\/\/bladnanews.com\/wp-content\/uploads\/2025\/12\/freepik__bladna-newscom-moroccan-soccer-homepage-banner-mor__41838.png","type":"image\/png"}],"author":"Bladna News Staff","twitter_card":"summary_large_image","twitter_misc":{"\u00c9crit par":"Bladna News Staff","Dur\u00e9e de lecture estim\u00e9e":"1 minute"},"schema":{"@context":"https:\/\/schema.org","@graph":[{"@type":"Article","@id":"https:\/\/bladnanews.com\/barcelona-to-announce-laporta-project-renewal-after-league-title\/#article","isPartOf":{"@id":"https:\/\/bladnanews.com\/barcelona-to-announce-laporta-project-renewal-after-league-title\/"},"author":{"name":"Bladna News Staff","@id":"https:\/\/mediumseagreen-eel-531711.hostingersite.com\/#\/schema\/person\/268e18a453ab080ebf76df6ef7845083"},"headline":"Barcelona to announce Laporta project renewal after league title","datePublished":"2026-04-29T14:50:38+00:00","mainEntityOfPage":{"@id":"https:\/\/bladnanews.com\/barcelona-to-announce-laporta-project-renewal-after-league-title\/"},"wordCount":266,"publisher":{"@id":"https:\/\/mediumseagreen-eel-531711.hostingersite.com\/#organization"},"image":{"@id":"https:\/\/bladnanews.com\/barcelona-to-announce-laporta-project-renewal-after-league-title\/#primaryimage"},"thumbnailUrl":"https:\/\/bladnanews.com\/wp-content\/uploads\/2026\/04\/GettyImages-2266296467.jpg-scaled.jpg","articleSection":["International","Latest News"],"inLanguage":"fr-FR","copyrightYear":"2026","copyrightHolder":{"@id":"https:\/\/bladnanews.com\/fr\/#organization"}},{"@type":"WebPage","@id":"https:\/\/bladnanews.com\/barcelona-to-announce-laporta-project-renewal-after-league-title\/","url":"https:\/\/bladnanews.com\/barcelona-to-announce-laporta-project-renewal-after-league-title\/","name":"Barcelone annoncera le renouvellement du projet Laporta apr\u00e8s le titre de champion - Bladna News","isPartOf":{"@id":"https:\/\/mediumseagreen-eel-531711.hostingersite.com\/#website"},"primaryImageOfPage":{"@id":"https:\/\/bladnanews.com\/barcelona-to-announce-laporta-project-renewal-after-league-title\/#primaryimage"},"image":{"@id":"https:\/\/bladnanews.com\/barcelona-to-announce-laporta-project-renewal-after-league-title\/#primaryimage"},"thumbnailUrl":"https:\/\/bladnanews.com\/wp-content\/uploads\/2026\/04\/GettyImages-2266296467.jpg-scaled.jpg","datePublished":"2026-04-29T14:50:38+00:00","breadcrumb":{"@id":"https:\/\/bladnanews.com\/barcelona-to-announce-laporta-project-renewal-after-league-title\/#breadcrumb"},"inLanguage":"fr-FR","potentialAction":[{"@type":"ReadAction","target":["https:\/\/bladnanews.com\/barcelona-to-announce-laporta-project-renewal-after-league-title\/"]}]},{"@type":"ImageObject","inLanguage":"fr-FR","@id":"https:\/\/bladnanews.com\/barcelona-to-announce-laporta-project-renewal-after-league-title\/#primaryimage","url":"https:\/\/bladnanews.com\/wp-content\/uploads\/2026\/04\/GettyImages-2266296467.jpg-scaled.jpg","contentUrl":"https:\/\/bladnanews.com\/wp-content\/uploads\/2026\/04\/GettyImages-2266296467.jpg-scaled.jpg","width":2560,"height":1440,"caption":"Barcelona to announce Laporta project renewal after league title"},{"@type":"BreadcrumbList","@id":"https:\/\/bladnanews.com\/barcelona-to-announce-laporta-project-renewal-after-league-title\/#breadcrumb","itemListElement":[{"@type":"ListItem","position":1,"name":"Home","item":"https:\/\/bladnanews.com\/"},{"@type":"ListItem","position":2,"name":"Barcelona to announce Laporta project renewal after league title"}]},{"@type":"WebSite","@id":"https:\/\/mediumseagreen-eel-531711.hostingersite.com\/#website","url":"https:\/\/mediumseagreen-eel-531711.hostingersite.com\/","name":"Bladna News - Maroc","description":"Quand le football marocain rencontre le monde","publisher":{"@id":"https:\/\/mediumseagreen-eel-531711.hostingersite.com\/#organization"},"potentialAction":[{"@type":"SearchAction","target":{"@type":"EntryPoint","urlTemplate":"https:\/\/mediumseagreen-eel-531711.hostingersite.com\/?s={search_term_string}"},"query-input":{"@type":"PropertyValueSpecification","valueRequired":true,"valueName":"search_term_string"}}],"inLanguage":"fr-FR"},{"@type":"Organization","@id":"https:\/\/mediumseagreen-eel-531711.hostingersite.com\/#organization","name":"Bladna News.com","url":"https:\/\/mediumseagreen-eel-531711.hostingersite.com\/","logo":{"@type":"ImageObject","inLanguage":"fr-FR","@id":"https:\/\/mediumseagreen-eel-531711.hostingersite.com\/#\/schema\/logo\/image\/","url":"https:\/\/bladnanews.com\/wp-content\/uploads\/2025\/12\/logo-bladnanews-V2-web-black-red.png","contentUrl":"https:\/\/bladnanews.com\/wp-content\/uploads\/2025\/12\/logo-bladnanews-V2-web-black-red.png","width":703,"height":287,"caption":"Bladna News.com"},"image":{"@id":"https:\/\/mediumseagreen-eel-531711.hostingersite.com\/#\/schema\/logo\/image\/"},"email":"info@bladnanews.com","legalName":"Bladna News"},{"@type":"Person","@id":"https:\/\/mediumseagreen-eel-531711.hostingersite.com\/#\/schema\/person\/268e18a453ab080ebf76df6ef7845083","name":"\u00c9quipe r\u00e9dactionnelle de Bladna News","url":"https:\/\/bladnanews.com\/fr\/author\/bladna-news-staff\/"}]}},"_links":{"self":[{"href":"https:\/\/bladnanews.com\/fr\/wp-json\/wp\/v2\/posts\/11085","targetHints":{"allow":["GET"]}}],"collection":[{"href":"https:\/\/bladnanews.com\/fr\/wp-json\/wp\/v2\/posts"}],"about":[{"href":"https:\/\/bladnanews.com\/fr\/wp-json\/wp\/v2\/types\/post"}],"author":[{"embeddable":true,"href":"https:\/\/bladnanews.com\/fr\/wp-json\/wp\/v2\/users\/3"}],"replies":[{"embeddable":true,"href":"https:\/\/bladnanews.com\/fr\/wp-json\/wp\/v2\/comments?post=11085"}],"version-history":[{"count":0,"href":"https:\/\/bladnanews.com\/fr\/wp-json\/wp\/v2\/posts\/11085\/revisions"}],"wp:featuredmedia":[{"embeddable":true,"href":"https:\/\/bladnanews.com\/fr\/wp-json\/wp\/v2\/media\/11084"}],"wp:attachment":[{"href":"https:\/\/bladnanews.com\/fr\/wp-json\/wp\/v2\/media?parent=11085"}],"wp:term":[{"taxonomy":"category","embeddable":true,"href":"https:\/\/bladnanews.com\/fr\/wp-json\/wp\/v2\/categories?post=11085"},{"taxonomy":"post_tag","embeddable":true,"href":"https:\/\/bladnanews.com\/fr\/wp-json\/wp\/v2\/tags?post=11085"}],"curies":[{"name":"wp","href":"https:\/\/api.w.org\/{rel}","templated":true}]}}