{"id":11093,"date":"2026-04-29T20:09:31","date_gmt":"2026-04-29T20:09:31","guid":{"rendered":"https:\/\/bladnanews.com\/iranian-delegation-withdraws-from-fifa-congress-in-canada\/"},"modified":"2026-04-29T20:09:31","modified_gmt":"2026-04-29T20:09:31","slug":"la-delegation-iranienne-se-retire-du-congres-de-la-fifa-au-canada","status":"publish","type":"post","link":"https:\/\/bladnanews.com\/fr\/la-delegation-iranienne-se-retire-du-congres-de-la-fifa-au-canada\/","title":{"rendered":"La d\u00e9l\u00e9gation iranienne se retire du congr\u00e8s de la FIFA au Canada."},"content":{"rendered":"<p>La d\u00e9l\u00e9gation iranienne de football s'est retir\u00e9e du Congr\u00e8s de la FIFA en cours au Canada, provoquant une soudaine agitation diplomatique lors de l'\u00e9v\u00e9nement. Ce retrait a \u00e9t\u00e9 confirm\u00e9 le mercredi 2026, lors du deuxi\u00e8me jour du congr\u00e8s tenu \u00e0 Toronto.<\/p>\n<p>Selon des sources officielles au sein du camp iranien, cette d\u00e9cision fait suite \u00e0 un diff\u00e9rend concernant l'accr\u00e9ditation de certains d\u00e9l\u00e9gu\u00e9s. La F\u00e9d\u00e9ration iranienne de football a d\u00e9clar\u00e9 que ses repr\u00e9sentants n'avaient pas obtenu les accr\u00e9ditations n\u00e9cessaires pour participer pleinement aux sessions du congr\u00e8s. Cela, selon eux, rendait leur pr\u00e9sence continue sans objet.<\/p>\n<p>Ce retrait est survenu juste avant un vote cl\u00e9 sur les droits d'organisation de la Coupe du Monde 2026. L'Iran \u00e9tait cens\u00e9 soutenir la candidature conjointe des \u00c9tats-Unis, du Canada et du Mexique. Cette sortie soudaine a surpris de nombreux d\u00e9l\u00e9gu\u00e9s et responsables de la FIFA.<\/p>\n<p>Un porte-parole de la FIFA a confirm\u00e9 que la question \u00e9tait en cours d'examen. \u201c Nous sommes conscients de la situation concernant la d\u00e9l\u00e9gation iranienne. Nous sommes en contact avec eux pour r\u00e9soudre le probl\u00e8me \u201d, a d\u00e9clar\u00e9 le porte-parole. Aucun autre d\u00e9tail n'a \u00e9t\u00e9 fourni sur la nature du probl\u00e8me d'accr\u00e9ditation.<\/p>\n<p>L'\u00e9quipe iranienne \u00e9tait arriv\u00e9e au Canada plus t\u00f4t cette semaine avec un programme complet de r\u00e9unions. Leur d\u00e9part abrupt soul\u00e8ve d\u00e9sormais des questions sur la participation future du pays aux \u00e9v\u00e9nements de la FIFA. La f\u00e9d\u00e9ration iranienne n'a pas encore publi\u00e9 de d\u00e9claration officielle expliquant les raisons compl\u00e8tes de cette d\u00e9cision.<\/p>\n<p>Cet incident s'ajoute \u00e0 une s\u00e9rie de tensions politiques entourant la Coupe du Monde 2026. Le tournoi doit \u00eatre organis\u00e9 dans trois pays nord-am\u00e9ricains, et le retrait de l'Iran du congr\u00e8s pourrait signaler des d\u00e9saccords plus profonds en coulisses.<\/p>","protected":false},"excerpt":{"rendered":"<p>The Iranian football delegation has pulled out of the ongoing FIFA Congress in Canada, creating a sudden diplomatic stir at [&hellip;]<\/p>\n","protected":false},"author":3,"featured_media":11092,"comment_status":"","ping_status":"open","sticky":false,"template":"","format":"standard","meta":{"googlesitekit_rrm_CAow_uzEDA:productID":"","site-sidebar-layout":"default","site-content-layout":"","ast-site-content-layout":"default","site-content-style":"default","site-sidebar-style":"default","ast-global-header-display":"","ast-banner-title-visibility":"","ast-main-header-display":"","ast-hfb-above-header-display":"","ast-hfb-below-header-display":"","ast-hfb-mobile-header-display":"","site-post-title":"","ast-breadcrumbs-content":"","ast-featured-img":"","footer-sml-layout":"","ast-disable-related-posts":"","theme-transparent-header-meta":"","adv-header-id-meta":"","stick-header-meta":"","header-above-stick-meta":"","header-main-stick-meta":"","header-below-stick-meta":"","astra-migrate-meta-layouts":"default","ast-page-background-enabled":"default","ast-page-background-meta":{"desktop":{"background-color":"var(--ast-global-color-5)","background-image":"","background-repeat":"repeat","background-position":"center center","background-size":"auto","background-attachment":"scroll","background-type":"","background-media":"","overlay-type":"","overlay-color":"","overlay-opacity":"","overlay-gradient":""},"tablet":{"background-color":"","background-image":"","background-repeat":"repeat","background-position":"center center","background-size":"auto","background-attachment":"scroll","background-type":"","background-media":"","overlay-type":"","overlay-color":"","overlay-opacity":"","overlay-gradient":""},"mobile":{"background-color":"","background-image":"","background-repeat":"repeat","background-position":"center center","background-size":"auto","background-attachment":"scroll","background-type":"","background-media":"","overlay-type":"","overlay-color":"","overlay-opacity":"","overlay-gradient":""}},"ast-content-background-meta":{"desktop":{"background-color":"var(--ast-global-color-4)","background-image":"","background-repeat":"repeat","background-position":"center center","background-size":"auto","background-attachment":"scroll","background-type":"","background-media":"","overlay-type":"","overlay-color":"","overlay-opacity":"","overlay-gradient":""},"tablet":{"background-color":"var(--ast-global-color-4)","background-image":"","background-repeat":"repeat","background-position":"center center","background-size":"auto","background-attachment":"scroll","background-type":"","background-media":"","overlay-type":"","overlay-color":"","overlay-opacity":"","overlay-gradient":""},"mobile":{"background-color":"var(--ast-global-color-4)","background-image":"","background-repeat":"repeat","background-position":"center center","background-size":"auto","background-attachment":"scroll","background-type":"","background-media":"","overlay-type":"","overlay-color":"","overlay-opacity":"","overlay-gradient":""}},"footnotes":""},"categories":[20,1],"tags":[],"class_list":["post-11093","post","type-post","status-publish","format-standard","has-post-thumbnail","hentry","category-international","category-football-latest-news"],"yoast_head":"<!-- This site is optimized with the Yoast SEO Premium plugin v26.6 (Yoast SEO v27.5) - https:\/\/yoast.com\/product\/yoast-seo-premium-wordpress\/ -->\n<title>Iranian delegation withdraws from Fifa congress in Canada - Bladna News<\/title>\n<meta name=\"robots\" content=\"index, follow, max-snippet:-1, max-image-preview:large, max-video-preview:-1\" \/>\n<link rel=\"canonical\" href=\"https:\/\/bladnanews.com\/fr\/la-delegation-iranienne-se-retire-du-congres-de-la-fifa-au-canada\/\" \/>\n<meta property=\"og:locale\" content=\"fr_FR\" \/>\n<meta property=\"og:type\" content=\"article\" \/>\n<meta property=\"og:title\" content=\"Iranian delegation withdraws from Fifa congress in Canada\" \/>\n<meta property=\"og:description\" content=\"The Iranian football delegation has pulled out of the ongoing FIFA Congress in Canada, creating a sudden diplomatic stir at [&hellip;]\" \/>\n<meta property=\"og:url\" content=\"https:\/\/bladnanews.com\/fr\/la-delegation-iranienne-se-retire-du-congres-de-la-fifa-au-canada\/\" \/>\n<meta property=\"og:site_name\" content=\"Bladna News\" \/>\n<meta property=\"article:published_time\" content=\"2026-04-29T20:09:31+00:00\" \/>\n<meta property=\"og:image\" content=\"https:\/\/bladnanews.com\/wp-content\/uploads\/2025\/12\/freepik__bladna-newscom-moroccan-soccer-homepage-banner-mor__41838.png\" \/>\n\t<meta property=\"og:image:width\" content=\"1312\" \/>\n\t<meta property=\"og:image:height\" content=\"736\" \/>\n\t<meta property=\"og:image:type\" content=\"image\/png\" \/>\n<meta name=\"author\" content=\"Bladna News Staff\" \/>\n<meta name=\"twitter:card\" content=\"summary_large_image\" \/>\n<meta name=\"twitter:label1\" content=\"\u00c9crit par\" \/>\n\t<meta name=\"twitter:data1\" content=\"Bladna News Staff\" \/>\n\t<meta name=\"twitter:label2\" content=\"Dur\u00e9e de lecture estim\u00e9e\" \/>\n\t<meta name=\"twitter:data2\" content=\"1 minute\" \/>\n<script type=\"application\/ld+json\" class=\"yoast-schema-graph\">{\"@context\":\"https:\\\/\\\/schema.org\",\"@graph\":[{\"@type\":\"Article\",\"@id\":\"https:\\\/\\\/bladnanews.com\\\/iranian-delegation-withdraws-from-fifa-congress-in-canada\\\/#article\",\"isPartOf\":{\"@id\":\"https:\\\/\\\/bladnanews.com\\\/iranian-delegation-withdraws-from-fifa-congress-in-canada\\\/\"},\"author\":{\"name\":\"Bladna News Staff\",\"@id\":\"https:\\\/\\\/mediumseagreen-eel-531711.hostingersite.com\\\/#\\\/schema\\\/person\\\/268e18a453ab080ebf76df6ef7845083\"},\"headline\":\"Iranian delegation withdraws from Fifa congress in Canada\",\"datePublished\":\"2026-04-29T20:09:31+00:00\",\"mainEntityOfPage\":{\"@id\":\"https:\\\/\\\/bladnanews.com\\\/iranian-delegation-withdraws-from-fifa-congress-in-canada\\\/\"},\"wordCount\":267,\"publisher\":{\"@id\":\"https:\\\/\\\/mediumseagreen-eel-531711.hostingersite.com\\\/#organization\"},\"image\":{\"@id\":\"https:\\\/\\\/bladnanews.com\\\/iranian-delegation-withdraws-from-fifa-congress-in-canada\\\/#primaryimage\"},\"thumbnailUrl\":\"https:\\\/\\\/bladnanews.com\\\/wp-content\\\/uploads\\\/2026\\\/04\\\/GettyImages-2177860136.jpg-scaled.jpg\",\"articleSection\":[\"International\",\"Latest News\"],\"inLanguage\":\"fr-FR\",\"copyrightYear\":\"2026\",\"copyrightHolder\":{\"@id\":\"https:\\\/\\\/bladnanews.com\\\/fr\\\/#organization\"}},{\"@type\":\"WebPage\",\"@id\":\"https:\\\/\\\/bladnanews.com\\\/iranian-delegation-withdraws-from-fifa-congress-in-canada\\\/\",\"url\":\"https:\\\/\\\/bladnanews.com\\\/iranian-delegation-withdraws-from-fifa-congress-in-canada\\\/\",\"name\":\"Iranian delegation withdraws from Fifa congress in Canada - Bladna News\",\"isPartOf\":{\"@id\":\"https:\\\/\\\/mediumseagreen-eel-531711.hostingersite.com\\\/#website\"},\"primaryImageOfPage\":{\"@id\":\"https:\\\/\\\/bladnanews.com\\\/iranian-delegation-withdraws-from-fifa-congress-in-canada\\\/#primaryimage\"},\"image\":{\"@id\":\"https:\\\/\\\/bladnanews.com\\\/iranian-delegation-withdraws-from-fifa-congress-in-canada\\\/#primaryimage\"},\"thumbnailUrl\":\"https:\\\/\\\/bladnanews.com\\\/wp-content\\\/uploads\\\/2026\\\/04\\\/GettyImages-2177860136.jpg-scaled.jpg\",\"datePublished\":\"2026-04-29T20:09:31+00:00\",\"breadcrumb\":{\"@id\":\"https:\\\/\\\/bladnanews.com\\\/iranian-delegation-withdraws-from-fifa-congress-in-canada\\\/#breadcrumb\"},\"inLanguage\":\"fr-FR\",\"potentialAction\":[{\"@type\":\"ReadAction\",\"target\":[\"https:\\\/\\\/bladnanews.com\\\/iranian-delegation-withdraws-from-fifa-congress-in-canada\\\/\"]}]},{\"@type\":\"ImageObject\",\"inLanguage\":\"fr-FR\",\"@id\":\"https:\\\/\\\/bladnanews.com\\\/iranian-delegation-withdraws-from-fifa-congress-in-canada\\\/#primaryimage\",\"url\":\"https:\\\/\\\/bladnanews.com\\\/wp-content\\\/uploads\\\/2026\\\/04\\\/GettyImages-2177860136.jpg-scaled.jpg\",\"contentUrl\":\"https:\\\/\\\/bladnanews.com\\\/wp-content\\\/uploads\\\/2026\\\/04\\\/GettyImages-2177860136.jpg-scaled.jpg\",\"width\":2560,\"height\":1440,\"caption\":\"Iranian delegation withdraws from Fifa congress in Canada\"},{\"@type\":\"BreadcrumbList\",\"@id\":\"https:\\\/\\\/bladnanews.com\\\/iranian-delegation-withdraws-from-fifa-congress-in-canada\\\/#breadcrumb\",\"itemListElement\":[{\"@type\":\"ListItem\",\"position\":1,\"name\":\"Home\",\"item\":\"https:\\\/\\\/bladnanews.com\\\/\"},{\"@type\":\"ListItem\",\"position\":2,\"name\":\"Iranian delegation withdraws from Fifa congress in Canada\"}]},{\"@type\":\"WebSite\",\"@id\":\"https:\\\/\\\/mediumseagreen-eel-531711.hostingersite.com\\\/#website\",\"url\":\"https:\\\/\\\/mediumseagreen-eel-531711.hostingersite.com\\\/\",\"name\":\"Bladna News - Morocco\",\"description\":\"Where Moroccan Football Meets the World\",\"publisher\":{\"@id\":\"https:\\\/\\\/mediumseagreen-eel-531711.hostingersite.com\\\/#organization\"},\"potentialAction\":[{\"@type\":\"SearchAction\",\"target\":{\"@type\":\"EntryPoint\",\"urlTemplate\":\"https:\\\/\\\/mediumseagreen-eel-531711.hostingersite.com\\\/?s={search_term_string}\"},\"query-input\":{\"@type\":\"PropertyValueSpecification\",\"valueRequired\":true,\"valueName\":\"search_term_string\"}}],\"inLanguage\":\"fr-FR\"},{\"@type\":\"Organization\",\"@id\":\"https:\\\/\\\/mediumseagreen-eel-531711.hostingersite.com\\\/#organization\",\"name\":\"Bladna News.com\",\"url\":\"https:\\\/\\\/mediumseagreen-eel-531711.hostingersite.com\\\/\",\"logo\":{\"@type\":\"ImageObject\",\"inLanguage\":\"fr-FR\",\"@id\":\"https:\\\/\\\/mediumseagreen-eel-531711.hostingersite.com\\\/#\\\/schema\\\/logo\\\/image\\\/\",\"url\":\"https:\\\/\\\/bladnanews.com\\\/wp-content\\\/uploads\\\/2025\\\/12\\\/logo-bladnanews-V2-web-black-red.png\",\"contentUrl\":\"https:\\\/\\\/bladnanews.com\\\/wp-content\\\/uploads\\\/2025\\\/12\\\/logo-bladnanews-V2-web-black-red.png\",\"width\":703,\"height\":287,\"caption\":\"Bladna News.com\"},\"image\":{\"@id\":\"https:\\\/\\\/mediumseagreen-eel-531711.hostingersite.com\\\/#\\\/schema\\\/logo\\\/image\\\/\"},\"email\":\"info@bladnanews.com\",\"legalName\":\"Bladna News\"},{\"@type\":\"Person\",\"@id\":\"https:\\\/\\\/mediumseagreen-eel-531711.hostingersite.com\\\/#\\\/schema\\\/person\\\/268e18a453ab080ebf76df6ef7845083\",\"name\":\"Bladna News Staff\",\"url\":\"https:\\\/\\\/bladnanews.com\\\/fr\\\/author\\\/bladna-news-staff\\\/\"}]}<\/script>\n<!-- \/ Yoast SEO Premium plugin. -->","yoast_head_json":{"title":"La d\u00e9l\u00e9gation iranienne se retire du congr\u00e8s de la Fifa au Canada - Bladna News","robots":{"index":"index","follow":"follow","max-snippet":"max-snippet:-1","max-image-preview":"max-image-preview:large","max-video-preview":"max-video-preview:-1"},"canonical":"https:\/\/bladnanews.com\/fr\/la-delegation-iranienne-se-retire-du-congres-de-la-fifa-au-canada\/","og_locale":"fr_FR","og_type":"article","og_title":"Iranian delegation withdraws from Fifa congress in Canada","og_description":"The Iranian football delegation has pulled out of the ongoing FIFA Congress in Canada, creating a sudden diplomatic stir at [&hellip;]","og_url":"https:\/\/bladnanews.com\/fr\/la-delegation-iranienne-se-retire-du-congres-de-la-fifa-au-canada\/","og_site_name":"Bladna News","article_published_time":"2026-04-29T20:09:31+00:00","og_image":[{"width":1312,"height":736,"url":"https:\/\/bladnanews.com\/wp-content\/uploads\/2025\/12\/freepik__bladna-newscom-moroccan-soccer-homepage-banner-mor__41838.png","type":"image\/png"}],"author":"Bladna News Staff","twitter_card":"summary_large_image","twitter_misc":{"\u00c9crit par":"Bladna News Staff","Dur\u00e9e de lecture estim\u00e9e":"1 minute"},"schema":{"@context":"https:\/\/schema.org","@graph":[{"@type":"Article","@id":"https:\/\/bladnanews.com\/iranian-delegation-withdraws-from-fifa-congress-in-canada\/#article","isPartOf":{"@id":"https:\/\/bladnanews.com\/iranian-delegation-withdraws-from-fifa-congress-in-canada\/"},"author":{"name":"Bladna News Staff","@id":"https:\/\/mediumseagreen-eel-531711.hostingersite.com\/#\/schema\/person\/268e18a453ab080ebf76df6ef7845083"},"headline":"Iranian delegation withdraws from Fifa congress in Canada","datePublished":"2026-04-29T20:09:31+00:00","mainEntityOfPage":{"@id":"https:\/\/bladnanews.com\/iranian-delegation-withdraws-from-fifa-congress-in-canada\/"},"wordCount":267,"publisher":{"@id":"https:\/\/mediumseagreen-eel-531711.hostingersite.com\/#organization"},"image":{"@id":"https:\/\/bladnanews.com\/iranian-delegation-withdraws-from-fifa-congress-in-canada\/#primaryimage"},"thumbnailUrl":"https:\/\/bladnanews.com\/wp-content\/uploads\/2026\/04\/GettyImages-2177860136.jpg-scaled.jpg","articleSection":["International","Latest News"],"inLanguage":"fr-FR","copyrightYear":"2026","copyrightHolder":{"@id":"https:\/\/bladnanews.com\/fr\/#organization"}},{"@type":"WebPage","@id":"https:\/\/bladnanews.com\/iranian-delegation-withdraws-from-fifa-congress-in-canada\/","url":"https:\/\/bladnanews.com\/iranian-delegation-withdraws-from-fifa-congress-in-canada\/","name":"La d\u00e9l\u00e9gation iranienne se retire du congr\u00e8s de la Fifa au Canada - Bladna News","isPartOf":{"@id":"https:\/\/mediumseagreen-eel-531711.hostingersite.com\/#website"},"primaryImageOfPage":{"@id":"https:\/\/bladnanews.com\/iranian-delegation-withdraws-from-fifa-congress-in-canada\/#primaryimage"},"image":{"@id":"https:\/\/bladnanews.com\/iranian-delegation-withdraws-from-fifa-congress-in-canada\/#primaryimage"},"thumbnailUrl":"https:\/\/bladnanews.com\/wp-content\/uploads\/2026\/04\/GettyImages-2177860136.jpg-scaled.jpg","datePublished":"2026-04-29T20:09:31+00:00","breadcrumb":{"@id":"https:\/\/bladnanews.com\/iranian-delegation-withdraws-from-fifa-congress-in-canada\/#breadcrumb"},"inLanguage":"fr-FR","potentialAction":[{"@type":"ReadAction","target":["https:\/\/bladnanews.com\/iranian-delegation-withdraws-from-fifa-congress-in-canada\/"]}]},{"@type":"ImageObject","inLanguage":"fr-FR","@id":"https:\/\/bladnanews.com\/iranian-delegation-withdraws-from-fifa-congress-in-canada\/#primaryimage","url":"https:\/\/bladnanews.com\/wp-content\/uploads\/2026\/04\/GettyImages-2177860136.jpg-scaled.jpg","contentUrl":"https:\/\/bladnanews.com\/wp-content\/uploads\/2026\/04\/GettyImages-2177860136.jpg-scaled.jpg","width":2560,"height":1440,"caption":"Iranian delegation withdraws from Fifa congress in Canada"},{"@type":"BreadcrumbList","@id":"https:\/\/bladnanews.com\/iranian-delegation-withdraws-from-fifa-congress-in-canada\/#breadcrumb","itemListElement":[{"@type":"ListItem","position":1,"name":"Home","item":"https:\/\/bladnanews.com\/"},{"@type":"ListItem","position":2,"name":"Iranian delegation withdraws from Fifa congress in Canada"}]},{"@type":"WebSite","@id":"https:\/\/mediumseagreen-eel-531711.hostingersite.com\/#website","url":"https:\/\/mediumseagreen-eel-531711.hostingersite.com\/","name":"Bladna News - Maroc","description":"Quand le football marocain rencontre le monde","publisher":{"@id":"https:\/\/mediumseagreen-eel-531711.hostingersite.com\/#organization"},"potentialAction":[{"@type":"SearchAction","target":{"@type":"EntryPoint","urlTemplate":"https:\/\/mediumseagreen-eel-531711.hostingersite.com\/?s={search_term_string}"},"query-input":{"@type":"PropertyValueSpecification","valueRequired":true,"valueName":"search_term_string"}}],"inLanguage":"fr-FR"},{"@type":"Organization","@id":"https:\/\/mediumseagreen-eel-531711.hostingersite.com\/#organization","name":"Bladna News.com","url":"https:\/\/mediumseagreen-eel-531711.hostingersite.com\/","logo":{"@type":"ImageObject","inLanguage":"fr-FR","@id":"https:\/\/mediumseagreen-eel-531711.hostingersite.com\/#\/schema\/logo\/image\/","url":"https:\/\/bladnanews.com\/wp-content\/uploads\/2025\/12\/logo-bladnanews-V2-web-black-red.png","contentUrl":"https:\/\/bladnanews.com\/wp-content\/uploads\/2025\/12\/logo-bladnanews-V2-web-black-red.png","width":703,"height":287,"caption":"Bladna News.com"},"image":{"@id":"https:\/\/mediumseagreen-eel-531711.hostingersite.com\/#\/schema\/logo\/image\/"},"email":"info@bladnanews.com","legalName":"Bladna News"},{"@type":"Person","@id":"https:\/\/mediumseagreen-eel-531711.hostingersite.com\/#\/schema\/person\/268e18a453ab080ebf76df6ef7845083","name":"\u00c9quipe r\u00e9dactionnelle de Bladna News","url":"https:\/\/bladnanews.com\/fr\/author\/bladna-news-staff\/"}]}},"_links":{"self":[{"href":"https:\/\/bladnanews.com\/fr\/wp-json\/wp\/v2\/posts\/11093","targetHints":{"allow":["GET"]}}],"collection":[{"href":"https:\/\/bladnanews.com\/fr\/wp-json\/wp\/v2\/posts"}],"about":[{"href":"https:\/\/bladnanews.com\/fr\/wp-json\/wp\/v2\/types\/post"}],"author":[{"embeddable":true,"href":"https:\/\/bladnanews.com\/fr\/wp-json\/wp\/v2\/users\/3"}],"replies":[{"embeddable":true,"href":"https:\/\/bladnanews.com\/fr\/wp-json\/wp\/v2\/comments?post=11093"}],"version-history":[{"count":0,"href":"https:\/\/bladnanews.com\/fr\/wp-json\/wp\/v2\/posts\/11093\/revisions"}],"wp:featuredmedia":[{"embeddable":true,"href":"https:\/\/bladnanews.com\/fr\/wp-json\/wp\/v2\/media\/11092"}],"wp:attachment":[{"href":"https:\/\/bladnanews.com\/fr\/wp-json\/wp\/v2\/media?parent=11093"}],"wp:term":[{"taxonomy":"category","embeddable":true,"href":"https:\/\/bladnanews.com\/fr\/wp-json\/wp\/v2\/categories?post=11093"},{"taxonomy":"post_tag","embeddable":true,"href":"https:\/\/bladnanews.com\/fr\/wp-json\/wp\/v2\/tags?post=11093"}],"curies":[{"name":"wp","href":"https:\/\/api.w.org\/{rel}","templated":true}]}}