{"id":11097,"date":"2026-04-29T20:22:44","date_gmt":"2026-04-29T20:22:44","guid":{"rendered":"https:\/\/bladnanews.com\/walid-regragui-ignites-real-madrid-dressing-room-with-mbappe-support\/"},"modified":"2026-04-29T20:22:44","modified_gmt":"2026-04-29T20:22:44","slug":"walid-regragui-enflamme-le-vestiaire-du-real-madrid-avec-son-soutien-a-mbappe","status":"publish","type":"post","link":"https:\/\/bladnanews.com\/fr\/walid-regragui-enflamme-le-vestiaire-du-real-madrid-avec-son-soutien-a-mbappe\/","title":{"rendered":"Walid Regragui enflamme le vestiaire du Real Madrid avec son soutien \u00e0 Mbapp\u00e9"},"content":{"rendered":"<p>Walid Regragui a suscit\u00e9 des tensions au sein du vestiaire du Real Madrid apr\u00e8s avoir ouvertement soutenu Kylian Mbapp\u00e9 durant une p\u00e9riode difficile pour la superstar fran\u00e7aise.<\/p>\n<p>Le s\u00e9lectionneur de l\u2019\u00e9quipe nationale du Maroc, qui a men\u00e9 son pays \u00e0 une demi-finale historique de la Coupe du Monde en 2022, a fait ces d\u00e9clarations lors d\u2019une r\u00e9cente interview. Regragui a affirm\u00e9 que Mbapp\u00e9 traverse une phase d\u2019adaptation naturelle au sein du g\u00e9ant espagnol et a appel\u00e9 \u00e0 la patience de la part des supporters et de la direction du club.<\/p>\n<p>\u201c Kylian a besoin de temps. Il est arriv\u00e9 dans un nouveau club, dans un nouveau championnat, avec de nouveaux co\u00e9quipiers. Ce n\u2019est facile pour aucun joueur, m\u00eame pour un joueur de son calibre \u201d, a d\u00e9clar\u00e9 Regragui. \u201c Je n\u2019ai aucun doute qu\u2019il r\u00e9ussira au Real Madrid. Le club doit le soutenir, non le mettre sous pression. \u201d<\/p>\n<p>Selon des sources proches du vestiaire, les propos de Regragui n\u2019ont pas \u00e9t\u00e9 bien accueillis par plusieurs joueurs cadres du Santiago Bernab\u00e9u. Certains membres de l\u2019effectif estiment que le s\u00e9lectionneur marocain a outrepass\u00e9 son r\u00f4le en commentant des affaires internes au club. D\u2019autres pensent que sa d\u00e9fense publique de Mbapp\u00e9 pourrait cr\u00e9er une division au sein du groupe, d\u2019autant plus compte tenu des exigences \u00e9lev\u00e9es attendues au club.<\/p>\n<p>Ces tensions surviennent \u00e0 un moment d\u00e9licat pour le Real Madrid. L\u2019\u00e9quipe lutte sur plusieurs fronts lors de la saison 2025-2026, et la forme de Mbapp\u00e9 est irr\u00e9guli\u00e8re depuis son transfert retentissant du Paris Saint-Germain \u00e0 l\u2019\u00e9t\u00e9 2024. L\u2019attaquant fran\u00e7ais a inscrit 18 buts toutes comp\u00e9titions confondues cette saison, mais ses performances ont suscit\u00e9 des critiques de la part de certains supporters et observateurs.<\/p>\n<p>Regragui, qui entretient une relation \u00e9troite avec Mbapp\u00e9 depuis leur passage commun en s\u00e9lection fran\u00e7aise, a insist\u00e9 sur le fait que ses commentaires \u00e9taient motiv\u00e9s par le respect envers le joueur et le club. \u201c Je ne m\u2019immisce pas. Je dis simplement ce que toute personne de football peut constater \u201d, a-t-il ajout\u00e9.<\/p>\n<p>Les dirigeants du Real Madrid ont refus\u00e9 de commenter cette affaire. Cependant, des sources indiquent que l\u2019entra\u00eeneur Carlo Ancelotti est conscient de la situation et se concentre sur le maintien de l\u2019harmonie au sein de l\u2019effectif avant une s\u00e9rie cruciale de matchs en Liga et en Ligue des Champions de l\u2019UEFA.<\/p>\n<p>Mbapp\u00e9 lui-m\u00eame n\u2019a pas r\u00e9pondu aux d\u00e9clarations de Regragui. Le joueur de 27 ans devrait \u00eatre titulaire lors du prochain match de championnat du Real Madrid contre l\u2019Athletic Bilbao, le samedi 15 mars 2026.<\/p>","protected":false},"excerpt":{"rendered":"<p>Walid Regragui has sparked tension inside the Real Madrid dressing room after openly backing Kylian Mbappe during a difficult period [&hellip;]<\/p>\n","protected":false},"author":3,"featured_media":11096,"comment_status":"","ping_status":"open","sticky":false,"template":"","format":"standard","meta":{"googlesitekit_rrm_CAow_uzEDA:productID":"","site-sidebar-layout":"default","site-content-layout":"","ast-site-content-layout":"default","site-content-style":"default","site-sidebar-style":"default","ast-global-header-display":"","ast-banner-title-visibility":"","ast-main-header-display":"","ast-hfb-above-header-display":"","ast-hfb-below-header-display":"","ast-hfb-mobile-header-display":"","site-post-title":"","ast-breadcrumbs-content":"","ast-featured-img":"","footer-sml-layout":"","ast-disable-related-posts":"","theme-transparent-header-meta":"","adv-header-id-meta":"","stick-header-meta":"","header-above-stick-meta":"","header-main-stick-meta":"","header-below-stick-meta":"","astra-migrate-meta-layouts":"default","ast-page-background-enabled":"default","ast-page-background-meta":{"desktop":{"background-color":"var(--ast-global-color-5)","background-image":"","background-repeat":"repeat","background-position":"center center","background-size":"auto","background-attachment":"scroll","background-type":"","background-media":"","overlay-type":"","overlay-color":"","overlay-opacity":"","overlay-gradient":""},"tablet":{"background-color":"","background-image":"","background-repeat":"repeat","background-position":"center center","background-size":"auto","background-attachment":"scroll","background-type":"","background-media":"","overlay-type":"","overlay-color":"","overlay-opacity":"","overlay-gradient":""},"mobile":{"background-color":"","background-image":"","background-repeat":"repeat","background-position":"center center","background-size":"auto","background-attachment":"scroll","background-type":"","background-media":"","overlay-type":"","overlay-color":"","overlay-opacity":"","overlay-gradient":""}},"ast-content-background-meta":{"desktop":{"background-color":"var(--ast-global-color-4)","background-image":"","background-repeat":"repeat","background-position":"center center","background-size":"auto","background-attachment":"scroll","background-type":"","background-media":"","overlay-type":"","overlay-color":"","overlay-opacity":"","overlay-gradient":""},"tablet":{"background-color":"var(--ast-global-color-4)","background-image":"","background-repeat":"repeat","background-position":"center center","background-size":"auto","background-attachment":"scroll","background-type":"","background-media":"","overlay-type":"","overlay-color":"","overlay-opacity":"","overlay-gradient":""},"mobile":{"background-color":"var(--ast-global-color-4)","background-image":"","background-repeat":"repeat","background-position":"center center","background-size":"auto","background-attachment":"scroll","background-type":"","background-media":"","overlay-type":"","overlay-color":"","overlay-opacity":"","overlay-gradient":""}},"footnotes":""},"categories":[20,1],"tags":[],"class_list":["post-11097","post","type-post","status-publish","format-standard","has-post-thumbnail","hentry","category-international","category-football-latest-news"],"yoast_head":"<!-- This site is optimized with the Yoast SEO Premium plugin v26.6 (Yoast SEO v27.5) - https:\/\/yoast.com\/product\/yoast-seo-premium-wordpress\/ -->\n<title>Walid Regragui ignites Real Madrid dressing room with Mbappe support - Bladna News<\/title>\n<meta name=\"robots\" content=\"index, follow, max-snippet:-1, max-image-preview:large, max-video-preview:-1\" \/>\n<link rel=\"canonical\" href=\"https:\/\/bladnanews.com\/fr\/walid-regragui-enflamme-le-vestiaire-du-real-madrid-avec-son-soutien-a-mbappe\/\" \/>\n<meta property=\"og:locale\" content=\"fr_FR\" \/>\n<meta property=\"og:type\" content=\"article\" \/>\n<meta property=\"og:title\" content=\"Walid Regragui ignites Real Madrid dressing room with Mbappe support\" \/>\n<meta property=\"og:description\" content=\"Walid Regragui has sparked tension inside the Real Madrid dressing room after openly backing Kylian Mbappe during a difficult period [&hellip;]\" \/>\n<meta property=\"og:url\" content=\"https:\/\/bladnanews.com\/fr\/walid-regragui-enflamme-le-vestiaire-du-real-madrid-avec-son-soutien-a-mbappe\/\" \/>\n<meta property=\"og:site_name\" content=\"Bladna News\" \/>\n<meta property=\"article:published_time\" content=\"2026-04-29T20:22:44+00:00\" \/>\n<meta property=\"og:image\" content=\"https:\/\/bladnanews.com\/wp-content\/uploads\/2025\/12\/freepik__bladna-newscom-moroccan-soccer-homepage-banner-mor__41838.png\" \/>\n\t<meta property=\"og:image:width\" content=\"1312\" \/>\n\t<meta property=\"og:image:height\" content=\"736\" \/>\n\t<meta property=\"og:image:type\" content=\"image\/png\" \/>\n<meta name=\"author\" content=\"Bladna News Staff\" \/>\n<meta name=\"twitter:card\" content=\"summary_large_image\" \/>\n<meta name=\"twitter:label1\" content=\"\u00c9crit par\" \/>\n\t<meta name=\"twitter:data1\" content=\"Bladna News Staff\" \/>\n\t<meta name=\"twitter:label2\" content=\"Dur\u00e9e de lecture estim\u00e9e\" \/>\n\t<meta name=\"twitter:data2\" content=\"2 minutes\" \/>\n<script type=\"application\/ld+json\" class=\"yoast-schema-graph\">{\"@context\":\"https:\\\/\\\/schema.org\",\"@graph\":[{\"@type\":\"Article\",\"@id\":\"https:\\\/\\\/bladnanews.com\\\/walid-regragui-ignites-real-madrid-dressing-room-with-mbappe-support\\\/#article\",\"isPartOf\":{\"@id\":\"https:\\\/\\\/bladnanews.com\\\/walid-regragui-ignites-real-madrid-dressing-room-with-mbappe-support\\\/\"},\"author\":{\"name\":\"Bladna News Staff\",\"@id\":\"https:\\\/\\\/mediumseagreen-eel-531711.hostingersite.com\\\/#\\\/schema\\\/person\\\/268e18a453ab080ebf76df6ef7845083\"},\"headline\":\"Walid Regragui ignites Real Madrid dressing room with Mbappe support\",\"datePublished\":\"2026-04-29T20:22:44+00:00\",\"mainEntityOfPage\":{\"@id\":\"https:\\\/\\\/bladnanews.com\\\/walid-regragui-ignites-real-madrid-dressing-room-with-mbappe-support\\\/\"},\"wordCount\":383,\"publisher\":{\"@id\":\"https:\\\/\\\/mediumseagreen-eel-531711.hostingersite.com\\\/#organization\"},\"image\":{\"@id\":\"https:\\\/\\\/bladnanews.com\\\/walid-regragui-ignites-real-madrid-dressing-room-with-mbappe-support\\\/#primaryimage\"},\"thumbnailUrl\":\"https:\\\/\\\/bladnanews.com\\\/wp-content\\\/uploads\\\/2026\\\/04\\\/GettyImages-2255677022.jpg.jpg\",\"articleSection\":[\"International\",\"Latest News\"],\"inLanguage\":\"fr-FR\",\"copyrightYear\":\"2026\",\"copyrightHolder\":{\"@id\":\"https:\\\/\\\/bladnanews.com\\\/fr\\\/#organization\"}},{\"@type\":\"WebPage\",\"@id\":\"https:\\\/\\\/bladnanews.com\\\/walid-regragui-ignites-real-madrid-dressing-room-with-mbappe-support\\\/\",\"url\":\"https:\\\/\\\/bladnanews.com\\\/walid-regragui-ignites-real-madrid-dressing-room-with-mbappe-support\\\/\",\"name\":\"Walid Regragui ignites Real Madrid dressing room with Mbappe support - Bladna News\",\"isPartOf\":{\"@id\":\"https:\\\/\\\/mediumseagreen-eel-531711.hostingersite.com\\\/#website\"},\"primaryImageOfPage\":{\"@id\":\"https:\\\/\\\/bladnanews.com\\\/walid-regragui-ignites-real-madrid-dressing-room-with-mbappe-support\\\/#primaryimage\"},\"image\":{\"@id\":\"https:\\\/\\\/bladnanews.com\\\/walid-regragui-ignites-real-madrid-dressing-room-with-mbappe-support\\\/#primaryimage\"},\"thumbnailUrl\":\"https:\\\/\\\/bladnanews.com\\\/wp-content\\\/uploads\\\/2026\\\/04\\\/GettyImages-2255677022.jpg.jpg\",\"datePublished\":\"2026-04-29T20:22:44+00:00\",\"breadcrumb\":{\"@id\":\"https:\\\/\\\/bladnanews.com\\\/walid-regragui-ignites-real-madrid-dressing-room-with-mbappe-support\\\/#breadcrumb\"},\"inLanguage\":\"fr-FR\",\"potentialAction\":[{\"@type\":\"ReadAction\",\"target\":[\"https:\\\/\\\/bladnanews.com\\\/walid-regragui-ignites-real-madrid-dressing-room-with-mbappe-support\\\/\"]}]},{\"@type\":\"ImageObject\",\"inLanguage\":\"fr-FR\",\"@id\":\"https:\\\/\\\/bladnanews.com\\\/walid-regragui-ignites-real-madrid-dressing-room-with-mbappe-support\\\/#primaryimage\",\"url\":\"https:\\\/\\\/bladnanews.com\\\/wp-content\\\/uploads\\\/2026\\\/04\\\/GettyImages-2255677022.jpg.jpg\",\"contentUrl\":\"https:\\\/\\\/bladnanews.com\\\/wp-content\\\/uploads\\\/2026\\\/04\\\/GettyImages-2255677022.jpg.jpg\",\"width\":1616,\"height\":909,\"caption\":\"Walid Regragui ignites Real Madrid dressing room with Mbappe support\"},{\"@type\":\"BreadcrumbList\",\"@id\":\"https:\\\/\\\/bladnanews.com\\\/walid-regragui-ignites-real-madrid-dressing-room-with-mbappe-support\\\/#breadcrumb\",\"itemListElement\":[{\"@type\":\"ListItem\",\"position\":1,\"name\":\"Home\",\"item\":\"https:\\\/\\\/bladnanews.com\\\/\"},{\"@type\":\"ListItem\",\"position\":2,\"name\":\"Walid Regragui ignites Real Madrid dressing room with Mbappe support\"}]},{\"@type\":\"WebSite\",\"@id\":\"https:\\\/\\\/mediumseagreen-eel-531711.hostingersite.com\\\/#website\",\"url\":\"https:\\\/\\\/mediumseagreen-eel-531711.hostingersite.com\\\/\",\"name\":\"Bladna News - Morocco\",\"description\":\"Where Moroccan Football Meets the World\",\"publisher\":{\"@id\":\"https:\\\/\\\/mediumseagreen-eel-531711.hostingersite.com\\\/#organization\"},\"potentialAction\":[{\"@type\":\"SearchAction\",\"target\":{\"@type\":\"EntryPoint\",\"urlTemplate\":\"https:\\\/\\\/mediumseagreen-eel-531711.hostingersite.com\\\/?s={search_term_string}\"},\"query-input\":{\"@type\":\"PropertyValueSpecification\",\"valueRequired\":true,\"valueName\":\"search_term_string\"}}],\"inLanguage\":\"fr-FR\"},{\"@type\":\"Organization\",\"@id\":\"https:\\\/\\\/mediumseagreen-eel-531711.hostingersite.com\\\/#organization\",\"name\":\"Bladna News.com\",\"url\":\"https:\\\/\\\/mediumseagreen-eel-531711.hostingersite.com\\\/\",\"logo\":{\"@type\":\"ImageObject\",\"inLanguage\":\"fr-FR\",\"@id\":\"https:\\\/\\\/mediumseagreen-eel-531711.hostingersite.com\\\/#\\\/schema\\\/logo\\\/image\\\/\",\"url\":\"https:\\\/\\\/bladnanews.com\\\/wp-content\\\/uploads\\\/2025\\\/12\\\/logo-bladnanews-V2-web-black-red.png\",\"contentUrl\":\"https:\\\/\\\/bladnanews.com\\\/wp-content\\\/uploads\\\/2025\\\/12\\\/logo-bladnanews-V2-web-black-red.png\",\"width\":703,\"height\":287,\"caption\":\"Bladna News.com\"},\"image\":{\"@id\":\"https:\\\/\\\/mediumseagreen-eel-531711.hostingersite.com\\\/#\\\/schema\\\/logo\\\/image\\\/\"},\"email\":\"info@bladnanews.com\",\"legalName\":\"Bladna News\"},{\"@type\":\"Person\",\"@id\":\"https:\\\/\\\/mediumseagreen-eel-531711.hostingersite.com\\\/#\\\/schema\\\/person\\\/268e18a453ab080ebf76df6ef7845083\",\"name\":\"Bladna News Staff\",\"url\":\"https:\\\/\\\/bladnanews.com\\\/fr\\\/author\\\/bladna-news-staff\\\/\"}]}<\/script>\n<!-- \/ Yoast SEO Premium plugin. -->","yoast_head_json":{"title":"Walid Regragui enflamme le vestiaire du Real Madrid avec son soutien \u00e0 Mbappe - Bladna News","robots":{"index":"index","follow":"follow","max-snippet":"max-snippet:-1","max-image-preview":"max-image-preview:large","max-video-preview":"max-video-preview:-1"},"canonical":"https:\/\/bladnanews.com\/fr\/walid-regragui-enflamme-le-vestiaire-du-real-madrid-avec-son-soutien-a-mbappe\/","og_locale":"fr_FR","og_type":"article","og_title":"Walid Regragui ignites Real Madrid dressing room with Mbappe support","og_description":"Walid Regragui has sparked tension inside the Real Madrid dressing room after openly backing Kylian Mbappe during a difficult period [&hellip;]","og_url":"https:\/\/bladnanews.com\/fr\/walid-regragui-enflamme-le-vestiaire-du-real-madrid-avec-son-soutien-a-mbappe\/","og_site_name":"Bladna News","article_published_time":"2026-04-29T20:22:44+00:00","og_image":[{"width":1312,"height":736,"url":"https:\/\/bladnanews.com\/wp-content\/uploads\/2025\/12\/freepik__bladna-newscom-moroccan-soccer-homepage-banner-mor__41838.png","type":"image\/png"}],"author":"Bladna News Staff","twitter_card":"summary_large_image","twitter_misc":{"\u00c9crit par":"Bladna News Staff","Dur\u00e9e de lecture estim\u00e9e":"2 minutes"},"schema":{"@context":"https:\/\/schema.org","@graph":[{"@type":"Article","@id":"https:\/\/bladnanews.com\/walid-regragui-ignites-real-madrid-dressing-room-with-mbappe-support\/#article","isPartOf":{"@id":"https:\/\/bladnanews.com\/walid-regragui-ignites-real-madrid-dressing-room-with-mbappe-support\/"},"author":{"name":"Bladna News Staff","@id":"https:\/\/mediumseagreen-eel-531711.hostingersite.com\/#\/schema\/person\/268e18a453ab080ebf76df6ef7845083"},"headline":"Walid Regragui ignites Real Madrid dressing room with Mbappe support","datePublished":"2026-04-29T20:22:44+00:00","mainEntityOfPage":{"@id":"https:\/\/bladnanews.com\/walid-regragui-ignites-real-madrid-dressing-room-with-mbappe-support\/"},"wordCount":383,"publisher":{"@id":"https:\/\/mediumseagreen-eel-531711.hostingersite.com\/#organization"},"image":{"@id":"https:\/\/bladnanews.com\/walid-regragui-ignites-real-madrid-dressing-room-with-mbappe-support\/#primaryimage"},"thumbnailUrl":"https:\/\/bladnanews.com\/wp-content\/uploads\/2026\/04\/GettyImages-2255677022.jpg.jpg","articleSection":["International","Latest News"],"inLanguage":"fr-FR","copyrightYear":"2026","copyrightHolder":{"@id":"https:\/\/bladnanews.com\/fr\/#organization"}},{"@type":"WebPage","@id":"https:\/\/bladnanews.com\/walid-regragui-ignites-real-madrid-dressing-room-with-mbappe-support\/","url":"https:\/\/bladnanews.com\/walid-regragui-ignites-real-madrid-dressing-room-with-mbappe-support\/","name":"Walid Regragui enflamme le vestiaire du Real Madrid avec son soutien \u00e0 Mbappe - Bladna News","isPartOf":{"@id":"https:\/\/mediumseagreen-eel-531711.hostingersite.com\/#website"},"primaryImageOfPage":{"@id":"https:\/\/bladnanews.com\/walid-regragui-ignites-real-madrid-dressing-room-with-mbappe-support\/#primaryimage"},"image":{"@id":"https:\/\/bladnanews.com\/walid-regragui-ignites-real-madrid-dressing-room-with-mbappe-support\/#primaryimage"},"thumbnailUrl":"https:\/\/bladnanews.com\/wp-content\/uploads\/2026\/04\/GettyImages-2255677022.jpg.jpg","datePublished":"2026-04-29T20:22:44+00:00","breadcrumb":{"@id":"https:\/\/bladnanews.com\/walid-regragui-ignites-real-madrid-dressing-room-with-mbappe-support\/#breadcrumb"},"inLanguage":"fr-FR","potentialAction":[{"@type":"ReadAction","target":["https:\/\/bladnanews.com\/walid-regragui-ignites-real-madrid-dressing-room-with-mbappe-support\/"]}]},{"@type":"ImageObject","inLanguage":"fr-FR","@id":"https:\/\/bladnanews.com\/walid-regragui-ignites-real-madrid-dressing-room-with-mbappe-support\/#primaryimage","url":"https:\/\/bladnanews.com\/wp-content\/uploads\/2026\/04\/GettyImages-2255677022.jpg.jpg","contentUrl":"https:\/\/bladnanews.com\/wp-content\/uploads\/2026\/04\/GettyImages-2255677022.jpg.jpg","width":1616,"height":909,"caption":"Walid Regragui ignites Real Madrid dressing room with Mbappe support"},{"@type":"BreadcrumbList","@id":"https:\/\/bladnanews.com\/walid-regragui-ignites-real-madrid-dressing-room-with-mbappe-support\/#breadcrumb","itemListElement":[{"@type":"ListItem","position":1,"name":"Home","item":"https:\/\/bladnanews.com\/"},{"@type":"ListItem","position":2,"name":"Walid Regragui ignites Real Madrid dressing room with Mbappe support"}]},{"@type":"WebSite","@id":"https:\/\/mediumseagreen-eel-531711.hostingersite.com\/#website","url":"https:\/\/mediumseagreen-eel-531711.hostingersite.com\/","name":"Bladna News - Maroc","description":"Quand le football marocain rencontre le monde","publisher":{"@id":"https:\/\/mediumseagreen-eel-531711.hostingersite.com\/#organization"},"potentialAction":[{"@type":"SearchAction","target":{"@type":"EntryPoint","urlTemplate":"https:\/\/mediumseagreen-eel-531711.hostingersite.com\/?s={search_term_string}"},"query-input":{"@type":"PropertyValueSpecification","valueRequired":true,"valueName":"search_term_string"}}],"inLanguage":"fr-FR"},{"@type":"Organization","@id":"https:\/\/mediumseagreen-eel-531711.hostingersite.com\/#organization","name":"Bladna News.com","url":"https:\/\/mediumseagreen-eel-531711.hostingersite.com\/","logo":{"@type":"ImageObject","inLanguage":"fr-FR","@id":"https:\/\/mediumseagreen-eel-531711.hostingersite.com\/#\/schema\/logo\/image\/","url":"https:\/\/bladnanews.com\/wp-content\/uploads\/2025\/12\/logo-bladnanews-V2-web-black-red.png","contentUrl":"https:\/\/bladnanews.com\/wp-content\/uploads\/2025\/12\/logo-bladnanews-V2-web-black-red.png","width":703,"height":287,"caption":"Bladna News.com"},"image":{"@id":"https:\/\/mediumseagreen-eel-531711.hostingersite.com\/#\/schema\/logo\/image\/"},"email":"info@bladnanews.com","legalName":"Bladna News"},{"@type":"Person","@id":"https:\/\/mediumseagreen-eel-531711.hostingersite.com\/#\/schema\/person\/268e18a453ab080ebf76df6ef7845083","name":"\u00c9quipe r\u00e9dactionnelle de Bladna News","url":"https:\/\/bladnanews.com\/fr\/author\/bladna-news-staff\/"}]}},"_links":{"self":[{"href":"https:\/\/bladnanews.com\/fr\/wp-json\/wp\/v2\/posts\/11097","targetHints":{"allow":["GET"]}}],"collection":[{"href":"https:\/\/bladnanews.com\/fr\/wp-json\/wp\/v2\/posts"}],"about":[{"href":"https:\/\/bladnanews.com\/fr\/wp-json\/wp\/v2\/types\/post"}],"author":[{"embeddable":true,"href":"https:\/\/bladnanews.com\/fr\/wp-json\/wp\/v2\/users\/3"}],"replies":[{"embeddable":true,"href":"https:\/\/bladnanews.com\/fr\/wp-json\/wp\/v2\/comments?post=11097"}],"version-history":[{"count":0,"href":"https:\/\/bladnanews.com\/fr\/wp-json\/wp\/v2\/posts\/11097\/revisions"}],"wp:featuredmedia":[{"embeddable":true,"href":"https:\/\/bladnanews.com\/fr\/wp-json\/wp\/v2\/media\/11096"}],"wp:attachment":[{"href":"https:\/\/bladnanews.com\/fr\/wp-json\/wp\/v2\/media?parent=11097"}],"wp:term":[{"taxonomy":"category","embeddable":true,"href":"https:\/\/bladnanews.com\/fr\/wp-json\/wp\/v2\/categories?post=11097"},{"taxonomy":"post_tag","embeddable":true,"href":"https:\/\/bladnanews.com\/fr\/wp-json\/wp\/v2\/tags?post=11097"}],"curies":[{"name":"wp","href":"https:\/\/api.w.org\/{rel}","templated":true}]}}