{"id":11109,"date":"2026-04-29T21:03:04","date_gmt":"2026-04-29T21:03:04","guid":{"rendered":"https:\/\/bladnanews.com\/atletico-madrid-deny-arsenal-a-place-in-the-european-final\/"},"modified":"2026-04-29T21:03:04","modified_gmt":"2026-04-29T21:03:04","slug":"latletico-madrid-refuse-a-arsenal-une-place-en-finale-europeenne","status":"publish","type":"post","link":"https:\/\/bladnanews.com\/fr\/latletico-madrid-refuse-a-arsenal-une-place-en-finale-europeenne\/","title":{"rendered":"L'Atl\u00e9tico Madrid refuse \u00e0 Arsenal une place en finale europ\u00e9enne"},"content":{"rendered":"<p>L'Atl\u00e9tico Madrid a r\u00e9alis\u00e9 une prestation \u00e9poustouflante en seconde p\u00e9riode pour priver Arsenal d'une place en finale europ\u00e9enne, renversant le d\u00e9ficit du match aller gr\u00e2ce \u00e0 une performance magistrale jeudi soir.<\/p>\n<p>L'\u00e9quipe espagnole abordait ce match avec la n\u00e9cessit\u00e9 de remonter une d\u00e9faite 2-1 subie \u00e0 Londres, et elle a parfaitement r\u00e9pondu aux attentes devant ses propres supporters au Metropolitano Stadium.<\/p>\n<p>Arsenal a bien d\u00e9but\u00e9 la rencontre et s'est montr\u00e9 dangereux lors des premiers \u00e9changes. Les Gunners ont cr\u00e9\u00e9 plusieurs occasions pr\u00e9coces mais n'ont pas r\u00e9ussi \u00e0 trouver la faille qui aurait mis le duel hors de port\u00e9e.<\/p>\n<p>L'Atl\u00e9tico a pris progressivement le dessus au fil de la premi\u00e8re p\u00e9riode. Leur pression a finalement port\u00e9 ses fruits juste avant la mi-temps, lorsqu'une action bien construite s'est conclue par un ballon au fond des filets, \u00e9galisant au score cumul\u00e9 et faisant basculer l'\u00e9lan en faveur des locaux.<\/p>\n<p>La seconde p\u00e9riode a \u00e9t\u00e9 tout autre. L'Atl\u00e9tico est revenu sur le terrain avec une \u00e9nergie et une d\u00e9termination renouvel\u00e9es, repoussant Arsenal dans sa propre moiti\u00e9 de terrain. Les h\u00f4tes ont pris l'avantage dans la soir\u00e9e gr\u00e2ce \u00e0 une finition clinique qui a laiss\u00e9 la d\u00e9fense d'Arsenal sans r\u00e9action.<\/p>\n<p>Arsenal a eu du mal \u00e0 r\u00e9agir. L'\u00e9quipe de Mikel Arteta n'a pas retrouv\u00e9 le rythme qui l'avait si bien servie au match aller, et la discipline d\u00e9fensive de l'Atl\u00e9tico les a frustr\u00e9s \u00e0 chaque tentative.<\/p>\n<p>Le moment d\u00e9cisif est survenu au milieu de la seconde p\u00e9riode. L'Atl\u00e9tico a inscrit un troisi\u00e8me but dans la soir\u00e9e, une frappe puissante qui n'a laiss\u00e9 aucune chance au gardien d'Arsenal. Ce but a d\u00e9clench\u00e9 l'enthousiasme du public local et a mis fin aux espoirs d'Arsenal d'atteindre la finale.<\/p>\n<p>Dans les derni\u00e8res minutes, Arsenal s'est projet\u00e9 vers l'avant \u00e0 la recherche d'un but qui aurait forc\u00e9 la prolongation, mais l'Atl\u00e9tico a tenu bon. L'\u00e9quipe espagnole a g\u00e9r\u00e9 le match avec ma\u00eetrise, faisant tra\u00eener le chronom\u00e8tre et conservant la possession quand cela comptait le plus.<\/p>\n<p>Lorsque le coup de sifflet final a retenti, le Metropolitano a explos\u00e9 de joie. L'Atl\u00e9tico Madrid avait accompli sa remont\u00e9e, s'imposant 3-0 dans la soir\u00e9e et 4-2 au score cumul\u00e9 pour d\u00e9crocher son billet pour la finale europ\u00e9enne.<\/p>\n<p>Pour Arsenal, c'est une fin am\u00e8re pour une campagne qui promettait tant. Les Gunners vont d\u00e9sormais se tourner vers les comp\u00e9titions nationales pour tenter de sauver leur saison.<\/p>\n<p>L'Atl\u00e9tico Madrid, quant \u00e0 lui, se pr\u00e9parera pour un affrontement en finale, o\u00f9 il affrontera le vainqueur de l'autre demi-finale. Les hommes de Diego Simeone ont une fois de plus prouv\u00e9 leur r\u00e9silience sur la sc\u00e8ne europ\u00e9enne, et ils seront confiants quant \u00e0 la possibilit\u00e9 de soulever le troph\u00e9e.<\/p>","protected":false},"excerpt":{"rendered":"<p>Atletico Madrid produced a stunning second-half display to deny Arsenal a place in the European final, overturning a first-leg deficit [&hellip;]<\/p>\n","protected":false},"author":3,"featured_media":11108,"comment_status":"","ping_status":"open","sticky":false,"template":"","format":"standard","meta":{"googlesitekit_rrm_CAow_uzEDA:productID":"","site-sidebar-layout":"default","site-content-layout":"","ast-site-content-layout":"default","site-content-style":"default","site-sidebar-style":"default","ast-global-header-display":"","ast-banner-title-visibility":"","ast-main-header-display":"","ast-hfb-above-header-display":"","ast-hfb-below-header-display":"","ast-hfb-mobile-header-display":"","site-post-title":"","ast-breadcrumbs-content":"","ast-featured-img":"","footer-sml-layout":"","ast-disable-related-posts":"","theme-transparent-header-meta":"","adv-header-id-meta":"","stick-header-meta":"","header-above-stick-meta":"","header-main-stick-meta":"","header-below-stick-meta":"","astra-migrate-meta-layouts":"default","ast-page-background-enabled":"default","ast-page-background-meta":{"desktop":{"background-color":"var(--ast-global-color-5)","background-image":"","background-repeat":"repeat","background-position":"center center","background-size":"auto","background-attachment":"scroll","background-type":"","background-media":"","overlay-type":"","overlay-color":"","overlay-opacity":"","overlay-gradient":""},"tablet":{"background-color":"","background-image":"","background-repeat":"repeat","background-position":"center center","background-size":"auto","background-attachment":"scroll","background-type":"","background-media":"","overlay-type":"","overlay-color":"","overlay-opacity":"","overlay-gradient":""},"mobile":{"background-color":"","background-image":"","background-repeat":"repeat","background-position":"center center","background-size":"auto","background-attachment":"scroll","background-type":"","background-media":"","overlay-type":"","overlay-color":"","overlay-opacity":"","overlay-gradient":""}},"ast-content-background-meta":{"desktop":{"background-color":"var(--ast-global-color-4)","background-image":"","background-repeat":"repeat","background-position":"center center","background-size":"auto","background-attachment":"scroll","background-type":"","background-media":"","overlay-type":"","overlay-color":"","overlay-opacity":"","overlay-gradient":""},"tablet":{"background-color":"var(--ast-global-color-4)","background-image":"","background-repeat":"repeat","background-position":"center center","background-size":"auto","background-attachment":"scroll","background-type":"","background-media":"","overlay-type":"","overlay-color":"","overlay-opacity":"","overlay-gradient":""},"mobile":{"background-color":"var(--ast-global-color-4)","background-image":"","background-repeat":"repeat","background-position":"center center","background-size":"auto","background-attachment":"scroll","background-type":"","background-media":"","overlay-type":"","overlay-color":"","overlay-opacity":"","overlay-gradient":""}},"footnotes":""},"categories":[20,1],"tags":[],"class_list":["post-11109","post","type-post","status-publish","format-standard","has-post-thumbnail","hentry","category-international","category-football-latest-news"],"yoast_head":"<!-- This site is optimized with the Yoast SEO Premium plugin v26.6 (Yoast SEO v27.5) - https:\/\/yoast.com\/product\/yoast-seo-premium-wordpress\/ -->\n<title>Atletico Madrid deny Arsenal a place in the European final - Bladna News<\/title>\n<meta name=\"robots\" content=\"index, follow, max-snippet:-1, max-image-preview:large, max-video-preview:-1\" \/>\n<link rel=\"canonical\" href=\"https:\/\/bladnanews.com\/fr\/latletico-madrid-refuse-a-arsenal-une-place-en-finale-europeenne\/\" \/>\n<meta property=\"og:locale\" content=\"fr_FR\" \/>\n<meta property=\"og:type\" content=\"article\" \/>\n<meta property=\"og:title\" content=\"Atletico Madrid deny Arsenal a place in the European final\" \/>\n<meta property=\"og:description\" content=\"Atletico Madrid produced a stunning second-half display to deny Arsenal a place in the European final, overturning a first-leg deficit [&hellip;]\" \/>\n<meta property=\"og:url\" content=\"https:\/\/bladnanews.com\/fr\/latletico-madrid-refuse-a-arsenal-une-place-en-finale-europeenne\/\" \/>\n<meta property=\"og:site_name\" content=\"Bladna News\" \/>\n<meta property=\"article:published_time\" content=\"2026-04-29T21:03:04+00:00\" \/>\n<meta property=\"og:image\" content=\"https:\/\/bladnanews.com\/wp-content\/uploads\/2025\/12\/freepik__bladna-newscom-moroccan-soccer-homepage-banner-mor__41838.png\" \/>\n\t<meta property=\"og:image:width\" content=\"1312\" \/>\n\t<meta property=\"og:image:height\" content=\"736\" \/>\n\t<meta property=\"og:image:type\" content=\"image\/png\" \/>\n<meta name=\"author\" content=\"Bladna News Staff\" \/>\n<meta name=\"twitter:card\" content=\"summary_large_image\" \/>\n<meta name=\"twitter:label1\" content=\"\u00c9crit par\" \/>\n\t<meta name=\"twitter:data1\" content=\"Bladna News Staff\" \/>\n\t<meta name=\"twitter:label2\" content=\"Dur\u00e9e de lecture estim\u00e9e\" \/>\n\t<meta name=\"twitter:data2\" content=\"2 minutes\" \/>\n<script type=\"application\/ld+json\" class=\"yoast-schema-graph\">{\"@context\":\"https:\\\/\\\/schema.org\",\"@graph\":[{\"@type\":\"Article\",\"@id\":\"https:\\\/\\\/bladnanews.com\\\/atletico-madrid-deny-arsenal-a-place-in-the-european-final\\\/#article\",\"isPartOf\":{\"@id\":\"https:\\\/\\\/bladnanews.com\\\/atletico-madrid-deny-arsenal-a-place-in-the-european-final\\\/\"},\"author\":{\"name\":\"Bladna News Staff\",\"@id\":\"https:\\\/\\\/mediumseagreen-eel-531711.hostingersite.com\\\/#\\\/schema\\\/person\\\/268e18a453ab080ebf76df6ef7845083\"},\"headline\":\"Atletico Madrid deny Arsenal a place in the European final\",\"datePublished\":\"2026-04-29T21:03:04+00:00\",\"mainEntityOfPage\":{\"@id\":\"https:\\\/\\\/bladnanews.com\\\/atletico-madrid-deny-arsenal-a-place-in-the-european-final\\\/\"},\"wordCount\":411,\"publisher\":{\"@id\":\"https:\\\/\\\/mediumseagreen-eel-531711.hostingersite.com\\\/#organization\"},\"image\":{\"@id\":\"https:\\\/\\\/bladnanews.com\\\/atletico-madrid-deny-arsenal-a-place-in-the-european-final\\\/#primaryimage\"},\"thumbnailUrl\":\"https:\\\/\\\/bladnanews.com\\\/wp-content\\\/uploads\\\/2026\\\/04\\\/GettyImages-2273756067.jpg-scaled.jpg\",\"articleSection\":[\"International\",\"Latest News\"],\"inLanguage\":\"fr-FR\",\"copyrightYear\":\"2026\",\"copyrightHolder\":{\"@id\":\"https:\\\/\\\/bladnanews.com\\\/fr\\\/#organization\"}},{\"@type\":\"WebPage\",\"@id\":\"https:\\\/\\\/bladnanews.com\\\/atletico-madrid-deny-arsenal-a-place-in-the-european-final\\\/\",\"url\":\"https:\\\/\\\/bladnanews.com\\\/atletico-madrid-deny-arsenal-a-place-in-the-european-final\\\/\",\"name\":\"Atletico Madrid deny Arsenal a place in the European final - Bladna News\",\"isPartOf\":{\"@id\":\"https:\\\/\\\/mediumseagreen-eel-531711.hostingersite.com\\\/#website\"},\"primaryImageOfPage\":{\"@id\":\"https:\\\/\\\/bladnanews.com\\\/atletico-madrid-deny-arsenal-a-place-in-the-european-final\\\/#primaryimage\"},\"image\":{\"@id\":\"https:\\\/\\\/bladnanews.com\\\/atletico-madrid-deny-arsenal-a-place-in-the-european-final\\\/#primaryimage\"},\"thumbnailUrl\":\"https:\\\/\\\/bladnanews.com\\\/wp-content\\\/uploads\\\/2026\\\/04\\\/GettyImages-2273756067.jpg-scaled.jpg\",\"datePublished\":\"2026-04-29T21:03:04+00:00\",\"breadcrumb\":{\"@id\":\"https:\\\/\\\/bladnanews.com\\\/atletico-madrid-deny-arsenal-a-place-in-the-european-final\\\/#breadcrumb\"},\"inLanguage\":\"fr-FR\",\"potentialAction\":[{\"@type\":\"ReadAction\",\"target\":[\"https:\\\/\\\/bladnanews.com\\\/atletico-madrid-deny-arsenal-a-place-in-the-european-final\\\/\"]}]},{\"@type\":\"ImageObject\",\"inLanguage\":\"fr-FR\",\"@id\":\"https:\\\/\\\/bladnanews.com\\\/atletico-madrid-deny-arsenal-a-place-in-the-european-final\\\/#primaryimage\",\"url\":\"https:\\\/\\\/bladnanews.com\\\/wp-content\\\/uploads\\\/2026\\\/04\\\/GettyImages-2273756067.jpg-scaled.jpg\",\"contentUrl\":\"https:\\\/\\\/bladnanews.com\\\/wp-content\\\/uploads\\\/2026\\\/04\\\/GettyImages-2273756067.jpg-scaled.jpg\",\"width\":2560,\"height\":1440,\"caption\":\"Atletico Madrid deny Arsenal a place in the European final\"},{\"@type\":\"BreadcrumbList\",\"@id\":\"https:\\\/\\\/bladnanews.com\\\/atletico-madrid-deny-arsenal-a-place-in-the-european-final\\\/#breadcrumb\",\"itemListElement\":[{\"@type\":\"ListItem\",\"position\":1,\"name\":\"Home\",\"item\":\"https:\\\/\\\/bladnanews.com\\\/\"},{\"@type\":\"ListItem\",\"position\":2,\"name\":\"Atletico Madrid deny Arsenal a place in the European final\"}]},{\"@type\":\"WebSite\",\"@id\":\"https:\\\/\\\/mediumseagreen-eel-531711.hostingersite.com\\\/#website\",\"url\":\"https:\\\/\\\/mediumseagreen-eel-531711.hostingersite.com\\\/\",\"name\":\"Bladna News - Morocco\",\"description\":\"Where Moroccan Football Meets the World\",\"publisher\":{\"@id\":\"https:\\\/\\\/mediumseagreen-eel-531711.hostingersite.com\\\/#organization\"},\"potentialAction\":[{\"@type\":\"SearchAction\",\"target\":{\"@type\":\"EntryPoint\",\"urlTemplate\":\"https:\\\/\\\/mediumseagreen-eel-531711.hostingersite.com\\\/?s={search_term_string}\"},\"query-input\":{\"@type\":\"PropertyValueSpecification\",\"valueRequired\":true,\"valueName\":\"search_term_string\"}}],\"inLanguage\":\"fr-FR\"},{\"@type\":\"Organization\",\"@id\":\"https:\\\/\\\/mediumseagreen-eel-531711.hostingersite.com\\\/#organization\",\"name\":\"Bladna News.com\",\"url\":\"https:\\\/\\\/mediumseagreen-eel-531711.hostingersite.com\\\/\",\"logo\":{\"@type\":\"ImageObject\",\"inLanguage\":\"fr-FR\",\"@id\":\"https:\\\/\\\/mediumseagreen-eel-531711.hostingersite.com\\\/#\\\/schema\\\/logo\\\/image\\\/\",\"url\":\"https:\\\/\\\/bladnanews.com\\\/wp-content\\\/uploads\\\/2025\\\/12\\\/logo-bladnanews-V2-web-black-red.png\",\"contentUrl\":\"https:\\\/\\\/bladnanews.com\\\/wp-content\\\/uploads\\\/2025\\\/12\\\/logo-bladnanews-V2-web-black-red.png\",\"width\":703,\"height\":287,\"caption\":\"Bladna News.com\"},\"image\":{\"@id\":\"https:\\\/\\\/mediumseagreen-eel-531711.hostingersite.com\\\/#\\\/schema\\\/logo\\\/image\\\/\"},\"email\":\"info@bladnanews.com\",\"legalName\":\"Bladna News\"},{\"@type\":\"Person\",\"@id\":\"https:\\\/\\\/mediumseagreen-eel-531711.hostingersite.com\\\/#\\\/schema\\\/person\\\/268e18a453ab080ebf76df6ef7845083\",\"name\":\"Bladna News Staff\",\"url\":\"https:\\\/\\\/bladnanews.com\\\/fr\\\/author\\\/bladna-news-staff\\\/\"}]}<\/script>\n<!-- \/ Yoast SEO Premium plugin. -->","yoast_head_json":{"title":"L'Atl\u00e9tico Madrid refuse \u00e0 Arsenal une place en finale europ\u00e9enne - Bladna News","robots":{"index":"index","follow":"follow","max-snippet":"max-snippet:-1","max-image-preview":"max-image-preview:large","max-video-preview":"max-video-preview:-1"},"canonical":"https:\/\/bladnanews.com\/fr\/latletico-madrid-refuse-a-arsenal-une-place-en-finale-europeenne\/","og_locale":"fr_FR","og_type":"article","og_title":"Atletico Madrid deny Arsenal a place in the European final","og_description":"Atletico Madrid produced a stunning second-half display to deny Arsenal a place in the European final, overturning a first-leg deficit [&hellip;]","og_url":"https:\/\/bladnanews.com\/fr\/latletico-madrid-refuse-a-arsenal-une-place-en-finale-europeenne\/","og_site_name":"Bladna News","article_published_time":"2026-04-29T21:03:04+00:00","og_image":[{"width":1312,"height":736,"url":"https:\/\/bladnanews.com\/wp-content\/uploads\/2025\/12\/freepik__bladna-newscom-moroccan-soccer-homepage-banner-mor__41838.png","type":"image\/png"}],"author":"Bladna News Staff","twitter_card":"summary_large_image","twitter_misc":{"\u00c9crit par":"Bladna News Staff","Dur\u00e9e de lecture estim\u00e9e":"2 minutes"},"schema":{"@context":"https:\/\/schema.org","@graph":[{"@type":"Article","@id":"https:\/\/bladnanews.com\/atletico-madrid-deny-arsenal-a-place-in-the-european-final\/#article","isPartOf":{"@id":"https:\/\/bladnanews.com\/atletico-madrid-deny-arsenal-a-place-in-the-european-final\/"},"author":{"name":"Bladna News Staff","@id":"https:\/\/mediumseagreen-eel-531711.hostingersite.com\/#\/schema\/person\/268e18a453ab080ebf76df6ef7845083"},"headline":"Atletico Madrid deny Arsenal a place in the European final","datePublished":"2026-04-29T21:03:04+00:00","mainEntityOfPage":{"@id":"https:\/\/bladnanews.com\/atletico-madrid-deny-arsenal-a-place-in-the-european-final\/"},"wordCount":411,"publisher":{"@id":"https:\/\/mediumseagreen-eel-531711.hostingersite.com\/#organization"},"image":{"@id":"https:\/\/bladnanews.com\/atletico-madrid-deny-arsenal-a-place-in-the-european-final\/#primaryimage"},"thumbnailUrl":"https:\/\/bladnanews.com\/wp-content\/uploads\/2026\/04\/GettyImages-2273756067.jpg-scaled.jpg","articleSection":["International","Latest News"],"inLanguage":"fr-FR","copyrightYear":"2026","copyrightHolder":{"@id":"https:\/\/bladnanews.com\/fr\/#organization"}},{"@type":"WebPage","@id":"https:\/\/bladnanews.com\/atletico-madrid-deny-arsenal-a-place-in-the-european-final\/","url":"https:\/\/bladnanews.com\/atletico-madrid-deny-arsenal-a-place-in-the-european-final\/","name":"L'Atl\u00e9tico Madrid refuse \u00e0 Arsenal une place en finale europ\u00e9enne - Bladna News","isPartOf":{"@id":"https:\/\/mediumseagreen-eel-531711.hostingersite.com\/#website"},"primaryImageOfPage":{"@id":"https:\/\/bladnanews.com\/atletico-madrid-deny-arsenal-a-place-in-the-european-final\/#primaryimage"},"image":{"@id":"https:\/\/bladnanews.com\/atletico-madrid-deny-arsenal-a-place-in-the-european-final\/#primaryimage"},"thumbnailUrl":"https:\/\/bladnanews.com\/wp-content\/uploads\/2026\/04\/GettyImages-2273756067.jpg-scaled.jpg","datePublished":"2026-04-29T21:03:04+00:00","breadcrumb":{"@id":"https:\/\/bladnanews.com\/atletico-madrid-deny-arsenal-a-place-in-the-european-final\/#breadcrumb"},"inLanguage":"fr-FR","potentialAction":[{"@type":"ReadAction","target":["https:\/\/bladnanews.com\/atletico-madrid-deny-arsenal-a-place-in-the-european-final\/"]}]},{"@type":"ImageObject","inLanguage":"fr-FR","@id":"https:\/\/bladnanews.com\/atletico-madrid-deny-arsenal-a-place-in-the-european-final\/#primaryimage","url":"https:\/\/bladnanews.com\/wp-content\/uploads\/2026\/04\/GettyImages-2273756067.jpg-scaled.jpg","contentUrl":"https:\/\/bladnanews.com\/wp-content\/uploads\/2026\/04\/GettyImages-2273756067.jpg-scaled.jpg","width":2560,"height":1440,"caption":"Atletico Madrid deny Arsenal a place in the European final"},{"@type":"BreadcrumbList","@id":"https:\/\/bladnanews.com\/atletico-madrid-deny-arsenal-a-place-in-the-european-final\/#breadcrumb","itemListElement":[{"@type":"ListItem","position":1,"name":"Home","item":"https:\/\/bladnanews.com\/"},{"@type":"ListItem","position":2,"name":"Atletico Madrid deny Arsenal a place in the European final"}]},{"@type":"WebSite","@id":"https:\/\/mediumseagreen-eel-531711.hostingersite.com\/#website","url":"https:\/\/mediumseagreen-eel-531711.hostingersite.com\/","name":"Bladna News - Maroc","description":"Quand le football marocain rencontre le monde","publisher":{"@id":"https:\/\/mediumseagreen-eel-531711.hostingersite.com\/#organization"},"potentialAction":[{"@type":"SearchAction","target":{"@type":"EntryPoint","urlTemplate":"https:\/\/mediumseagreen-eel-531711.hostingersite.com\/?s={search_term_string}"},"query-input":{"@type":"PropertyValueSpecification","valueRequired":true,"valueName":"search_term_string"}}],"inLanguage":"fr-FR"},{"@type":"Organization","@id":"https:\/\/mediumseagreen-eel-531711.hostingersite.com\/#organization","name":"Bladna News.com","url":"https:\/\/mediumseagreen-eel-531711.hostingersite.com\/","logo":{"@type":"ImageObject","inLanguage":"fr-FR","@id":"https:\/\/mediumseagreen-eel-531711.hostingersite.com\/#\/schema\/logo\/image\/","url":"https:\/\/bladnanews.com\/wp-content\/uploads\/2025\/12\/logo-bladnanews-V2-web-black-red.png","contentUrl":"https:\/\/bladnanews.com\/wp-content\/uploads\/2025\/12\/logo-bladnanews-V2-web-black-red.png","width":703,"height":287,"caption":"Bladna News.com"},"image":{"@id":"https:\/\/mediumseagreen-eel-531711.hostingersite.com\/#\/schema\/logo\/image\/"},"email":"info@bladnanews.com","legalName":"Bladna News"},{"@type":"Person","@id":"https:\/\/mediumseagreen-eel-531711.hostingersite.com\/#\/schema\/person\/268e18a453ab080ebf76df6ef7845083","name":"\u00c9quipe r\u00e9dactionnelle de Bladna News","url":"https:\/\/bladnanews.com\/fr\/author\/bladna-news-staff\/"}]}},"_links":{"self":[{"href":"https:\/\/bladnanews.com\/fr\/wp-json\/wp\/v2\/posts\/11109","targetHints":{"allow":["GET"]}}],"collection":[{"href":"https:\/\/bladnanews.com\/fr\/wp-json\/wp\/v2\/posts"}],"about":[{"href":"https:\/\/bladnanews.com\/fr\/wp-json\/wp\/v2\/types\/post"}],"author":[{"embeddable":true,"href":"https:\/\/bladnanews.com\/fr\/wp-json\/wp\/v2\/users\/3"}],"replies":[{"embeddable":true,"href":"https:\/\/bladnanews.com\/fr\/wp-json\/wp\/v2\/comments?post=11109"}],"version-history":[{"count":0,"href":"https:\/\/bladnanews.com\/fr\/wp-json\/wp\/v2\/posts\/11109\/revisions"}],"wp:featuredmedia":[{"embeddable":true,"href":"https:\/\/bladnanews.com\/fr\/wp-json\/wp\/v2\/media\/11108"}],"wp:attachment":[{"href":"https:\/\/bladnanews.com\/fr\/wp-json\/wp\/v2\/media?parent=11109"}],"wp:term":[{"taxonomy":"category","embeddable":true,"href":"https:\/\/bladnanews.com\/fr\/wp-json\/wp\/v2\/categories?post=11109"},{"taxonomy":"post_tag","embeddable":true,"href":"https:\/\/bladnanews.com\/fr\/wp-json\/wp\/v2\/tags?post=11109"}],"curies":[{"name":"wp","href":"https:\/\/api.w.org\/{rel}","templated":true}]}}