{"id":1111,"date":"2026-01-01T07:47:51","date_gmt":"2026-01-01T07:47:51","guid":{"rendered":"https:\/\/bladnanews.com\/neymar-signs-new-contract-with-santos-no-reunion-with-messi\/"},"modified":"2026-01-01T07:47:51","modified_gmt":"2026-01-01T07:47:51","slug":"neymar-signe-un-nouveau-contrat-avec-santos-pas-de-reunion-avec-messi","status":"publish","type":"post","link":"https:\/\/bladnanews.com\/fr\/neymar-signe-un-nouveau-contrat-avec-santos-pas-de-reunion-avec-messi\/","title":{"rendered":"Neymar signe un nouveau contrat avec Santos, pas de retrouvailles avec Messi"},"content":{"rendered":"<p>Neymar a engag\u00e9 son avenir avec Santos en signant un nouveau contrat, \u00e9cartant toute r\u00e9union imm\u00e9diate avec Lionel Messi. La d\u00e9cision de la star de Santos a \u00e9t\u00e9 confirm\u00e9e dans un communiqu\u00e9 officiel publi\u00e9 le 27 avril, garantissant qu'il reste avec le club br\u00e9silien au milieu de sp\u00e9culations g\u00e9n\u00e9ralis\u00e9es.<\/p>\n<p>Le nouvel accord, sign\u00e9 cette semaine, prolonge le s\u00e9jour de Neymar \u00e0 Santos pour les saisons \u00e0 venir. Bien que les d\u00e9tails de la dur\u00e9e et des conditions du contrat n'aient pas \u00e9t\u00e9 enti\u00e8rement divulgu\u00e9s, des sources proches du club ont r\u00e9v\u00e9l\u00e9 que l'accord s\u00e9curise le r\u00f4le du joueur en tant que figure cl\u00e9 de leur \u00e9quipe.<\/p>\n<p>Malgr\u00e9 les rumeurs persistantes liant Neymar \u00e0 un transfert vers Barcelone, o\u00f9 Messi joue actuellement, le joueur lui-m\u00eame a \u00e9cart\u00e9 toute perspective de rejoindre son ancien co\u00e9quipier de sit\u00f4t. L'accent de Neymar reste sur l'aide \u00e0 Santos pour r\u00e9ussir sur le plan national et dans les tournois continentaux.<\/p>\n<p>\u201cJe suis tr\u00e8s heureux de continuer mon parcours ici \u00e0 Santos,\u201d a d\u00e9clar\u00e9 Neymar apr\u00e8s la signature. \u201cCe club signifie beaucoup pour moi, et j'ai h\u00e2te de contribuer \u00e0 nos futures victoires.\u201d<\/p>\n<p>Les fans et les analystes avaient sp\u00e9cul\u00e9 sur la possibilit\u00e9 d'une r\u00e9union entre Neymar et Messi \u00e9tant donn\u00e9 leur partenariat exceptionnel \u00e0 Barcelone avant le d\u00e9part de Neymar. Cependant, ce nouveau contrat confirme qu'aucune telle r\u00e9union n'aura lieu dans un avenir imm\u00e9diat.<\/p>\n<p>Santos est actuellement en comp\u00e9tition dans le Brasileir\u00e3o et la Copa Libertadores, et la pr\u00e9sence de Neymar devrait renforcer leurs ambitions dans ces comp\u00e9titions.<\/p>\n<p>Avec ce dernier d\u00e9veloppement, le monde du football tourne maintenant son attention vers le r\u00f4le de Neymar dans les prochains matchs de Santos et comment son engagement continu fa\u00e7onne les perspectives de l'\u00e9quipe cette saison.<\/p>","protected":false},"excerpt":{"rendered":"<p>Neymar has committed his future to Santos by signing a new contract, ruling out any immediate reunion with Lionel Messi. [&hellip;]<\/p>\n","protected":false},"author":3,"featured_media":1110,"comment_status":"","ping_status":"open","sticky":false,"template":"","format":"standard","meta":{"googlesitekit_rrm_CAow_uzEDA:productID":"","site-sidebar-layout":"default","site-content-layout":"","ast-site-content-layout":"default","site-content-style":"default","site-sidebar-style":"default","ast-global-header-display":"","ast-banner-title-visibility":"","ast-main-header-display":"","ast-hfb-above-header-display":"","ast-hfb-below-header-display":"","ast-hfb-mobile-header-display":"","site-post-title":"","ast-breadcrumbs-content":"","ast-featured-img":"","footer-sml-layout":"","ast-disable-related-posts":"","theme-transparent-header-meta":"","adv-header-id-meta":"","stick-header-meta":"","header-above-stick-meta":"","header-main-stick-meta":"","header-below-stick-meta":"","astra-migrate-meta-layouts":"default","ast-page-background-enabled":"default","ast-page-background-meta":{"desktop":{"background-color":"var(--ast-global-color-5)","background-image":"","background-repeat":"repeat","background-position":"center center","background-size":"auto","background-attachment":"scroll","background-type":"","background-media":"","overlay-type":"","overlay-color":"","overlay-opacity":"","overlay-gradient":""},"tablet":{"background-color":"","background-image":"","background-repeat":"repeat","background-position":"center center","background-size":"auto","background-attachment":"scroll","background-type":"","background-media":"","overlay-type":"","overlay-color":"","overlay-opacity":"","overlay-gradient":""},"mobile":{"background-color":"","background-image":"","background-repeat":"repeat","background-position":"center center","background-size":"auto","background-attachment":"scroll","background-type":"","background-media":"","overlay-type":"","overlay-color":"","overlay-opacity":"","overlay-gradient":""}},"ast-content-background-meta":{"desktop":{"background-color":"var(--ast-global-color-4)","background-image":"","background-repeat":"repeat","background-position":"center center","background-size":"auto","background-attachment":"scroll","background-type":"","background-media":"","overlay-type":"","overlay-color":"","overlay-opacity":"","overlay-gradient":""},"tablet":{"background-color":"var(--ast-global-color-4)","background-image":"","background-repeat":"repeat","background-position":"center center","background-size":"auto","background-attachment":"scroll","background-type":"","background-media":"","overlay-type":"","overlay-color":"","overlay-opacity":"","overlay-gradient":""},"mobile":{"background-color":"var(--ast-global-color-4)","background-image":"","background-repeat":"repeat","background-position":"center center","background-size":"auto","background-attachment":"scroll","background-type":"","background-media":"","overlay-type":"","overlay-color":"","overlay-opacity":"","overlay-gradient":""}},"footnotes":""},"categories":[20,1],"tags":[],"class_list":["post-1111","post","type-post","status-publish","format-standard","has-post-thumbnail","hentry","category-international","category-football-latest-news"],"yoast_head":"<!-- This site is optimized with the Yoast SEO Premium plugin v26.6 (Yoast SEO v27.5) - https:\/\/yoast.com\/product\/yoast-seo-premium-wordpress\/ -->\n<title>Neymar signs new contract with Santos, no reunion with Messi - Bladna News<\/title>\n<meta name=\"robots\" content=\"index, follow, max-snippet:-1, max-image-preview:large, max-video-preview:-1\" \/>\n<link rel=\"canonical\" href=\"https:\/\/bladnanews.com\/fr\/neymar-signe-un-nouveau-contrat-avec-santos-pas-de-reunion-avec-messi\/\" \/>\n<meta property=\"og:locale\" content=\"fr_FR\" \/>\n<meta property=\"og:type\" content=\"article\" \/>\n<meta property=\"og:title\" content=\"Neymar signs new contract with Santos, no reunion with Messi\" \/>\n<meta property=\"og:description\" content=\"Neymar has committed his future to Santos by signing a new contract, ruling out any immediate reunion with Lionel Messi. [&hellip;]\" \/>\n<meta property=\"og:url\" content=\"https:\/\/bladnanews.com\/fr\/neymar-signe-un-nouveau-contrat-avec-santos-pas-de-reunion-avec-messi\/\" \/>\n<meta property=\"og:site_name\" content=\"Bladna News\" \/>\n<meta property=\"article:published_time\" content=\"2026-01-01T07:47:51+00:00\" \/>\n<meta property=\"og:image\" content=\"https:\/\/bladnanews.com\/wp-content\/uploads\/2026\/01\/BladnaNews-Neymar-signs-new-contract-with-Santos-no-reunion-with-Messi-2026-01-01T130315.406Z.jpg\" \/>\n\t<meta property=\"og:image:width\" content=\"1920\" \/>\n\t<meta property=\"og:image:height\" content=\"1080\" \/>\n\t<meta property=\"og:image:type\" content=\"image\/jpeg\" \/>\n<meta name=\"author\" content=\"Bladna News Staff\" \/>\n<meta name=\"twitter:card\" content=\"summary_large_image\" \/>\n<meta name=\"twitter:label1\" content=\"\u00c9crit par\" \/>\n\t<meta name=\"twitter:data1\" content=\"Bladna News Staff\" \/>\n\t<meta name=\"twitter:label2\" content=\"Dur\u00e9e de lecture estim\u00e9e\" \/>\n\t<meta name=\"twitter:data2\" content=\"1 minute\" \/>\n<script type=\"application\/ld+json\" class=\"yoast-schema-graph\">{\"@context\":\"https:\\\/\\\/schema.org\",\"@graph\":[{\"@type\":\"Article\",\"@id\":\"https:\\\/\\\/bladnanews.com\\\/neymar-signs-new-contract-with-santos-no-reunion-with-messi\\\/#article\",\"isPartOf\":{\"@id\":\"https:\\\/\\\/bladnanews.com\\\/neymar-signs-new-contract-with-santos-no-reunion-with-messi\\\/\"},\"author\":{\"name\":\"Bladna News Staff\",\"@id\":\"https:\\\/\\\/mediumseagreen-eel-531711.hostingersite.com\\\/#\\\/schema\\\/person\\\/268e18a453ab080ebf76df6ef7845083\"},\"headline\":\"Neymar signs new contract with Santos, no reunion with Messi\",\"datePublished\":\"2026-01-01T07:47:51+00:00\",\"mainEntityOfPage\":{\"@id\":\"https:\\\/\\\/bladnanews.com\\\/neymar-signs-new-contract-with-santos-no-reunion-with-messi\\\/\"},\"wordCount\":275,\"publisher\":{\"@id\":\"https:\\\/\\\/mediumseagreen-eel-531711.hostingersite.com\\\/#organization\"},\"image\":{\"@id\":\"https:\\\/\\\/bladnanews.com\\\/neymar-signs-new-contract-with-santos-no-reunion-with-messi\\\/#primaryimage\"},\"thumbnailUrl\":\"https:\\\/\\\/bladnanews.com\\\/wp-content\\\/uploads\\\/2026\\\/01\\\/BladnaNews-Neymar-signs-new-contract-with-Santos-no-reunion-with-Messi-2026-01-01T130315.406Z.jpg\",\"articleSection\":[\"International\",\"Latest News\"],\"inLanguage\":\"fr-FR\",\"copyrightYear\":\"2026\",\"copyrightHolder\":{\"@id\":\"https:\\\/\\\/bladnanews.com\\\/fr\\\/#organization\"}},{\"@type\":\"WebPage\",\"@id\":\"https:\\\/\\\/bladnanews.com\\\/neymar-signs-new-contract-with-santos-no-reunion-with-messi\\\/\",\"url\":\"https:\\\/\\\/bladnanews.com\\\/neymar-signs-new-contract-with-santos-no-reunion-with-messi\\\/\",\"name\":\"Neymar signs new contract with Santos, no reunion with Messi - Bladna News\",\"isPartOf\":{\"@id\":\"https:\\\/\\\/mediumseagreen-eel-531711.hostingersite.com\\\/#website\"},\"primaryImageOfPage\":{\"@id\":\"https:\\\/\\\/bladnanews.com\\\/neymar-signs-new-contract-with-santos-no-reunion-with-messi\\\/#primaryimage\"},\"image\":{\"@id\":\"https:\\\/\\\/bladnanews.com\\\/neymar-signs-new-contract-with-santos-no-reunion-with-messi\\\/#primaryimage\"},\"thumbnailUrl\":\"https:\\\/\\\/bladnanews.com\\\/wp-content\\\/uploads\\\/2026\\\/01\\\/BladnaNews-Neymar-signs-new-contract-with-Santos-no-reunion-with-Messi-2026-01-01T130315.406Z.jpg\",\"datePublished\":\"2026-01-01T07:47:51+00:00\",\"breadcrumb\":{\"@id\":\"https:\\\/\\\/bladnanews.com\\\/neymar-signs-new-contract-with-santos-no-reunion-with-messi\\\/#breadcrumb\"},\"inLanguage\":\"fr-FR\",\"potentialAction\":[{\"@type\":\"ReadAction\",\"target\":[\"https:\\\/\\\/bladnanews.com\\\/neymar-signs-new-contract-with-santos-no-reunion-with-messi\\\/\"]}]},{\"@type\":\"ImageObject\",\"inLanguage\":\"fr-FR\",\"@id\":\"https:\\\/\\\/bladnanews.com\\\/neymar-signs-new-contract-with-santos-no-reunion-with-messi\\\/#primaryimage\",\"url\":\"https:\\\/\\\/bladnanews.com\\\/wp-content\\\/uploads\\\/2026\\\/01\\\/BladnaNews-Neymar-signs-new-contract-with-Santos-no-reunion-with-Messi-2026-01-01T130315.406Z.jpg\",\"contentUrl\":\"https:\\\/\\\/bladnanews.com\\\/wp-content\\\/uploads\\\/2026\\\/01\\\/BladnaNews-Neymar-signs-new-contract-with-Santos-no-reunion-with-Messi-2026-01-01T130315.406Z.jpg\",\"width\":1600,\"height\":900},{\"@type\":\"BreadcrumbList\",\"@id\":\"https:\\\/\\\/bladnanews.com\\\/neymar-signs-new-contract-with-santos-no-reunion-with-messi\\\/#breadcrumb\",\"itemListElement\":[{\"@type\":\"ListItem\",\"position\":1,\"name\":\"Home\",\"item\":\"https:\\\/\\\/bladnanews.com\\\/\"},{\"@type\":\"ListItem\",\"position\":2,\"name\":\"Neymar signs new contract with Santos, no reunion with Messi\"}]},{\"@type\":\"WebSite\",\"@id\":\"https:\\\/\\\/mediumseagreen-eel-531711.hostingersite.com\\\/#website\",\"url\":\"https:\\\/\\\/mediumseagreen-eel-531711.hostingersite.com\\\/\",\"name\":\"Bladna News - Morocco\",\"description\":\"Where Moroccan Football Meets the World\",\"publisher\":{\"@id\":\"https:\\\/\\\/mediumseagreen-eel-531711.hostingersite.com\\\/#organization\"},\"potentialAction\":[{\"@type\":\"SearchAction\",\"target\":{\"@type\":\"EntryPoint\",\"urlTemplate\":\"https:\\\/\\\/mediumseagreen-eel-531711.hostingersite.com\\\/?s={search_term_string}\"},\"query-input\":{\"@type\":\"PropertyValueSpecification\",\"valueRequired\":true,\"valueName\":\"search_term_string\"}}],\"inLanguage\":\"fr-FR\"},{\"@type\":\"Organization\",\"@id\":\"https:\\\/\\\/mediumseagreen-eel-531711.hostingersite.com\\\/#organization\",\"name\":\"Bladna News.com\",\"url\":\"https:\\\/\\\/mediumseagreen-eel-531711.hostingersite.com\\\/\",\"logo\":{\"@type\":\"ImageObject\",\"inLanguage\":\"fr-FR\",\"@id\":\"https:\\\/\\\/mediumseagreen-eel-531711.hostingersite.com\\\/#\\\/schema\\\/logo\\\/image\\\/\",\"url\":\"https:\\\/\\\/bladnanews.com\\\/wp-content\\\/uploads\\\/2025\\\/12\\\/logo-bladnanews-V2-web-black-red.png\",\"contentUrl\":\"https:\\\/\\\/bladnanews.com\\\/wp-content\\\/uploads\\\/2025\\\/12\\\/logo-bladnanews-V2-web-black-red.png\",\"width\":703,\"height\":287,\"caption\":\"Bladna News.com\"},\"image\":{\"@id\":\"https:\\\/\\\/mediumseagreen-eel-531711.hostingersite.com\\\/#\\\/schema\\\/logo\\\/image\\\/\"},\"email\":\"info@bladnanews.com\",\"legalName\":\"Bladna News\"},{\"@type\":\"Person\",\"@id\":\"https:\\\/\\\/mediumseagreen-eel-531711.hostingersite.com\\\/#\\\/schema\\\/person\\\/268e18a453ab080ebf76df6ef7845083\",\"name\":\"Bladna News Staff\",\"url\":\"https:\\\/\\\/bladnanews.com\\\/fr\\\/author\\\/bladna-news-staff\\\/\"}]}<\/script>\n<!-- \/ Yoast SEO Premium plugin. -->","yoast_head_json":{"title":"Neymar signe un nouveau contrat avec Santos, pas de retrouvailles avec Messi - Bladna News","robots":{"index":"index","follow":"follow","max-snippet":"max-snippet:-1","max-image-preview":"max-image-preview:large","max-video-preview":"max-video-preview:-1"},"canonical":"https:\/\/bladnanews.com\/fr\/neymar-signe-un-nouveau-contrat-avec-santos-pas-de-reunion-avec-messi\/","og_locale":"fr_FR","og_type":"article","og_title":"Neymar signs new contract with Santos, no reunion with Messi","og_description":"Neymar has committed his future to Santos by signing a new contract, ruling out any immediate reunion with Lionel Messi. [&hellip;]","og_url":"https:\/\/bladnanews.com\/fr\/neymar-signe-un-nouveau-contrat-avec-santos-pas-de-reunion-avec-messi\/","og_site_name":"Bladna News","article_published_time":"2026-01-01T07:47:51+00:00","og_image":[{"width":1920,"height":1080,"url":"https:\/\/bladnanews.com\/wp-content\/uploads\/2026\/01\/BladnaNews-Neymar-signs-new-contract-with-Santos-no-reunion-with-Messi-2026-01-01T130315.406Z.jpg","type":"image\/jpeg"}],"author":"Bladna News Staff","twitter_card":"summary_large_image","twitter_misc":{"\u00c9crit par":"Bladna News Staff","Dur\u00e9e de lecture estim\u00e9e":"1 minute"},"schema":{"@context":"https:\/\/schema.org","@graph":[{"@type":"Article","@id":"https:\/\/bladnanews.com\/neymar-signs-new-contract-with-santos-no-reunion-with-messi\/#article","isPartOf":{"@id":"https:\/\/bladnanews.com\/neymar-signs-new-contract-with-santos-no-reunion-with-messi\/"},"author":{"name":"Bladna News Staff","@id":"https:\/\/mediumseagreen-eel-531711.hostingersite.com\/#\/schema\/person\/268e18a453ab080ebf76df6ef7845083"},"headline":"Neymar signs new contract with Santos, no reunion with Messi","datePublished":"2026-01-01T07:47:51+00:00","mainEntityOfPage":{"@id":"https:\/\/bladnanews.com\/neymar-signs-new-contract-with-santos-no-reunion-with-messi\/"},"wordCount":275,"publisher":{"@id":"https:\/\/mediumseagreen-eel-531711.hostingersite.com\/#organization"},"image":{"@id":"https:\/\/bladnanews.com\/neymar-signs-new-contract-with-santos-no-reunion-with-messi\/#primaryimage"},"thumbnailUrl":"https:\/\/bladnanews.com\/wp-content\/uploads\/2026\/01\/BladnaNews-Neymar-signs-new-contract-with-Santos-no-reunion-with-Messi-2026-01-01T130315.406Z.jpg","articleSection":["International","Latest News"],"inLanguage":"fr-FR","copyrightYear":"2026","copyrightHolder":{"@id":"https:\/\/bladnanews.com\/fr\/#organization"}},{"@type":"WebPage","@id":"https:\/\/bladnanews.com\/neymar-signs-new-contract-with-santos-no-reunion-with-messi\/","url":"https:\/\/bladnanews.com\/neymar-signs-new-contract-with-santos-no-reunion-with-messi\/","name":"Neymar signe un nouveau contrat avec Santos, pas de retrouvailles avec Messi - Bladna News","isPartOf":{"@id":"https:\/\/mediumseagreen-eel-531711.hostingersite.com\/#website"},"primaryImageOfPage":{"@id":"https:\/\/bladnanews.com\/neymar-signs-new-contract-with-santos-no-reunion-with-messi\/#primaryimage"},"image":{"@id":"https:\/\/bladnanews.com\/neymar-signs-new-contract-with-santos-no-reunion-with-messi\/#primaryimage"},"thumbnailUrl":"https:\/\/bladnanews.com\/wp-content\/uploads\/2026\/01\/BladnaNews-Neymar-signs-new-contract-with-Santos-no-reunion-with-Messi-2026-01-01T130315.406Z.jpg","datePublished":"2026-01-01T07:47:51+00:00","breadcrumb":{"@id":"https:\/\/bladnanews.com\/neymar-signs-new-contract-with-santos-no-reunion-with-messi\/#breadcrumb"},"inLanguage":"fr-FR","potentialAction":[{"@type":"ReadAction","target":["https:\/\/bladnanews.com\/neymar-signs-new-contract-with-santos-no-reunion-with-messi\/"]}]},{"@type":"ImageObject","inLanguage":"fr-FR","@id":"https:\/\/bladnanews.com\/neymar-signs-new-contract-with-santos-no-reunion-with-messi\/#primaryimage","url":"https:\/\/bladnanews.com\/wp-content\/uploads\/2026\/01\/BladnaNews-Neymar-signs-new-contract-with-Santos-no-reunion-with-Messi-2026-01-01T130315.406Z.jpg","contentUrl":"https:\/\/bladnanews.com\/wp-content\/uploads\/2026\/01\/BladnaNews-Neymar-signs-new-contract-with-Santos-no-reunion-with-Messi-2026-01-01T130315.406Z.jpg","width":1600,"height":900},{"@type":"BreadcrumbList","@id":"https:\/\/bladnanews.com\/neymar-signs-new-contract-with-santos-no-reunion-with-messi\/#breadcrumb","itemListElement":[{"@type":"ListItem","position":1,"name":"Home","item":"https:\/\/bladnanews.com\/"},{"@type":"ListItem","position":2,"name":"Neymar signs new contract with Santos, no reunion with Messi"}]},{"@type":"WebSite","@id":"https:\/\/mediumseagreen-eel-531711.hostingersite.com\/#website","url":"https:\/\/mediumseagreen-eel-531711.hostingersite.com\/","name":"Bladna News - Maroc","description":"Quand le football marocain rencontre le monde","publisher":{"@id":"https:\/\/mediumseagreen-eel-531711.hostingersite.com\/#organization"},"potentialAction":[{"@type":"SearchAction","target":{"@type":"EntryPoint","urlTemplate":"https:\/\/mediumseagreen-eel-531711.hostingersite.com\/?s={search_term_string}"},"query-input":{"@type":"PropertyValueSpecification","valueRequired":true,"valueName":"search_term_string"}}],"inLanguage":"fr-FR"},{"@type":"Organization","@id":"https:\/\/mediumseagreen-eel-531711.hostingersite.com\/#organization","name":"Bladna News.com","url":"https:\/\/mediumseagreen-eel-531711.hostingersite.com\/","logo":{"@type":"ImageObject","inLanguage":"fr-FR","@id":"https:\/\/mediumseagreen-eel-531711.hostingersite.com\/#\/schema\/logo\/image\/","url":"https:\/\/bladnanews.com\/wp-content\/uploads\/2025\/12\/logo-bladnanews-V2-web-black-red.png","contentUrl":"https:\/\/bladnanews.com\/wp-content\/uploads\/2025\/12\/logo-bladnanews-V2-web-black-red.png","width":703,"height":287,"caption":"Bladna News.com"},"image":{"@id":"https:\/\/mediumseagreen-eel-531711.hostingersite.com\/#\/schema\/logo\/image\/"},"email":"info@bladnanews.com","legalName":"Bladna News"},{"@type":"Person","@id":"https:\/\/mediumseagreen-eel-531711.hostingersite.com\/#\/schema\/person\/268e18a453ab080ebf76df6ef7845083","name":"\u00c9quipe r\u00e9dactionnelle de Bladna News","url":"https:\/\/bladnanews.com\/fr\/author\/bladna-news-staff\/"}]}},"_links":{"self":[{"href":"https:\/\/bladnanews.com\/fr\/wp-json\/wp\/v2\/posts\/1111","targetHints":{"allow":["GET"]}}],"collection":[{"href":"https:\/\/bladnanews.com\/fr\/wp-json\/wp\/v2\/posts"}],"about":[{"href":"https:\/\/bladnanews.com\/fr\/wp-json\/wp\/v2\/types\/post"}],"author":[{"embeddable":true,"href":"https:\/\/bladnanews.com\/fr\/wp-json\/wp\/v2\/users\/3"}],"replies":[{"embeddable":true,"href":"https:\/\/bladnanews.com\/fr\/wp-json\/wp\/v2\/comments?post=1111"}],"version-history":[{"count":0,"href":"https:\/\/bladnanews.com\/fr\/wp-json\/wp\/v2\/posts\/1111\/revisions"}],"wp:featuredmedia":[{"embeddable":true,"href":"https:\/\/bladnanews.com\/fr\/wp-json\/wp\/v2\/media\/1110"}],"wp:attachment":[{"href":"https:\/\/bladnanews.com\/fr\/wp-json\/wp\/v2\/media?parent=1111"}],"wp:term":[{"taxonomy":"category","embeddable":true,"href":"https:\/\/bladnanews.com\/fr\/wp-json\/wp\/v2\/categories?post=1111"},{"taxonomy":"post_tag","embeddable":true,"href":"https:\/\/bladnanews.com\/fr\/wp-json\/wp\/v2\/tags?post=1111"}],"curies":[{"name":"wp","href":"https:\/\/api.w.org\/{rel}","templated":true}]}}