{"id":11119,"date":"2026-04-30T07:03:55","date_gmt":"2026-04-30T07:03:55","guid":{"rendered":"https:\/\/bladnanews.com\/simeone-confirms-three-injuries-and-responds-to-artetas-opinion\/"},"modified":"2026-04-30T07:03:55","modified_gmt":"2026-04-30T07:03:55","slug":"simeone-confirme-trois-blessures-et-repond-a-lopinion-darteta","status":"publish","type":"post","link":"https:\/\/bladnanews.com\/fr\/simeone-confirme-trois-blessures-et-repond-a-lopinion-darteta\/","title":{"rendered":"Simeone confirme trois blessures et r\u00e9pond \u00e0 l'opinion d'Arteta"},"content":{"rendered":"<p>Simeone a confirm\u00e9 que son effectif fait face \u00e0 trois blessures avant le prochain match, tout en apportant une r\u00e9ponse directe aux r\u00e9cents commentaires de Mikel Arteta.<\/p>\n<p>L\u2019entra\u00eeneur de l\u2019Atl\u00e9tico Madrid a r\u00e9v\u00e9l\u00e9 ces pr\u00e9occupations physiques lors de sa conf\u00e9rence de presse d\u2019avant-match, d\u00e9clarant clairement que trois joueurs sont actuellement indisponibles pour la s\u00e9lection. Il n\u2019a pas pr\u00e9cis\u00e9 la nature exacte de chaque blessure ni fourni de calendrier pour leur retour, mais cette confirmation p\u00e8se clairement sur ses options pour le prochain match.<\/p>\n<p>Interrog\u00e9 sur l\u2019opinion d\u2019Arteta, Simeone n\u2019a pas m\u00e2ch\u00e9 ses mots. Le manager d\u2019Arsenal avait auparavant partag\u00e9 son point de vue sur un sujet li\u00e9 \u00e0 l\u2019\u00e9quipe espagnole, et l\u2019entra\u00eeneur argentin a fait savoir qu\u2019il ne partageait pas cette perspective. \u201c J\u2019ai ma propre position \u00e0 ce sujet \u201d, a d\u00e9clar\u00e9 Simeone. \u201c Je respecte son opinion, mais je ne suis pas d\u2019accord avec elle. \u201d<\/p>\n<p>Cet \u00e9change ajoute une couche de tension entre les deux entra\u00eeneurs, d\u2019autant plus que les deux clubs rivalisent au plus haut niveau cette saison. La r\u00e9ponse de Simeone \u00e9tait mesur\u00e9e mais ferme, indiquant clairement qu\u2019il maintient sa propre approche, ind\u00e9pendamment des avis ext\u00e9rieurs.<\/p>\n<p>Avec trois joueurs cl\u00e9s mis sur la touche, l\u2019Atl\u00e9tico devra ajuster ses plans. Ces blessures surviennent \u00e0 un moment crucial de la saison, et Simeone esp\u00e9rera des r\u00e9tablissements rapides alors que l\u2019\u00e9quipe avance dans les comp\u00e9titions nationales et europ\u00e9ennes.<\/p>","protected":false},"excerpt":{"rendered":"<p>Simeone has confirmed that his squad is dealing with three injuries ahead of the upcoming fixture, while also offering a [&hellip;]<\/p>\n","protected":false},"author":3,"featured_media":11118,"comment_status":"","ping_status":"open","sticky":false,"template":"","format":"standard","meta":{"googlesitekit_rrm_CAow_uzEDA:productID":"","site-sidebar-layout":"default","site-content-layout":"","ast-site-content-layout":"default","site-content-style":"default","site-sidebar-style":"default","ast-global-header-display":"","ast-banner-title-visibility":"","ast-main-header-display":"","ast-hfb-above-header-display":"","ast-hfb-below-header-display":"","ast-hfb-mobile-header-display":"","site-post-title":"","ast-breadcrumbs-content":"","ast-featured-img":"","footer-sml-layout":"","ast-disable-related-posts":"","theme-transparent-header-meta":"","adv-header-id-meta":"","stick-header-meta":"","header-above-stick-meta":"","header-main-stick-meta":"","header-below-stick-meta":"","astra-migrate-meta-layouts":"default","ast-page-background-enabled":"default","ast-page-background-meta":{"desktop":{"background-color":"var(--ast-global-color-5)","background-image":"","background-repeat":"repeat","background-position":"center center","background-size":"auto","background-attachment":"scroll","background-type":"","background-media":"","overlay-type":"","overlay-color":"","overlay-opacity":"","overlay-gradient":""},"tablet":{"background-color":"","background-image":"","background-repeat":"repeat","background-position":"center center","background-size":"auto","background-attachment":"scroll","background-type":"","background-media":"","overlay-type":"","overlay-color":"","overlay-opacity":"","overlay-gradient":""},"mobile":{"background-color":"","background-image":"","background-repeat":"repeat","background-position":"center center","background-size":"auto","background-attachment":"scroll","background-type":"","background-media":"","overlay-type":"","overlay-color":"","overlay-opacity":"","overlay-gradient":""}},"ast-content-background-meta":{"desktop":{"background-color":"var(--ast-global-color-4)","background-image":"","background-repeat":"repeat","background-position":"center center","background-size":"auto","background-attachment":"scroll","background-type":"","background-media":"","overlay-type":"","overlay-color":"","overlay-opacity":"","overlay-gradient":""},"tablet":{"background-color":"var(--ast-global-color-4)","background-image":"","background-repeat":"repeat","background-position":"center center","background-size":"auto","background-attachment":"scroll","background-type":"","background-media":"","overlay-type":"","overlay-color":"","overlay-opacity":"","overlay-gradient":""},"mobile":{"background-color":"var(--ast-global-color-4)","background-image":"","background-repeat":"repeat","background-position":"center center","background-size":"auto","background-attachment":"scroll","background-type":"","background-media":"","overlay-type":"","overlay-color":"","overlay-opacity":"","overlay-gradient":""}},"footnotes":""},"categories":[20,1],"tags":[],"class_list":["post-11119","post","type-post","status-publish","format-standard","has-post-thumbnail","hentry","category-international","category-football-latest-news"],"yoast_head":"<!-- This site is optimized with the Yoast SEO Premium plugin v26.6 (Yoast SEO v27.5) - https:\/\/yoast.com\/product\/yoast-seo-premium-wordpress\/ -->\n<title>Simeone confirms three injuries and responds to Arteta&#039;s opinion - Bladna News<\/title>\n<meta name=\"robots\" content=\"index, follow, max-snippet:-1, max-image-preview:large, max-video-preview:-1\" \/>\n<link rel=\"canonical\" href=\"https:\/\/bladnanews.com\/fr\/simeone-confirme-trois-blessures-et-repond-a-lopinion-darteta\/\" \/>\n<meta property=\"og:locale\" content=\"fr_FR\" \/>\n<meta property=\"og:type\" content=\"article\" \/>\n<meta property=\"og:title\" content=\"Simeone confirms three injuries and responds to Arteta&#039;s opinion\" \/>\n<meta property=\"og:description\" content=\"Simeone has confirmed that his squad is dealing with three injuries ahead of the upcoming fixture, while also offering a [&hellip;]\" \/>\n<meta property=\"og:url\" content=\"https:\/\/bladnanews.com\/fr\/simeone-confirme-trois-blessures-et-repond-a-lopinion-darteta\/\" \/>\n<meta property=\"og:site_name\" content=\"Bladna News\" \/>\n<meta property=\"article:published_time\" content=\"2026-04-30T07:03:55+00:00\" \/>\n<meta property=\"og:image\" content=\"https:\/\/bladnanews.com\/wp-content\/uploads\/2025\/12\/freepik__bladna-newscom-moroccan-soccer-homepage-banner-mor__41838.png\" \/>\n\t<meta property=\"og:image:width\" content=\"1312\" \/>\n\t<meta property=\"og:image:height\" content=\"736\" \/>\n\t<meta property=\"og:image:type\" content=\"image\/png\" \/>\n<meta name=\"author\" content=\"Bladna News Staff\" \/>\n<meta name=\"twitter:card\" content=\"summary_large_image\" \/>\n<meta name=\"twitter:label1\" content=\"\u00c9crit par\" \/>\n\t<meta name=\"twitter:data1\" content=\"Bladna News Staff\" \/>\n\t<meta name=\"twitter:label2\" content=\"Dur\u00e9e de lecture estim\u00e9e\" \/>\n\t<meta name=\"twitter:data2\" content=\"1 minute\" \/>\n<script type=\"application\/ld+json\" class=\"yoast-schema-graph\">{\"@context\":\"https:\\\/\\\/schema.org\",\"@graph\":[{\"@type\":\"Article\",\"@id\":\"https:\\\/\\\/bladnanews.com\\\/simeone-confirms-three-injuries-and-responds-to-artetas-opinion\\\/#article\",\"isPartOf\":{\"@id\":\"https:\\\/\\\/bladnanews.com\\\/simeone-confirms-three-injuries-and-responds-to-artetas-opinion\\\/\"},\"author\":{\"name\":\"Bladna News Staff\",\"@id\":\"https:\\\/\\\/mediumseagreen-eel-531711.hostingersite.com\\\/#\\\/schema\\\/person\\\/268e18a453ab080ebf76df6ef7845083\"},\"headline\":\"Simeone confirms three injuries and responds to Arteta&#8217;s opinion\",\"datePublished\":\"2026-04-30T07:03:55+00:00\",\"mainEntityOfPage\":{\"@id\":\"https:\\\/\\\/bladnanews.com\\\/simeone-confirms-three-injuries-and-responds-to-artetas-opinion\\\/\"},\"wordCount\":237,\"publisher\":{\"@id\":\"https:\\\/\\\/mediumseagreen-eel-531711.hostingersite.com\\\/#organization\"},\"image\":{\"@id\":\"https:\\\/\\\/bladnanews.com\\\/simeone-confirms-three-injuries-and-responds-to-artetas-opinion\\\/#primaryimage\"},\"thumbnailUrl\":\"https:\\\/\\\/bladnanews.com\\\/wp-content\\\/uploads\\\/2026\\\/04\\\/2025-05-10-12089857_epa.jpg.jpg\",\"articleSection\":[\"International\",\"Latest News\"],\"inLanguage\":\"fr-FR\",\"copyrightYear\":\"2026\",\"copyrightHolder\":{\"@id\":\"https:\\\/\\\/bladnanews.com\\\/fr\\\/#organization\"}},{\"@type\":\"WebPage\",\"@id\":\"https:\\\/\\\/bladnanews.com\\\/simeone-confirms-three-injuries-and-responds-to-artetas-opinion\\\/\",\"url\":\"https:\\\/\\\/bladnanews.com\\\/simeone-confirms-three-injuries-and-responds-to-artetas-opinion\\\/\",\"name\":\"Simeone confirms three injuries and responds to Arteta's opinion - Bladna News\",\"isPartOf\":{\"@id\":\"https:\\\/\\\/mediumseagreen-eel-531711.hostingersite.com\\\/#website\"},\"primaryImageOfPage\":{\"@id\":\"https:\\\/\\\/bladnanews.com\\\/simeone-confirms-three-injuries-and-responds-to-artetas-opinion\\\/#primaryimage\"},\"image\":{\"@id\":\"https:\\\/\\\/bladnanews.com\\\/simeone-confirms-three-injuries-and-responds-to-artetas-opinion\\\/#primaryimage\"},\"thumbnailUrl\":\"https:\\\/\\\/bladnanews.com\\\/wp-content\\\/uploads\\\/2026\\\/04\\\/2025-05-10-12089857_epa.jpg.jpg\",\"datePublished\":\"2026-04-30T07:03:55+00:00\",\"breadcrumb\":{\"@id\":\"https:\\\/\\\/bladnanews.com\\\/simeone-confirms-three-injuries-and-responds-to-artetas-opinion\\\/#breadcrumb\"},\"inLanguage\":\"fr-FR\",\"potentialAction\":[{\"@type\":\"ReadAction\",\"target\":[\"https:\\\/\\\/bladnanews.com\\\/simeone-confirms-three-injuries-and-responds-to-artetas-opinion\\\/\"]}]},{\"@type\":\"ImageObject\",\"inLanguage\":\"fr-FR\",\"@id\":\"https:\\\/\\\/bladnanews.com\\\/simeone-confirms-three-injuries-and-responds-to-artetas-opinion\\\/#primaryimage\",\"url\":\"https:\\\/\\\/bladnanews.com\\\/wp-content\\\/uploads\\\/2026\\\/04\\\/2025-05-10-12089857_epa.jpg.jpg\",\"contentUrl\":\"https:\\\/\\\/bladnanews.com\\\/wp-content\\\/uploads\\\/2026\\\/04\\\/2025-05-10-12089857_epa.jpg.jpg\",\"width\":1904,\"height\":1071,\"caption\":\"Simeone confirms three injuries and responds to Arteta's opinion\"},{\"@type\":\"BreadcrumbList\",\"@id\":\"https:\\\/\\\/bladnanews.com\\\/simeone-confirms-three-injuries-and-responds-to-artetas-opinion\\\/#breadcrumb\",\"itemListElement\":[{\"@type\":\"ListItem\",\"position\":1,\"name\":\"Home\",\"item\":\"https:\\\/\\\/bladnanews.com\\\/\"},{\"@type\":\"ListItem\",\"position\":2,\"name\":\"Simeone confirms three injuries and responds to Arteta&#8217;s opinion\"}]},{\"@type\":\"WebSite\",\"@id\":\"https:\\\/\\\/mediumseagreen-eel-531711.hostingersite.com\\\/#website\",\"url\":\"https:\\\/\\\/mediumseagreen-eel-531711.hostingersite.com\\\/\",\"name\":\"Bladna News - Morocco\",\"description\":\"Where Moroccan Football Meets the World\",\"publisher\":{\"@id\":\"https:\\\/\\\/mediumseagreen-eel-531711.hostingersite.com\\\/#organization\"},\"potentialAction\":[{\"@type\":\"SearchAction\",\"target\":{\"@type\":\"EntryPoint\",\"urlTemplate\":\"https:\\\/\\\/mediumseagreen-eel-531711.hostingersite.com\\\/?s={search_term_string}\"},\"query-input\":{\"@type\":\"PropertyValueSpecification\",\"valueRequired\":true,\"valueName\":\"search_term_string\"}}],\"inLanguage\":\"fr-FR\"},{\"@type\":\"Organization\",\"@id\":\"https:\\\/\\\/mediumseagreen-eel-531711.hostingersite.com\\\/#organization\",\"name\":\"Bladna News.com\",\"url\":\"https:\\\/\\\/mediumseagreen-eel-531711.hostingersite.com\\\/\",\"logo\":{\"@type\":\"ImageObject\",\"inLanguage\":\"fr-FR\",\"@id\":\"https:\\\/\\\/mediumseagreen-eel-531711.hostingersite.com\\\/#\\\/schema\\\/logo\\\/image\\\/\",\"url\":\"https:\\\/\\\/bladnanews.com\\\/wp-content\\\/uploads\\\/2025\\\/12\\\/logo-bladnanews-V2-web-black-red.png\",\"contentUrl\":\"https:\\\/\\\/bladnanews.com\\\/wp-content\\\/uploads\\\/2025\\\/12\\\/logo-bladnanews-V2-web-black-red.png\",\"width\":703,\"height\":287,\"caption\":\"Bladna News.com\"},\"image\":{\"@id\":\"https:\\\/\\\/mediumseagreen-eel-531711.hostingersite.com\\\/#\\\/schema\\\/logo\\\/image\\\/\"},\"email\":\"info@bladnanews.com\",\"legalName\":\"Bladna News\"},{\"@type\":\"Person\",\"@id\":\"https:\\\/\\\/mediumseagreen-eel-531711.hostingersite.com\\\/#\\\/schema\\\/person\\\/268e18a453ab080ebf76df6ef7845083\",\"name\":\"Bladna News Staff\",\"url\":\"https:\\\/\\\/bladnanews.com\\\/fr\\\/author\\\/bladna-news-staff\\\/\"}]}<\/script>\n<!-- \/ Yoast SEO Premium plugin. -->","yoast_head_json":{"title":"Simeone confirme trois blessures et r\u00e9pond \u00e0 l'opinion d'Arteta - Bladna News","robots":{"index":"index","follow":"follow","max-snippet":"max-snippet:-1","max-image-preview":"max-image-preview:large","max-video-preview":"max-video-preview:-1"},"canonical":"https:\/\/bladnanews.com\/fr\/simeone-confirme-trois-blessures-et-repond-a-lopinion-darteta\/","og_locale":"fr_FR","og_type":"article","og_title":"Simeone confirms three injuries and responds to Arteta's opinion","og_description":"Simeone has confirmed that his squad is dealing with three injuries ahead of the upcoming fixture, while also offering a [&hellip;]","og_url":"https:\/\/bladnanews.com\/fr\/simeone-confirme-trois-blessures-et-repond-a-lopinion-darteta\/","og_site_name":"Bladna News","article_published_time":"2026-04-30T07:03:55+00:00","og_image":[{"width":1312,"height":736,"url":"https:\/\/bladnanews.com\/wp-content\/uploads\/2025\/12\/freepik__bladna-newscom-moroccan-soccer-homepage-banner-mor__41838.png","type":"image\/png"}],"author":"Bladna News Staff","twitter_card":"summary_large_image","twitter_misc":{"\u00c9crit par":"Bladna News Staff","Dur\u00e9e de lecture estim\u00e9e":"1 minute"},"schema":{"@context":"https:\/\/schema.org","@graph":[{"@type":"Article","@id":"https:\/\/bladnanews.com\/simeone-confirms-three-injuries-and-responds-to-artetas-opinion\/#article","isPartOf":{"@id":"https:\/\/bladnanews.com\/simeone-confirms-three-injuries-and-responds-to-artetas-opinion\/"},"author":{"name":"Bladna News Staff","@id":"https:\/\/mediumseagreen-eel-531711.hostingersite.com\/#\/schema\/person\/268e18a453ab080ebf76df6ef7845083"},"headline":"Simeone confirms three injuries and responds to Arteta&#8217;s opinion","datePublished":"2026-04-30T07:03:55+00:00","mainEntityOfPage":{"@id":"https:\/\/bladnanews.com\/simeone-confirms-three-injuries-and-responds-to-artetas-opinion\/"},"wordCount":237,"publisher":{"@id":"https:\/\/mediumseagreen-eel-531711.hostingersite.com\/#organization"},"image":{"@id":"https:\/\/bladnanews.com\/simeone-confirms-three-injuries-and-responds-to-artetas-opinion\/#primaryimage"},"thumbnailUrl":"https:\/\/bladnanews.com\/wp-content\/uploads\/2026\/04\/2025-05-10-12089857_epa.jpg.jpg","articleSection":["International","Latest News"],"inLanguage":"fr-FR","copyrightYear":"2026","copyrightHolder":{"@id":"https:\/\/bladnanews.com\/fr\/#organization"}},{"@type":"WebPage","@id":"https:\/\/bladnanews.com\/simeone-confirms-three-injuries-and-responds-to-artetas-opinion\/","url":"https:\/\/bladnanews.com\/simeone-confirms-three-injuries-and-responds-to-artetas-opinion\/","name":"Simeone confirme trois blessures et r\u00e9pond \u00e0 l'opinion d'Arteta - Bladna News","isPartOf":{"@id":"https:\/\/mediumseagreen-eel-531711.hostingersite.com\/#website"},"primaryImageOfPage":{"@id":"https:\/\/bladnanews.com\/simeone-confirms-three-injuries-and-responds-to-artetas-opinion\/#primaryimage"},"image":{"@id":"https:\/\/bladnanews.com\/simeone-confirms-three-injuries-and-responds-to-artetas-opinion\/#primaryimage"},"thumbnailUrl":"https:\/\/bladnanews.com\/wp-content\/uploads\/2026\/04\/2025-05-10-12089857_epa.jpg.jpg","datePublished":"2026-04-30T07:03:55+00:00","breadcrumb":{"@id":"https:\/\/bladnanews.com\/simeone-confirms-three-injuries-and-responds-to-artetas-opinion\/#breadcrumb"},"inLanguage":"fr-FR","potentialAction":[{"@type":"ReadAction","target":["https:\/\/bladnanews.com\/simeone-confirms-three-injuries-and-responds-to-artetas-opinion\/"]}]},{"@type":"ImageObject","inLanguage":"fr-FR","@id":"https:\/\/bladnanews.com\/simeone-confirms-three-injuries-and-responds-to-artetas-opinion\/#primaryimage","url":"https:\/\/bladnanews.com\/wp-content\/uploads\/2026\/04\/2025-05-10-12089857_epa.jpg.jpg","contentUrl":"https:\/\/bladnanews.com\/wp-content\/uploads\/2026\/04\/2025-05-10-12089857_epa.jpg.jpg","width":1904,"height":1071,"caption":"Simeone confirms three injuries and responds to Arteta's opinion"},{"@type":"BreadcrumbList","@id":"https:\/\/bladnanews.com\/simeone-confirms-three-injuries-and-responds-to-artetas-opinion\/#breadcrumb","itemListElement":[{"@type":"ListItem","position":1,"name":"Home","item":"https:\/\/bladnanews.com\/"},{"@type":"ListItem","position":2,"name":"Simeone confirms three injuries and responds to Arteta&#8217;s opinion"}]},{"@type":"WebSite","@id":"https:\/\/mediumseagreen-eel-531711.hostingersite.com\/#website","url":"https:\/\/mediumseagreen-eel-531711.hostingersite.com\/","name":"Bladna News - Maroc","description":"Quand le football marocain rencontre le monde","publisher":{"@id":"https:\/\/mediumseagreen-eel-531711.hostingersite.com\/#organization"},"potentialAction":[{"@type":"SearchAction","target":{"@type":"EntryPoint","urlTemplate":"https:\/\/mediumseagreen-eel-531711.hostingersite.com\/?s={search_term_string}"},"query-input":{"@type":"PropertyValueSpecification","valueRequired":true,"valueName":"search_term_string"}}],"inLanguage":"fr-FR"},{"@type":"Organization","@id":"https:\/\/mediumseagreen-eel-531711.hostingersite.com\/#organization","name":"Bladna News.com","url":"https:\/\/mediumseagreen-eel-531711.hostingersite.com\/","logo":{"@type":"ImageObject","inLanguage":"fr-FR","@id":"https:\/\/mediumseagreen-eel-531711.hostingersite.com\/#\/schema\/logo\/image\/","url":"https:\/\/bladnanews.com\/wp-content\/uploads\/2025\/12\/logo-bladnanews-V2-web-black-red.png","contentUrl":"https:\/\/bladnanews.com\/wp-content\/uploads\/2025\/12\/logo-bladnanews-V2-web-black-red.png","width":703,"height":287,"caption":"Bladna News.com"},"image":{"@id":"https:\/\/mediumseagreen-eel-531711.hostingersite.com\/#\/schema\/logo\/image\/"},"email":"info@bladnanews.com","legalName":"Bladna News"},{"@type":"Person","@id":"https:\/\/mediumseagreen-eel-531711.hostingersite.com\/#\/schema\/person\/268e18a453ab080ebf76df6ef7845083","name":"\u00c9quipe r\u00e9dactionnelle de Bladna News","url":"https:\/\/bladnanews.com\/fr\/author\/bladna-news-staff\/"}]}},"_links":{"self":[{"href":"https:\/\/bladnanews.com\/fr\/wp-json\/wp\/v2\/posts\/11119","targetHints":{"allow":["GET"]}}],"collection":[{"href":"https:\/\/bladnanews.com\/fr\/wp-json\/wp\/v2\/posts"}],"about":[{"href":"https:\/\/bladnanews.com\/fr\/wp-json\/wp\/v2\/types\/post"}],"author":[{"embeddable":true,"href":"https:\/\/bladnanews.com\/fr\/wp-json\/wp\/v2\/users\/3"}],"replies":[{"embeddable":true,"href":"https:\/\/bladnanews.com\/fr\/wp-json\/wp\/v2\/comments?post=11119"}],"version-history":[{"count":0,"href":"https:\/\/bladnanews.com\/fr\/wp-json\/wp\/v2\/posts\/11119\/revisions"}],"wp:featuredmedia":[{"embeddable":true,"href":"https:\/\/bladnanews.com\/fr\/wp-json\/wp\/v2\/media\/11118"}],"wp:attachment":[{"href":"https:\/\/bladnanews.com\/fr\/wp-json\/wp\/v2\/media?parent=11119"}],"wp:term":[{"taxonomy":"category","embeddable":true,"href":"https:\/\/bladnanews.com\/fr\/wp-json\/wp\/v2\/categories?post=11119"},{"taxonomy":"post_tag","embeddable":true,"href":"https:\/\/bladnanews.com\/fr\/wp-json\/wp\/v2\/tags?post=11119"}],"curies":[{"name":"wp","href":"https:\/\/api.w.org\/{rel}","templated":true}]}}