{"id":11123,"date":"2026-04-30T11:51:37","date_gmt":"2026-04-30T11:51:37","guid":{"rendered":"https:\/\/bladnanews.com\/canadas-world-cup-story-a-promising-project-fueled-by-fan-passion\/"},"modified":"2026-04-30T11:51:37","modified_gmt":"2026-04-30T11:51:37","slug":"lhistoire-de-la-coupe-du-monde-du-canada-un-projet-prometteur-porte-par-la-passion-des-supporters","status":"publish","type":"post","link":"https:\/\/bladnanews.com\/fr\/lhistoire-de-la-coupe-du-monde-du-canada-un-projet-prometteur-porte-par-la-passion-des-supporters\/","title":{"rendered":"L'histoire de la Coupe du monde au Canada : un projet prometteur port\u00e9 par la passion des supporters"},"content":{"rendered":"<p>Le parcours du Canada vers la Coupe du Monde 2026 est bien plus qu\u2019une simple histoire de qualification. C\u2019est le r\u00e9cit d\u2019un projet footballistique prometteur, d\u00e9sormais port\u00e9 par la passion grandissante de ses supporters.<\/p>\n<p>Le pays co-organisera le tournoi aux c\u00f4t\u00e9s des \u00c9tats-Unis et du Mexique en 2026. Pour le Canada, cela marque un moment historique. Ce ne sera que la deuxi\u00e8me fois que l\u2019\u00e9quipe nationale masculine se qualifie pour la Coupe du Monde, apr\u00e8s sa seule participation en 1986.<\/p>\n<p>Cette campagne de 1986 au Mexique s\u2019est sold\u00e9e par trois d\u00e9faites et aucun but marqu\u00e9. Mais la g\u00e9n\u00e9ration actuelle a chang\u00e9 la donne. Sous la direction de l\u2019entra\u00eeneur John Herdman, l\u2019\u00e9quipe a montr\u00e9 de r\u00e9els progr\u00e8s. Ils ont termin\u00e9 en t\u00eate du groupe de qualification de la CONCACAF pour le Qatar 2022, d\u00e9crochant leur place gr\u00e2ce \u00e0 une campagne convaincante.<\/p>\n<p>Lors de la Coupe du Monde 2022 au Qatar, le Canada a prouv\u00e9 qu\u2019il avait sa place. Ils ont inscrit leur tout premier but en Coupe du Monde, un penalty d\u2019Alphonso Davies contre la Croatie. Bien qu\u2019ils aient perdu leurs trois matchs de groupe, les performances ont \u00e9t\u00e9 encourageantes. Ils ont tenu t\u00eate \u00e0 la Belgique lors du match d\u2019ouverture et ont rivalis\u00e9 avec la Croatie avant d\u2019\u00eatre rattrap\u00e9s par le manque d\u2019exp\u00e9rience.<\/p>\n<p>Le v\u00e9ritable changement, cependant, se produit en dehors du terrain. Les supporters canadiens ont adopt\u00e9 l\u2019\u00e9quipe comme jamais auparavant. Les stades se remplissent. Les records d\u2019audience sont battus. La marque \u201c CanMNT \u201d est devenue un symbole de fiert\u00e9 nationale.<\/p>\n<p>Des joueurs cl\u00e9s comme Alphonso Davies (Bayern Munich) et Jonathan David (Lille) sont devenus des noms familiers. Ils repr\u00e9sentent une g\u00e9n\u00e9ration \u00e9lev\u00e9e avec le r\u00eave de jouer au plus haut niveau. Le championnat national, la Canadian Premier League, lanc\u00e9 en 2019, alimente \u00e9galement le r\u00e9servoir de talents de l\u2019\u00e9quipe nationale.<\/p>\n<p>Pour 2026, le Canada disputera ses matchs de phase de groupes sur son sol. La perspective de jouer devant des foules passionn\u00e9es \u00e0 Toronto et \u00e0 Vancouver constitue un \u00e9norme atout. L\u2019\u00e9quipe ne se contente plus de participer. Elle vise \u00e0 \u00eatre comp\u00e9titive.<\/p>\n<p>Le projet est encore jeune, mais les fondations sont solides. Avec un effectif talentueux et une nation d\u00e9sormais pleinement derri\u00e8re eux, l\u2019histoire du Canada en Coupe du Monde ne fait que commencer. L\u2019\u00e9nergie des supporters est devenue l\u2019arme la plus puissante de l\u2019\u00e9quipe.<\/p>","protected":false},"excerpt":{"rendered":"<p>Canada\u2019s journey to the 2026 World Cup is more than just a qualification story. It is a tale of a [&hellip;]<\/p>\n","protected":false},"author":3,"featured_media":11122,"comment_status":"","ping_status":"open","sticky":false,"template":"","format":"standard","meta":{"googlesitekit_rrm_CAow_uzEDA:productID":"","site-sidebar-layout":"default","site-content-layout":"","ast-site-content-layout":"default","site-content-style":"default","site-sidebar-style":"default","ast-global-header-display":"","ast-banner-title-visibility":"","ast-main-header-display":"","ast-hfb-above-header-display":"","ast-hfb-below-header-display":"","ast-hfb-mobile-header-display":"","site-post-title":"","ast-breadcrumbs-content":"","ast-featured-img":"","footer-sml-layout":"","ast-disable-related-posts":"","theme-transparent-header-meta":"","adv-header-id-meta":"","stick-header-meta":"","header-above-stick-meta":"","header-main-stick-meta":"","header-below-stick-meta":"","astra-migrate-meta-layouts":"default","ast-page-background-enabled":"default","ast-page-background-meta":{"desktop":{"background-color":"var(--ast-global-color-5)","background-image":"","background-repeat":"repeat","background-position":"center center","background-size":"auto","background-attachment":"scroll","background-type":"","background-media":"","overlay-type":"","overlay-color":"","overlay-opacity":"","overlay-gradient":""},"tablet":{"background-color":"","background-image":"","background-repeat":"repeat","background-position":"center center","background-size":"auto","background-attachment":"scroll","background-type":"","background-media":"","overlay-type":"","overlay-color":"","overlay-opacity":"","overlay-gradient":""},"mobile":{"background-color":"","background-image":"","background-repeat":"repeat","background-position":"center center","background-size":"auto","background-attachment":"scroll","background-type":"","background-media":"","overlay-type":"","overlay-color":"","overlay-opacity":"","overlay-gradient":""}},"ast-content-background-meta":{"desktop":{"background-color":"var(--ast-global-color-4)","background-image":"","background-repeat":"repeat","background-position":"center center","background-size":"auto","background-attachment":"scroll","background-type":"","background-media":"","overlay-type":"","overlay-color":"","overlay-opacity":"","overlay-gradient":""},"tablet":{"background-color":"var(--ast-global-color-4)","background-image":"","background-repeat":"repeat","background-position":"center center","background-size":"auto","background-attachment":"scroll","background-type":"","background-media":"","overlay-type":"","overlay-color":"","overlay-opacity":"","overlay-gradient":""},"mobile":{"background-color":"var(--ast-global-color-4)","background-image":"","background-repeat":"repeat","background-position":"center center","background-size":"auto","background-attachment":"scroll","background-type":"","background-media":"","overlay-type":"","overlay-color":"","overlay-opacity":"","overlay-gradient":""}},"footnotes":""},"categories":[20,1],"tags":[],"class_list":["post-11123","post","type-post","status-publish","format-standard","has-post-thumbnail","hentry","category-international","category-football-latest-news"],"yoast_head":"<!-- This site is optimized with the Yoast SEO Premium plugin v26.6 (Yoast SEO v27.5) - https:\/\/yoast.com\/product\/yoast-seo-premium-wordpress\/ -->\n<title>Canada\u2019s World Cup story: a promising project fueled by fan passion - Bladna News<\/title>\n<meta name=\"robots\" content=\"index, follow, max-snippet:-1, max-image-preview:large, max-video-preview:-1\" \/>\n<link rel=\"canonical\" href=\"https:\/\/bladnanews.com\/fr\/lhistoire-de-la-coupe-du-monde-du-canada-un-projet-prometteur-porte-par-la-passion-des-supporters\/\" \/>\n<meta property=\"og:locale\" content=\"fr_FR\" \/>\n<meta property=\"og:type\" content=\"article\" \/>\n<meta property=\"og:title\" content=\"Canada\u2019s World Cup story: a promising project fueled by fan passion\" \/>\n<meta property=\"og:description\" content=\"Canada\u2019s journey to the 2026 World Cup is more than just a qualification story. It is a tale of a [&hellip;]\" \/>\n<meta property=\"og:url\" content=\"https:\/\/bladnanews.com\/fr\/lhistoire-de-la-coupe-du-monde-du-canada-un-projet-prometteur-porte-par-la-passion-des-supporters\/\" \/>\n<meta property=\"og:site_name\" content=\"Bladna News\" \/>\n<meta property=\"article:published_time\" content=\"2026-04-30T11:51:37+00:00\" \/>\n<meta property=\"og:image\" content=\"https:\/\/bladnanews.com\/wp-content\/uploads\/2025\/12\/freepik__bladna-newscom-moroccan-soccer-homepage-banner-mor__41838.png\" \/>\n\t<meta property=\"og:image:width\" content=\"1312\" \/>\n\t<meta property=\"og:image:height\" content=\"736\" \/>\n\t<meta property=\"og:image:type\" content=\"image\/png\" \/>\n<meta name=\"author\" content=\"Bladna News Staff\" \/>\n<meta name=\"twitter:card\" content=\"summary_large_image\" \/>\n<meta name=\"twitter:label1\" content=\"\u00c9crit par\" \/>\n\t<meta name=\"twitter:data1\" content=\"Bladna News Staff\" \/>\n\t<meta name=\"twitter:label2\" content=\"Dur\u00e9e de lecture estim\u00e9e\" \/>\n\t<meta name=\"twitter:data2\" content=\"2 minutes\" \/>\n<script type=\"application\/ld+json\" class=\"yoast-schema-graph\">{\"@context\":\"https:\\\/\\\/schema.org\",\"@graph\":[{\"@type\":\"Article\",\"@id\":\"https:\\\/\\\/bladnanews.com\\\/canadas-world-cup-story-a-promising-project-fueled-by-fan-passion\\\/#article\",\"isPartOf\":{\"@id\":\"https:\\\/\\\/bladnanews.com\\\/canadas-world-cup-story-a-promising-project-fueled-by-fan-passion\\\/\"},\"author\":{\"name\":\"Bladna News Staff\",\"@id\":\"https:\\\/\\\/mediumseagreen-eel-531711.hostingersite.com\\\/#\\\/schema\\\/person\\\/268e18a453ab080ebf76df6ef7845083\"},\"headline\":\"Canada\u2019s World Cup story: a promising project fueled by fan passion\",\"datePublished\":\"2026-04-30T11:51:37+00:00\",\"mainEntityOfPage\":{\"@id\":\"https:\\\/\\\/bladnanews.com\\\/canadas-world-cup-story-a-promising-project-fueled-by-fan-passion\\\/\"},\"wordCount\":351,\"publisher\":{\"@id\":\"https:\\\/\\\/mediumseagreen-eel-531711.hostingersite.com\\\/#organization\"},\"image\":{\"@id\":\"https:\\\/\\\/bladnanews.com\\\/canadas-world-cup-story-a-promising-project-fueled-by-fan-passion\\\/#primaryimage\"},\"thumbnailUrl\":\"https:\\\/\\\/bladnanews.com\\\/wp-content\\\/uploads\\\/2026\\\/04\\\/GettyImages-2269579698.jpg-scaled.jpg\",\"articleSection\":[\"International\",\"Latest News\"],\"inLanguage\":\"fr-FR\",\"copyrightYear\":\"2026\",\"copyrightHolder\":{\"@id\":\"https:\\\/\\\/bladnanews.com\\\/fr\\\/#organization\"}},{\"@type\":\"WebPage\",\"@id\":\"https:\\\/\\\/bladnanews.com\\\/canadas-world-cup-story-a-promising-project-fueled-by-fan-passion\\\/\",\"url\":\"https:\\\/\\\/bladnanews.com\\\/canadas-world-cup-story-a-promising-project-fueled-by-fan-passion\\\/\",\"name\":\"Canada\u2019s World Cup story: a promising project fueled by fan passion - Bladna News\",\"isPartOf\":{\"@id\":\"https:\\\/\\\/mediumseagreen-eel-531711.hostingersite.com\\\/#website\"},\"primaryImageOfPage\":{\"@id\":\"https:\\\/\\\/bladnanews.com\\\/canadas-world-cup-story-a-promising-project-fueled-by-fan-passion\\\/#primaryimage\"},\"image\":{\"@id\":\"https:\\\/\\\/bladnanews.com\\\/canadas-world-cup-story-a-promising-project-fueled-by-fan-passion\\\/#primaryimage\"},\"thumbnailUrl\":\"https:\\\/\\\/bladnanews.com\\\/wp-content\\\/uploads\\\/2026\\\/04\\\/GettyImages-2269579698.jpg-scaled.jpg\",\"datePublished\":\"2026-04-30T11:51:37+00:00\",\"breadcrumb\":{\"@id\":\"https:\\\/\\\/bladnanews.com\\\/canadas-world-cup-story-a-promising-project-fueled-by-fan-passion\\\/#breadcrumb\"},\"inLanguage\":\"fr-FR\",\"potentialAction\":[{\"@type\":\"ReadAction\",\"target\":[\"https:\\\/\\\/bladnanews.com\\\/canadas-world-cup-story-a-promising-project-fueled-by-fan-passion\\\/\"]}]},{\"@type\":\"ImageObject\",\"inLanguage\":\"fr-FR\",\"@id\":\"https:\\\/\\\/bladnanews.com\\\/canadas-world-cup-story-a-promising-project-fueled-by-fan-passion\\\/#primaryimage\",\"url\":\"https:\\\/\\\/bladnanews.com\\\/wp-content\\\/uploads\\\/2026\\\/04\\\/GettyImages-2269579698.jpg-scaled.jpg\",\"contentUrl\":\"https:\\\/\\\/bladnanews.com\\\/wp-content\\\/uploads\\\/2026\\\/04\\\/GettyImages-2269579698.jpg-scaled.jpg\",\"width\":2560,\"height\":1440,\"caption\":\"Canada\u2019s World Cup story: a promising project fueled by fan passion\"},{\"@type\":\"BreadcrumbList\",\"@id\":\"https:\\\/\\\/bladnanews.com\\\/canadas-world-cup-story-a-promising-project-fueled-by-fan-passion\\\/#breadcrumb\",\"itemListElement\":[{\"@type\":\"ListItem\",\"position\":1,\"name\":\"Home\",\"item\":\"https:\\\/\\\/bladnanews.com\\\/\"},{\"@type\":\"ListItem\",\"position\":2,\"name\":\"Canada\u2019s World Cup story: a promising project fueled by fan passion\"}]},{\"@type\":\"WebSite\",\"@id\":\"https:\\\/\\\/mediumseagreen-eel-531711.hostingersite.com\\\/#website\",\"url\":\"https:\\\/\\\/mediumseagreen-eel-531711.hostingersite.com\\\/\",\"name\":\"Bladna News - Morocco\",\"description\":\"Where Moroccan Football Meets the World\",\"publisher\":{\"@id\":\"https:\\\/\\\/mediumseagreen-eel-531711.hostingersite.com\\\/#organization\"},\"potentialAction\":[{\"@type\":\"SearchAction\",\"target\":{\"@type\":\"EntryPoint\",\"urlTemplate\":\"https:\\\/\\\/mediumseagreen-eel-531711.hostingersite.com\\\/?s={search_term_string}\"},\"query-input\":{\"@type\":\"PropertyValueSpecification\",\"valueRequired\":true,\"valueName\":\"search_term_string\"}}],\"inLanguage\":\"fr-FR\"},{\"@type\":\"Organization\",\"@id\":\"https:\\\/\\\/mediumseagreen-eel-531711.hostingersite.com\\\/#organization\",\"name\":\"Bladna News.com\",\"url\":\"https:\\\/\\\/mediumseagreen-eel-531711.hostingersite.com\\\/\",\"logo\":{\"@type\":\"ImageObject\",\"inLanguage\":\"fr-FR\",\"@id\":\"https:\\\/\\\/mediumseagreen-eel-531711.hostingersite.com\\\/#\\\/schema\\\/logo\\\/image\\\/\",\"url\":\"https:\\\/\\\/bladnanews.com\\\/wp-content\\\/uploads\\\/2025\\\/12\\\/logo-bladnanews-V2-web-black-red.png\",\"contentUrl\":\"https:\\\/\\\/bladnanews.com\\\/wp-content\\\/uploads\\\/2025\\\/12\\\/logo-bladnanews-V2-web-black-red.png\",\"width\":703,\"height\":287,\"caption\":\"Bladna News.com\"},\"image\":{\"@id\":\"https:\\\/\\\/mediumseagreen-eel-531711.hostingersite.com\\\/#\\\/schema\\\/logo\\\/image\\\/\"},\"email\":\"info@bladnanews.com\",\"legalName\":\"Bladna News\"},{\"@type\":\"Person\",\"@id\":\"https:\\\/\\\/mediumseagreen-eel-531711.hostingersite.com\\\/#\\\/schema\\\/person\\\/268e18a453ab080ebf76df6ef7845083\",\"name\":\"Bladna News Staff\",\"url\":\"https:\\\/\\\/bladnanews.com\\\/fr\\\/author\\\/bladna-news-staff\\\/\"}]}<\/script>\n<!-- \/ Yoast SEO Premium plugin. -->","yoast_head_json":{"title":"L'histoire de la Coupe du Monde du Canada : un projet prometteur port\u00e9 par la passion des supporters - Bladna News","robots":{"index":"index","follow":"follow","max-snippet":"max-snippet:-1","max-image-preview":"max-image-preview:large","max-video-preview":"max-video-preview:-1"},"canonical":"https:\/\/bladnanews.com\/fr\/lhistoire-de-la-coupe-du-monde-du-canada-un-projet-prometteur-porte-par-la-passion-des-supporters\/","og_locale":"fr_FR","og_type":"article","og_title":"Canada\u2019s World Cup story: a promising project fueled by fan passion","og_description":"Canada\u2019s journey to the 2026 World Cup is more than just a qualification story. It is a tale of a [&hellip;]","og_url":"https:\/\/bladnanews.com\/fr\/lhistoire-de-la-coupe-du-monde-du-canada-un-projet-prometteur-porte-par-la-passion-des-supporters\/","og_site_name":"Bladna News","article_published_time":"2026-04-30T11:51:37+00:00","og_image":[{"width":1312,"height":736,"url":"https:\/\/bladnanews.com\/wp-content\/uploads\/2025\/12\/freepik__bladna-newscom-moroccan-soccer-homepage-banner-mor__41838.png","type":"image\/png"}],"author":"Bladna News Staff","twitter_card":"summary_large_image","twitter_misc":{"\u00c9crit par":"Bladna News Staff","Dur\u00e9e de lecture estim\u00e9e":"2 minutes"},"schema":{"@context":"https:\/\/schema.org","@graph":[{"@type":"Article","@id":"https:\/\/bladnanews.com\/canadas-world-cup-story-a-promising-project-fueled-by-fan-passion\/#article","isPartOf":{"@id":"https:\/\/bladnanews.com\/canadas-world-cup-story-a-promising-project-fueled-by-fan-passion\/"},"author":{"name":"Bladna News Staff","@id":"https:\/\/mediumseagreen-eel-531711.hostingersite.com\/#\/schema\/person\/268e18a453ab080ebf76df6ef7845083"},"headline":"Canada\u2019s World Cup story: a promising project fueled by fan passion","datePublished":"2026-04-30T11:51:37+00:00","mainEntityOfPage":{"@id":"https:\/\/bladnanews.com\/canadas-world-cup-story-a-promising-project-fueled-by-fan-passion\/"},"wordCount":351,"publisher":{"@id":"https:\/\/mediumseagreen-eel-531711.hostingersite.com\/#organization"},"image":{"@id":"https:\/\/bladnanews.com\/canadas-world-cup-story-a-promising-project-fueled-by-fan-passion\/#primaryimage"},"thumbnailUrl":"https:\/\/bladnanews.com\/wp-content\/uploads\/2026\/04\/GettyImages-2269579698.jpg-scaled.jpg","articleSection":["International","Latest News"],"inLanguage":"fr-FR","copyrightYear":"2026","copyrightHolder":{"@id":"https:\/\/bladnanews.com\/fr\/#organization"}},{"@type":"WebPage","@id":"https:\/\/bladnanews.com\/canadas-world-cup-story-a-promising-project-fueled-by-fan-passion\/","url":"https:\/\/bladnanews.com\/canadas-world-cup-story-a-promising-project-fueled-by-fan-passion\/","name":"L'histoire de la Coupe du Monde du Canada : un projet prometteur port\u00e9 par la passion des supporters - Bladna News","isPartOf":{"@id":"https:\/\/mediumseagreen-eel-531711.hostingersite.com\/#website"},"primaryImageOfPage":{"@id":"https:\/\/bladnanews.com\/canadas-world-cup-story-a-promising-project-fueled-by-fan-passion\/#primaryimage"},"image":{"@id":"https:\/\/bladnanews.com\/canadas-world-cup-story-a-promising-project-fueled-by-fan-passion\/#primaryimage"},"thumbnailUrl":"https:\/\/bladnanews.com\/wp-content\/uploads\/2026\/04\/GettyImages-2269579698.jpg-scaled.jpg","datePublished":"2026-04-30T11:51:37+00:00","breadcrumb":{"@id":"https:\/\/bladnanews.com\/canadas-world-cup-story-a-promising-project-fueled-by-fan-passion\/#breadcrumb"},"inLanguage":"fr-FR","potentialAction":[{"@type":"ReadAction","target":["https:\/\/bladnanews.com\/canadas-world-cup-story-a-promising-project-fueled-by-fan-passion\/"]}]},{"@type":"ImageObject","inLanguage":"fr-FR","@id":"https:\/\/bladnanews.com\/canadas-world-cup-story-a-promising-project-fueled-by-fan-passion\/#primaryimage","url":"https:\/\/bladnanews.com\/wp-content\/uploads\/2026\/04\/GettyImages-2269579698.jpg-scaled.jpg","contentUrl":"https:\/\/bladnanews.com\/wp-content\/uploads\/2026\/04\/GettyImages-2269579698.jpg-scaled.jpg","width":2560,"height":1440,"caption":"Canada\u2019s World Cup story: a promising project fueled by fan passion"},{"@type":"BreadcrumbList","@id":"https:\/\/bladnanews.com\/canadas-world-cup-story-a-promising-project-fueled-by-fan-passion\/#breadcrumb","itemListElement":[{"@type":"ListItem","position":1,"name":"Home","item":"https:\/\/bladnanews.com\/"},{"@type":"ListItem","position":2,"name":"Canada\u2019s World Cup story: a promising project fueled by fan passion"}]},{"@type":"WebSite","@id":"https:\/\/mediumseagreen-eel-531711.hostingersite.com\/#website","url":"https:\/\/mediumseagreen-eel-531711.hostingersite.com\/","name":"Bladna News - Maroc","description":"Quand le football marocain rencontre le monde","publisher":{"@id":"https:\/\/mediumseagreen-eel-531711.hostingersite.com\/#organization"},"potentialAction":[{"@type":"SearchAction","target":{"@type":"EntryPoint","urlTemplate":"https:\/\/mediumseagreen-eel-531711.hostingersite.com\/?s={search_term_string}"},"query-input":{"@type":"PropertyValueSpecification","valueRequired":true,"valueName":"search_term_string"}}],"inLanguage":"fr-FR"},{"@type":"Organization","@id":"https:\/\/mediumseagreen-eel-531711.hostingersite.com\/#organization","name":"Bladna News.com","url":"https:\/\/mediumseagreen-eel-531711.hostingersite.com\/","logo":{"@type":"ImageObject","inLanguage":"fr-FR","@id":"https:\/\/mediumseagreen-eel-531711.hostingersite.com\/#\/schema\/logo\/image\/","url":"https:\/\/bladnanews.com\/wp-content\/uploads\/2025\/12\/logo-bladnanews-V2-web-black-red.png","contentUrl":"https:\/\/bladnanews.com\/wp-content\/uploads\/2025\/12\/logo-bladnanews-V2-web-black-red.png","width":703,"height":287,"caption":"Bladna News.com"},"image":{"@id":"https:\/\/mediumseagreen-eel-531711.hostingersite.com\/#\/schema\/logo\/image\/"},"email":"info@bladnanews.com","legalName":"Bladna News"},{"@type":"Person","@id":"https:\/\/mediumseagreen-eel-531711.hostingersite.com\/#\/schema\/person\/268e18a453ab080ebf76df6ef7845083","name":"\u00c9quipe r\u00e9dactionnelle de Bladna News","url":"https:\/\/bladnanews.com\/fr\/author\/bladna-news-staff\/"}]}},"_links":{"self":[{"href":"https:\/\/bladnanews.com\/fr\/wp-json\/wp\/v2\/posts\/11123","targetHints":{"allow":["GET"]}}],"collection":[{"href":"https:\/\/bladnanews.com\/fr\/wp-json\/wp\/v2\/posts"}],"about":[{"href":"https:\/\/bladnanews.com\/fr\/wp-json\/wp\/v2\/types\/post"}],"author":[{"embeddable":true,"href":"https:\/\/bladnanews.com\/fr\/wp-json\/wp\/v2\/users\/3"}],"replies":[{"embeddable":true,"href":"https:\/\/bladnanews.com\/fr\/wp-json\/wp\/v2\/comments?post=11123"}],"version-history":[{"count":0,"href":"https:\/\/bladnanews.com\/fr\/wp-json\/wp\/v2\/posts\/11123\/revisions"}],"wp:featuredmedia":[{"embeddable":true,"href":"https:\/\/bladnanews.com\/fr\/wp-json\/wp\/v2\/media\/11122"}],"wp:attachment":[{"href":"https:\/\/bladnanews.com\/fr\/wp-json\/wp\/v2\/media?parent=11123"}],"wp:term":[{"taxonomy":"category","embeddable":true,"href":"https:\/\/bladnanews.com\/fr\/wp-json\/wp\/v2\/categories?post=11123"},{"taxonomy":"post_tag","embeddable":true,"href":"https:\/\/bladnanews.com\/fr\/wp-json\/wp\/v2\/tags?post=11123"}],"curies":[{"name":"wp","href":"https:\/\/api.w.org\/{rel}","templated":true}]}}