{"id":11127,"date":"2026-04-30T12:03:31","date_gmt":"2026-04-30T12:03:31","guid":{"rendered":"https:\/\/bladnanews.com\/shalabi-reveals-he-felt-like-imam-and-threatened-retirement\/"},"modified":"2026-04-30T12:03:31","modified_gmt":"2026-04-30T12:03:31","slug":"shalabi-revele-quil-se-sentait-comme-un-imam-et-a-menace-de-prendre-sa-retraite","status":"publish","type":"post","link":"https:\/\/bladnanews.com\/fr\/shalabi-revele-quil-se-sentait-comme-un-imam-et-a-menace-de-prendre-sa-retraite\/","title":{"rendered":"Shalabi r\u00e9v\u00e8le qu'il se sentait comme un imam et a menac\u00e9 de prendre sa retraite"},"content":{"rendered":"<p>Shalabi s\u2019est confi\u00e9 sur l\u2019intense pression qu\u2019il a subie, r\u00e9v\u00e9lant avoir ressenti le m\u00eame sentiment qu\u2019Imam et avoir m\u00eame menac\u00e9 de prendre sa retraite du football. Le joueur s\u2019est retrouv\u00e9 au c\u0153ur d\u2019une temp\u00eate apr\u00e8s avoir re\u00e7u des messages enflamm\u00e9s dirig\u00e9s contre Al-Khatib.<\/p>\n<p>Dans une d\u00e9claration vid\u00e9o d\u00e9taill\u00e9e, Shalabi a expliqu\u00e9 le poids \u00e9motionnel que cette situation a eu sur lui. Il a admis que les r\u00e9actions n\u00e9gatives l\u2019ont pouss\u00e9 \u00e0 un point de rupture, o\u00f9 il a s\u00e9rieusement envisag\u00e9 de quitter d\u00e9finitivement le football.<\/p>\n<p>\u201c J\u2019ai v\u00e9cu exactement le m\u00eame sentiment qu\u2019Imam a v\u00e9cu \u201d, a d\u00e9clar\u00e9 Shalabi. \u201c J\u2019ai \u00e9t\u00e9 menac\u00e9 de retraite \u00e0 cause de ce qui s\u2019est pass\u00e9. Les messages que j\u2019ai re\u00e7us \u00e9taient durs et personnels. \u201d<\/p>\n<p>La controverse a \u00e9clat\u00e9 apr\u00e8s que Shalabi se soit impliqu\u00e9 dans un \u00e9change houleux qui a suscit\u00e9 de vives r\u00e9actions tant des supporters que des responsables. Le joueur n\u2019a pas m\u00e2ch\u00e9 ses mots en d\u00e9crivant comment cette \u00e9preuve a affect\u00e9 son \u00e9tat mental et sa passion pour le football.<\/p>\n<p>Shalabi a confirm\u00e9 que les messages \u00e9taient adress\u00e9s \u00e0 Al-Khatib, une figure d\u2019une importance consid\u00e9rable dans le football \u00e9gyptien. Il a soulign\u00e9 que la situation avait rapidement d\u00e9g\u00e9n\u00e9r\u00e9, ne lui laissant d\u2019autre choix que de s\u2019exprimer publiquement.<\/p>\n<p>\u201c J\u2019ai re\u00e7u des messages qui \u00e9taient comme du feu \u201d, a ajout\u00e9 Shalabi. \u201c Ils visaient Al-Khatib, et je me suis retrouv\u00e9 pris au milieu. Ce fut une p\u00e9riode tr\u00e8s difficile pour moi. \u201d<\/p>\n<p>Le joueur a pr\u00e9cis\u00e9 qu\u2019il n\u2019avait aucune intention de reculer sur sa position, mais a \u00e9galement exprim\u00e9 le souhait d\u2019aller de l\u2019avant. Il esp\u00e8re que l\u2019affaire pourra \u00eatre r\u00e9solue sans nuire davantage \u00e0 sa carri\u00e8re ou \u00e0 sa r\u00e9putation.<\/p>\n<p>Les r\u00e9v\u00e9lations de Shalabi ont suscit\u00e9 de nombreuses discussions parmi les supporters et les analystes, beaucoup appelant au calme et \u00e0 se concentrer sur le sport lui-m\u00eame. Le joueur reste engag\u00e9 envers son club, mais admet que les r\u00e9cents \u00e9v\u00e9nements ont lourdement pes\u00e9 sur lui.<\/p>","protected":false},"excerpt":{"rendered":"<p>Shalabi has opened up about the intense pressure he faced, revealing that he experienced the same feeling as Imam and [&hellip;]<\/p>\n","protected":false},"author":3,"featured_media":11126,"comment_status":"","ping_status":"open","sticky":false,"template":"","format":"standard","meta":{"googlesitekit_rrm_CAow_uzEDA:productID":"","site-sidebar-layout":"default","site-content-layout":"","ast-site-content-layout":"default","site-content-style":"default","site-sidebar-style":"default","ast-global-header-display":"","ast-banner-title-visibility":"","ast-main-header-display":"","ast-hfb-above-header-display":"","ast-hfb-below-header-display":"","ast-hfb-mobile-header-display":"","site-post-title":"","ast-breadcrumbs-content":"","ast-featured-img":"","footer-sml-layout":"","ast-disable-related-posts":"","theme-transparent-header-meta":"","adv-header-id-meta":"","stick-header-meta":"","header-above-stick-meta":"","header-main-stick-meta":"","header-below-stick-meta":"","astra-migrate-meta-layouts":"default","ast-page-background-enabled":"default","ast-page-background-meta":{"desktop":{"background-color":"var(--ast-global-color-5)","background-image":"","background-repeat":"repeat","background-position":"center center","background-size":"auto","background-attachment":"scroll","background-type":"","background-media":"","overlay-type":"","overlay-color":"","overlay-opacity":"","overlay-gradient":""},"tablet":{"background-color":"","background-image":"","background-repeat":"repeat","background-position":"center center","background-size":"auto","background-attachment":"scroll","background-type":"","background-media":"","overlay-type":"","overlay-color":"","overlay-opacity":"","overlay-gradient":""},"mobile":{"background-color":"","background-image":"","background-repeat":"repeat","background-position":"center center","background-size":"auto","background-attachment":"scroll","background-type":"","background-media":"","overlay-type":"","overlay-color":"","overlay-opacity":"","overlay-gradient":""}},"ast-content-background-meta":{"desktop":{"background-color":"var(--ast-global-color-4)","background-image":"","background-repeat":"repeat","background-position":"center center","background-size":"auto","background-attachment":"scroll","background-type":"","background-media":"","overlay-type":"","overlay-color":"","overlay-opacity":"","overlay-gradient":""},"tablet":{"background-color":"var(--ast-global-color-4)","background-image":"","background-repeat":"repeat","background-position":"center center","background-size":"auto","background-attachment":"scroll","background-type":"","background-media":"","overlay-type":"","overlay-color":"","overlay-opacity":"","overlay-gradient":""},"mobile":{"background-color":"var(--ast-global-color-4)","background-image":"","background-repeat":"repeat","background-position":"center center","background-size":"auto","background-attachment":"scroll","background-type":"","background-media":"","overlay-type":"","overlay-color":"","overlay-opacity":"","overlay-gradient":""}},"footnotes":""},"categories":[20,1],"tags":[],"class_list":["post-11127","post","type-post","status-publish","format-standard","has-post-thumbnail","hentry","category-international","category-football-latest-news"],"yoast_head":"<!-- This site is optimized with the Yoast SEO Premium plugin v26.6 (Yoast SEO v27.5) - https:\/\/yoast.com\/product\/yoast-seo-premium-wordpress\/ -->\n<title>Shalabi reveals he felt like Imam and threatened retirement - Bladna News<\/title>\n<meta name=\"robots\" content=\"index, follow, max-snippet:-1, max-image-preview:large, max-video-preview:-1\" \/>\n<link rel=\"canonical\" href=\"https:\/\/bladnanews.com\/fr\/shalabi-revele-quil-se-sentait-comme-un-imam-et-a-menace-de-prendre-sa-retraite\/\" \/>\n<meta property=\"og:locale\" content=\"fr_FR\" \/>\n<meta property=\"og:type\" content=\"article\" \/>\n<meta property=\"og:title\" content=\"Shalabi reveals he felt like Imam and threatened retirement\" \/>\n<meta property=\"og:description\" content=\"Shalabi has opened up about the intense pressure he faced, revealing that he experienced the same feeling as Imam and [&hellip;]\" \/>\n<meta property=\"og:url\" content=\"https:\/\/bladnanews.com\/fr\/shalabi-revele-quil-se-sentait-comme-un-imam-et-a-menace-de-prendre-sa-retraite\/\" \/>\n<meta property=\"og:site_name\" content=\"Bladna News\" \/>\n<meta property=\"article:published_time\" content=\"2026-04-30T12:03:31+00:00\" \/>\n<meta property=\"og:image\" content=\"https:\/\/bladnanews.com\/wp-content\/uploads\/2025\/12\/freepik__bladna-newscom-moroccan-soccer-homepage-banner-mor__41838.png\" \/>\n\t<meta property=\"og:image:width\" content=\"1312\" \/>\n\t<meta property=\"og:image:height\" content=\"736\" \/>\n\t<meta property=\"og:image:type\" content=\"image\/png\" \/>\n<meta name=\"author\" content=\"Bladna News Staff\" \/>\n<meta name=\"twitter:card\" content=\"summary_large_image\" \/>\n<meta name=\"twitter:label1\" content=\"\u00c9crit par\" \/>\n\t<meta name=\"twitter:data1\" content=\"Bladna News Staff\" \/>\n\t<meta name=\"twitter:label2\" content=\"Dur\u00e9e de lecture estim\u00e9e\" \/>\n\t<meta name=\"twitter:data2\" content=\"1 minute\" \/>\n<script type=\"application\/ld+json\" class=\"yoast-schema-graph\">{\"@context\":\"https:\\\/\\\/schema.org\",\"@graph\":[{\"@type\":\"Article\",\"@id\":\"https:\\\/\\\/bladnanews.com\\\/shalabi-reveals-he-felt-like-imam-and-threatened-retirement\\\/#article\",\"isPartOf\":{\"@id\":\"https:\\\/\\\/bladnanews.com\\\/shalabi-reveals-he-felt-like-imam-and-threatened-retirement\\\/\"},\"author\":{\"name\":\"Bladna News Staff\",\"@id\":\"https:\\\/\\\/mediumseagreen-eel-531711.hostingersite.com\\\/#\\\/schema\\\/person\\\/268e18a453ab080ebf76df6ef7845083\"},\"headline\":\"Shalabi reveals he felt like Imam and threatened retirement\",\"datePublished\":\"2026-04-30T12:03:31+00:00\",\"mainEntityOfPage\":{\"@id\":\"https:\\\/\\\/bladnanews.com\\\/shalabi-reveals-he-felt-like-imam-and-threatened-retirement\\\/\"},\"wordCount\":304,\"publisher\":{\"@id\":\"https:\\\/\\\/mediumseagreen-eel-531711.hostingersite.com\\\/#organization\"},\"image\":{\"@id\":\"https:\\\/\\\/bladnanews.com\\\/shalabi-reveals-he-felt-like-imam-and-threatened-retirement\\\/#primaryimage\"},\"thumbnailUrl\":\"https:\\\/\\\/bladnanews.com\\\/wp-content\\\/uploads\\\/2026\\\/04\\\/GettyImages-2216918412.jpg.jpg\",\"articleSection\":[\"International\",\"Latest News\"],\"inLanguage\":\"fr-FR\",\"copyrightYear\":\"2026\",\"copyrightHolder\":{\"@id\":\"https:\\\/\\\/bladnanews.com\\\/fr\\\/#organization\"}},{\"@type\":\"WebPage\",\"@id\":\"https:\\\/\\\/bladnanews.com\\\/shalabi-reveals-he-felt-like-imam-and-threatened-retirement\\\/\",\"url\":\"https:\\\/\\\/bladnanews.com\\\/shalabi-reveals-he-felt-like-imam-and-threatened-retirement\\\/\",\"name\":\"Shalabi reveals he felt like Imam and threatened retirement - Bladna News\",\"isPartOf\":{\"@id\":\"https:\\\/\\\/mediumseagreen-eel-531711.hostingersite.com\\\/#website\"},\"primaryImageOfPage\":{\"@id\":\"https:\\\/\\\/bladnanews.com\\\/shalabi-reveals-he-felt-like-imam-and-threatened-retirement\\\/#primaryimage\"},\"image\":{\"@id\":\"https:\\\/\\\/bladnanews.com\\\/shalabi-reveals-he-felt-like-imam-and-threatened-retirement\\\/#primaryimage\"},\"thumbnailUrl\":\"https:\\\/\\\/bladnanews.com\\\/wp-content\\\/uploads\\\/2026\\\/04\\\/GettyImages-2216918412.jpg.jpg\",\"datePublished\":\"2026-04-30T12:03:31+00:00\",\"breadcrumb\":{\"@id\":\"https:\\\/\\\/bladnanews.com\\\/shalabi-reveals-he-felt-like-imam-and-threatened-retirement\\\/#breadcrumb\"},\"inLanguage\":\"fr-FR\",\"potentialAction\":[{\"@type\":\"ReadAction\",\"target\":[\"https:\\\/\\\/bladnanews.com\\\/shalabi-reveals-he-felt-like-imam-and-threatened-retirement\\\/\"]}]},{\"@type\":\"ImageObject\",\"inLanguage\":\"fr-FR\",\"@id\":\"https:\\\/\\\/bladnanews.com\\\/shalabi-reveals-he-felt-like-imam-and-threatened-retirement\\\/#primaryimage\",\"url\":\"https:\\\/\\\/bladnanews.com\\\/wp-content\\\/uploads\\\/2026\\\/04\\\/GettyImages-2216918412.jpg.jpg\",\"contentUrl\":\"https:\\\/\\\/bladnanews.com\\\/wp-content\\\/uploads\\\/2026\\\/04\\\/GettyImages-2216918412.jpg.jpg\",\"width\":1920,\"height\":1080,\"caption\":\"Shalabi reveals he felt like Imam and threatened retirement\"},{\"@type\":\"BreadcrumbList\",\"@id\":\"https:\\\/\\\/bladnanews.com\\\/shalabi-reveals-he-felt-like-imam-and-threatened-retirement\\\/#breadcrumb\",\"itemListElement\":[{\"@type\":\"ListItem\",\"position\":1,\"name\":\"Home\",\"item\":\"https:\\\/\\\/bladnanews.com\\\/\"},{\"@type\":\"ListItem\",\"position\":2,\"name\":\"Shalabi reveals he felt like Imam and threatened retirement\"}]},{\"@type\":\"WebSite\",\"@id\":\"https:\\\/\\\/mediumseagreen-eel-531711.hostingersite.com\\\/#website\",\"url\":\"https:\\\/\\\/mediumseagreen-eel-531711.hostingersite.com\\\/\",\"name\":\"Bladna News - Morocco\",\"description\":\"Where Moroccan Football Meets the World\",\"publisher\":{\"@id\":\"https:\\\/\\\/mediumseagreen-eel-531711.hostingersite.com\\\/#organization\"},\"potentialAction\":[{\"@type\":\"SearchAction\",\"target\":{\"@type\":\"EntryPoint\",\"urlTemplate\":\"https:\\\/\\\/mediumseagreen-eel-531711.hostingersite.com\\\/?s={search_term_string}\"},\"query-input\":{\"@type\":\"PropertyValueSpecification\",\"valueRequired\":true,\"valueName\":\"search_term_string\"}}],\"inLanguage\":\"fr-FR\"},{\"@type\":\"Organization\",\"@id\":\"https:\\\/\\\/mediumseagreen-eel-531711.hostingersite.com\\\/#organization\",\"name\":\"Bladna News.com\",\"url\":\"https:\\\/\\\/mediumseagreen-eel-531711.hostingersite.com\\\/\",\"logo\":{\"@type\":\"ImageObject\",\"inLanguage\":\"fr-FR\",\"@id\":\"https:\\\/\\\/mediumseagreen-eel-531711.hostingersite.com\\\/#\\\/schema\\\/logo\\\/image\\\/\",\"url\":\"https:\\\/\\\/bladnanews.com\\\/wp-content\\\/uploads\\\/2025\\\/12\\\/logo-bladnanews-V2-web-black-red.png\",\"contentUrl\":\"https:\\\/\\\/bladnanews.com\\\/wp-content\\\/uploads\\\/2025\\\/12\\\/logo-bladnanews-V2-web-black-red.png\",\"width\":703,\"height\":287,\"caption\":\"Bladna News.com\"},\"image\":{\"@id\":\"https:\\\/\\\/mediumseagreen-eel-531711.hostingersite.com\\\/#\\\/schema\\\/logo\\\/image\\\/\"},\"email\":\"info@bladnanews.com\",\"legalName\":\"Bladna News\"},{\"@type\":\"Person\",\"@id\":\"https:\\\/\\\/mediumseagreen-eel-531711.hostingersite.com\\\/#\\\/schema\\\/person\\\/268e18a453ab080ebf76df6ef7845083\",\"name\":\"Bladna News Staff\",\"url\":\"https:\\\/\\\/bladnanews.com\\\/fr\\\/author\\\/bladna-news-staff\\\/\"}]}<\/script>\n<!-- \/ Yoast SEO Premium plugin. -->","yoast_head_json":{"title":"Shalabi r\u00e9v\u00e8le qu'il se sentait comme un imam et a menac\u00e9 de prendre sa retraite - Bladna News","robots":{"index":"index","follow":"follow","max-snippet":"max-snippet:-1","max-image-preview":"max-image-preview:large","max-video-preview":"max-video-preview:-1"},"canonical":"https:\/\/bladnanews.com\/fr\/shalabi-revele-quil-se-sentait-comme-un-imam-et-a-menace-de-prendre-sa-retraite\/","og_locale":"fr_FR","og_type":"article","og_title":"Shalabi reveals he felt like Imam and threatened retirement","og_description":"Shalabi has opened up about the intense pressure he faced, revealing that he experienced the same feeling as Imam and [&hellip;]","og_url":"https:\/\/bladnanews.com\/fr\/shalabi-revele-quil-se-sentait-comme-un-imam-et-a-menace-de-prendre-sa-retraite\/","og_site_name":"Bladna News","article_published_time":"2026-04-30T12:03:31+00:00","og_image":[{"width":1312,"height":736,"url":"https:\/\/bladnanews.com\/wp-content\/uploads\/2025\/12\/freepik__bladna-newscom-moroccan-soccer-homepage-banner-mor__41838.png","type":"image\/png"}],"author":"Bladna News Staff","twitter_card":"summary_large_image","twitter_misc":{"\u00c9crit par":"Bladna News Staff","Dur\u00e9e de lecture estim\u00e9e":"1 minute"},"schema":{"@context":"https:\/\/schema.org","@graph":[{"@type":"Article","@id":"https:\/\/bladnanews.com\/shalabi-reveals-he-felt-like-imam-and-threatened-retirement\/#article","isPartOf":{"@id":"https:\/\/bladnanews.com\/shalabi-reveals-he-felt-like-imam-and-threatened-retirement\/"},"author":{"name":"Bladna News Staff","@id":"https:\/\/mediumseagreen-eel-531711.hostingersite.com\/#\/schema\/person\/268e18a453ab080ebf76df6ef7845083"},"headline":"Shalabi reveals he felt like Imam and threatened retirement","datePublished":"2026-04-30T12:03:31+00:00","mainEntityOfPage":{"@id":"https:\/\/bladnanews.com\/shalabi-reveals-he-felt-like-imam-and-threatened-retirement\/"},"wordCount":304,"publisher":{"@id":"https:\/\/mediumseagreen-eel-531711.hostingersite.com\/#organization"},"image":{"@id":"https:\/\/bladnanews.com\/shalabi-reveals-he-felt-like-imam-and-threatened-retirement\/#primaryimage"},"thumbnailUrl":"https:\/\/bladnanews.com\/wp-content\/uploads\/2026\/04\/GettyImages-2216918412.jpg.jpg","articleSection":["International","Latest News"],"inLanguage":"fr-FR","copyrightYear":"2026","copyrightHolder":{"@id":"https:\/\/bladnanews.com\/fr\/#organization"}},{"@type":"WebPage","@id":"https:\/\/bladnanews.com\/shalabi-reveals-he-felt-like-imam-and-threatened-retirement\/","url":"https:\/\/bladnanews.com\/shalabi-reveals-he-felt-like-imam-and-threatened-retirement\/","name":"Shalabi r\u00e9v\u00e8le qu'il se sentait comme un imam et a menac\u00e9 de prendre sa retraite - Bladna News","isPartOf":{"@id":"https:\/\/mediumseagreen-eel-531711.hostingersite.com\/#website"},"primaryImageOfPage":{"@id":"https:\/\/bladnanews.com\/shalabi-reveals-he-felt-like-imam-and-threatened-retirement\/#primaryimage"},"image":{"@id":"https:\/\/bladnanews.com\/shalabi-reveals-he-felt-like-imam-and-threatened-retirement\/#primaryimage"},"thumbnailUrl":"https:\/\/bladnanews.com\/wp-content\/uploads\/2026\/04\/GettyImages-2216918412.jpg.jpg","datePublished":"2026-04-30T12:03:31+00:00","breadcrumb":{"@id":"https:\/\/bladnanews.com\/shalabi-reveals-he-felt-like-imam-and-threatened-retirement\/#breadcrumb"},"inLanguage":"fr-FR","potentialAction":[{"@type":"ReadAction","target":["https:\/\/bladnanews.com\/shalabi-reveals-he-felt-like-imam-and-threatened-retirement\/"]}]},{"@type":"ImageObject","inLanguage":"fr-FR","@id":"https:\/\/bladnanews.com\/shalabi-reveals-he-felt-like-imam-and-threatened-retirement\/#primaryimage","url":"https:\/\/bladnanews.com\/wp-content\/uploads\/2026\/04\/GettyImages-2216918412.jpg.jpg","contentUrl":"https:\/\/bladnanews.com\/wp-content\/uploads\/2026\/04\/GettyImages-2216918412.jpg.jpg","width":1920,"height":1080,"caption":"Shalabi reveals he felt like Imam and threatened retirement"},{"@type":"BreadcrumbList","@id":"https:\/\/bladnanews.com\/shalabi-reveals-he-felt-like-imam-and-threatened-retirement\/#breadcrumb","itemListElement":[{"@type":"ListItem","position":1,"name":"Home","item":"https:\/\/bladnanews.com\/"},{"@type":"ListItem","position":2,"name":"Shalabi reveals he felt like Imam and threatened retirement"}]},{"@type":"WebSite","@id":"https:\/\/mediumseagreen-eel-531711.hostingersite.com\/#website","url":"https:\/\/mediumseagreen-eel-531711.hostingersite.com\/","name":"Bladna News - Maroc","description":"Quand le football marocain rencontre le monde","publisher":{"@id":"https:\/\/mediumseagreen-eel-531711.hostingersite.com\/#organization"},"potentialAction":[{"@type":"SearchAction","target":{"@type":"EntryPoint","urlTemplate":"https:\/\/mediumseagreen-eel-531711.hostingersite.com\/?s={search_term_string}"},"query-input":{"@type":"PropertyValueSpecification","valueRequired":true,"valueName":"search_term_string"}}],"inLanguage":"fr-FR"},{"@type":"Organization","@id":"https:\/\/mediumseagreen-eel-531711.hostingersite.com\/#organization","name":"Bladna News.com","url":"https:\/\/mediumseagreen-eel-531711.hostingersite.com\/","logo":{"@type":"ImageObject","inLanguage":"fr-FR","@id":"https:\/\/mediumseagreen-eel-531711.hostingersite.com\/#\/schema\/logo\/image\/","url":"https:\/\/bladnanews.com\/wp-content\/uploads\/2025\/12\/logo-bladnanews-V2-web-black-red.png","contentUrl":"https:\/\/bladnanews.com\/wp-content\/uploads\/2025\/12\/logo-bladnanews-V2-web-black-red.png","width":703,"height":287,"caption":"Bladna News.com"},"image":{"@id":"https:\/\/mediumseagreen-eel-531711.hostingersite.com\/#\/schema\/logo\/image\/"},"email":"info@bladnanews.com","legalName":"Bladna News"},{"@type":"Person","@id":"https:\/\/mediumseagreen-eel-531711.hostingersite.com\/#\/schema\/person\/268e18a453ab080ebf76df6ef7845083","name":"\u00c9quipe r\u00e9dactionnelle de Bladna News","url":"https:\/\/bladnanews.com\/fr\/author\/bladna-news-staff\/"}]}},"_links":{"self":[{"href":"https:\/\/bladnanews.com\/fr\/wp-json\/wp\/v2\/posts\/11127","targetHints":{"allow":["GET"]}}],"collection":[{"href":"https:\/\/bladnanews.com\/fr\/wp-json\/wp\/v2\/posts"}],"about":[{"href":"https:\/\/bladnanews.com\/fr\/wp-json\/wp\/v2\/types\/post"}],"author":[{"embeddable":true,"href":"https:\/\/bladnanews.com\/fr\/wp-json\/wp\/v2\/users\/3"}],"replies":[{"embeddable":true,"href":"https:\/\/bladnanews.com\/fr\/wp-json\/wp\/v2\/comments?post=11127"}],"version-history":[{"count":0,"href":"https:\/\/bladnanews.com\/fr\/wp-json\/wp\/v2\/posts\/11127\/revisions"}],"wp:featuredmedia":[{"embeddable":true,"href":"https:\/\/bladnanews.com\/fr\/wp-json\/wp\/v2\/media\/11126"}],"wp:attachment":[{"href":"https:\/\/bladnanews.com\/fr\/wp-json\/wp\/v2\/media?parent=11127"}],"wp:term":[{"taxonomy":"category","embeddable":true,"href":"https:\/\/bladnanews.com\/fr\/wp-json\/wp\/v2\/categories?post=11127"},{"taxonomy":"post_tag","embeddable":true,"href":"https:\/\/bladnanews.com\/fr\/wp-json\/wp\/v2\/tags?post=11127"}],"curies":[{"name":"wp","href":"https:\/\/api.w.org\/{rel}","templated":true}]}}