{"id":11135,"date":"2026-04-30T17:12:08","date_gmt":"2026-04-30T17:12:08","guid":{"rendered":"https:\/\/bladnanews.com\/al-ahly-responds-to-demiral-complaint-with-expected-move-against-al-nassr\/"},"modified":"2026-04-30T17:12:08","modified_gmt":"2026-04-30T17:12:08","slug":"al-ahly-repond-a-la-plainte-de-demiral-par-une-action-attendue-contre-al-nassr","status":"publish","type":"post","link":"https:\/\/bladnanews.com\/fr\/al-ahly-repond-a-la-plainte-de-demiral-par-une-action-attendue-contre-al-nassr\/","title":{"rendered":"Al Ahly r\u00e9pond \u00e0 la plainte de Demiral par un mouvement attendu contre Al Nassr"},"content":{"rendered":"<p>Al Ahly a r\u00e9pondu \u00e0 la plainte d\u00e9pos\u00e9e par Merih Demiral par une contre-offensive contre Al Nassr, maintenant ainsi la guerre entre les deux clubs. La direction du club saoudien pr\u00e9pare une plainte officielle contre le club bas\u00e9 \u00e0 Riyad, selon des sources proches du dossier.<\/p>\n<p>Le diff\u00e9rend d\u00e9coule du match entre Al Ahly et Al Nassr le 13 f\u00e9vrier 2026, qui s'est sold\u00e9 par un match nul 2-2. Demiral, le d\u00e9fenseur d'Al Ahly, a d\u00e9pos\u00e9 une plainte contre son propre club apr\u00e8s avoir \u00e9t\u00e9 remplac\u00e9 \u00e0 la 67e minute, affirmant qu'aucune explication appropri\u00e9e ne lui avait \u00e9t\u00e9 fournie pour cette d\u00e9cision.<\/p>\n<p>La direction d'Al Ahly, cependant, per\u00e7oit la situation diff\u00e9remment. Elle estime qu'Al Nassr a jou\u00e9 un r\u00f4le en encourageant Demiral \u00e0 franchir cette \u00e9tape, notamment apr\u00e8s que l'agent du joueur a \u00e9t\u00e9 aper\u00e7u en pourparlers avec des responsables d'Al Nassr durant la fen\u00eatre de transfert de janvier 2026. Le club pr\u00e9voit d\u00e9sormais de soumettre des preuves \u00e0 la Commission de discipline de la F\u00e9d\u00e9ration saoudienne de football.<\/p>\n<p>La plainte attendue d'Al Ahly se concentrera sur ce qu'elle d\u00e9crit comme des \u201c approches ill\u00e9gales \u201d de la part d'Al Nassr visant \u00e0 d\u00e9stabiliser son joueur. Des sources confirment qu'Al Ahly a rassembl\u00e9 des documents montrant des contacts entre les repr\u00e9sentants de Demiral et Al Nassr avant le d\u00e9p\u00f4t de la plainte.<\/p>\n<p>Demiral, qui a rejoint Al Ahly en juillet 2025 en provenance d'Atalanta, a \u00e9t\u00e9 un \u00e9l\u00e9ment cl\u00e9 de la d\u00e9fense cette saison. Sa plainte contre le club a surpris beaucoup de monde, car il \u00e9tait un titulaire r\u00e9gulier sous la direction de l'entra\u00eeneur. L'international turc a affirm\u00e9 s'\u00eatre senti \u201c humili\u00e9 \u201d par son remplacement lors du match contre Al Nassr.<\/p>\n<p>La r\u00e9ponse d'Al Ahly intervient apr\u00e8s que la Commission de discipline a ouvert une enqu\u00eate sur la plainte de Demiral le 20 f\u00e9vrier 2026. Le club souhaite d\u00e9sormais renverser la situation en accusant Al Nassr d'avoir viol\u00e9 les r\u00e9glementations concernant les contacts avec les joueurs.<\/p>\n<p>Les deux clubs devraient pr\u00e9senter leurs arguments dans les jours \u00e0 venir. La Commission de discipline n'a pas encore fix\u00e9 de date d'audience, mais des sources indiquent que l'affaire pourrait \u00eatre r\u00e9solue avant la fin mars 2026. Al Ahly insiste sur le fait qu'il ne reculera pas, tandis qu'Al Nassr a refus\u00e9 de commenter les all\u00e9gations.<\/p>","protected":false},"excerpt":{"rendered":"<p>Al Ahly has responded to the complaint filed by Merih Demiral with a counter-move against Al Nassr, keeping the war [&hellip;]<\/p>\n","protected":false},"author":3,"featured_media":11134,"comment_status":"","ping_status":"open","sticky":false,"template":"","format":"standard","meta":{"googlesitekit_rrm_CAow_uzEDA:productID":"","site-sidebar-layout":"default","site-content-layout":"","ast-site-content-layout":"default","site-content-style":"default","site-sidebar-style":"default","ast-global-header-display":"","ast-banner-title-visibility":"","ast-main-header-display":"","ast-hfb-above-header-display":"","ast-hfb-below-header-display":"","ast-hfb-mobile-header-display":"","site-post-title":"","ast-breadcrumbs-content":"","ast-featured-img":"","footer-sml-layout":"","ast-disable-related-posts":"","theme-transparent-header-meta":"","adv-header-id-meta":"","stick-header-meta":"","header-above-stick-meta":"","header-main-stick-meta":"","header-below-stick-meta":"","astra-migrate-meta-layouts":"default","ast-page-background-enabled":"default","ast-page-background-meta":{"desktop":{"background-color":"var(--ast-global-color-5)","background-image":"","background-repeat":"repeat","background-position":"center center","background-size":"auto","background-attachment":"scroll","background-type":"","background-media":"","overlay-type":"","overlay-color":"","overlay-opacity":"","overlay-gradient":""},"tablet":{"background-color":"","background-image":"","background-repeat":"repeat","background-position":"center center","background-size":"auto","background-attachment":"scroll","background-type":"","background-media":"","overlay-type":"","overlay-color":"","overlay-opacity":"","overlay-gradient":""},"mobile":{"background-color":"","background-image":"","background-repeat":"repeat","background-position":"center center","background-size":"auto","background-attachment":"scroll","background-type":"","background-media":"","overlay-type":"","overlay-color":"","overlay-opacity":"","overlay-gradient":""}},"ast-content-background-meta":{"desktop":{"background-color":"var(--ast-global-color-4)","background-image":"","background-repeat":"repeat","background-position":"center center","background-size":"auto","background-attachment":"scroll","background-type":"","background-media":"","overlay-type":"","overlay-color":"","overlay-opacity":"","overlay-gradient":""},"tablet":{"background-color":"var(--ast-global-color-4)","background-image":"","background-repeat":"repeat","background-position":"center center","background-size":"auto","background-attachment":"scroll","background-type":"","background-media":"","overlay-type":"","overlay-color":"","overlay-opacity":"","overlay-gradient":""},"mobile":{"background-color":"var(--ast-global-color-4)","background-image":"","background-repeat":"repeat","background-position":"center center","background-size":"auto","background-attachment":"scroll","background-type":"","background-media":"","overlay-type":"","overlay-color":"","overlay-opacity":"","overlay-gradient":""}},"footnotes":""},"categories":[20,1],"tags":[],"class_list":["post-11135","post","type-post","status-publish","format-standard","has-post-thumbnail","hentry","category-international","category-football-latest-news"],"yoast_head":"<!-- This site is optimized with the Yoast SEO Premium plugin v26.6 (Yoast SEO v27.5) - https:\/\/yoast.com\/product\/yoast-seo-premium-wordpress\/ -->\n<title>Al Ahly responds to Demiral complaint with expected move against Al Nassr - Bladna News<\/title>\n<meta name=\"robots\" content=\"index, follow, max-snippet:-1, max-image-preview:large, max-video-preview:-1\" \/>\n<link rel=\"canonical\" href=\"https:\/\/bladnanews.com\/fr\/al-ahly-repond-a-la-plainte-de-demiral-par-une-action-attendue-contre-al-nassr\/\" \/>\n<meta property=\"og:locale\" content=\"fr_FR\" \/>\n<meta property=\"og:type\" content=\"article\" \/>\n<meta property=\"og:title\" content=\"Al Ahly responds to Demiral complaint with expected move against Al Nassr\" \/>\n<meta property=\"og:description\" content=\"Al Ahly has responded to the complaint filed by Merih Demiral with a counter-move against Al Nassr, keeping the war [&hellip;]\" \/>\n<meta property=\"og:url\" content=\"https:\/\/bladnanews.com\/fr\/al-ahly-repond-a-la-plainte-de-demiral-par-une-action-attendue-contre-al-nassr\/\" \/>\n<meta property=\"og:site_name\" content=\"Bladna News\" \/>\n<meta property=\"article:published_time\" content=\"2026-04-30T17:12:08+00:00\" \/>\n<meta property=\"og:image\" content=\"https:\/\/bladnanews.com\/wp-content\/uploads\/2025\/12\/freepik__bladna-newscom-moroccan-soccer-homepage-banner-mor__41838.png\" \/>\n\t<meta property=\"og:image:width\" content=\"1312\" \/>\n\t<meta property=\"og:image:height\" content=\"736\" \/>\n\t<meta property=\"og:image:type\" content=\"image\/png\" \/>\n<meta name=\"author\" content=\"Bladna News Staff\" \/>\n<meta name=\"twitter:card\" content=\"summary_large_image\" \/>\n<meta name=\"twitter:label1\" content=\"\u00c9crit par\" \/>\n\t<meta name=\"twitter:data1\" content=\"Bladna News Staff\" \/>\n\t<meta name=\"twitter:label2\" content=\"Dur\u00e9e de lecture estim\u00e9e\" \/>\n\t<meta name=\"twitter:data2\" content=\"2 minutes\" \/>\n<script type=\"application\/ld+json\" class=\"yoast-schema-graph\">{\"@context\":\"https:\\\/\\\/schema.org\",\"@graph\":[{\"@type\":\"Article\",\"@id\":\"https:\\\/\\\/bladnanews.com\\\/al-ahly-responds-to-demiral-complaint-with-expected-move-against-al-nassr\\\/#article\",\"isPartOf\":{\"@id\":\"https:\\\/\\\/bladnanews.com\\\/al-ahly-responds-to-demiral-complaint-with-expected-move-against-al-nassr\\\/\"},\"author\":{\"name\":\"Bladna News Staff\",\"@id\":\"https:\\\/\\\/mediumseagreen-eel-531711.hostingersite.com\\\/#\\\/schema\\\/person\\\/268e18a453ab080ebf76df6ef7845083\"},\"headline\":\"Al Ahly responds to Demiral complaint with expected move against Al Nassr\",\"datePublished\":\"2026-04-30T17:12:08+00:00\",\"mainEntityOfPage\":{\"@id\":\"https:\\\/\\\/bladnanews.com\\\/al-ahly-responds-to-demiral-complaint-with-expected-move-against-al-nassr\\\/\"},\"wordCount\":351,\"publisher\":{\"@id\":\"https:\\\/\\\/mediumseagreen-eel-531711.hostingersite.com\\\/#organization\"},\"image\":{\"@id\":\"https:\\\/\\\/bladnanews.com\\\/al-ahly-responds-to-demiral-complaint-with-expected-move-against-al-nassr\\\/#primaryimage\"},\"thumbnailUrl\":\"https:\\\/\\\/bladnanews.com\\\/wp-content\\\/uploads\\\/2026\\\/04\\\/GettyImages-2273133780.jpg-scaled.jpg\",\"articleSection\":[\"International\",\"Latest News\"],\"inLanguage\":\"fr-FR\",\"copyrightYear\":\"2026\",\"copyrightHolder\":{\"@id\":\"https:\\\/\\\/bladnanews.com\\\/fr\\\/#organization\"}},{\"@type\":\"WebPage\",\"@id\":\"https:\\\/\\\/bladnanews.com\\\/al-ahly-responds-to-demiral-complaint-with-expected-move-against-al-nassr\\\/\",\"url\":\"https:\\\/\\\/bladnanews.com\\\/al-ahly-responds-to-demiral-complaint-with-expected-move-against-al-nassr\\\/\",\"name\":\"Al Ahly responds to Demiral complaint with expected move against Al Nassr - Bladna News\",\"isPartOf\":{\"@id\":\"https:\\\/\\\/mediumseagreen-eel-531711.hostingersite.com\\\/#website\"},\"primaryImageOfPage\":{\"@id\":\"https:\\\/\\\/bladnanews.com\\\/al-ahly-responds-to-demiral-complaint-with-expected-move-against-al-nassr\\\/#primaryimage\"},\"image\":{\"@id\":\"https:\\\/\\\/bladnanews.com\\\/al-ahly-responds-to-demiral-complaint-with-expected-move-against-al-nassr\\\/#primaryimage\"},\"thumbnailUrl\":\"https:\\\/\\\/bladnanews.com\\\/wp-content\\\/uploads\\\/2026\\\/04\\\/GettyImages-2273133780.jpg-scaled.jpg\",\"datePublished\":\"2026-04-30T17:12:08+00:00\",\"breadcrumb\":{\"@id\":\"https:\\\/\\\/bladnanews.com\\\/al-ahly-responds-to-demiral-complaint-with-expected-move-against-al-nassr\\\/#breadcrumb\"},\"inLanguage\":\"fr-FR\",\"potentialAction\":[{\"@type\":\"ReadAction\",\"target\":[\"https:\\\/\\\/bladnanews.com\\\/al-ahly-responds-to-demiral-complaint-with-expected-move-against-al-nassr\\\/\"]}]},{\"@type\":\"ImageObject\",\"inLanguage\":\"fr-FR\",\"@id\":\"https:\\\/\\\/bladnanews.com\\\/al-ahly-responds-to-demiral-complaint-with-expected-move-against-al-nassr\\\/#primaryimage\",\"url\":\"https:\\\/\\\/bladnanews.com\\\/wp-content\\\/uploads\\\/2026\\\/04\\\/GettyImages-2273133780.jpg-scaled.jpg\",\"contentUrl\":\"https:\\\/\\\/bladnanews.com\\\/wp-content\\\/uploads\\\/2026\\\/04\\\/GettyImages-2273133780.jpg-scaled.jpg\",\"width\":2560,\"height\":1440,\"caption\":\"Al Ahly responds to Demiral complaint with expected move against Al Nassr\"},{\"@type\":\"BreadcrumbList\",\"@id\":\"https:\\\/\\\/bladnanews.com\\\/al-ahly-responds-to-demiral-complaint-with-expected-move-against-al-nassr\\\/#breadcrumb\",\"itemListElement\":[{\"@type\":\"ListItem\",\"position\":1,\"name\":\"Home\",\"item\":\"https:\\\/\\\/bladnanews.com\\\/\"},{\"@type\":\"ListItem\",\"position\":2,\"name\":\"Al Ahly responds to Demiral complaint with expected move against Al Nassr\"}]},{\"@type\":\"WebSite\",\"@id\":\"https:\\\/\\\/mediumseagreen-eel-531711.hostingersite.com\\\/#website\",\"url\":\"https:\\\/\\\/mediumseagreen-eel-531711.hostingersite.com\\\/\",\"name\":\"Bladna News - Morocco\",\"description\":\"Where Moroccan Football Meets the World\",\"publisher\":{\"@id\":\"https:\\\/\\\/mediumseagreen-eel-531711.hostingersite.com\\\/#organization\"},\"potentialAction\":[{\"@type\":\"SearchAction\",\"target\":{\"@type\":\"EntryPoint\",\"urlTemplate\":\"https:\\\/\\\/mediumseagreen-eel-531711.hostingersite.com\\\/?s={search_term_string}\"},\"query-input\":{\"@type\":\"PropertyValueSpecification\",\"valueRequired\":true,\"valueName\":\"search_term_string\"}}],\"inLanguage\":\"fr-FR\"},{\"@type\":\"Organization\",\"@id\":\"https:\\\/\\\/mediumseagreen-eel-531711.hostingersite.com\\\/#organization\",\"name\":\"Bladna News.com\",\"url\":\"https:\\\/\\\/mediumseagreen-eel-531711.hostingersite.com\\\/\",\"logo\":{\"@type\":\"ImageObject\",\"inLanguage\":\"fr-FR\",\"@id\":\"https:\\\/\\\/mediumseagreen-eel-531711.hostingersite.com\\\/#\\\/schema\\\/logo\\\/image\\\/\",\"url\":\"https:\\\/\\\/bladnanews.com\\\/wp-content\\\/uploads\\\/2025\\\/12\\\/logo-bladnanews-V2-web-black-red.png\",\"contentUrl\":\"https:\\\/\\\/bladnanews.com\\\/wp-content\\\/uploads\\\/2025\\\/12\\\/logo-bladnanews-V2-web-black-red.png\",\"width\":703,\"height\":287,\"caption\":\"Bladna News.com\"},\"image\":{\"@id\":\"https:\\\/\\\/mediumseagreen-eel-531711.hostingersite.com\\\/#\\\/schema\\\/logo\\\/image\\\/\"},\"email\":\"info@bladnanews.com\",\"legalName\":\"Bladna News\"},{\"@type\":\"Person\",\"@id\":\"https:\\\/\\\/mediumseagreen-eel-531711.hostingersite.com\\\/#\\\/schema\\\/person\\\/268e18a453ab080ebf76df6ef7845083\",\"name\":\"Bladna News Staff\",\"url\":\"https:\\\/\\\/bladnanews.com\\\/fr\\\/author\\\/bladna-news-staff\\\/\"}]}<\/script>\n<!-- \/ Yoast SEO Premium plugin. -->","yoast_head_json":{"title":"Al Ahly r\u00e9pond \u00e0 la plainte de Demiral par une action attendue contre Al Nassr - Bladna News","robots":{"index":"index","follow":"follow","max-snippet":"max-snippet:-1","max-image-preview":"max-image-preview:large","max-video-preview":"max-video-preview:-1"},"canonical":"https:\/\/bladnanews.com\/fr\/al-ahly-repond-a-la-plainte-de-demiral-par-une-action-attendue-contre-al-nassr\/","og_locale":"fr_FR","og_type":"article","og_title":"Al Ahly responds to Demiral complaint with expected move against Al Nassr","og_description":"Al Ahly has responded to the complaint filed by Merih Demiral with a counter-move against Al Nassr, keeping the war [&hellip;]","og_url":"https:\/\/bladnanews.com\/fr\/al-ahly-repond-a-la-plainte-de-demiral-par-une-action-attendue-contre-al-nassr\/","og_site_name":"Bladna News","article_published_time":"2026-04-30T17:12:08+00:00","og_image":[{"width":1312,"height":736,"url":"https:\/\/bladnanews.com\/wp-content\/uploads\/2025\/12\/freepik__bladna-newscom-moroccan-soccer-homepage-banner-mor__41838.png","type":"image\/png"}],"author":"Bladna News Staff","twitter_card":"summary_large_image","twitter_misc":{"\u00c9crit par":"Bladna News Staff","Dur\u00e9e de lecture estim\u00e9e":"2 minutes"},"schema":{"@context":"https:\/\/schema.org","@graph":[{"@type":"Article","@id":"https:\/\/bladnanews.com\/al-ahly-responds-to-demiral-complaint-with-expected-move-against-al-nassr\/#article","isPartOf":{"@id":"https:\/\/bladnanews.com\/al-ahly-responds-to-demiral-complaint-with-expected-move-against-al-nassr\/"},"author":{"name":"Bladna News Staff","@id":"https:\/\/mediumseagreen-eel-531711.hostingersite.com\/#\/schema\/person\/268e18a453ab080ebf76df6ef7845083"},"headline":"Al Ahly responds to Demiral complaint with expected move against Al Nassr","datePublished":"2026-04-30T17:12:08+00:00","mainEntityOfPage":{"@id":"https:\/\/bladnanews.com\/al-ahly-responds-to-demiral-complaint-with-expected-move-against-al-nassr\/"},"wordCount":351,"publisher":{"@id":"https:\/\/mediumseagreen-eel-531711.hostingersite.com\/#organization"},"image":{"@id":"https:\/\/bladnanews.com\/al-ahly-responds-to-demiral-complaint-with-expected-move-against-al-nassr\/#primaryimage"},"thumbnailUrl":"https:\/\/bladnanews.com\/wp-content\/uploads\/2026\/04\/GettyImages-2273133780.jpg-scaled.jpg","articleSection":["International","Latest News"],"inLanguage":"fr-FR","copyrightYear":"2026","copyrightHolder":{"@id":"https:\/\/bladnanews.com\/fr\/#organization"}},{"@type":"WebPage","@id":"https:\/\/bladnanews.com\/al-ahly-responds-to-demiral-complaint-with-expected-move-against-al-nassr\/","url":"https:\/\/bladnanews.com\/al-ahly-responds-to-demiral-complaint-with-expected-move-against-al-nassr\/","name":"Al Ahly r\u00e9pond \u00e0 la plainte de Demiral par une action attendue contre Al Nassr - Bladna News","isPartOf":{"@id":"https:\/\/mediumseagreen-eel-531711.hostingersite.com\/#website"},"primaryImageOfPage":{"@id":"https:\/\/bladnanews.com\/al-ahly-responds-to-demiral-complaint-with-expected-move-against-al-nassr\/#primaryimage"},"image":{"@id":"https:\/\/bladnanews.com\/al-ahly-responds-to-demiral-complaint-with-expected-move-against-al-nassr\/#primaryimage"},"thumbnailUrl":"https:\/\/bladnanews.com\/wp-content\/uploads\/2026\/04\/GettyImages-2273133780.jpg-scaled.jpg","datePublished":"2026-04-30T17:12:08+00:00","breadcrumb":{"@id":"https:\/\/bladnanews.com\/al-ahly-responds-to-demiral-complaint-with-expected-move-against-al-nassr\/#breadcrumb"},"inLanguage":"fr-FR","potentialAction":[{"@type":"ReadAction","target":["https:\/\/bladnanews.com\/al-ahly-responds-to-demiral-complaint-with-expected-move-against-al-nassr\/"]}]},{"@type":"ImageObject","inLanguage":"fr-FR","@id":"https:\/\/bladnanews.com\/al-ahly-responds-to-demiral-complaint-with-expected-move-against-al-nassr\/#primaryimage","url":"https:\/\/bladnanews.com\/wp-content\/uploads\/2026\/04\/GettyImages-2273133780.jpg-scaled.jpg","contentUrl":"https:\/\/bladnanews.com\/wp-content\/uploads\/2026\/04\/GettyImages-2273133780.jpg-scaled.jpg","width":2560,"height":1440,"caption":"Al Ahly responds to Demiral complaint with expected move against Al Nassr"},{"@type":"BreadcrumbList","@id":"https:\/\/bladnanews.com\/al-ahly-responds-to-demiral-complaint-with-expected-move-against-al-nassr\/#breadcrumb","itemListElement":[{"@type":"ListItem","position":1,"name":"Home","item":"https:\/\/bladnanews.com\/"},{"@type":"ListItem","position":2,"name":"Al Ahly responds to Demiral complaint with expected move against Al Nassr"}]},{"@type":"WebSite","@id":"https:\/\/mediumseagreen-eel-531711.hostingersite.com\/#website","url":"https:\/\/mediumseagreen-eel-531711.hostingersite.com\/","name":"Bladna News - Maroc","description":"Quand le football marocain rencontre le monde","publisher":{"@id":"https:\/\/mediumseagreen-eel-531711.hostingersite.com\/#organization"},"potentialAction":[{"@type":"SearchAction","target":{"@type":"EntryPoint","urlTemplate":"https:\/\/mediumseagreen-eel-531711.hostingersite.com\/?s={search_term_string}"},"query-input":{"@type":"PropertyValueSpecification","valueRequired":true,"valueName":"search_term_string"}}],"inLanguage":"fr-FR"},{"@type":"Organization","@id":"https:\/\/mediumseagreen-eel-531711.hostingersite.com\/#organization","name":"Bladna News.com","url":"https:\/\/mediumseagreen-eel-531711.hostingersite.com\/","logo":{"@type":"ImageObject","inLanguage":"fr-FR","@id":"https:\/\/mediumseagreen-eel-531711.hostingersite.com\/#\/schema\/logo\/image\/","url":"https:\/\/bladnanews.com\/wp-content\/uploads\/2025\/12\/logo-bladnanews-V2-web-black-red.png","contentUrl":"https:\/\/bladnanews.com\/wp-content\/uploads\/2025\/12\/logo-bladnanews-V2-web-black-red.png","width":703,"height":287,"caption":"Bladna News.com"},"image":{"@id":"https:\/\/mediumseagreen-eel-531711.hostingersite.com\/#\/schema\/logo\/image\/"},"email":"info@bladnanews.com","legalName":"Bladna News"},{"@type":"Person","@id":"https:\/\/mediumseagreen-eel-531711.hostingersite.com\/#\/schema\/person\/268e18a453ab080ebf76df6ef7845083","name":"\u00c9quipe r\u00e9dactionnelle de Bladna News","url":"https:\/\/bladnanews.com\/fr\/author\/bladna-news-staff\/"}]}},"_links":{"self":[{"href":"https:\/\/bladnanews.com\/fr\/wp-json\/wp\/v2\/posts\/11135","targetHints":{"allow":["GET"]}}],"collection":[{"href":"https:\/\/bladnanews.com\/fr\/wp-json\/wp\/v2\/posts"}],"about":[{"href":"https:\/\/bladnanews.com\/fr\/wp-json\/wp\/v2\/types\/post"}],"author":[{"embeddable":true,"href":"https:\/\/bladnanews.com\/fr\/wp-json\/wp\/v2\/users\/3"}],"replies":[{"embeddable":true,"href":"https:\/\/bladnanews.com\/fr\/wp-json\/wp\/v2\/comments?post=11135"}],"version-history":[{"count":0,"href":"https:\/\/bladnanews.com\/fr\/wp-json\/wp\/v2\/posts\/11135\/revisions"}],"wp:featuredmedia":[{"embeddable":true,"href":"https:\/\/bladnanews.com\/fr\/wp-json\/wp\/v2\/media\/11134"}],"wp:attachment":[{"href":"https:\/\/bladnanews.com\/fr\/wp-json\/wp\/v2\/media?parent=11135"}],"wp:term":[{"taxonomy":"category","embeddable":true,"href":"https:\/\/bladnanews.com\/fr\/wp-json\/wp\/v2\/categories?post=11135"},{"taxonomy":"post_tag","embeddable":true,"href":"https:\/\/bladnanews.com\/fr\/wp-json\/wp\/v2\/tags?post=11135"}],"curies":[{"name":"wp","href":"https:\/\/api.w.org\/{rel}","templated":true}]}}