{"id":11137,"date":"2026-04-30T19:10:40","date_gmt":"2026-04-30T19:10:40","guid":{"rendered":"https:\/\/bladnanews.com\/bayern-munich-regain-two-players-before-paris-clash-one-absent\/"},"modified":"2026-04-30T19:10:40","modified_gmt":"2026-04-30T19:10:40","slug":"le-bayern-munich-recupere-deux-joueurs-avant-le-choc-contre-paris-un-absent","status":"publish","type":"post","link":"https:\/\/bladnanews.com\/fr\/le-bayern-munich-recupere-deux-joueurs-avant-le-choc-contre-paris-un-absent\/","title":{"rendered":"Le Bayern Munich r\u00e9cup\u00e8re deux joueurs avant le choc contre Paris, un absent"},"content":{"rendered":"<p>Le Bayern Munich a re\u00e7u un double encouragement opportun avant son affrontement crucial en Ligue des champions contre le Paris Saint-Germain, avec le retour de deux joueurs cl\u00e9s \u00e0 l'entra\u00eenement complet. Cependant, une absence notable suscite des inqui\u00e9tudes au sein de l'encadrement technique.<\/p>\n<p>Le g\u00e9ant allemand s'appr\u00eate \u00e0 affronter le champion fran\u00e7ais dans un duel \u00e0 enjeux \u00e9lev\u00e9s, et le retour du duo constitue un soulagement majeur pour l'entra\u00eeneur Vincent Kompany. Les deux joueurs \u00e9taient \u00e9cart\u00e9s des terrains ces derni\u00e8res semaines en raison de blessures, mais ils ont d\u00e9sormais \u00e9t\u00e9 autoris\u00e9s \u00e0 r\u00e9int\u00e9grer l'effectif.<\/p>\n<p>Selon les derniers rapports m\u00e9dicaux, les deux joueurs ont particip\u00e9 \u00e0 la derni\u00e8re s\u00e9ance d'entra\u00eenement avant le match, renfor\u00e7ant les espoirs de les voir disponibles pour la s\u00e9lection. Leur pr\u00e9sence devrait apporter de la profondeur et de l'exp\u00e9rience \u00e0 la composition du Bayern face \u00e0 une \u00e9quipe dangereuse du PSG.<\/p>\n<p>Cependant, l'ambiance au sein du camp bavarois n'est pas enti\u00e8rement positive. Une autre figure cl\u00e9 a manqu\u00e9 l'entra\u00eenement, suscitant des craintes quant \u00e0 sa disponibilit\u00e9 pour la rencontre. Le joueur en question souffre d'un probl\u00e8me musculaire, et son absence de la s\u00e9ance laisse planer un doute sur sa participation.<\/p>\n<p>Le Bayern Munich cherche \u00e0 prendre de l'\u00e9lan dans la phase de groupes de la Ligue des champions, et l'absence potentielle de ce joueur pourrait constituer un coup dur pour ses plans. Le staff m\u00e9dical du club travaille sans rel\u00e2che pour \u00e9valuer son \u00e9tat, mais une d\u00e9cision finale n'est pas attendue avant le coup d'envoi.<\/p>\n<p>Le match contre le Paris Saint-Germain est pr\u00e9vu le mardi 26 novembre 2024 \u00e0 l'Allianz Arena. Les deux \u00e9quipes sont d\u00e9sireuses d'obtenir un r\u00e9sultat crucial dans leur qu\u00eate de qualification pour la phase \u00e0 \u00e9limination directe.<\/p>","protected":false},"excerpt":{"rendered":"<p>Bayern Munich have received a timely double boost ahead of their crucial Champions League showdown against Paris Saint-Germain, with two [&hellip;]<\/p>\n","protected":false},"author":3,"featured_media":11136,"comment_status":"","ping_status":"open","sticky":false,"template":"","format":"standard","meta":{"googlesitekit_rrm_CAow_uzEDA:productID":"","site-sidebar-layout":"default","site-content-layout":"","ast-site-content-layout":"default","site-content-style":"default","site-sidebar-style":"default","ast-global-header-display":"","ast-banner-title-visibility":"","ast-main-header-display":"","ast-hfb-above-header-display":"","ast-hfb-below-header-display":"","ast-hfb-mobile-header-display":"","site-post-title":"","ast-breadcrumbs-content":"","ast-featured-img":"","footer-sml-layout":"","ast-disable-related-posts":"","theme-transparent-header-meta":"","adv-header-id-meta":"","stick-header-meta":"","header-above-stick-meta":"","header-main-stick-meta":"","header-below-stick-meta":"","astra-migrate-meta-layouts":"default","ast-page-background-enabled":"default","ast-page-background-meta":{"desktop":{"background-color":"var(--ast-global-color-5)","background-image":"","background-repeat":"repeat","background-position":"center center","background-size":"auto","background-attachment":"scroll","background-type":"","background-media":"","overlay-type":"","overlay-color":"","overlay-opacity":"","overlay-gradient":""},"tablet":{"background-color":"","background-image":"","background-repeat":"repeat","background-position":"center center","background-size":"auto","background-attachment":"scroll","background-type":"","background-media":"","overlay-type":"","overlay-color":"","overlay-opacity":"","overlay-gradient":""},"mobile":{"background-color":"","background-image":"","background-repeat":"repeat","background-position":"center center","background-size":"auto","background-attachment":"scroll","background-type":"","background-media":"","overlay-type":"","overlay-color":"","overlay-opacity":"","overlay-gradient":""}},"ast-content-background-meta":{"desktop":{"background-color":"var(--ast-global-color-4)","background-image":"","background-repeat":"repeat","background-position":"center center","background-size":"auto","background-attachment":"scroll","background-type":"","background-media":"","overlay-type":"","overlay-color":"","overlay-opacity":"","overlay-gradient":""},"tablet":{"background-color":"var(--ast-global-color-4)","background-image":"","background-repeat":"repeat","background-position":"center center","background-size":"auto","background-attachment":"scroll","background-type":"","background-media":"","overlay-type":"","overlay-color":"","overlay-opacity":"","overlay-gradient":""},"mobile":{"background-color":"var(--ast-global-color-4)","background-image":"","background-repeat":"repeat","background-position":"center center","background-size":"auto","background-attachment":"scroll","background-type":"","background-media":"","overlay-type":"","overlay-color":"","overlay-opacity":"","overlay-gradient":""}},"footnotes":""},"categories":[20,1],"tags":[],"class_list":["post-11137","post","type-post","status-publish","format-standard","has-post-thumbnail","hentry","category-international","category-football-latest-news"],"yoast_head":"<!-- This site is optimized with the Yoast SEO Premium plugin v26.6 (Yoast SEO v27.5) - https:\/\/yoast.com\/product\/yoast-seo-premium-wordpress\/ -->\n<title>Bayern Munich regain two players before Paris clash, one absent - Bladna News<\/title>\n<meta name=\"robots\" content=\"index, follow, max-snippet:-1, max-image-preview:large, max-video-preview:-1\" \/>\n<link rel=\"canonical\" href=\"https:\/\/bladnanews.com\/fr\/le-bayern-munich-recupere-deux-joueurs-avant-le-choc-contre-paris-un-absent\/\" \/>\n<meta property=\"og:locale\" content=\"fr_FR\" \/>\n<meta property=\"og:type\" content=\"article\" \/>\n<meta property=\"og:title\" content=\"Bayern Munich regain two players before Paris clash, one absent\" \/>\n<meta property=\"og:description\" content=\"Bayern Munich have received a timely double boost ahead of their crucial Champions League showdown against Paris Saint-Germain, with two [&hellip;]\" \/>\n<meta property=\"og:url\" content=\"https:\/\/bladnanews.com\/fr\/le-bayern-munich-recupere-deux-joueurs-avant-le-choc-contre-paris-un-absent\/\" \/>\n<meta property=\"og:site_name\" content=\"Bladna News\" \/>\n<meta property=\"article:published_time\" content=\"2026-04-30T19:10:40+00:00\" \/>\n<meta property=\"og:image\" content=\"https:\/\/bladnanews.com\/wp-content\/uploads\/2025\/12\/freepik__bladna-newscom-moroccan-soccer-homepage-banner-mor__41838.png\" \/>\n\t<meta property=\"og:image:width\" content=\"1312\" \/>\n\t<meta property=\"og:image:height\" content=\"736\" \/>\n\t<meta property=\"og:image:type\" content=\"image\/png\" \/>\n<meta name=\"author\" content=\"Bladna News Staff\" \/>\n<meta name=\"twitter:card\" content=\"summary_large_image\" \/>\n<meta name=\"twitter:label1\" content=\"\u00c9crit par\" \/>\n\t<meta name=\"twitter:data1\" content=\"Bladna News Staff\" \/>\n\t<meta name=\"twitter:label2\" content=\"Dur\u00e9e de lecture estim\u00e9e\" \/>\n\t<meta name=\"twitter:data2\" content=\"1 minute\" \/>\n<script type=\"application\/ld+json\" class=\"yoast-schema-graph\">{\"@context\":\"https:\\\/\\\/schema.org\",\"@graph\":[{\"@type\":\"Article\",\"@id\":\"https:\\\/\\\/bladnanews.com\\\/bayern-munich-regain-two-players-before-paris-clash-one-absent\\\/#article\",\"isPartOf\":{\"@id\":\"https:\\\/\\\/bladnanews.com\\\/bayern-munich-regain-two-players-before-paris-clash-one-absent\\\/\"},\"author\":{\"name\":\"Bladna News Staff\",\"@id\":\"https:\\\/\\\/mediumseagreen-eel-531711.hostingersite.com\\\/#\\\/schema\\\/person\\\/268e18a453ab080ebf76df6ef7845083\"},\"headline\":\"Bayern Munich regain two players before Paris clash, one absent\",\"datePublished\":\"2026-04-30T19:10:40+00:00\",\"mainEntityOfPage\":{\"@id\":\"https:\\\/\\\/bladnanews.com\\\/bayern-munich-regain-two-players-before-paris-clash-one-absent\\\/\"},\"wordCount\":275,\"publisher\":{\"@id\":\"https:\\\/\\\/mediumseagreen-eel-531711.hostingersite.com\\\/#organization\"},\"image\":{\"@id\":\"https:\\\/\\\/bladnanews.com\\\/bayern-munich-regain-two-players-before-paris-clash-one-absent\\\/#primaryimage\"},\"thumbnailUrl\":\"https:\\\/\\\/bladnanews.com\\\/wp-content\\\/uploads\\\/2026\\\/05\\\/GettyImages-2273603194.jpg-scaled.jpg\",\"articleSection\":[\"International\",\"Latest News\"],\"inLanguage\":\"fr-FR\",\"copyrightYear\":\"2026\",\"copyrightHolder\":{\"@id\":\"https:\\\/\\\/bladnanews.com\\\/fr\\\/#organization\"}},{\"@type\":\"WebPage\",\"@id\":\"https:\\\/\\\/bladnanews.com\\\/bayern-munich-regain-two-players-before-paris-clash-one-absent\\\/\",\"url\":\"https:\\\/\\\/bladnanews.com\\\/bayern-munich-regain-two-players-before-paris-clash-one-absent\\\/\",\"name\":\"Bayern Munich regain two players before Paris clash, one absent - Bladna News\",\"isPartOf\":{\"@id\":\"https:\\\/\\\/mediumseagreen-eel-531711.hostingersite.com\\\/#website\"},\"primaryImageOfPage\":{\"@id\":\"https:\\\/\\\/bladnanews.com\\\/bayern-munich-regain-two-players-before-paris-clash-one-absent\\\/#primaryimage\"},\"image\":{\"@id\":\"https:\\\/\\\/bladnanews.com\\\/bayern-munich-regain-two-players-before-paris-clash-one-absent\\\/#primaryimage\"},\"thumbnailUrl\":\"https:\\\/\\\/bladnanews.com\\\/wp-content\\\/uploads\\\/2026\\\/05\\\/GettyImages-2273603194.jpg-scaled.jpg\",\"datePublished\":\"2026-04-30T19:10:40+00:00\",\"breadcrumb\":{\"@id\":\"https:\\\/\\\/bladnanews.com\\\/bayern-munich-regain-two-players-before-paris-clash-one-absent\\\/#breadcrumb\"},\"inLanguage\":\"fr-FR\",\"potentialAction\":[{\"@type\":\"ReadAction\",\"target\":[\"https:\\\/\\\/bladnanews.com\\\/bayern-munich-regain-two-players-before-paris-clash-one-absent\\\/\"]}]},{\"@type\":\"ImageObject\",\"inLanguage\":\"fr-FR\",\"@id\":\"https:\\\/\\\/bladnanews.com\\\/bayern-munich-regain-two-players-before-paris-clash-one-absent\\\/#primaryimage\",\"url\":\"https:\\\/\\\/bladnanews.com\\\/wp-content\\\/uploads\\\/2026\\\/05\\\/GettyImages-2273603194.jpg-scaled.jpg\",\"contentUrl\":\"https:\\\/\\\/bladnanews.com\\\/wp-content\\\/uploads\\\/2026\\\/05\\\/GettyImages-2273603194.jpg-scaled.jpg\",\"width\":2560,\"height\":1440,\"caption\":\"Bayern Munich regain two players before Paris clash, one absent\"},{\"@type\":\"BreadcrumbList\",\"@id\":\"https:\\\/\\\/bladnanews.com\\\/bayern-munich-regain-two-players-before-paris-clash-one-absent\\\/#breadcrumb\",\"itemListElement\":[{\"@type\":\"ListItem\",\"position\":1,\"name\":\"Home\",\"item\":\"https:\\\/\\\/bladnanews.com\\\/\"},{\"@type\":\"ListItem\",\"position\":2,\"name\":\"Bayern Munich regain two players before Paris clash, one absent\"}]},{\"@type\":\"WebSite\",\"@id\":\"https:\\\/\\\/mediumseagreen-eel-531711.hostingersite.com\\\/#website\",\"url\":\"https:\\\/\\\/mediumseagreen-eel-531711.hostingersite.com\\\/\",\"name\":\"Bladna News - Morocco\",\"description\":\"Where Moroccan Football Meets the World\",\"publisher\":{\"@id\":\"https:\\\/\\\/mediumseagreen-eel-531711.hostingersite.com\\\/#organization\"},\"potentialAction\":[{\"@type\":\"SearchAction\",\"target\":{\"@type\":\"EntryPoint\",\"urlTemplate\":\"https:\\\/\\\/mediumseagreen-eel-531711.hostingersite.com\\\/?s={search_term_string}\"},\"query-input\":{\"@type\":\"PropertyValueSpecification\",\"valueRequired\":true,\"valueName\":\"search_term_string\"}}],\"inLanguage\":\"fr-FR\"},{\"@type\":\"Organization\",\"@id\":\"https:\\\/\\\/mediumseagreen-eel-531711.hostingersite.com\\\/#organization\",\"name\":\"Bladna News.com\",\"url\":\"https:\\\/\\\/mediumseagreen-eel-531711.hostingersite.com\\\/\",\"logo\":{\"@type\":\"ImageObject\",\"inLanguage\":\"fr-FR\",\"@id\":\"https:\\\/\\\/mediumseagreen-eel-531711.hostingersite.com\\\/#\\\/schema\\\/logo\\\/image\\\/\",\"url\":\"https:\\\/\\\/bladnanews.com\\\/wp-content\\\/uploads\\\/2025\\\/12\\\/logo-bladnanews-V2-web-black-red.png\",\"contentUrl\":\"https:\\\/\\\/bladnanews.com\\\/wp-content\\\/uploads\\\/2025\\\/12\\\/logo-bladnanews-V2-web-black-red.png\",\"width\":703,\"height\":287,\"caption\":\"Bladna News.com\"},\"image\":{\"@id\":\"https:\\\/\\\/mediumseagreen-eel-531711.hostingersite.com\\\/#\\\/schema\\\/logo\\\/image\\\/\"},\"email\":\"info@bladnanews.com\",\"legalName\":\"Bladna News\"},{\"@type\":\"Person\",\"@id\":\"https:\\\/\\\/mediumseagreen-eel-531711.hostingersite.com\\\/#\\\/schema\\\/person\\\/268e18a453ab080ebf76df6ef7845083\",\"name\":\"Bladna News Staff\",\"url\":\"https:\\\/\\\/bladnanews.com\\\/fr\\\/author\\\/bladna-news-staff\\\/\"}]}<\/script>\n<!-- \/ Yoast SEO Premium plugin. -->","yoast_head_json":{"title":"Le Bayern Munich r\u00e9cup\u00e8re deux joueurs avant le choc contre Paris, un absent - Bladna News","robots":{"index":"index","follow":"follow","max-snippet":"max-snippet:-1","max-image-preview":"max-image-preview:large","max-video-preview":"max-video-preview:-1"},"canonical":"https:\/\/bladnanews.com\/fr\/le-bayern-munich-recupere-deux-joueurs-avant-le-choc-contre-paris-un-absent\/","og_locale":"fr_FR","og_type":"article","og_title":"Bayern Munich regain two players before Paris clash, one absent","og_description":"Bayern Munich have received a timely double boost ahead of their crucial Champions League showdown against Paris Saint-Germain, with two [&hellip;]","og_url":"https:\/\/bladnanews.com\/fr\/le-bayern-munich-recupere-deux-joueurs-avant-le-choc-contre-paris-un-absent\/","og_site_name":"Bladna News","article_published_time":"2026-04-30T19:10:40+00:00","og_image":[{"width":1312,"height":736,"url":"https:\/\/bladnanews.com\/wp-content\/uploads\/2025\/12\/freepik__bladna-newscom-moroccan-soccer-homepage-banner-mor__41838.png","type":"image\/png"}],"author":"Bladna News Staff","twitter_card":"summary_large_image","twitter_misc":{"\u00c9crit par":"Bladna News Staff","Dur\u00e9e de lecture estim\u00e9e":"1 minute"},"schema":{"@context":"https:\/\/schema.org","@graph":[{"@type":"Article","@id":"https:\/\/bladnanews.com\/bayern-munich-regain-two-players-before-paris-clash-one-absent\/#article","isPartOf":{"@id":"https:\/\/bladnanews.com\/bayern-munich-regain-two-players-before-paris-clash-one-absent\/"},"author":{"name":"Bladna News Staff","@id":"https:\/\/mediumseagreen-eel-531711.hostingersite.com\/#\/schema\/person\/268e18a453ab080ebf76df6ef7845083"},"headline":"Bayern Munich regain two players before Paris clash, one absent","datePublished":"2026-04-30T19:10:40+00:00","mainEntityOfPage":{"@id":"https:\/\/bladnanews.com\/bayern-munich-regain-two-players-before-paris-clash-one-absent\/"},"wordCount":275,"publisher":{"@id":"https:\/\/mediumseagreen-eel-531711.hostingersite.com\/#organization"},"image":{"@id":"https:\/\/bladnanews.com\/bayern-munich-regain-two-players-before-paris-clash-one-absent\/#primaryimage"},"thumbnailUrl":"https:\/\/bladnanews.com\/wp-content\/uploads\/2026\/05\/GettyImages-2273603194.jpg-scaled.jpg","articleSection":["International","Latest News"],"inLanguage":"fr-FR","copyrightYear":"2026","copyrightHolder":{"@id":"https:\/\/bladnanews.com\/fr\/#organization"}},{"@type":"WebPage","@id":"https:\/\/bladnanews.com\/bayern-munich-regain-two-players-before-paris-clash-one-absent\/","url":"https:\/\/bladnanews.com\/bayern-munich-regain-two-players-before-paris-clash-one-absent\/","name":"Le Bayern Munich r\u00e9cup\u00e8re deux joueurs avant le choc contre Paris, un absent - Bladna News","isPartOf":{"@id":"https:\/\/mediumseagreen-eel-531711.hostingersite.com\/#website"},"primaryImageOfPage":{"@id":"https:\/\/bladnanews.com\/bayern-munich-regain-two-players-before-paris-clash-one-absent\/#primaryimage"},"image":{"@id":"https:\/\/bladnanews.com\/bayern-munich-regain-two-players-before-paris-clash-one-absent\/#primaryimage"},"thumbnailUrl":"https:\/\/bladnanews.com\/wp-content\/uploads\/2026\/05\/GettyImages-2273603194.jpg-scaled.jpg","datePublished":"2026-04-30T19:10:40+00:00","breadcrumb":{"@id":"https:\/\/bladnanews.com\/bayern-munich-regain-two-players-before-paris-clash-one-absent\/#breadcrumb"},"inLanguage":"fr-FR","potentialAction":[{"@type":"ReadAction","target":["https:\/\/bladnanews.com\/bayern-munich-regain-two-players-before-paris-clash-one-absent\/"]}]},{"@type":"ImageObject","inLanguage":"fr-FR","@id":"https:\/\/bladnanews.com\/bayern-munich-regain-two-players-before-paris-clash-one-absent\/#primaryimage","url":"https:\/\/bladnanews.com\/wp-content\/uploads\/2026\/05\/GettyImages-2273603194.jpg-scaled.jpg","contentUrl":"https:\/\/bladnanews.com\/wp-content\/uploads\/2026\/05\/GettyImages-2273603194.jpg-scaled.jpg","width":2560,"height":1440,"caption":"Bayern Munich regain two players before Paris clash, one absent"},{"@type":"BreadcrumbList","@id":"https:\/\/bladnanews.com\/bayern-munich-regain-two-players-before-paris-clash-one-absent\/#breadcrumb","itemListElement":[{"@type":"ListItem","position":1,"name":"Home","item":"https:\/\/bladnanews.com\/"},{"@type":"ListItem","position":2,"name":"Bayern Munich regain two players before Paris clash, one absent"}]},{"@type":"WebSite","@id":"https:\/\/mediumseagreen-eel-531711.hostingersite.com\/#website","url":"https:\/\/mediumseagreen-eel-531711.hostingersite.com\/","name":"Bladna News - Maroc","description":"Quand le football marocain rencontre le monde","publisher":{"@id":"https:\/\/mediumseagreen-eel-531711.hostingersite.com\/#organization"},"potentialAction":[{"@type":"SearchAction","target":{"@type":"EntryPoint","urlTemplate":"https:\/\/mediumseagreen-eel-531711.hostingersite.com\/?s={search_term_string}"},"query-input":{"@type":"PropertyValueSpecification","valueRequired":true,"valueName":"search_term_string"}}],"inLanguage":"fr-FR"},{"@type":"Organization","@id":"https:\/\/mediumseagreen-eel-531711.hostingersite.com\/#organization","name":"Bladna News.com","url":"https:\/\/mediumseagreen-eel-531711.hostingersite.com\/","logo":{"@type":"ImageObject","inLanguage":"fr-FR","@id":"https:\/\/mediumseagreen-eel-531711.hostingersite.com\/#\/schema\/logo\/image\/","url":"https:\/\/bladnanews.com\/wp-content\/uploads\/2025\/12\/logo-bladnanews-V2-web-black-red.png","contentUrl":"https:\/\/bladnanews.com\/wp-content\/uploads\/2025\/12\/logo-bladnanews-V2-web-black-red.png","width":703,"height":287,"caption":"Bladna News.com"},"image":{"@id":"https:\/\/mediumseagreen-eel-531711.hostingersite.com\/#\/schema\/logo\/image\/"},"email":"info@bladnanews.com","legalName":"Bladna News"},{"@type":"Person","@id":"https:\/\/mediumseagreen-eel-531711.hostingersite.com\/#\/schema\/person\/268e18a453ab080ebf76df6ef7845083","name":"\u00c9quipe r\u00e9dactionnelle de Bladna News","url":"https:\/\/bladnanews.com\/fr\/author\/bladna-news-staff\/"}]}},"_links":{"self":[{"href":"https:\/\/bladnanews.com\/fr\/wp-json\/wp\/v2\/posts\/11137","targetHints":{"allow":["GET"]}}],"collection":[{"href":"https:\/\/bladnanews.com\/fr\/wp-json\/wp\/v2\/posts"}],"about":[{"href":"https:\/\/bladnanews.com\/fr\/wp-json\/wp\/v2\/types\/post"}],"author":[{"embeddable":true,"href":"https:\/\/bladnanews.com\/fr\/wp-json\/wp\/v2\/users\/3"}],"replies":[{"embeddable":true,"href":"https:\/\/bladnanews.com\/fr\/wp-json\/wp\/v2\/comments?post=11137"}],"version-history":[{"count":0,"href":"https:\/\/bladnanews.com\/fr\/wp-json\/wp\/v2\/posts\/11137\/revisions"}],"wp:featuredmedia":[{"embeddable":true,"href":"https:\/\/bladnanews.com\/fr\/wp-json\/wp\/v2\/media\/11136"}],"wp:attachment":[{"href":"https:\/\/bladnanews.com\/fr\/wp-json\/wp\/v2\/media?parent=11137"}],"wp:term":[{"taxonomy":"category","embeddable":true,"href":"https:\/\/bladnanews.com\/fr\/wp-json\/wp\/v2\/categories?post=11137"},{"taxonomy":"post_tag","embeddable":true,"href":"https:\/\/bladnanews.com\/fr\/wp-json\/wp\/v2\/tags?post=11137"}],"curies":[{"name":"wp","href":"https:\/\/api.w.org\/{rel}","templated":true}]}}