{"id":11141,"date":"2026-04-30T19:25:53","date_gmt":"2026-04-30T19:25:53","guid":{"rendered":"https:\/\/bladnanews.com\/yamal-injury-complicates-de-la-fuentes-world-cup-plans\/"},"modified":"2026-04-30T19:25:53","modified_gmt":"2026-04-30T19:25:53","slug":"la-blessure-de-yamal-complique-les-plans-de-de-la-fuente-pour-la-coupe-du-monde","status":"publish","type":"post","link":"https:\/\/bladnanews.com\/fr\/la-blessure-de-yamal-complique-les-plans-de-de-la-fuente-pour-la-coupe-du-monde\/","title":{"rendered":"La blessure de Yamal complique les plans de de la Fuente pour la Coupe du Monde."},"content":{"rendered":"<p>Le s\u00e9lectionneur espagnol Luis de la Fuente se trouve confront\u00e9 \u00e0 un v\u00e9ritable casse-t\u00eate \u00e0 quelques mois de la Coupe du Monde 2026, le jeune prodige Lamine Yamal ayant subi une blessure qui menace de perturber sa pr\u00e9paration.<\/p>\n<p>L'ailier du FC Barcelone, \u00e2g\u00e9 de 17 ans, qui a \u00e9t\u00e9 une r\u00e9v\u00e9lation tant en club qu'en s\u00e9lection, a \u00e9t\u00e9 victime de ce contretemps lors d'un entra\u00eenement. Bien que l'\u00e9tendue exacte du probl\u00e8me n'ait pas \u00e9t\u00e9 officiellement confirm\u00e9e, les premi\u00e8res informations sugg\u00e8rent qu'il pourrait \u00eatre \u00e9loign\u00e9 des terrains pendant une p\u00e9riode significative.<\/p>\n<p>De la Fuente avait b\u00e2ti son plan offensif autour de la vitesse explosive et de la cr\u00e9ativit\u00e9 de Yamal. L'\u00e9mergence de ce jeune joueur constitue l'un des plus grands motifs de satisfaction pour l'Espagne depuis son sacre \u00e0 l'Euro 2024, et son absence laisserait un vide notable sur le c\u00f4t\u00e9 droit.<\/p>\n<p>L'Espagne doit entamer sa campagne de Coupe du Monde en 2026, et le timing de cette blessure ne pourrait \u00eatre plus malvenu. Avec des \u00e9liminatoires cl\u00e9s \u00e9galement \u00e0 l'horizon, De la Fuente est d\u00e9sormais contraint de faire face \u00e0 une course contre la montre pour \u00e9valuer ses options.<\/p>\n<p>Des sources proches du camp espagnol ont confirm\u00e9 que le staff technique suit la situation de pr\u00e8s. Aucune d\u00e9cision n'a encore \u00e9t\u00e9 prise quant \u00e0 la disponibilit\u00e9 de Yamal pour les prochaines \u00e9ch\u00e9ances internationales, mais l'inqui\u00e9tude grandit.<\/p>\n<p>\u201c Nous prenons les choses jour apr\u00e8s jour \u201d, a r\u00e9v\u00e9l\u00e9 un initi\u00e9 de la f\u00e9d\u00e9ration. \u201c Lamine est un talent sp\u00e9cial, et nous ne prendrons aucun risque. La Coupe du Monde est la priorit\u00e9, et nous avons besoin qu'il soit en forme pour cela. \u201d<\/p>\n<p>L'absence de Yamal lors des r\u00e9centes s\u00e9ances d'entra\u00eenement a d\u00e9j\u00e0 contraint De la Fuente \u00e0 exp\u00e9rimenter d'autres compositions. Des joueurs comme Ferran Torres et Nico Williams sont envisag\u00e9s comme rempla\u00e7ants potentiels, mais aucun n'offre la m\u00eame menace directe que Yamal.<\/p>\n<p>Le public espagnol, encore port\u00e9 par le succ\u00e8s de l'Euro 2024, attend anxieusement des nouvelles positives. Pour l'instant, tous les regards sont tourn\u00e9s vers l'\u00e9quipe m\u00e9dicale, qui s'efforce de remettre leur jeune star sur le terrain avant le coup d'envoi de la Coupe du Monde 2026.<\/p>","protected":false},"excerpt":{"rendered":"<p>Spain boss Luis de la Fuente has been handed a major headache just months before the 2026 World Cup, with [&hellip;]<\/p>\n","protected":false},"author":3,"featured_media":11140,"comment_status":"","ping_status":"open","sticky":false,"template":"","format":"standard","meta":{"googlesitekit_rrm_CAow_uzEDA:productID":"","site-sidebar-layout":"default","site-content-layout":"","ast-site-content-layout":"default","site-content-style":"default","site-sidebar-style":"default","ast-global-header-display":"","ast-banner-title-visibility":"","ast-main-header-display":"","ast-hfb-above-header-display":"","ast-hfb-below-header-display":"","ast-hfb-mobile-header-display":"","site-post-title":"","ast-breadcrumbs-content":"","ast-featured-img":"","footer-sml-layout":"","ast-disable-related-posts":"","theme-transparent-header-meta":"","adv-header-id-meta":"","stick-header-meta":"","header-above-stick-meta":"","header-main-stick-meta":"","header-below-stick-meta":"","astra-migrate-meta-layouts":"default","ast-page-background-enabled":"default","ast-page-background-meta":{"desktop":{"background-color":"var(--ast-global-color-5)","background-image":"","background-repeat":"repeat","background-position":"center center","background-size":"auto","background-attachment":"scroll","background-type":"","background-media":"","overlay-type":"","overlay-color":"","overlay-opacity":"","overlay-gradient":""},"tablet":{"background-color":"","background-image":"","background-repeat":"repeat","background-position":"center center","background-size":"auto","background-attachment":"scroll","background-type":"","background-media":"","overlay-type":"","overlay-color":"","overlay-opacity":"","overlay-gradient":""},"mobile":{"background-color":"","background-image":"","background-repeat":"repeat","background-position":"center center","background-size":"auto","background-attachment":"scroll","background-type":"","background-media":"","overlay-type":"","overlay-color":"","overlay-opacity":"","overlay-gradient":""}},"ast-content-background-meta":{"desktop":{"background-color":"var(--ast-global-color-4)","background-image":"","background-repeat":"repeat","background-position":"center center","background-size":"auto","background-attachment":"scroll","background-type":"","background-media":"","overlay-type":"","overlay-color":"","overlay-opacity":"","overlay-gradient":""},"tablet":{"background-color":"var(--ast-global-color-4)","background-image":"","background-repeat":"repeat","background-position":"center center","background-size":"auto","background-attachment":"scroll","background-type":"","background-media":"","overlay-type":"","overlay-color":"","overlay-opacity":"","overlay-gradient":""},"mobile":{"background-color":"var(--ast-global-color-4)","background-image":"","background-repeat":"repeat","background-position":"center center","background-size":"auto","background-attachment":"scroll","background-type":"","background-media":"","overlay-type":"","overlay-color":"","overlay-opacity":"","overlay-gradient":""}},"footnotes":""},"categories":[20,1],"tags":[],"class_list":["post-11141","post","type-post","status-publish","format-standard","has-post-thumbnail","hentry","category-international","category-football-latest-news"],"yoast_head":"<!-- This site is optimized with the Yoast SEO Premium plugin v26.6 (Yoast SEO v27.5) - https:\/\/yoast.com\/product\/yoast-seo-premium-wordpress\/ -->\n<title>Yamal injury complicates de la Fuente\u2019s World Cup plans - Bladna News<\/title>\n<meta name=\"robots\" content=\"index, follow, max-snippet:-1, max-image-preview:large, max-video-preview:-1\" \/>\n<link rel=\"canonical\" href=\"https:\/\/bladnanews.com\/fr\/la-blessure-de-yamal-complique-les-plans-de-de-la-fuente-pour-la-coupe-du-monde\/\" \/>\n<meta property=\"og:locale\" content=\"fr_FR\" \/>\n<meta property=\"og:type\" content=\"article\" \/>\n<meta property=\"og:title\" content=\"Yamal injury complicates de la Fuente\u2019s World Cup plans\" \/>\n<meta property=\"og:description\" content=\"Spain boss Luis de la Fuente has been handed a major headache just months before the 2026 World Cup, with [&hellip;]\" \/>\n<meta property=\"og:url\" content=\"https:\/\/bladnanews.com\/fr\/la-blessure-de-yamal-complique-les-plans-de-de-la-fuente-pour-la-coupe-du-monde\/\" \/>\n<meta property=\"og:site_name\" content=\"Bladna News\" \/>\n<meta property=\"article:published_time\" content=\"2026-04-30T19:25:53+00:00\" \/>\n<meta property=\"og:image\" content=\"https:\/\/bladnanews.com\/wp-content\/uploads\/2025\/12\/freepik__bladna-newscom-moroccan-soccer-homepage-banner-mor__41838.png\" \/>\n\t<meta property=\"og:image:width\" content=\"1312\" \/>\n\t<meta property=\"og:image:height\" content=\"736\" \/>\n\t<meta property=\"og:image:type\" content=\"image\/png\" \/>\n<meta name=\"author\" content=\"Bladna News Staff\" \/>\n<meta name=\"twitter:card\" content=\"summary_large_image\" \/>\n<meta name=\"twitter:label1\" content=\"\u00c9crit par\" \/>\n\t<meta name=\"twitter:data1\" content=\"Bladna News Staff\" \/>\n\t<meta name=\"twitter:label2\" content=\"Dur\u00e9e de lecture estim\u00e9e\" \/>\n\t<meta name=\"twitter:data2\" content=\"2 minutes\" \/>\n<script type=\"application\/ld+json\" class=\"yoast-schema-graph\">{\"@context\":\"https:\\\/\\\/schema.org\",\"@graph\":[{\"@type\":\"Article\",\"@id\":\"https:\\\/\\\/bladnanews.com\\\/yamal-injury-complicates-de-la-fuentes-world-cup-plans\\\/#article\",\"isPartOf\":{\"@id\":\"https:\\\/\\\/bladnanews.com\\\/yamal-injury-complicates-de-la-fuentes-world-cup-plans\\\/\"},\"author\":{\"name\":\"Bladna News Staff\",\"@id\":\"https:\\\/\\\/mediumseagreen-eel-531711.hostingersite.com\\\/#\\\/schema\\\/person\\\/268e18a453ab080ebf76df6ef7845083\"},\"headline\":\"Yamal injury complicates de la Fuente\u2019s World Cup plans\",\"datePublished\":\"2026-04-30T19:25:53+00:00\",\"mainEntityOfPage\":{\"@id\":\"https:\\\/\\\/bladnanews.com\\\/yamal-injury-complicates-de-la-fuentes-world-cup-plans\\\/\"},\"wordCount\":328,\"publisher\":{\"@id\":\"https:\\\/\\\/mediumseagreen-eel-531711.hostingersite.com\\\/#organization\"},\"image\":{\"@id\":\"https:\\\/\\\/bladnanews.com\\\/yamal-injury-complicates-de-la-fuentes-world-cup-plans\\\/#primaryimage\"},\"thumbnailUrl\":\"https:\\\/\\\/bladnanews.com\\\/wp-content\\\/uploads\\\/2026\\\/05\\\/GettyImages-2157085586.jpg-scaled.jpg\",\"articleSection\":[\"International\",\"Latest News\"],\"inLanguage\":\"fr-FR\",\"copyrightYear\":\"2026\",\"copyrightHolder\":{\"@id\":\"https:\\\/\\\/bladnanews.com\\\/fr\\\/#organization\"}},{\"@type\":\"WebPage\",\"@id\":\"https:\\\/\\\/bladnanews.com\\\/yamal-injury-complicates-de-la-fuentes-world-cup-plans\\\/\",\"url\":\"https:\\\/\\\/bladnanews.com\\\/yamal-injury-complicates-de-la-fuentes-world-cup-plans\\\/\",\"name\":\"Yamal injury complicates de la Fuente\u2019s World Cup plans - Bladna News\",\"isPartOf\":{\"@id\":\"https:\\\/\\\/mediumseagreen-eel-531711.hostingersite.com\\\/#website\"},\"primaryImageOfPage\":{\"@id\":\"https:\\\/\\\/bladnanews.com\\\/yamal-injury-complicates-de-la-fuentes-world-cup-plans\\\/#primaryimage\"},\"image\":{\"@id\":\"https:\\\/\\\/bladnanews.com\\\/yamal-injury-complicates-de-la-fuentes-world-cup-plans\\\/#primaryimage\"},\"thumbnailUrl\":\"https:\\\/\\\/bladnanews.com\\\/wp-content\\\/uploads\\\/2026\\\/05\\\/GettyImages-2157085586.jpg-scaled.jpg\",\"datePublished\":\"2026-04-30T19:25:53+00:00\",\"breadcrumb\":{\"@id\":\"https:\\\/\\\/bladnanews.com\\\/yamal-injury-complicates-de-la-fuentes-world-cup-plans\\\/#breadcrumb\"},\"inLanguage\":\"fr-FR\",\"potentialAction\":[{\"@type\":\"ReadAction\",\"target\":[\"https:\\\/\\\/bladnanews.com\\\/yamal-injury-complicates-de-la-fuentes-world-cup-plans\\\/\"]}]},{\"@type\":\"ImageObject\",\"inLanguage\":\"fr-FR\",\"@id\":\"https:\\\/\\\/bladnanews.com\\\/yamal-injury-complicates-de-la-fuentes-world-cup-plans\\\/#primaryimage\",\"url\":\"https:\\\/\\\/bladnanews.com\\\/wp-content\\\/uploads\\\/2026\\\/05\\\/GettyImages-2157085586.jpg-scaled.jpg\",\"contentUrl\":\"https:\\\/\\\/bladnanews.com\\\/wp-content\\\/uploads\\\/2026\\\/05\\\/GettyImages-2157085586.jpg-scaled.jpg\",\"width\":2560,\"height\":1440,\"caption\":\"Yamal injury complicates de la Fuente\u2019s World Cup plans\"},{\"@type\":\"BreadcrumbList\",\"@id\":\"https:\\\/\\\/bladnanews.com\\\/yamal-injury-complicates-de-la-fuentes-world-cup-plans\\\/#breadcrumb\",\"itemListElement\":[{\"@type\":\"ListItem\",\"position\":1,\"name\":\"Home\",\"item\":\"https:\\\/\\\/bladnanews.com\\\/\"},{\"@type\":\"ListItem\",\"position\":2,\"name\":\"Yamal injury complicates de la Fuente\u2019s World Cup plans\"}]},{\"@type\":\"WebSite\",\"@id\":\"https:\\\/\\\/mediumseagreen-eel-531711.hostingersite.com\\\/#website\",\"url\":\"https:\\\/\\\/mediumseagreen-eel-531711.hostingersite.com\\\/\",\"name\":\"Bladna News - Morocco\",\"description\":\"Where Moroccan Football Meets the World\",\"publisher\":{\"@id\":\"https:\\\/\\\/mediumseagreen-eel-531711.hostingersite.com\\\/#organization\"},\"potentialAction\":[{\"@type\":\"SearchAction\",\"target\":{\"@type\":\"EntryPoint\",\"urlTemplate\":\"https:\\\/\\\/mediumseagreen-eel-531711.hostingersite.com\\\/?s={search_term_string}\"},\"query-input\":{\"@type\":\"PropertyValueSpecification\",\"valueRequired\":true,\"valueName\":\"search_term_string\"}}],\"inLanguage\":\"fr-FR\"},{\"@type\":\"Organization\",\"@id\":\"https:\\\/\\\/mediumseagreen-eel-531711.hostingersite.com\\\/#organization\",\"name\":\"Bladna News.com\",\"url\":\"https:\\\/\\\/mediumseagreen-eel-531711.hostingersite.com\\\/\",\"logo\":{\"@type\":\"ImageObject\",\"inLanguage\":\"fr-FR\",\"@id\":\"https:\\\/\\\/mediumseagreen-eel-531711.hostingersite.com\\\/#\\\/schema\\\/logo\\\/image\\\/\",\"url\":\"https:\\\/\\\/bladnanews.com\\\/wp-content\\\/uploads\\\/2025\\\/12\\\/logo-bladnanews-V2-web-black-red.png\",\"contentUrl\":\"https:\\\/\\\/bladnanews.com\\\/wp-content\\\/uploads\\\/2025\\\/12\\\/logo-bladnanews-V2-web-black-red.png\",\"width\":703,\"height\":287,\"caption\":\"Bladna News.com\"},\"image\":{\"@id\":\"https:\\\/\\\/mediumseagreen-eel-531711.hostingersite.com\\\/#\\\/schema\\\/logo\\\/image\\\/\"},\"email\":\"info@bladnanews.com\",\"legalName\":\"Bladna News\"},{\"@type\":\"Person\",\"@id\":\"https:\\\/\\\/mediumseagreen-eel-531711.hostingersite.com\\\/#\\\/schema\\\/person\\\/268e18a453ab080ebf76df6ef7845083\",\"name\":\"Bladna News Staff\",\"url\":\"https:\\\/\\\/bladnanews.com\\\/fr\\\/author\\\/bladna-news-staff\\\/\"}]}<\/script>\n<!-- \/ Yoast SEO Premium plugin. -->","yoast_head_json":{"title":"La blessure de Yamal complique les plans de de la Fuente pour la Coupe du Monde - Bladna News","robots":{"index":"index","follow":"follow","max-snippet":"max-snippet:-1","max-image-preview":"max-image-preview:large","max-video-preview":"max-video-preview:-1"},"canonical":"https:\/\/bladnanews.com\/fr\/la-blessure-de-yamal-complique-les-plans-de-de-la-fuente-pour-la-coupe-du-monde\/","og_locale":"fr_FR","og_type":"article","og_title":"Yamal injury complicates de la Fuente\u2019s World Cup plans","og_description":"Spain boss Luis de la Fuente has been handed a major headache just months before the 2026 World Cup, with [&hellip;]","og_url":"https:\/\/bladnanews.com\/fr\/la-blessure-de-yamal-complique-les-plans-de-de-la-fuente-pour-la-coupe-du-monde\/","og_site_name":"Bladna News","article_published_time":"2026-04-30T19:25:53+00:00","og_image":[{"width":1312,"height":736,"url":"https:\/\/bladnanews.com\/wp-content\/uploads\/2025\/12\/freepik__bladna-newscom-moroccan-soccer-homepage-banner-mor__41838.png","type":"image\/png"}],"author":"Bladna News Staff","twitter_card":"summary_large_image","twitter_misc":{"\u00c9crit par":"Bladna News Staff","Dur\u00e9e de lecture estim\u00e9e":"2 minutes"},"schema":{"@context":"https:\/\/schema.org","@graph":[{"@type":"Article","@id":"https:\/\/bladnanews.com\/yamal-injury-complicates-de-la-fuentes-world-cup-plans\/#article","isPartOf":{"@id":"https:\/\/bladnanews.com\/yamal-injury-complicates-de-la-fuentes-world-cup-plans\/"},"author":{"name":"Bladna News Staff","@id":"https:\/\/mediumseagreen-eel-531711.hostingersite.com\/#\/schema\/person\/268e18a453ab080ebf76df6ef7845083"},"headline":"Yamal injury complicates de la Fuente\u2019s World Cup plans","datePublished":"2026-04-30T19:25:53+00:00","mainEntityOfPage":{"@id":"https:\/\/bladnanews.com\/yamal-injury-complicates-de-la-fuentes-world-cup-plans\/"},"wordCount":328,"publisher":{"@id":"https:\/\/mediumseagreen-eel-531711.hostingersite.com\/#organization"},"image":{"@id":"https:\/\/bladnanews.com\/yamal-injury-complicates-de-la-fuentes-world-cup-plans\/#primaryimage"},"thumbnailUrl":"https:\/\/bladnanews.com\/wp-content\/uploads\/2026\/05\/GettyImages-2157085586.jpg-scaled.jpg","articleSection":["International","Latest News"],"inLanguage":"fr-FR","copyrightYear":"2026","copyrightHolder":{"@id":"https:\/\/bladnanews.com\/fr\/#organization"}},{"@type":"WebPage","@id":"https:\/\/bladnanews.com\/yamal-injury-complicates-de-la-fuentes-world-cup-plans\/","url":"https:\/\/bladnanews.com\/yamal-injury-complicates-de-la-fuentes-world-cup-plans\/","name":"La blessure de Yamal complique les plans de de la Fuente pour la Coupe du Monde - Bladna News","isPartOf":{"@id":"https:\/\/mediumseagreen-eel-531711.hostingersite.com\/#website"},"primaryImageOfPage":{"@id":"https:\/\/bladnanews.com\/yamal-injury-complicates-de-la-fuentes-world-cup-plans\/#primaryimage"},"image":{"@id":"https:\/\/bladnanews.com\/yamal-injury-complicates-de-la-fuentes-world-cup-plans\/#primaryimage"},"thumbnailUrl":"https:\/\/bladnanews.com\/wp-content\/uploads\/2026\/05\/GettyImages-2157085586.jpg-scaled.jpg","datePublished":"2026-04-30T19:25:53+00:00","breadcrumb":{"@id":"https:\/\/bladnanews.com\/yamal-injury-complicates-de-la-fuentes-world-cup-plans\/#breadcrumb"},"inLanguage":"fr-FR","potentialAction":[{"@type":"ReadAction","target":["https:\/\/bladnanews.com\/yamal-injury-complicates-de-la-fuentes-world-cup-plans\/"]}]},{"@type":"ImageObject","inLanguage":"fr-FR","@id":"https:\/\/bladnanews.com\/yamal-injury-complicates-de-la-fuentes-world-cup-plans\/#primaryimage","url":"https:\/\/bladnanews.com\/wp-content\/uploads\/2026\/05\/GettyImages-2157085586.jpg-scaled.jpg","contentUrl":"https:\/\/bladnanews.com\/wp-content\/uploads\/2026\/05\/GettyImages-2157085586.jpg-scaled.jpg","width":2560,"height":1440,"caption":"Yamal injury complicates de la Fuente\u2019s World Cup plans"},{"@type":"BreadcrumbList","@id":"https:\/\/bladnanews.com\/yamal-injury-complicates-de-la-fuentes-world-cup-plans\/#breadcrumb","itemListElement":[{"@type":"ListItem","position":1,"name":"Home","item":"https:\/\/bladnanews.com\/"},{"@type":"ListItem","position":2,"name":"Yamal injury complicates de la Fuente\u2019s World Cup plans"}]},{"@type":"WebSite","@id":"https:\/\/mediumseagreen-eel-531711.hostingersite.com\/#website","url":"https:\/\/mediumseagreen-eel-531711.hostingersite.com\/","name":"Bladna News - Maroc","description":"Quand le football marocain rencontre le monde","publisher":{"@id":"https:\/\/mediumseagreen-eel-531711.hostingersite.com\/#organization"},"potentialAction":[{"@type":"SearchAction","target":{"@type":"EntryPoint","urlTemplate":"https:\/\/mediumseagreen-eel-531711.hostingersite.com\/?s={search_term_string}"},"query-input":{"@type":"PropertyValueSpecification","valueRequired":true,"valueName":"search_term_string"}}],"inLanguage":"fr-FR"},{"@type":"Organization","@id":"https:\/\/mediumseagreen-eel-531711.hostingersite.com\/#organization","name":"Bladna News.com","url":"https:\/\/mediumseagreen-eel-531711.hostingersite.com\/","logo":{"@type":"ImageObject","inLanguage":"fr-FR","@id":"https:\/\/mediumseagreen-eel-531711.hostingersite.com\/#\/schema\/logo\/image\/","url":"https:\/\/bladnanews.com\/wp-content\/uploads\/2025\/12\/logo-bladnanews-V2-web-black-red.png","contentUrl":"https:\/\/bladnanews.com\/wp-content\/uploads\/2025\/12\/logo-bladnanews-V2-web-black-red.png","width":703,"height":287,"caption":"Bladna News.com"},"image":{"@id":"https:\/\/mediumseagreen-eel-531711.hostingersite.com\/#\/schema\/logo\/image\/"},"email":"info@bladnanews.com","legalName":"Bladna News"},{"@type":"Person","@id":"https:\/\/mediumseagreen-eel-531711.hostingersite.com\/#\/schema\/person\/268e18a453ab080ebf76df6ef7845083","name":"\u00c9quipe r\u00e9dactionnelle de Bladna News","url":"https:\/\/bladnanews.com\/fr\/author\/bladna-news-staff\/"}]}},"_links":{"self":[{"href":"https:\/\/bladnanews.com\/fr\/wp-json\/wp\/v2\/posts\/11141","targetHints":{"allow":["GET"]}}],"collection":[{"href":"https:\/\/bladnanews.com\/fr\/wp-json\/wp\/v2\/posts"}],"about":[{"href":"https:\/\/bladnanews.com\/fr\/wp-json\/wp\/v2\/types\/post"}],"author":[{"embeddable":true,"href":"https:\/\/bladnanews.com\/fr\/wp-json\/wp\/v2\/users\/3"}],"replies":[{"embeddable":true,"href":"https:\/\/bladnanews.com\/fr\/wp-json\/wp\/v2\/comments?post=11141"}],"version-history":[{"count":0,"href":"https:\/\/bladnanews.com\/fr\/wp-json\/wp\/v2\/posts\/11141\/revisions"}],"wp:featuredmedia":[{"embeddable":true,"href":"https:\/\/bladnanews.com\/fr\/wp-json\/wp\/v2\/media\/11140"}],"wp:attachment":[{"href":"https:\/\/bladnanews.com\/fr\/wp-json\/wp\/v2\/media?parent=11141"}],"wp:term":[{"taxonomy":"category","embeddable":true,"href":"https:\/\/bladnanews.com\/fr\/wp-json\/wp\/v2\/categories?post=11141"},{"taxonomy":"post_tag","embeddable":true,"href":"https:\/\/bladnanews.com\/fr\/wp-json\/wp\/v2\/tags?post=11141"}],"curies":[{"name":"wp","href":"https:\/\/api.w.org\/{rel}","templated":true}]}}