{"id":11151,"date":"2026-04-30T19:54:06","date_gmt":"2026-04-30T19:54:06","guid":{"rendered":"https:\/\/bladnanews.com\/bayern-munich-offers-neuer-reduced-contract-orban-in-talks\/"},"modified":"2026-04-30T19:54:06","modified_gmt":"2026-04-30T19:54:06","slug":"le-bayern-munich-propose-un-contrat-reduit-a-neuer-orban-en-negociations","status":"publish","type":"post","link":"https:\/\/bladnanews.com\/fr\/le-bayern-munich-propose-un-contrat-reduit-a-neuer-orban-en-negociations\/","title":{"rendered":"Le Bayern Munich propose un contrat r\u00e9duit \u00e0 Neuer, Orb\u00e1n en n\u00e9gociations"},"content":{"rendered":"<p>Le Bayern Munich a pr\u00e9sent\u00e9 \u00e0 Manuel Neuer une offre de contrat r\u00e9duite, alors que le club continue de structurer son secteur des gardiens de but pour les ann\u00e9es \u00e0 venir. Le champion d'Allemagne est \u00e9galement en discussions actives avec le RB Leipzig concernant un \u00e9ventuel transfert du d\u00e9fenseur Willi Orb\u00e1n.<\/p>\n<p>Selon des sources proches des n\u00e9gociations, l'offre faite \u00e0 Neuer est nettement inf\u00e9rieure \u00e0 ses conditions actuelles. Le vainqueur de la Coupe du monde 2014, qui f\u00eatera ses 39 ans en mars, est un pilier de l'effectif du Bayern depuis plus d'une d\u00e9cennie. Cependant, la direction du club cherche d\u00e9sormais \u00e0 ajuster son salaire en fonction d'un r\u00f4le r\u00e9duit \u00e0 l'avenir.<\/p>\n<p>Le contrat actuel de Neuer court jusqu'en 2025, mais le Bayern souhaite prolonger son s\u00e9jour sur une base plus rentable. La proposition sur la table refl\u00e8te la nouvelle structure salariale du club, qui a d\u00e9j\u00e0 vu plusieurs gros salaires accepter des r\u00e9ductions. Aucune d\u00e9cision finale n'a \u00e9t\u00e9 prise, et les discussions devraient se poursuivre dans les semaines \u00e0 venir.<\/p>\n<p>Parall\u00e8lement, le Bayern a entam\u00e9 des discussions avec le RB Leipzig concernant Willi Orb\u00e1n. Le d\u00e9fenseur central international hongrois est consid\u00e9r\u00e9 comme une option fiable pour renforcer la ligne d\u00e9fensive. \u00c2g\u00e9 de 31 ans, il est un \u00e9l\u00e9ment cl\u00e9 de Leipzig depuis son arriv\u00e9e en 2015, et son exp\u00e9rience en Bundesliga en fait une cible attrayante.<\/p>\n<p>Le contrat actuel d'Orb\u00e1n avec Leipzig court jusqu'en 2027, ce qui signifie que tout accord n\u00e9cessiterait des frais importants. Le Bayern \u00e9tudie la faisabilit\u00e9 d'un transfert, bien qu'aucune offre officielle n'ait encore \u00e9t\u00e9 soumise. Le joueur serait ouvert \u00e0 ce transfert, mais Leipzig n'est pas sous pression pour vendre.<\/p>\n<p>Ces d\u00e9veloppements interviennent alors que le Bayern cherche \u00e0 se reconstruire sous une nouvelle direction. Avec l'avenir de Neuer encore incertain et le renforcement d\u00e9fensif comme priorit\u00e9, le club travaille sur plusieurs fronts pour fa\u00e7onner l'effectif pour la saison 2025-2026 et au-del\u00e0.<\/p>","protected":false},"excerpt":{"rendered":"<p>Bayern Munich have presented Manuel Neuer with a reduced contract offer as the club continues to shape its goalkeeping department [&hellip;]<\/p>\n","protected":false},"author":3,"featured_media":11150,"comment_status":"","ping_status":"open","sticky":false,"template":"","format":"standard","meta":{"googlesitekit_rrm_CAow_uzEDA:productID":"","site-sidebar-layout":"default","site-content-layout":"","ast-site-content-layout":"default","site-content-style":"default","site-sidebar-style":"default","ast-global-header-display":"","ast-banner-title-visibility":"","ast-main-header-display":"","ast-hfb-above-header-display":"","ast-hfb-below-header-display":"","ast-hfb-mobile-header-display":"","site-post-title":"","ast-breadcrumbs-content":"","ast-featured-img":"","footer-sml-layout":"","ast-disable-related-posts":"","theme-transparent-header-meta":"","adv-header-id-meta":"","stick-header-meta":"","header-above-stick-meta":"","header-main-stick-meta":"","header-below-stick-meta":"","astra-migrate-meta-layouts":"default","ast-page-background-enabled":"default","ast-page-background-meta":{"desktop":{"background-color":"var(--ast-global-color-5)","background-image":"","background-repeat":"repeat","background-position":"center center","background-size":"auto","background-attachment":"scroll","background-type":"","background-media":"","overlay-type":"","overlay-color":"","overlay-opacity":"","overlay-gradient":""},"tablet":{"background-color":"","background-image":"","background-repeat":"repeat","background-position":"center center","background-size":"auto","background-attachment":"scroll","background-type":"","background-media":"","overlay-type":"","overlay-color":"","overlay-opacity":"","overlay-gradient":""},"mobile":{"background-color":"","background-image":"","background-repeat":"repeat","background-position":"center center","background-size":"auto","background-attachment":"scroll","background-type":"","background-media":"","overlay-type":"","overlay-color":"","overlay-opacity":"","overlay-gradient":""}},"ast-content-background-meta":{"desktop":{"background-color":"var(--ast-global-color-4)","background-image":"","background-repeat":"repeat","background-position":"center center","background-size":"auto","background-attachment":"scroll","background-type":"","background-media":"","overlay-type":"","overlay-color":"","overlay-opacity":"","overlay-gradient":""},"tablet":{"background-color":"var(--ast-global-color-4)","background-image":"","background-repeat":"repeat","background-position":"center center","background-size":"auto","background-attachment":"scroll","background-type":"","background-media":"","overlay-type":"","overlay-color":"","overlay-opacity":"","overlay-gradient":""},"mobile":{"background-color":"var(--ast-global-color-4)","background-image":"","background-repeat":"repeat","background-position":"center center","background-size":"auto","background-attachment":"scroll","background-type":"","background-media":"","overlay-type":"","overlay-color":"","overlay-opacity":"","overlay-gradient":""}},"footnotes":""},"categories":[20,1],"tags":[],"class_list":["post-11151","post","type-post","status-publish","format-standard","has-post-thumbnail","hentry","category-international","category-football-latest-news"],"yoast_head":"<!-- This site is optimized with the Yoast SEO Premium plugin v26.6 (Yoast SEO v27.5) - https:\/\/yoast.com\/product\/yoast-seo-premium-wordpress\/ -->\n<title>Bayern Munich offers Neuer reduced contract, Orb\u00e1n in talks - Bladna News<\/title>\n<meta name=\"robots\" content=\"index, follow, max-snippet:-1, max-image-preview:large, max-video-preview:-1\" \/>\n<link rel=\"canonical\" href=\"https:\/\/bladnanews.com\/fr\/le-bayern-munich-propose-un-contrat-reduit-a-neuer-orban-en-negociations\/\" \/>\n<meta property=\"og:locale\" content=\"fr_FR\" \/>\n<meta property=\"og:type\" content=\"article\" \/>\n<meta property=\"og:title\" content=\"Bayern Munich offers Neuer reduced contract, Orb\u00e1n in talks\" \/>\n<meta property=\"og:description\" content=\"Bayern Munich have presented Manuel Neuer with a reduced contract offer as the club continues to shape its goalkeeping department [&hellip;]\" \/>\n<meta property=\"og:url\" content=\"https:\/\/bladnanews.com\/fr\/le-bayern-munich-propose-un-contrat-reduit-a-neuer-orban-en-negociations\/\" \/>\n<meta property=\"og:site_name\" content=\"Bladna News\" \/>\n<meta property=\"article:published_time\" content=\"2026-04-30T19:54:06+00:00\" \/>\n<meta property=\"og:image\" content=\"https:\/\/bladnanews.com\/wp-content\/uploads\/2025\/12\/freepik__bladna-newscom-moroccan-soccer-homepage-banner-mor__41838.png\" \/>\n\t<meta property=\"og:image:width\" content=\"1312\" \/>\n\t<meta property=\"og:image:height\" content=\"736\" \/>\n\t<meta property=\"og:image:type\" content=\"image\/png\" \/>\n<meta name=\"author\" content=\"Bladna News Staff\" \/>\n<meta name=\"twitter:card\" content=\"summary_large_image\" \/>\n<meta name=\"twitter:label1\" content=\"\u00c9crit par\" \/>\n\t<meta name=\"twitter:data1\" content=\"Bladna News Staff\" \/>\n\t<meta name=\"twitter:label2\" content=\"Dur\u00e9e de lecture estim\u00e9e\" \/>\n\t<meta name=\"twitter:data2\" content=\"1 minute\" \/>\n<script type=\"application\/ld+json\" class=\"yoast-schema-graph\">{\"@context\":\"https:\\\/\\\/schema.org\",\"@graph\":[{\"@type\":\"Article\",\"@id\":\"https:\\\/\\\/bladnanews.com\\\/bayern-munich-offers-neuer-reduced-contract-orban-in-talks\\\/#article\",\"isPartOf\":{\"@id\":\"https:\\\/\\\/bladnanews.com\\\/bayern-munich-offers-neuer-reduced-contract-orban-in-talks\\\/\"},\"author\":{\"name\":\"Bladna News Staff\",\"@id\":\"https:\\\/\\\/mediumseagreen-eel-531711.hostingersite.com\\\/#\\\/schema\\\/person\\\/268e18a453ab080ebf76df6ef7845083\"},\"headline\":\"Bayern Munich offers Neuer reduced contract, Orb\u00e1n in talks\",\"datePublished\":\"2026-04-30T19:54:06+00:00\",\"mainEntityOfPage\":{\"@id\":\"https:\\\/\\\/bladnanews.com\\\/bayern-munich-offers-neuer-reduced-contract-orban-in-talks\\\/\"},\"wordCount\":310,\"publisher\":{\"@id\":\"https:\\\/\\\/mediumseagreen-eel-531711.hostingersite.com\\\/#organization\"},\"image\":{\"@id\":\"https:\\\/\\\/bladnanews.com\\\/bayern-munich-offers-neuer-reduced-contract-orban-in-talks\\\/#primaryimage\"},\"thumbnailUrl\":\"https:\\\/\\\/bladnanews.com\\\/wp-content\\\/uploads\\\/2026\\\/05\\\/GettyImages-2273593609.jpg-scaled.jpg\",\"articleSection\":[\"International\",\"Latest News\"],\"inLanguage\":\"fr-FR\",\"copyrightYear\":\"2026\",\"copyrightHolder\":{\"@id\":\"https:\\\/\\\/bladnanews.com\\\/fr\\\/#organization\"}},{\"@type\":\"WebPage\",\"@id\":\"https:\\\/\\\/bladnanews.com\\\/bayern-munich-offers-neuer-reduced-contract-orban-in-talks\\\/\",\"url\":\"https:\\\/\\\/bladnanews.com\\\/bayern-munich-offers-neuer-reduced-contract-orban-in-talks\\\/\",\"name\":\"Bayern Munich offers Neuer reduced contract, Orb\u00e1n in talks - Bladna News\",\"isPartOf\":{\"@id\":\"https:\\\/\\\/mediumseagreen-eel-531711.hostingersite.com\\\/#website\"},\"primaryImageOfPage\":{\"@id\":\"https:\\\/\\\/bladnanews.com\\\/bayern-munich-offers-neuer-reduced-contract-orban-in-talks\\\/#primaryimage\"},\"image\":{\"@id\":\"https:\\\/\\\/bladnanews.com\\\/bayern-munich-offers-neuer-reduced-contract-orban-in-talks\\\/#primaryimage\"},\"thumbnailUrl\":\"https:\\\/\\\/bladnanews.com\\\/wp-content\\\/uploads\\\/2026\\\/05\\\/GettyImages-2273593609.jpg-scaled.jpg\",\"datePublished\":\"2026-04-30T19:54:06+00:00\",\"breadcrumb\":{\"@id\":\"https:\\\/\\\/bladnanews.com\\\/bayern-munich-offers-neuer-reduced-contract-orban-in-talks\\\/#breadcrumb\"},\"inLanguage\":\"fr-FR\",\"potentialAction\":[{\"@type\":\"ReadAction\",\"target\":[\"https:\\\/\\\/bladnanews.com\\\/bayern-munich-offers-neuer-reduced-contract-orban-in-talks\\\/\"]}]},{\"@type\":\"ImageObject\",\"inLanguage\":\"fr-FR\",\"@id\":\"https:\\\/\\\/bladnanews.com\\\/bayern-munich-offers-neuer-reduced-contract-orban-in-talks\\\/#primaryimage\",\"url\":\"https:\\\/\\\/bladnanews.com\\\/wp-content\\\/uploads\\\/2026\\\/05\\\/GettyImages-2273593609.jpg-scaled.jpg\",\"contentUrl\":\"https:\\\/\\\/bladnanews.com\\\/wp-content\\\/uploads\\\/2026\\\/05\\\/GettyImages-2273593609.jpg-scaled.jpg\",\"width\":2560,\"height\":1440,\"caption\":\"Bayern Munich offers Neuer reduced contract, Orb\u00e1n in talks\"},{\"@type\":\"BreadcrumbList\",\"@id\":\"https:\\\/\\\/bladnanews.com\\\/bayern-munich-offers-neuer-reduced-contract-orban-in-talks\\\/#breadcrumb\",\"itemListElement\":[{\"@type\":\"ListItem\",\"position\":1,\"name\":\"Home\",\"item\":\"https:\\\/\\\/bladnanews.com\\\/\"},{\"@type\":\"ListItem\",\"position\":2,\"name\":\"Bayern Munich offers Neuer reduced contract, Orb\u00e1n in talks\"}]},{\"@type\":\"WebSite\",\"@id\":\"https:\\\/\\\/mediumseagreen-eel-531711.hostingersite.com\\\/#website\",\"url\":\"https:\\\/\\\/mediumseagreen-eel-531711.hostingersite.com\\\/\",\"name\":\"Bladna News - Morocco\",\"description\":\"Where Moroccan Football Meets the World\",\"publisher\":{\"@id\":\"https:\\\/\\\/mediumseagreen-eel-531711.hostingersite.com\\\/#organization\"},\"potentialAction\":[{\"@type\":\"SearchAction\",\"target\":{\"@type\":\"EntryPoint\",\"urlTemplate\":\"https:\\\/\\\/mediumseagreen-eel-531711.hostingersite.com\\\/?s={search_term_string}\"},\"query-input\":{\"@type\":\"PropertyValueSpecification\",\"valueRequired\":true,\"valueName\":\"search_term_string\"}}],\"inLanguage\":\"fr-FR\"},{\"@type\":\"Organization\",\"@id\":\"https:\\\/\\\/mediumseagreen-eel-531711.hostingersite.com\\\/#organization\",\"name\":\"Bladna News.com\",\"url\":\"https:\\\/\\\/mediumseagreen-eel-531711.hostingersite.com\\\/\",\"logo\":{\"@type\":\"ImageObject\",\"inLanguage\":\"fr-FR\",\"@id\":\"https:\\\/\\\/mediumseagreen-eel-531711.hostingersite.com\\\/#\\\/schema\\\/logo\\\/image\\\/\",\"url\":\"https:\\\/\\\/bladnanews.com\\\/wp-content\\\/uploads\\\/2025\\\/12\\\/logo-bladnanews-V2-web-black-red.png\",\"contentUrl\":\"https:\\\/\\\/bladnanews.com\\\/wp-content\\\/uploads\\\/2025\\\/12\\\/logo-bladnanews-V2-web-black-red.png\",\"width\":703,\"height\":287,\"caption\":\"Bladna News.com\"},\"image\":{\"@id\":\"https:\\\/\\\/mediumseagreen-eel-531711.hostingersite.com\\\/#\\\/schema\\\/logo\\\/image\\\/\"},\"email\":\"info@bladnanews.com\",\"legalName\":\"Bladna News\"},{\"@type\":\"Person\",\"@id\":\"https:\\\/\\\/mediumseagreen-eel-531711.hostingersite.com\\\/#\\\/schema\\\/person\\\/268e18a453ab080ebf76df6ef7845083\",\"name\":\"Bladna News Staff\",\"url\":\"https:\\\/\\\/bladnanews.com\\\/fr\\\/author\\\/bladna-news-staff\\\/\"}]}<\/script>\n<!-- \/ Yoast SEO Premium plugin. -->","yoast_head_json":{"title":"Le Bayern Munich propose un contrat r\u00e9duit \u00e0 Neuer, Orb\u00e1n en n\u00e9gociations - Bladna News","robots":{"index":"index","follow":"follow","max-snippet":"max-snippet:-1","max-image-preview":"max-image-preview:large","max-video-preview":"max-video-preview:-1"},"canonical":"https:\/\/bladnanews.com\/fr\/le-bayern-munich-propose-un-contrat-reduit-a-neuer-orban-en-negociations\/","og_locale":"fr_FR","og_type":"article","og_title":"Bayern Munich offers Neuer reduced contract, Orb\u00e1n in talks","og_description":"Bayern Munich have presented Manuel Neuer with a reduced contract offer as the club continues to shape its goalkeeping department [&hellip;]","og_url":"https:\/\/bladnanews.com\/fr\/le-bayern-munich-propose-un-contrat-reduit-a-neuer-orban-en-negociations\/","og_site_name":"Bladna News","article_published_time":"2026-04-30T19:54:06+00:00","og_image":[{"width":1312,"height":736,"url":"https:\/\/bladnanews.com\/wp-content\/uploads\/2025\/12\/freepik__bladna-newscom-moroccan-soccer-homepage-banner-mor__41838.png","type":"image\/png"}],"author":"Bladna News Staff","twitter_card":"summary_large_image","twitter_misc":{"\u00c9crit par":"Bladna News Staff","Dur\u00e9e de lecture estim\u00e9e":"1 minute"},"schema":{"@context":"https:\/\/schema.org","@graph":[{"@type":"Article","@id":"https:\/\/bladnanews.com\/bayern-munich-offers-neuer-reduced-contract-orban-in-talks\/#article","isPartOf":{"@id":"https:\/\/bladnanews.com\/bayern-munich-offers-neuer-reduced-contract-orban-in-talks\/"},"author":{"name":"Bladna News Staff","@id":"https:\/\/mediumseagreen-eel-531711.hostingersite.com\/#\/schema\/person\/268e18a453ab080ebf76df6ef7845083"},"headline":"Bayern Munich offers Neuer reduced contract, Orb\u00e1n in talks","datePublished":"2026-04-30T19:54:06+00:00","mainEntityOfPage":{"@id":"https:\/\/bladnanews.com\/bayern-munich-offers-neuer-reduced-contract-orban-in-talks\/"},"wordCount":310,"publisher":{"@id":"https:\/\/mediumseagreen-eel-531711.hostingersite.com\/#organization"},"image":{"@id":"https:\/\/bladnanews.com\/bayern-munich-offers-neuer-reduced-contract-orban-in-talks\/#primaryimage"},"thumbnailUrl":"https:\/\/bladnanews.com\/wp-content\/uploads\/2026\/05\/GettyImages-2273593609.jpg-scaled.jpg","articleSection":["International","Latest News"],"inLanguage":"fr-FR","copyrightYear":"2026","copyrightHolder":{"@id":"https:\/\/bladnanews.com\/fr\/#organization"}},{"@type":"WebPage","@id":"https:\/\/bladnanews.com\/bayern-munich-offers-neuer-reduced-contract-orban-in-talks\/","url":"https:\/\/bladnanews.com\/bayern-munich-offers-neuer-reduced-contract-orban-in-talks\/","name":"Le Bayern Munich propose un contrat r\u00e9duit \u00e0 Neuer, Orb\u00e1n en n\u00e9gociations - Bladna News","isPartOf":{"@id":"https:\/\/mediumseagreen-eel-531711.hostingersite.com\/#website"},"primaryImageOfPage":{"@id":"https:\/\/bladnanews.com\/bayern-munich-offers-neuer-reduced-contract-orban-in-talks\/#primaryimage"},"image":{"@id":"https:\/\/bladnanews.com\/bayern-munich-offers-neuer-reduced-contract-orban-in-talks\/#primaryimage"},"thumbnailUrl":"https:\/\/bladnanews.com\/wp-content\/uploads\/2026\/05\/GettyImages-2273593609.jpg-scaled.jpg","datePublished":"2026-04-30T19:54:06+00:00","breadcrumb":{"@id":"https:\/\/bladnanews.com\/bayern-munich-offers-neuer-reduced-contract-orban-in-talks\/#breadcrumb"},"inLanguage":"fr-FR","potentialAction":[{"@type":"ReadAction","target":["https:\/\/bladnanews.com\/bayern-munich-offers-neuer-reduced-contract-orban-in-talks\/"]}]},{"@type":"ImageObject","inLanguage":"fr-FR","@id":"https:\/\/bladnanews.com\/bayern-munich-offers-neuer-reduced-contract-orban-in-talks\/#primaryimage","url":"https:\/\/bladnanews.com\/wp-content\/uploads\/2026\/05\/GettyImages-2273593609.jpg-scaled.jpg","contentUrl":"https:\/\/bladnanews.com\/wp-content\/uploads\/2026\/05\/GettyImages-2273593609.jpg-scaled.jpg","width":2560,"height":1440,"caption":"Bayern Munich offers Neuer reduced contract, Orb\u00e1n in talks"},{"@type":"BreadcrumbList","@id":"https:\/\/bladnanews.com\/bayern-munich-offers-neuer-reduced-contract-orban-in-talks\/#breadcrumb","itemListElement":[{"@type":"ListItem","position":1,"name":"Home","item":"https:\/\/bladnanews.com\/"},{"@type":"ListItem","position":2,"name":"Bayern Munich offers Neuer reduced contract, Orb\u00e1n in talks"}]},{"@type":"WebSite","@id":"https:\/\/mediumseagreen-eel-531711.hostingersite.com\/#website","url":"https:\/\/mediumseagreen-eel-531711.hostingersite.com\/","name":"Bladna News - Maroc","description":"Quand le football marocain rencontre le monde","publisher":{"@id":"https:\/\/mediumseagreen-eel-531711.hostingersite.com\/#organization"},"potentialAction":[{"@type":"SearchAction","target":{"@type":"EntryPoint","urlTemplate":"https:\/\/mediumseagreen-eel-531711.hostingersite.com\/?s={search_term_string}"},"query-input":{"@type":"PropertyValueSpecification","valueRequired":true,"valueName":"search_term_string"}}],"inLanguage":"fr-FR"},{"@type":"Organization","@id":"https:\/\/mediumseagreen-eel-531711.hostingersite.com\/#organization","name":"Bladna News.com","url":"https:\/\/mediumseagreen-eel-531711.hostingersite.com\/","logo":{"@type":"ImageObject","inLanguage":"fr-FR","@id":"https:\/\/mediumseagreen-eel-531711.hostingersite.com\/#\/schema\/logo\/image\/","url":"https:\/\/bladnanews.com\/wp-content\/uploads\/2025\/12\/logo-bladnanews-V2-web-black-red.png","contentUrl":"https:\/\/bladnanews.com\/wp-content\/uploads\/2025\/12\/logo-bladnanews-V2-web-black-red.png","width":703,"height":287,"caption":"Bladna News.com"},"image":{"@id":"https:\/\/mediumseagreen-eel-531711.hostingersite.com\/#\/schema\/logo\/image\/"},"email":"info@bladnanews.com","legalName":"Bladna News"},{"@type":"Person","@id":"https:\/\/mediumseagreen-eel-531711.hostingersite.com\/#\/schema\/person\/268e18a453ab080ebf76df6ef7845083","name":"\u00c9quipe r\u00e9dactionnelle de Bladna News","url":"https:\/\/bladnanews.com\/fr\/author\/bladna-news-staff\/"}]}},"_links":{"self":[{"href":"https:\/\/bladnanews.com\/fr\/wp-json\/wp\/v2\/posts\/11151","targetHints":{"allow":["GET"]}}],"collection":[{"href":"https:\/\/bladnanews.com\/fr\/wp-json\/wp\/v2\/posts"}],"about":[{"href":"https:\/\/bladnanews.com\/fr\/wp-json\/wp\/v2\/types\/post"}],"author":[{"embeddable":true,"href":"https:\/\/bladnanews.com\/fr\/wp-json\/wp\/v2\/users\/3"}],"replies":[{"embeddable":true,"href":"https:\/\/bladnanews.com\/fr\/wp-json\/wp\/v2\/comments?post=11151"}],"version-history":[{"count":0,"href":"https:\/\/bladnanews.com\/fr\/wp-json\/wp\/v2\/posts\/11151\/revisions"}],"wp:featuredmedia":[{"embeddable":true,"href":"https:\/\/bladnanews.com\/fr\/wp-json\/wp\/v2\/media\/11150"}],"wp:attachment":[{"href":"https:\/\/bladnanews.com\/fr\/wp-json\/wp\/v2\/media?parent=11151"}],"wp:term":[{"taxonomy":"category","embeddable":true,"href":"https:\/\/bladnanews.com\/fr\/wp-json\/wp\/v2\/categories?post=11151"},{"taxonomy":"post_tag","embeddable":true,"href":"https:\/\/bladnanews.com\/fr\/wp-json\/wp\/v2\/tags?post=11151"}],"curies":[{"name":"wp","href":"https:\/\/api.w.org\/{rel}","templated":true}]}}